{"id":4240,"date":"2026-01-24T12:38:57","date_gmt":"2026-01-24T15:38:57","guid":{"rendered":"https:\/\/www.blogsoestado.com\/joaquimhaickel\/?p=4240"},"modified":"2026-01-24T12:59:45","modified_gmt":"2026-01-24T15:59:45","slug":"sobre-o-brasil-no-oscar-2026","status":"publish","type":"post","link":"https:\/\/www.blogsoestado.com\/joaquimhaickel\/2026\/01\/24\/sobre-o-brasil-no-oscar-2026\/","title":{"rendered":"Sobre o Brasil no Oscar 2026"},"content":{"rendered":"\n<figure class=\"wp-block-image size-full is-resized\"><img fetchpriority=\"high\" decoding=\"async\" width=\"680\" height=\"856\" src=\"https:\/\/www.blogsoestado.com\/joaquimhaickel\/wp-content\/uploads\/sites\/6\/2026\/01\/1-.jpg\" alt=\"\" class=\"wp-image-4241\" style=\"width:562px;height:auto\" srcset=\"https:\/\/www.blogsoestado.com\/joaquimhaickel\/wp-content\/uploads\/sites\/6\/2026\/01\/1-.jpg 680w, https:\/\/www.blogsoestado.com\/joaquimhaickel\/wp-content\/uploads\/sites\/6\/2026\/01\/1--238x300.jpg 238w\" sizes=\"(max-width: 680px) 100vw, 680px\" \/><\/figure>\n\n\n\n<p>Muita gente vinha me cobrando coment\u00e1rios sobre o filme <em>O Agente Secreto<\/em>, que vem recebendo indica\u00e7\u00f5es e pr\u00eamios em importantes festivais internacionais, mas, como estou com v\u00e1rios projetos em andamento, acabei adiando a escrita desse texto at\u00e9 a tarde de quinta-feira, 22 de janeiro, poucas horas ap\u00f3s o an\u00fancio dos indicados ao Oscar.<\/p>\n\n\n\n<p>Naquele dia, meu telefone n\u00e3o parou de vibrar com mensagens sobre as quatro indica\u00e7\u00f5es do filme. As rea\u00e7\u00f5es eram variadas: entusiasmo absoluto de quem amou a obra, esperan\u00e7a de que essa visibilidade fortale\u00e7a o cinema brasileiro, desinteresse de quem n\u00e3o assistiu ao filme por recomenda\u00e7\u00e3o contr\u00e1ria de um amigo.<\/p>\n\n\n\n<p>Eu o assisti ainda no ano passado, na abertura do Festival Maranh\u00e3o na Tela, e gostei. Trata-se de um trabalho muito bem produzido e dirigido. O roteiro tem altos e baixos, mas funciona e satisfaz algumas pessoas.<\/p>\n\n\n\n<p>Em minha opini\u00e3o, o grande trunfo do filme est\u00e1 no elenco. N\u00e3o resta d\u00favida que o Wagner \u00e9 um excelente ator, mas a sele\u00e7\u00e3o dos atores foi perfeita. O ajuste preciso das interpreta\u00e7\u00f5es revelam um trabalho de extrema aten\u00e7\u00e3o. Todos est\u00e3o afinados com a narrativa e o ritmo do filme.<\/p>\n\n\n\n<p>\u00c9 fundamental lembrar que <em>O Agente Secreto<\/em> \u00e9 uma obra de fic\u00e7\u00e3o. Embora traga refer\u00eancias claras ao cotidiano do Recife, algo recorrente no cinema de Kleber Mendon\u00e7a Filho, mas \u00e9 importante ressaltar que o personagem central n\u00e3o existiu. Ainda assim, presenciei discuss\u00f5es em que jovens defendiam o filme como relato fiel de um fato real, o que revela uma confus\u00e3o preocupante entre fic\u00e7\u00e3o e realidade.<\/p>\n\n\n\n<p>A cena inicial do filme \u00e9 deliciosamente ins\u00f3lita: o frentista do posto de gasolina merece um pr\u00eamio. O cad\u00e1ver exposto, os cachorros, os policiais corruptos, o fusca amarelo e a trilha sonora criam, de imediato, um ambiente poderoso. O n\u00facleo liderado por Dona Sebastiana, vivida pela cativante T\u00e2nia Maria, transporta o espectador aos anos 1970 com rara verossimilhan\u00e7a. At\u00e9 os mitos urbanos, como um tubar\u00e3o e o Perna Cabeluda, se encaixam naturalmente na narrativa, entra e sai do assunto principal.<\/p>\n\n\n\n<p>Como costuma acontecer na filmografia de Kleber Mendon\u00e7a Filho, este filme \u00e9 atravessado por in\u00fameras refer\u00eancias reais, retiradas do cotidiano das pessoas, da cidade do Recife, de seu ambiente urbano e de suas hist\u00f3rias. Aproveito para parabeniz\u00e1-lo por isso, pelo amor incondicional que demonstra por sua cidade, pelas pessoas que nela vivem, pelas narrativas que brotam como raminhos nos beirais das casas. Sinto algo muito parecido em rela\u00e7\u00e3o a S\u00e3o Lu\u00eds e, ao ver o que ele faz, refor\u00e7o minha convic\u00e7\u00e3o de que precisamos agir assim.<\/p>\n\n\n\n<p>H\u00e1, no entanto, uma decis\u00e3o que me parece dispens\u00e1vel: escalar Wagner Moura tamb\u00e9m como o filho do protagonista, d\u00e9cadas ap\u00f3s a morte deste. Achei desnecess\u00e1rio.<\/p>\n\n\n\n<p>As indica\u00e7\u00f5es ao Oscar s\u00e3o justas, mas uma delas merece destaque especial: a nova categoria de Melhor Sele\u00e7\u00e3o de Elenco. Se houver um pr\u00eamio com verdadeiro sabor brasileiro nessa disputa, \u00e9 esse.<\/p>\n\n\n\n<p>Enquanto arrumava minhas ideia para produzir esse texto, recebi outras duas liga\u00e7\u00f5es curiosas. Uma questionava o uso das premia\u00e7\u00f5es como manifesta\u00e7\u00f5es pol\u00edticas. Respondi com um trecho de uma m\u00fasica de Caetano Veloso: \u201cCada um sabe a dor e a del\u00edcia de ser o que \u00e9\u201d. Eu n\u00e3o faria o mesmo, mas reconhe\u00e7o que talvez nunca ganhe um Globo de Ouro. Ainda assim, teria preferido ver aquele espa\u00e7o usado para conclamar cineastas brasileiros \u00e0 busca permanente da excel\u00eancia e a lutarem por seus projetos.<\/p>\n\n\n\n<p>A outra liga\u00e7\u00e3o veio de algu\u00e9m convencido de que <em>O Agente Secreto<\/em> \u00e9 o melhor filme j\u00e1 feito no Brasil. Disse a pessoa que respeitava a opini\u00e3o dela, e perguntei-lhe se havia assistido <em>Central do Brasil<\/em>, <em>Cidade de Deus<\/em> e <em>O Pagador de Promessas<\/em>.<\/p>\n\n\n\n<p><strong>PS:<\/strong> O Brasil concorre tamb\u00e9m ao Oscar de Melhor Dire\u00e7\u00e3o de Fotografia, com Adolpho Veloso, pelo belo filme <em>Sonhos de Trem<\/em>. Um pr\u00eamio t\u00e9cnico, mas essencial \u00e0 linguagem cinematogr\u00e1fica. Fiquei muito feliz com essa indica\u00e7\u00e3o.<\/p>\n","protected":false},"excerpt":{"rendered":"<p>Muita gente vinha me cobrando coment\u00e1rios sobre o filme O Agente Secreto, que vem recebendo indica\u00e7\u00f5es e pr\u00eamios em importantes [&hellip;]<\/p>\n","protected":false},"author":7,"featured_media":0,"comment_status":"open","ping_status":"open","sticky":false,"template":"","format":"standard","meta":{"site-sidebar-layout":"default","site-content-layout":"","ast-site-content-layout":"default","site-content-style":"default","site-sidebar-style":"default","ast-global-header-display":"","ast-banner-title-visibility":"","ast-main-header-display":"","ast-hfb-above-header-display":"","ast-hfb-below-header-display":"","ast-hfb-mobile-header-display":"","site-post-title":"","ast-breadcrumbs-content":"","ast-featured-img":"","footer-sml-layout":"","ast-disable-related-posts":"","theme-transparent-header-meta":"","adv-header-id-meta":"","stick-header-meta":"","header-above-stick-meta":"","header-main-stick-meta":"","header-below-stick-meta":"","astra-migrate-meta-layouts":"default","ast-page-background-enabled":"default","ast-page-background-meta":{"desktop":{"background-color":"var(--ast-global-color-5)","background-image":"","background-repeat":"repeat","background-position":"center center","background-size":"auto","background-attachment":"scroll","background-type":"","background-media":"","overlay-type":"","overlay-color":"","overlay-opacity":"","overlay-gradient":""},"tablet":{"background-color":"","background-image":"","background-repeat":"repeat","background-position":"center center","background-size":"auto","background-attachment":"scroll","background-type":"","background-media":"","overlay-type":"","overlay-color":"","overlay-opacity":"","overlay-gradient":""},"mobile":{"background-color":"","background-image":"","background-repeat":"repeat","background-position":"center center","background-size":"auto","background-attachment":"scroll","background-type":"","background-media":"","overlay-type":"","overlay-color":"","overlay-opacity":"","overlay-gradient":""}},"ast-content-background-meta":{"desktop":{"background-color":"var(--ast-global-color-4)","background-image":"","background-repeat":"repeat","background-position":"center center","background-size":"auto","background-attachment":"scroll","background-type":"","background-media":"","overlay-type":"","overlay-color":"","overlay-opacity":"","overlay-gradient":""},"tablet":{"background-color":"var(--ast-global-color-4)","background-image":"","background-repeat":"repeat","background-position":"center center","background-size":"auto","background-attachment":"scroll","background-type":"","background-media":"","overlay-type":"","overlay-color":"","overlay-opacity":"","overlay-gradient":""},"mobile":{"background-color":"var(--ast-global-color-4)","background-image":"","background-repeat":"repeat","background-position":"center center","background-size":"auto","background-attachment":"scroll","background-type":"","background-media":"","overlay-type":"","overlay-color":"","overlay-opacity":"","overlay-gradient":""}},"footnotes":""},"categories":[1],"tags":[],"class_list":["post-4240","post","type-post","status-publish","format-standard","hentry","category-sem-categoria"],"yoast_head":"<!-- This site is optimized with the Yoast SEO plugin v26.6 - https:\/\/yoast.com\/wordpress\/plugins\/seo\/ -->\n<title>Sobre o Brasil no Oscar 2026 - Joaquim Haickel<\/title>\n<meta name=\"robots\" content=\"index, follow, max-snippet:-1, max-image-preview:large, max-video-preview:-1\" \/>\n<link rel=\"canonical\" href=\"https:\/\/www.blogsoestado.com\/joaquimhaickel\/2026\/01\/24\/sobre-o-brasil-no-oscar-2026\/\" \/>\n<meta property=\"og:locale\" content=\"pt_BR\" \/>\n<meta property=\"og:type\" content=\"article\" \/>\n<meta property=\"og:title\" content=\"Sobre o Brasil no Oscar 2026 - Joaquim Haickel\" \/>\n<meta property=\"og:description\" content=\"Muita gente vinha me cobrando coment\u00e1rios sobre o filme O Agente Secreto, que vem recebendo indica\u00e7\u00f5es e pr\u00eamios em importantes [&hellip;]\" \/>\n<meta property=\"og:url\" content=\"https:\/\/www.blogsoestado.com\/joaquimhaickel\/2026\/01\/24\/sobre-o-brasil-no-oscar-2026\/\" \/>\n<meta property=\"og:site_name\" content=\"Joaquim Haickel\" \/>\n<meta property=\"article:published_time\" content=\"2026-01-24T15:38:57+00:00\" \/>\n<meta property=\"article:modified_time\" content=\"2026-01-24T15:59:45+00:00\" \/>\n<meta property=\"og:image\" content=\"https:\/\/www.blogsoestado.com\/joaquimhaickel\/wp-content\/uploads\/sites\/6\/2026\/01\/1-.jpg\" \/>\n\t<meta property=\"og:image:width\" content=\"680\" \/>\n\t<meta property=\"og:image:height\" content=\"856\" \/>\n\t<meta property=\"og:image:type\" content=\"image\/jpeg\" \/>\n<meta name=\"author\" content=\"Joaquim Haickel\" \/>\n<meta name=\"twitter:card\" content=\"summary_large_image\" \/>\n<meta name=\"twitter:label1\" content=\"Escrito por\" \/>\n\t<meta name=\"twitter:data1\" content=\"Joaquim Haickel\" \/>\n\t<meta name=\"twitter:label2\" content=\"Est. tempo de leitura\" \/>\n\t<meta name=\"twitter:data2\" content=\"4 minutos\" \/>\n<script type=\"application\/ld+json\" class=\"yoast-schema-graph\">{\"@context\":\"https:\/\/schema.org\",\"@graph\":[{\"@type\":\"WebPage\",\"@id\":\"https:\/\/www.blogsoestado.com\/joaquimhaickel\/2026\/01\/24\/sobre-o-brasil-no-oscar-2026\/\",\"url\":\"https:\/\/www.blogsoestado.com\/joaquimhaickel\/2026\/01\/24\/sobre-o-brasil-no-oscar-2026\/\",\"name\":\"Sobre o Brasil no Oscar 2026 - Joaquim Haickel\",\"isPartOf\":{\"@id\":\"https:\/\/www.blogsoestado.com\/joaquimhaickel\/#website\"},\"primaryImageOfPage\":{\"@id\":\"https:\/\/www.blogsoestado.com\/joaquimhaickel\/2026\/01\/24\/sobre-o-brasil-no-oscar-2026\/#primaryimage\"},\"image\":{\"@id\":\"https:\/\/www.blogsoestado.com\/joaquimhaickel\/2026\/01\/24\/sobre-o-brasil-no-oscar-2026\/#primaryimage\"},\"thumbnailUrl\":\"https:\/\/www.blogsoestado.com\/joaquimhaickel\/wp-content\/uploads\/sites\/6\/2026\/01\/1-.jpg\",\"datePublished\":\"2026-01-24T15:38:57+00:00\",\"dateModified\":\"2026-01-24T15:59:45+00:00\",\"author\":{\"@id\":\"https:\/\/www.blogsoestado.com\/joaquimhaickel\/#\/schema\/person\/4a711644aff28245c6c2c3452d66d325\"},\"breadcrumb\":{\"@id\":\"https:\/\/www.blogsoestado.com\/joaquimhaickel\/2026\/01\/24\/sobre-o-brasil-no-oscar-2026\/#breadcrumb\"},\"inLanguage\":\"pt-BR\",\"potentialAction\":[{\"@type\":\"ReadAction\",\"target\":[\"https:\/\/www.blogsoestado.com\/joaquimhaickel\/2026\/01\/24\/sobre-o-brasil-no-oscar-2026\/\"]}]},{\"@type\":\"ImageObject\",\"inLanguage\":\"pt-BR\",\"@id\":\"https:\/\/www.blogsoestado.com\/joaquimhaickel\/2026\/01\/24\/sobre-o-brasil-no-oscar-2026\/#primaryimage\",\"url\":\"https:\/\/www.blogsoestado.com\/joaquimhaickel\/wp-content\/uploads\/sites\/6\/2026\/01\/1-.jpg\",\"contentUrl\":\"https:\/\/www.blogsoestado.com\/joaquimhaickel\/wp-content\/uploads\/sites\/6\/2026\/01\/1-.jpg\",\"width\":680,\"height\":856},{\"@type\":\"BreadcrumbList\",\"@id\":\"https:\/\/www.blogsoestado.com\/joaquimhaickel\/2026\/01\/24\/sobre-o-brasil-no-oscar-2026\/#breadcrumb\",\"itemListElement\":[{\"@type\":\"ListItem\",\"position\":1,\"name\":\"In\u00edcio\",\"item\":\"https:\/\/www.blogsoestado.com\/joaquimhaickel\/\"},{\"@type\":\"ListItem\",\"position\":2,\"name\":\"Sobre o Brasil no Oscar 2026\"}]},{\"@type\":\"WebSite\",\"@id\":\"https:\/\/www.blogsoestado.com\/joaquimhaickel\/#website\",\"url\":\"https:\/\/www.blogsoestado.com\/joaquimhaickel\/\",\"name\":\"Joaquim Haickel\",\"description\":\"\",\"potentialAction\":[{\"@type\":\"SearchAction\",\"target\":{\"@type\":\"EntryPoint\",\"urlTemplate\":\"https:\/\/www.blogsoestado.com\/joaquimhaickel\/?s={search_term_string}\"},\"query-input\":{\"@type\":\"PropertyValueSpecification\",\"valueRequired\":true,\"valueName\":\"search_term_string\"}}],\"inLanguage\":\"pt-BR\"},{\"@type\":\"Person\",\"@id\":\"https:\/\/www.blogsoestado.com\/joaquimhaickel\/#\/schema\/person\/4a711644aff28245c6c2c3452d66d325\",\"name\":\"Joaquim Haickel\",\"image\":{\"@type\":\"ImageObject\",\"inLanguage\":\"pt-BR\",\"@id\":\"https:\/\/www.blogsoestado.com\/joaquimhaickel\/#\/schema\/person\/image\/\",\"url\":\"https:\/\/secure.gravatar.com\/avatar\/473d89339b9f8ec089adb8d5778363eb5a2ba2319956bcf0298bfd8cca04684a?s=96&d=mm&r=g\",\"contentUrl\":\"https:\/\/secure.gravatar.com\/avatar\/473d89339b9f8ec089adb8d5778363eb5a2ba2319956bcf0298bfd8cca04684a?s=96&d=mm&r=g\",\"caption\":\"Joaquim Haickel\"},\"url\":\"https:\/\/www.blogsoestado.com\/joaquimhaickel\/author\/joaquimhaickel\/\"}]}<\/script>\n<!-- \/ Yoast SEO plugin. -->","yoast_head_json":{"title":"Sobre o Brasil no Oscar 2026 - Joaquim Haickel","robots":{"index":"index","follow":"follow","max-snippet":"max-snippet:-1","max-image-preview":"max-image-preview:large","max-video-preview":"max-video-preview:-1"},"canonical":"https:\/\/www.blogsoestado.com\/joaquimhaickel\/2026\/01\/24\/sobre-o-brasil-no-oscar-2026\/","og_locale":"pt_BR","og_type":"article","og_title":"Sobre o Brasil no Oscar 2026 - Joaquim Haickel","og_description":"Muita gente vinha me cobrando coment\u00e1rios sobre o filme O Agente Secreto, que vem recebendo indica\u00e7\u00f5es e pr\u00eamios em importantes [&hellip;]","og_url":"https:\/\/www.blogsoestado.com\/joaquimhaickel\/2026\/01\/24\/sobre-o-brasil-no-oscar-2026\/","og_site_name":"Joaquim Haickel","article_published_time":"2026-01-24T15:38:57+00:00","article_modified_time":"2026-01-24T15:59:45+00:00","og_image":[{"width":680,"height":856,"url":"https:\/\/www.blogsoestado.com\/joaquimhaickel\/wp-content\/uploads\/sites\/6\/2026\/01\/1-.jpg","type":"image\/jpeg"}],"author":"Joaquim Haickel","twitter_card":"summary_large_image","twitter_misc":{"Escrito por":"Joaquim Haickel","Est. tempo de leitura":"4 minutos"},"schema":{"@context":"https:\/\/schema.org","@graph":[{"@type":"WebPage","@id":"https:\/\/www.blogsoestado.com\/joaquimhaickel\/2026\/01\/24\/sobre-o-brasil-no-oscar-2026\/","url":"https:\/\/www.blogsoestado.com\/joaquimhaickel\/2026\/01\/24\/sobre-o-brasil-no-oscar-2026\/","name":"Sobre o Brasil no Oscar 2026 - Joaquim Haickel","isPartOf":{"@id":"https:\/\/www.blogsoestado.com\/joaquimhaickel\/#website"},"primaryImageOfPage":{"@id":"https:\/\/www.blogsoestado.com\/joaquimhaickel\/2026\/01\/24\/sobre-o-brasil-no-oscar-2026\/#primaryimage"},"image":{"@id":"https:\/\/www.blogsoestado.com\/joaquimhaickel\/2026\/01\/24\/sobre-o-brasil-no-oscar-2026\/#primaryimage"},"thumbnailUrl":"https:\/\/www.blogsoestado.com\/joaquimhaickel\/wp-content\/uploads\/sites\/6\/2026\/01\/1-.jpg","datePublished":"2026-01-24T15:38:57+00:00","dateModified":"2026-01-24T15:59:45+00:00","author":{"@id":"https:\/\/www.blogsoestado.com\/joaquimhaickel\/#\/schema\/person\/4a711644aff28245c6c2c3452d66d325"},"breadcrumb":{"@id":"https:\/\/www.blogsoestado.com\/joaquimhaickel\/2026\/01\/24\/sobre-o-brasil-no-oscar-2026\/#breadcrumb"},"inLanguage":"pt-BR","potentialAction":[{"@type":"ReadAction","target":["https:\/\/www.blogsoestado.com\/joaquimhaickel\/2026\/01\/24\/sobre-o-brasil-no-oscar-2026\/"]}]},{"@type":"ImageObject","inLanguage":"pt-BR","@id":"https:\/\/www.blogsoestado.com\/joaquimhaickel\/2026\/01\/24\/sobre-o-brasil-no-oscar-2026\/#primaryimage","url":"https:\/\/www.blogsoestado.com\/joaquimhaickel\/wp-content\/uploads\/sites\/6\/2026\/01\/1-.jpg","contentUrl":"https:\/\/www.blogsoestado.com\/joaquimhaickel\/wp-content\/uploads\/sites\/6\/2026\/01\/1-.jpg","width":680,"height":856},{"@type":"BreadcrumbList","@id":"https:\/\/www.blogsoestado.com\/joaquimhaickel\/2026\/01\/24\/sobre-o-brasil-no-oscar-2026\/#breadcrumb","itemListElement":[{"@type":"ListItem","position":1,"name":"In\u00edcio","item":"https:\/\/www.blogsoestado.com\/joaquimhaickel\/"},{"@type":"ListItem","position":2,"name":"Sobre o Brasil no Oscar 2026"}]},{"@type":"WebSite","@id":"https:\/\/www.blogsoestado.com\/joaquimhaickel\/#website","url":"https:\/\/www.blogsoestado.com\/joaquimhaickel\/","name":"Joaquim Haickel","description":"","potentialAction":[{"@type":"SearchAction","target":{"@type":"EntryPoint","urlTemplate":"https:\/\/www.blogsoestado.com\/joaquimhaickel\/?s={search_term_string}"},"query-input":{"@type":"PropertyValueSpecification","valueRequired":true,"valueName":"search_term_string"}}],"inLanguage":"pt-BR"},{"@type":"Person","@id":"https:\/\/www.blogsoestado.com\/joaquimhaickel\/#\/schema\/person\/4a711644aff28245c6c2c3452d66d325","name":"Joaquim Haickel","image":{"@type":"ImageObject","inLanguage":"pt-BR","@id":"https:\/\/www.blogsoestado.com\/joaquimhaickel\/#\/schema\/person\/image\/","url":"https:\/\/secure.gravatar.com\/avatar\/473d89339b9f8ec089adb8d5778363eb5a2ba2319956bcf0298bfd8cca04684a?s=96&d=mm&r=g","contentUrl":"https:\/\/secure.gravatar.com\/avatar\/473d89339b9f8ec089adb8d5778363eb5a2ba2319956bcf0298bfd8cca04684a?s=96&d=mm&r=g","caption":"Joaquim Haickel"},"url":"https:\/\/www.blogsoestado.com\/joaquimhaickel\/author\/joaquimhaickel\/"}]}},"jetpack_featured_media_url":"","_links":{"self":[{"href":"https:\/\/www.blogsoestado.com\/joaquimhaickel\/wp-json\/wp\/v2\/posts\/4240","targetHints":{"allow":["GET"]}}],"collection":[{"href":"https:\/\/www.blogsoestado.com\/joaquimhaickel\/wp-json\/wp\/v2\/posts"}],"about":[{"href":"https:\/\/www.blogsoestado.com\/joaquimhaickel\/wp-json\/wp\/v2\/types\/post"}],"author":[{"embeddable":true,"href":"https:\/\/www.blogsoestado.com\/joaquimhaickel\/wp-json\/wp\/v2\/users\/7"}],"replies":[{"embeddable":true,"href":"https:\/\/www.blogsoestado.com\/joaquimhaickel\/wp-json\/wp\/v2\/comments?post=4240"}],"version-history":[{"count":2,"href":"https:\/\/www.blogsoestado.com\/joaquimhaickel\/wp-json\/wp\/v2\/posts\/4240\/revisions"}],"predecessor-version":[{"id":4243,"href":"https:\/\/www.blogsoestado.com\/joaquimhaickel\/wp-json\/wp\/v2\/posts\/4240\/revisions\/4243"}],"wp:attachment":[{"href":"https:\/\/www.blogsoestado.com\/joaquimhaickel\/wp-json\/wp\/v2\/media?parent=4240"}],"wp:term":[{"taxonomy":"category","embeddable":true,"href":"https:\/\/www.blogsoestado.com\/joaquimhaickel\/wp-json\/wp\/v2\/categories?post=4240"},{"taxonomy":"post_tag","embeddable":true,"href":"https:\/\/www.blogsoestado.com\/joaquimhaickel\/wp-json\/wp\/v2\/tags?post=4240"}],"curies":[{"name":"wp","href":"https:\/\/api.w.org\/{rel}","templated":true}]}}