{"id":4285,"date":"2026-03-15T08:36:37","date_gmt":"2026-03-15T11:36:37","guid":{"rendered":"https:\/\/www.blogsoestado.com\/joaquimhaickel\/?p=4285"},"modified":"2026-03-15T12:23:00","modified_gmt":"2026-03-15T15:23:00","slug":"meu-primo-preto-imperador-estoico-capoeirista-humanista-amado","status":"publish","type":"post","link":"https:\/\/www.blogsoestado.com\/joaquimhaickel\/2026\/03\/15\/meu-primo-preto-imperador-estoico-capoeirista-humanista-amado\/","title":{"rendered":"Meu primo preto, imperador, estoico, capoeirista, humanista&#8230; Amado."},"content":{"rendered":"\n<figure class=\"wp-block-image size-large is-resized\"><img fetchpriority=\"high\" decoding=\"async\" width=\"1024\" height=\"518\" src=\"https:\/\/www.blogsoestado.com\/joaquimhaickel\/wp-content\/uploads\/sites\/6\/2026\/03\/quadro_tres_fotos-1024x518.png\" alt=\"\" class=\"wp-image-4286\" style=\"width:486px;height:auto\" srcset=\"https:\/\/www.blogsoestado.com\/joaquimhaickel\/wp-content\/uploads\/sites\/6\/2026\/03\/quadro_tres_fotos-1024x518.png 1024w, https:\/\/www.blogsoestado.com\/joaquimhaickel\/wp-content\/uploads\/sites\/6\/2026\/03\/quadro_tres_fotos-300x152.png 300w, https:\/\/www.blogsoestado.com\/joaquimhaickel\/wp-content\/uploads\/sites\/6\/2026\/03\/quadro_tres_fotos-768x388.png 768w, https:\/\/www.blogsoestado.com\/joaquimhaickel\/wp-content\/uploads\/sites\/6\/2026\/03\/quadro_tres_fotos-1536x777.png 1536w, https:\/\/www.blogsoestado.com\/joaquimhaickel\/wp-content\/uploads\/sites\/6\/2026\/03\/quadro_tres_fotos.png 1582w\" sizes=\"(max-width: 1024px) 100vw, 1024px\" \/><\/figure>\n\n\n\n<p><\/p>\n\n\n\n<p>As pessoas de minha fam\u00edlia normalmente morrem em consequ\u00eancia de problemas card\u00edacos ou oncol\u00f3gicos. Desta vez, a estat\u00edstica oncol\u00f3gica prevaleceu e subtraiu de nosso conv\u00edvio o nosso amado primo Marco Aur\u00e9lio.<\/p>\n\n\n\n<p>Fico aqui pensando no que dizer dele. Poderia comentar com voc\u00eas as diversas formas pelas quais n\u00f3s o cham\u00e1vamos. Nomes e apelidos que iam desde o nome dado a ele por seu pai, meu tio Z\u00e9 Ant\u00f4nio, amante incondicional da hist\u00f3ria, que via no imperador romano e fil\u00f3sofo estoico de mesmo nome um exemplo de alma e car\u00e1ter a ser seguido e, por isso, colocou esse nome em seu terceiro filho. Poderia dizer que sua doce m\u00e3e, minha tia Maria dos Ramos, o chamava apenas de Marquinho, no singular, pois isso, singular, era uma de suas mais marcantes caracter\u00edsticas. Marcor\u00e9lio, como era chamado por seus irm\u00e3os e por n\u00f3s, seus primos. Cor\u00e9lio, abrevia\u00e7\u00e3o que lhe foi dada por seus amigos e acatada por muitas outras pessoas. Marcaralho, apelido dado a ele por meu irm\u00e3o Nagib, por motivos anat\u00f4micos, depois do relato feito por uma antiga namoradinha que havia sido primeiro de um e depois do outro. E, principalmente, Mestre Marco, como era conhecido pelos capoeiristas de nossa terra.<\/p>\n\n\n\n<p>Poderia dizer a voc\u00eas que Marcor\u00e9lio era realmente singular, pois, em que pese seu porte f\u00edsico avantajado e sua maravilhosa forma atl\u00e9tica, ele era doce como mel, suave como seda, risonho como uma crian\u00e7a, bondoso como um anjo. Digo isso n\u00e3o pelo fato de ele ter morrido, mas por ser a mais perfeita verdade, e quem o conheceu pode atestar.<\/p>\n\n\n\n<p>Discord\u00e1vamos em alguns aspectos pol\u00edticos e ideol\u00f3gicos, mas concord\u00e1vamos nos aspectos \u00e9ticos e morais, sobre os quais n\u00e3o transig\u00edamos.<\/p>\n\n\n\n<p>A exist\u00eancia dele me deu a certeza de que h\u00e1 pessoas que, mesmo pensando diferente, devem ser ouvidas, pois s\u00e3o pessoas de bom cora\u00e7\u00e3o, de boa \u00edndole, de bom car\u00e1ter.<\/p>\n\n\n\n<p>Quando soube que ele estava doente, blasfemei. Insultei os deuses de todas as religi\u00f5es, pois achei injusto que algu\u00e9m que jamais fez mal a ningu\u00e9m pudesse sofrer tamanho mal e sentir tanta dor.<\/p>\n\n\n\n<p>Penso que aqui cabe citar outro fato que faz de Marcor\u00e9lio um homem realmente singular. Em seus \u00faltimos dias ele esteve sob os cuidados de sua atual namorada, Luciana, e de suas duas ex-mulheres, Jana\u00edna, m\u00e3e de sua filha, e Samme, sua ex-mulher e melhor amiga. Algu\u00e9m assim \u00e9 iluminado.<\/p>\n\n\n\n<p>Estivemos juntos uma \u00faltima vez em sua casa, antes de ele viajar para se tratar em Bras\u00edlia, onde estava sua filha, Mana\u00edra. Naquela ocasi\u00e3o fiz uma promessa a ele que, na verdade, era uma barganha com Deus. Disse que, se Deus permitisse que meu amado primo tivesse uma sobrevida longa e sem sofrimento, eu iria votar no candidato dele a presidente da Rep\u00fablica.<\/p>\n\n\n\n<p>Quando disse isso, Marcor\u00e9lio olhou para mim sorrindo, daquele jeito \u00fanico dele, com os olhos apertadinhos, como se soubesse que aquilo n\u00e3o seria nenhum sacrif\u00edcio para mim, desde que pudesse t\u00ea-lo um pouco mais de tempo conosco, desde que fosse sem sofrimento ou dor.<\/p>\n\n\n\n<p>Foi uma grande honra, para mim, ter sido primo de um homem como Marco Aur\u00e9lio.<\/p>\n\n\n\n<p><\/p>\n","protected":false},"excerpt":{"rendered":"<p>As pessoas de minha fam\u00edlia normalmente morrem em consequ\u00eancia de problemas card\u00edacos ou oncol\u00f3gicos. Desta vez, a estat\u00edstica oncol\u00f3gica prevaleceu [&hellip;]<\/p>\n","protected":false},"author":7,"featured_media":0,"comment_status":"open","ping_status":"open","sticky":false,"template":"","format":"standard","meta":{"site-sidebar-layout":"default","site-content-layout":"","ast-site-content-layout":"default","site-content-style":"default","site-sidebar-style":"default","ast-global-header-display":"","ast-banner-title-visibility":"","ast-main-header-display":"","ast-hfb-above-header-display":"","ast-hfb-below-header-display":"","ast-hfb-mobile-header-display":"","site-post-title":"","ast-breadcrumbs-content":"","ast-featured-img":"","footer-sml-layout":"","ast-disable-related-posts":"","theme-transparent-header-meta":"","adv-header-id-meta":"","stick-header-meta":"","header-above-stick-meta":"","header-main-stick-meta":"","header-below-stick-meta":"","astra-migrate-meta-layouts":"default","ast-page-background-enabled":"default","ast-page-background-meta":{"desktop":{"background-color":"var(--ast-global-color-5)","background-image":"","background-repeat":"repeat","background-position":"center center","background-size":"auto","background-attachment":"scroll","background-type":"","background-media":"","overlay-type":"","overlay-color":"","overlay-opacity":"","overlay-gradient":""},"tablet":{"background-color":"","background-image":"","background-repeat":"repeat","background-position":"center center","background-size":"auto","background-attachment":"scroll","background-type":"","background-media":"","overlay-type":"","overlay-color":"","overlay-opacity":"","overlay-gradient":""},"mobile":{"background-color":"","background-image":"","background-repeat":"repeat","background-position":"center center","background-size":"auto","background-attachment":"scroll","background-type":"","background-media":"","overlay-type":"","overlay-color":"","overlay-opacity":"","overlay-gradient":""}},"ast-content-background-meta":{"desktop":{"background-color":"var(--ast-global-color-4)","background-image":"","background-repeat":"repeat","background-position":"center center","background-size":"auto","background-attachment":"scroll","background-type":"","background-media":"","overlay-type":"","overlay-color":"","overlay-opacity":"","overlay-gradient":""},"tablet":{"background-color":"var(--ast-global-color-4)","background-image":"","background-repeat":"repeat","background-position":"center center","background-size":"auto","background-attachment":"scroll","background-type":"","background-media":"","overlay-type":"","overlay-color":"","overlay-opacity":"","overlay-gradient":""},"mobile":{"background-color":"var(--ast-global-color-4)","background-image":"","background-repeat":"repeat","background-position":"center center","background-size":"auto","background-attachment":"scroll","background-type":"","background-media":"","overlay-type":"","overlay-color":"","overlay-opacity":"","overlay-gradient":""}},"footnotes":""},"categories":[1],"tags":[],"class_list":["post-4285","post","type-post","status-publish","format-standard","hentry","category-sem-categoria"],"yoast_head":"<!-- This site is optimized with the Yoast SEO plugin v26.6 - https:\/\/yoast.com\/wordpress\/plugins\/seo\/ -->\n<title>Meu primo preto, imperador, estoico, capoeirista, humanista... Amado. - Joaquim Haickel<\/title>\n<meta name=\"robots\" content=\"index, follow, max-snippet:-1, max-image-preview:large, max-video-preview:-1\" \/>\n<link rel=\"canonical\" href=\"https:\/\/www.blogsoestado.com\/joaquimhaickel\/2026\/03\/15\/meu-primo-preto-imperador-estoico-capoeirista-humanista-amado\/\" \/>\n<meta property=\"og:locale\" content=\"pt_BR\" \/>\n<meta property=\"og:type\" content=\"article\" \/>\n<meta property=\"og:title\" content=\"Meu primo preto, imperador, estoico, capoeirista, humanista... Amado. - Joaquim Haickel\" \/>\n<meta property=\"og:description\" content=\"As pessoas de minha fam\u00edlia normalmente morrem em consequ\u00eancia de problemas card\u00edacos ou oncol\u00f3gicos. Desta vez, a estat\u00edstica oncol\u00f3gica prevaleceu [&hellip;]\" \/>\n<meta property=\"og:url\" content=\"https:\/\/www.blogsoestado.com\/joaquimhaickel\/2026\/03\/15\/meu-primo-preto-imperador-estoico-capoeirista-humanista-amado\/\" \/>\n<meta property=\"og:site_name\" content=\"Joaquim Haickel\" \/>\n<meta property=\"article:published_time\" content=\"2026-03-15T11:36:37+00:00\" \/>\n<meta property=\"article:modified_time\" content=\"2026-03-15T15:23:00+00:00\" \/>\n<meta property=\"og:image\" content=\"https:\/\/www.blogsoestado.com\/joaquimhaickel\/wp-content\/uploads\/sites\/6\/2026\/03\/quadro_tres_fotos.png\" \/>\n\t<meta property=\"og:image:width\" content=\"1582\" \/>\n\t<meta property=\"og:image:height\" content=\"800\" \/>\n\t<meta property=\"og:image:type\" content=\"image\/png\" \/>\n<meta name=\"author\" content=\"Joaquim Haickel\" \/>\n<meta name=\"twitter:card\" content=\"summary_large_image\" \/>\n<meta name=\"twitter:label1\" content=\"Escrito por\" \/>\n\t<meta name=\"twitter:data1\" content=\"Joaquim Haickel\" \/>\n\t<meta name=\"twitter:label2\" content=\"Est. tempo de leitura\" \/>\n\t<meta name=\"twitter:data2\" content=\"4 minutos\" \/>\n<script type=\"application\/ld+json\" class=\"yoast-schema-graph\">{\"@context\":\"https:\/\/schema.org\",\"@graph\":[{\"@type\":\"WebPage\",\"@id\":\"https:\/\/www.blogsoestado.com\/joaquimhaickel\/2026\/03\/15\/meu-primo-preto-imperador-estoico-capoeirista-humanista-amado\/\",\"url\":\"https:\/\/www.blogsoestado.com\/joaquimhaickel\/2026\/03\/15\/meu-primo-preto-imperador-estoico-capoeirista-humanista-amado\/\",\"name\":\"Meu primo preto, imperador, estoico, capoeirista, humanista... Amado. - Joaquim Haickel\",\"isPartOf\":{\"@id\":\"https:\/\/www.blogsoestado.com\/joaquimhaickel\/#website\"},\"primaryImageOfPage\":{\"@id\":\"https:\/\/www.blogsoestado.com\/joaquimhaickel\/2026\/03\/15\/meu-primo-preto-imperador-estoico-capoeirista-humanista-amado\/#primaryimage\"},\"image\":{\"@id\":\"https:\/\/www.blogsoestado.com\/joaquimhaickel\/2026\/03\/15\/meu-primo-preto-imperador-estoico-capoeirista-humanista-amado\/#primaryimage\"},\"thumbnailUrl\":\"https:\/\/www.blogsoestado.com\/joaquimhaickel\/wp-content\/uploads\/sites\/6\/2026\/03\/quadro_tres_fotos-1024x518.png\",\"datePublished\":\"2026-03-15T11:36:37+00:00\",\"dateModified\":\"2026-03-15T15:23:00+00:00\",\"author\":{\"@id\":\"https:\/\/www.blogsoestado.com\/joaquimhaickel\/#\/schema\/person\/4a711644aff28245c6c2c3452d66d325\"},\"breadcrumb\":{\"@id\":\"https:\/\/www.blogsoestado.com\/joaquimhaickel\/2026\/03\/15\/meu-primo-preto-imperador-estoico-capoeirista-humanista-amado\/#breadcrumb\"},\"inLanguage\":\"pt-BR\",\"potentialAction\":[{\"@type\":\"ReadAction\",\"target\":[\"https:\/\/www.blogsoestado.com\/joaquimhaickel\/2026\/03\/15\/meu-primo-preto-imperador-estoico-capoeirista-humanista-amado\/\"]}]},{\"@type\":\"ImageObject\",\"inLanguage\":\"pt-BR\",\"@id\":\"https:\/\/www.blogsoestado.com\/joaquimhaickel\/2026\/03\/15\/meu-primo-preto-imperador-estoico-capoeirista-humanista-amado\/#primaryimage\",\"url\":\"https:\/\/www.blogsoestado.com\/joaquimhaickel\/wp-content\/uploads\/sites\/6\/2026\/03\/quadro_tres_fotos.png\",\"contentUrl\":\"https:\/\/www.blogsoestado.com\/joaquimhaickel\/wp-content\/uploads\/sites\/6\/2026\/03\/quadro_tres_fotos.png\",\"width\":1582,\"height\":800},{\"@type\":\"BreadcrumbList\",\"@id\":\"https:\/\/www.blogsoestado.com\/joaquimhaickel\/2026\/03\/15\/meu-primo-preto-imperador-estoico-capoeirista-humanista-amado\/#breadcrumb\",\"itemListElement\":[{\"@type\":\"ListItem\",\"position\":1,\"name\":\"In\u00edcio\",\"item\":\"https:\/\/www.blogsoestado.com\/joaquimhaickel\/\"},{\"@type\":\"ListItem\",\"position\":2,\"name\":\"Meu primo preto, imperador, estoico, capoeirista, humanista&#8230; Amado.\"}]},{\"@type\":\"WebSite\",\"@id\":\"https:\/\/www.blogsoestado.com\/joaquimhaickel\/#website\",\"url\":\"https:\/\/www.blogsoestado.com\/joaquimhaickel\/\",\"name\":\"Joaquim Haickel\",\"description\":\"\",\"potentialAction\":[{\"@type\":\"SearchAction\",\"target\":{\"@type\":\"EntryPoint\",\"urlTemplate\":\"https:\/\/www.blogsoestado.com\/joaquimhaickel\/?s={search_term_string}\"},\"query-input\":{\"@type\":\"PropertyValueSpecification\",\"valueRequired\":true,\"valueName\":\"search_term_string\"}}],\"inLanguage\":\"pt-BR\"},{\"@type\":\"Person\",\"@id\":\"https:\/\/www.blogsoestado.com\/joaquimhaickel\/#\/schema\/person\/4a711644aff28245c6c2c3452d66d325\",\"name\":\"Joaquim Haickel\",\"image\":{\"@type\":\"ImageObject\",\"inLanguage\":\"pt-BR\",\"@id\":\"https:\/\/www.blogsoestado.com\/joaquimhaickel\/#\/schema\/person\/image\/\",\"url\":\"https:\/\/secure.gravatar.com\/avatar\/473d89339b9f8ec089adb8d5778363eb5a2ba2319956bcf0298bfd8cca04684a?s=96&d=mm&r=g\",\"contentUrl\":\"https:\/\/secure.gravatar.com\/avatar\/473d89339b9f8ec089adb8d5778363eb5a2ba2319956bcf0298bfd8cca04684a?s=96&d=mm&r=g\",\"caption\":\"Joaquim Haickel\"},\"url\":\"https:\/\/www.blogsoestado.com\/joaquimhaickel\/author\/joaquimhaickel\/\"}]}<\/script>\n<!-- \/ Yoast SEO plugin. -->","yoast_head_json":{"title":"Meu primo preto, imperador, estoico, capoeirista, humanista... Amado. - Joaquim Haickel","robots":{"index":"index","follow":"follow","max-snippet":"max-snippet:-1","max-image-preview":"max-image-preview:large","max-video-preview":"max-video-preview:-1"},"canonical":"https:\/\/www.blogsoestado.com\/joaquimhaickel\/2026\/03\/15\/meu-primo-preto-imperador-estoico-capoeirista-humanista-amado\/","og_locale":"pt_BR","og_type":"article","og_title":"Meu primo preto, imperador, estoico, capoeirista, humanista... Amado. - Joaquim Haickel","og_description":"As pessoas de minha fam\u00edlia normalmente morrem em consequ\u00eancia de problemas card\u00edacos ou oncol\u00f3gicos. Desta vez, a estat\u00edstica oncol\u00f3gica prevaleceu [&hellip;]","og_url":"https:\/\/www.blogsoestado.com\/joaquimhaickel\/2026\/03\/15\/meu-primo-preto-imperador-estoico-capoeirista-humanista-amado\/","og_site_name":"Joaquim Haickel","article_published_time":"2026-03-15T11:36:37+00:00","article_modified_time":"2026-03-15T15:23:00+00:00","og_image":[{"width":1582,"height":800,"url":"https:\/\/www.blogsoestado.com\/joaquimhaickel\/wp-content\/uploads\/sites\/6\/2026\/03\/quadro_tres_fotos.png","type":"image\/png"}],"author":"Joaquim Haickel","twitter_card":"summary_large_image","twitter_misc":{"Escrito por":"Joaquim Haickel","Est. tempo de leitura":"4 minutos"},"schema":{"@context":"https:\/\/schema.org","@graph":[{"@type":"WebPage","@id":"https:\/\/www.blogsoestado.com\/joaquimhaickel\/2026\/03\/15\/meu-primo-preto-imperador-estoico-capoeirista-humanista-amado\/","url":"https:\/\/www.blogsoestado.com\/joaquimhaickel\/2026\/03\/15\/meu-primo-preto-imperador-estoico-capoeirista-humanista-amado\/","name":"Meu primo preto, imperador, estoico, capoeirista, humanista... Amado. - Joaquim Haickel","isPartOf":{"@id":"https:\/\/www.blogsoestado.com\/joaquimhaickel\/#website"},"primaryImageOfPage":{"@id":"https:\/\/www.blogsoestado.com\/joaquimhaickel\/2026\/03\/15\/meu-primo-preto-imperador-estoico-capoeirista-humanista-amado\/#primaryimage"},"image":{"@id":"https:\/\/www.blogsoestado.com\/joaquimhaickel\/2026\/03\/15\/meu-primo-preto-imperador-estoico-capoeirista-humanista-amado\/#primaryimage"},"thumbnailUrl":"https:\/\/www.blogsoestado.com\/joaquimhaickel\/wp-content\/uploads\/sites\/6\/2026\/03\/quadro_tres_fotos-1024x518.png","datePublished":"2026-03-15T11:36:37+00:00","dateModified":"2026-03-15T15:23:00+00:00","author":{"@id":"https:\/\/www.blogsoestado.com\/joaquimhaickel\/#\/schema\/person\/4a711644aff28245c6c2c3452d66d325"},"breadcrumb":{"@id":"https:\/\/www.blogsoestado.com\/joaquimhaickel\/2026\/03\/15\/meu-primo-preto-imperador-estoico-capoeirista-humanista-amado\/#breadcrumb"},"inLanguage":"pt-BR","potentialAction":[{"@type":"ReadAction","target":["https:\/\/www.blogsoestado.com\/joaquimhaickel\/2026\/03\/15\/meu-primo-preto-imperador-estoico-capoeirista-humanista-amado\/"]}]},{"@type":"ImageObject","inLanguage":"pt-BR","@id":"https:\/\/www.blogsoestado.com\/joaquimhaickel\/2026\/03\/15\/meu-primo-preto-imperador-estoico-capoeirista-humanista-amado\/#primaryimage","url":"https:\/\/www.blogsoestado.com\/joaquimhaickel\/wp-content\/uploads\/sites\/6\/2026\/03\/quadro_tres_fotos.png","contentUrl":"https:\/\/www.blogsoestado.com\/joaquimhaickel\/wp-content\/uploads\/sites\/6\/2026\/03\/quadro_tres_fotos.png","width":1582,"height":800},{"@type":"BreadcrumbList","@id":"https:\/\/www.blogsoestado.com\/joaquimhaickel\/2026\/03\/15\/meu-primo-preto-imperador-estoico-capoeirista-humanista-amado\/#breadcrumb","itemListElement":[{"@type":"ListItem","position":1,"name":"In\u00edcio","item":"https:\/\/www.blogsoestado.com\/joaquimhaickel\/"},{"@type":"ListItem","position":2,"name":"Meu primo preto, imperador, estoico, capoeirista, humanista&#8230; Amado."}]},{"@type":"WebSite","@id":"https:\/\/www.blogsoestado.com\/joaquimhaickel\/#website","url":"https:\/\/www.blogsoestado.com\/joaquimhaickel\/","name":"Joaquim Haickel","description":"","potentialAction":[{"@type":"SearchAction","target":{"@type":"EntryPoint","urlTemplate":"https:\/\/www.blogsoestado.com\/joaquimhaickel\/?s={search_term_string}"},"query-input":{"@type":"PropertyValueSpecification","valueRequired":true,"valueName":"search_term_string"}}],"inLanguage":"pt-BR"},{"@type":"Person","@id":"https:\/\/www.blogsoestado.com\/joaquimhaickel\/#\/schema\/person\/4a711644aff28245c6c2c3452d66d325","name":"Joaquim Haickel","image":{"@type":"ImageObject","inLanguage":"pt-BR","@id":"https:\/\/www.blogsoestado.com\/joaquimhaickel\/#\/schema\/person\/image\/","url":"https:\/\/secure.gravatar.com\/avatar\/473d89339b9f8ec089adb8d5778363eb5a2ba2319956bcf0298bfd8cca04684a?s=96&d=mm&r=g","contentUrl":"https:\/\/secure.gravatar.com\/avatar\/473d89339b9f8ec089adb8d5778363eb5a2ba2319956bcf0298bfd8cca04684a?s=96&d=mm&r=g","caption":"Joaquim Haickel"},"url":"https:\/\/www.blogsoestado.com\/joaquimhaickel\/author\/joaquimhaickel\/"}]}},"jetpack_featured_media_url":"","_links":{"self":[{"href":"https:\/\/www.blogsoestado.com\/joaquimhaickel\/wp-json\/wp\/v2\/posts\/4285","targetHints":{"allow":["GET"]}}],"collection":[{"href":"https:\/\/www.blogsoestado.com\/joaquimhaickel\/wp-json\/wp\/v2\/posts"}],"about":[{"href":"https:\/\/www.blogsoestado.com\/joaquimhaickel\/wp-json\/wp\/v2\/types\/post"}],"author":[{"embeddable":true,"href":"https:\/\/www.blogsoestado.com\/joaquimhaickel\/wp-json\/wp\/v2\/users\/7"}],"replies":[{"embeddable":true,"href":"https:\/\/www.blogsoestado.com\/joaquimhaickel\/wp-json\/wp\/v2\/comments?post=4285"}],"version-history":[{"count":1,"href":"https:\/\/www.blogsoestado.com\/joaquimhaickel\/wp-json\/wp\/v2\/posts\/4285\/revisions"}],"predecessor-version":[{"id":4287,"href":"https:\/\/www.blogsoestado.com\/joaquimhaickel\/wp-json\/wp\/v2\/posts\/4285\/revisions\/4287"}],"wp:attachment":[{"href":"https:\/\/www.blogsoestado.com\/joaquimhaickel\/wp-json\/wp\/v2\/media?parent=4285"}],"wp:term":[{"taxonomy":"category","embeddable":true,"href":"https:\/\/www.blogsoestado.com\/joaquimhaickel\/wp-json\/wp\/v2\/categories?post=4285"},{"taxonomy":"post_tag","embeddable":true,"href":"https:\/\/www.blogsoestado.com\/joaquimhaickel\/wp-json\/wp\/v2\/tags?post=4285"}],"curies":[{"name":"wp","href":"https:\/\/api.w.org\/{rel}","templated":true}]}}