{"id":434,"date":"2009-08-09T21:03:52","date_gmt":"2009-08-10T00:03:52","guid":{"rendered":"https:\/\/www.blogsoestado.com\/joaquimhaickel\/2009\/08\/09\/conversando-com-desconhecidos\/"},"modified":"2009-08-09T21:03:52","modified_gmt":"2009-08-10T00:03:52","slug":"conversando-com-desconhecidos","status":"publish","type":"post","link":"https:\/\/www.blogsoestado.com\/joaquimhaickel\/2009\/08\/09\/conversando-com-desconhecidos\/","title":{"rendered":"Conversando com desconhecidos"},"content":{"rendered":"<p>Um dos comentaristas do meu blog disse que n\u00e3o admite que eu atribua a exposi\u00e7\u00e3o p\u00fablica das v\u00edsceras do Senado a uma campanha orquestrada pela imprensa. Imprensa da qual, segundo ele, eu fa\u00e7o parte, trabalhando, ali\u00e1s, em uma empresa pertencente ao principal acusado nesses esc\u00e2ndalos. Por fim, recomenda que eu diminua o tom agressivo das minhas respostas, pois, segundo ele, sou inteligente e a agressividade \u00e9 a linguagem dos tolos.<\/p>\n<p>Quem realmente me conhece sabe o quanto fiquei \u00e0 vontade para responder a esse coment\u00e1rio! Comecei respondendo em tom de brincadeira e disse a ele sinceramente que n\u00e3o me considerava uma pessoa agressiva \u201cseu p\u00f4&#8230; (kkkkk)\u201d. Que n\u00e3o discordava de que em algumas ocasi\u00f5es eu chegava a ser duro, \u201cbastante duro (kkkkk)\u201d, mas que ele n\u00e3o se preocupasse, isso n\u00e3o acontecia todo dia \u201d(kkkkk)\u201d.<\/p>\n<p>Depois de achar que j\u00e1 havia descontra\u00eddo a conversa disse-lhe que deveria alert\u00e1-lo sobre alguns equ\u00edvocos. Que jamais acreditei que as mazelas do Senado fossem cria\u00e7\u00f5es da imprensa, mas que a explora\u00e7\u00e3o facciosa e sect\u00e1ria desse assunto, sim. Imprensa que faz isso a servi\u00e7o de interesses pol\u00edticos inconfess\u00e1veis. Disse-lhe que n\u00e3o sou jornalista e muito menos empregado de quem quer que seja. Que meu mais forte v\u00ednculo com os propriet\u00e1rios da citada empresa n\u00e3o \u00e9 nem o pol\u00edtico nem o comercial, mas sim o v\u00ednculo da amizade. Que esse v\u00ednculo me obriga, prazerosamente, a jamais ser leviano, fazendo com que eu ceda ao elogio f\u00e1cil ou \u00e0 subservi\u00eancia. Amizade para mim \u00e9 coisa muito s\u00e9ria que n\u00e3o comporta esse tipo de concess\u00e3o.<\/p>\n<p>Procurei tranq\u00fciliz\u00e1-lo dizendo que n\u00e3o acredito de forma alguma que haja santo nesse neg\u00f3cio de pol\u00edtica, mas que, no entanto, tenho certeza de que a melhor maneira de se analisar corretamente qualquer assunto n\u00e3o \u00e9 agindo com sectarismo ou com facciosismo.<\/p>\n<p>O comentarista ent\u00e3o replicou dizendo que o Senado foi transformado num cabide de emprego, repleto de maracutaias financeiras e que acredita que o papel da imprensa seja realmente esse. Que em casos como o de agora \u00e9 prefer\u00edvel pecar por excesso do que por falta. Diz que estabelecer, por meio da justi\u00e7a, uma censura pr\u00e9via \u00e0 imprensa, s\u00f3 aumenta a discuss\u00e3o sobre os fatos. Diz que se h\u00e1 inocentes, que a verdade apare\u00e7a. Comenta que a aus\u00eancia da imprensa, cobrando de forma justa e comprometida com a verdade, \u00e9 que propicia muitas dessas mazelas.<\/p>\n<p>Mais uma vez meu interlocutor fez a minha alegria. Pedi ent\u00e3o que ele se colocasse no lugar de algu\u00e9m que se sinta impedido de ter acesso \u00e0quilo que a lei garante a todo cidad\u00e3o. A ampla defesa. Pedi que ele se colocasse na imin\u00eancia de ver um direito seu sucumbir frente a um direito menor. Um direito que fere de morte o sagrado direito \u00e0 ampla defesa. Disse-lhe que se isso acontecesse com ele, ele n\u00e3o acharia correto e que procuraria a justi\u00e7a para proteger o seu direito fundamental, que estaria sendo vilipendiado e que eu me colocaria intransigentemente ao seu lado.<\/p>\n<p>Ao contr\u00e1rio do que disse ele, a inoc\u00eancia n\u00e3o tem que ser provada. \u00c9 a culpa que deve ser provada. O \u00f4nus de provar essa culpa cabe a quem acusa e para tanto n\u00e3o deve nem pode, por lei, criar fact\u00f3ides, atrav\u00e9s vazamentos de intercepta\u00e7\u00f5es telef\u00f4nicas, de partes dos inqu\u00e9ritos ou dos processos. N\u00e3o pode montar um processo, um inqu\u00e9rito, um julgamento respaldado nas manchetes dos jornais, das revistas, nas chamadas dos jornais das emissoras de televis\u00e3o ou de r\u00e1dio.<\/p>\n<p>Todos s\u00e3o inocentes at\u00e9 que se prove o contr\u00e1rio. \u00c9 isso que prev\u00ea o bom e o justo direito, a boa e a justa lei. Agora, convenhamos, ter que se provar a inoc\u00eancia tendo que se enfrentar uma maci\u00e7a e ampla campanha midi\u00e1tica, que tem como \u00fanico intuito o de condenar previamente, moral e politicamente o arrolado!? Isso n\u00e3o \u00e9 o que se possa chamar liberdade de imprensa e muito menos de estado de direito!<\/p>\n<p>N\u00e3o estou aqui simplesmente defendendo A, B ou C, defendo o que acho que seja o certo, para mim e para todos. Fazendo isso fico tranq\u00fcilo com minha consci\u00eancia. \u00c9 a defesa do amplo e do geral que me permite defender o particular e o objetivo, n\u00e3o o contr\u00e1rio. O direito individual est\u00e1 inserido indissociavelmente no direito coletivo e \u00e9 conseq\u00fc\u00eancia direta deste.<\/p>\n<p>Cedo aprendi que devemos antes de tudo saber escolher quais s\u00e3o as causas que devemos defender, quais batalhas devemos lutar, isso para que n\u00e3o acabemos por lutar nas guerras dos outros, nem como mercen\u00e1rios nem como bucha de canh\u00e3o.<\/p>\n<p>Um dos aspectos mais fortes de um estado democr\u00e1tico de direito \u00e9 exatamente esse, saber conviver com as diferen\u00e7as sem querer-se simplesmente exterminar as discord\u00e2ncias.<\/p>\n<p>A palavra liberdade n\u00e3o pode ser usada jamais sem a sua complementar necess\u00e1ria e indispens\u00e1vel: Responsabilidade. N\u00e3o existe liberdade sem responsabilidade. A liberdade dos irrespons\u00e1veis \u00e9 a mesma que a dos tolos, dos sect\u00e1rios, dos escravos de todas as esp\u00e9cies.<\/p>\n","protected":false},"excerpt":{"rendered":"<p>Um dos comentaristas do meu blog disse que n\u00e3o admite que eu atribua a exposi\u00e7\u00e3o p\u00fablica das v\u00edsceras do Senado [&hellip;]<\/p>\n","protected":false},"author":7,"featured_media":0,"comment_status":"open","ping_status":"open","sticky":false,"template":"","format":"standard","meta":{"site-sidebar-layout":"default","site-content-layout":"","ast-site-content-layout":"default","site-content-style":"default","site-sidebar-style":"default","ast-global-header-display":"","ast-banner-title-visibility":"","ast-main-header-display":"","ast-hfb-above-header-display":"","ast-hfb-below-header-display":"","ast-hfb-mobile-header-display":"","site-post-title":"","ast-breadcrumbs-content":"","ast-featured-img":"","footer-sml-layout":"","ast-disable-related-posts":"","theme-transparent-header-meta":"","adv-header-id-meta":"","stick-header-meta":"","header-above-stick-meta":"","header-main-stick-meta":"","header-below-stick-meta":"","astra-migrate-meta-layouts":"default","ast-page-background-enabled":"default","ast-page-background-meta":{"desktop":{"background-color":"var(--ast-global-color-5)","background-image":"","background-repeat":"repeat","background-position":"center center","background-size":"auto","background-attachment":"scroll","background-type":"","background-media":"","overlay-type":"","overlay-color":"","overlay-opacity":"","overlay-gradient":""},"tablet":{"background-color":"","background-image":"","background-repeat":"repeat","background-position":"center center","background-size":"auto","background-attachment":"scroll","background-type":"","background-media":"","overlay-type":"","overlay-color":"","overlay-opacity":"","overlay-gradient":""},"mobile":{"background-color":"","background-image":"","background-repeat":"repeat","background-position":"center center","background-size":"auto","background-attachment":"scroll","background-type":"","background-media":"","overlay-type":"","overlay-color":"","overlay-opacity":"","overlay-gradient":""}},"ast-content-background-meta":{"desktop":{"background-color":"var(--ast-global-color-4)","background-image":"","background-repeat":"repeat","background-position":"center center","background-size":"auto","background-attachment":"scroll","background-type":"","background-media":"","overlay-type":"","overlay-color":"","overlay-opacity":"","overlay-gradient":""},"tablet":{"background-color":"var(--ast-global-color-4)","background-image":"","background-repeat":"repeat","background-position":"center center","background-size":"auto","background-attachment":"scroll","background-type":"","background-media":"","overlay-type":"","overlay-color":"","overlay-opacity":"","overlay-gradient":""},"mobile":{"background-color":"var(--ast-global-color-4)","background-image":"","background-repeat":"repeat","background-position":"center center","background-size":"auto","background-attachment":"scroll","background-type":"","background-media":"","overlay-type":"","overlay-color":"","overlay-opacity":"","overlay-gradient":""}},"footnotes":""},"categories":[3],"tags":[],"class_list":["post-434","post","type-post","status-publish","format-standard","hentry","category-geral"],"yoast_head":"<!-- This site is optimized with the Yoast SEO plugin v26.6 - https:\/\/yoast.com\/wordpress\/plugins\/seo\/ -->\n<title>Conversando com desconhecidos - Joaquim Haickel<\/title>\n<meta name=\"robots\" content=\"index, follow, max-snippet:-1, max-image-preview:large, max-video-preview:-1\" \/>\n<link rel=\"canonical\" href=\"https:\/\/www.blogsoestado.com\/joaquimhaickel\/2009\/08\/09\/conversando-com-desconhecidos\/\" \/>\n<meta property=\"og:locale\" content=\"pt_BR\" \/>\n<meta property=\"og:type\" content=\"article\" \/>\n<meta property=\"og:title\" content=\"Conversando com desconhecidos - Joaquim Haickel\" \/>\n<meta property=\"og:description\" content=\"Um dos comentaristas do meu blog disse que n\u00e3o admite que eu atribua a exposi\u00e7\u00e3o p\u00fablica das v\u00edsceras do Senado [&hellip;]\" \/>\n<meta property=\"og:url\" content=\"https:\/\/www.blogsoestado.com\/joaquimhaickel\/2009\/08\/09\/conversando-com-desconhecidos\/\" \/>\n<meta property=\"og:site_name\" content=\"Joaquim Haickel\" \/>\n<meta property=\"article:published_time\" content=\"2009-08-10T00:03:52+00:00\" \/>\n<meta name=\"author\" content=\"Joaquim Haickel\" \/>\n<meta name=\"twitter:card\" content=\"summary_large_image\" \/>\n<meta name=\"twitter:label1\" content=\"Escrito por\" \/>\n\t<meta name=\"twitter:data1\" content=\"Joaquim Haickel\" \/>\n\t<meta name=\"twitter:label2\" content=\"Est. tempo de leitura\" \/>\n\t<meta name=\"twitter:data2\" content=\"4 minutos\" \/>\n<script type=\"application\/ld+json\" class=\"yoast-schema-graph\">{\"@context\":\"https:\/\/schema.org\",\"@graph\":[{\"@type\":\"WebPage\",\"@id\":\"https:\/\/www.blogsoestado.com\/joaquimhaickel\/2009\/08\/09\/conversando-com-desconhecidos\/\",\"url\":\"https:\/\/www.blogsoestado.com\/joaquimhaickel\/2009\/08\/09\/conversando-com-desconhecidos\/\",\"name\":\"Conversando com desconhecidos - Joaquim Haickel\",\"isPartOf\":{\"@id\":\"https:\/\/www.blogsoestado.com\/joaquimhaickel\/#website\"},\"datePublished\":\"2009-08-10T00:03:52+00:00\",\"author\":{\"@id\":\"https:\/\/www.blogsoestado.com\/joaquimhaickel\/#\/schema\/person\/4a711644aff28245c6c2c3452d66d325\"},\"breadcrumb\":{\"@id\":\"https:\/\/www.blogsoestado.com\/joaquimhaickel\/2009\/08\/09\/conversando-com-desconhecidos\/#breadcrumb\"},\"inLanguage\":\"pt-BR\",\"potentialAction\":[{\"@type\":\"ReadAction\",\"target\":[\"https:\/\/www.blogsoestado.com\/joaquimhaickel\/2009\/08\/09\/conversando-com-desconhecidos\/\"]}]},{\"@type\":\"BreadcrumbList\",\"@id\":\"https:\/\/www.blogsoestado.com\/joaquimhaickel\/2009\/08\/09\/conversando-com-desconhecidos\/#breadcrumb\",\"itemListElement\":[{\"@type\":\"ListItem\",\"position\":1,\"name\":\"In\u00edcio\",\"item\":\"https:\/\/www.blogsoestado.com\/joaquimhaickel\/\"},{\"@type\":\"ListItem\",\"position\":2,\"name\":\"Conversando com desconhecidos\"}]},{\"@type\":\"WebSite\",\"@id\":\"https:\/\/www.blogsoestado.com\/joaquimhaickel\/#website\",\"url\":\"https:\/\/www.blogsoestado.com\/joaquimhaickel\/\",\"name\":\"Joaquim Haickel\",\"description\":\"\",\"potentialAction\":[{\"@type\":\"SearchAction\",\"target\":{\"@type\":\"EntryPoint\",\"urlTemplate\":\"https:\/\/www.blogsoestado.com\/joaquimhaickel\/?s={search_term_string}\"},\"query-input\":{\"@type\":\"PropertyValueSpecification\",\"valueRequired\":true,\"valueName\":\"search_term_string\"}}],\"inLanguage\":\"pt-BR\"},{\"@type\":\"Person\",\"@id\":\"https:\/\/www.blogsoestado.com\/joaquimhaickel\/#\/schema\/person\/4a711644aff28245c6c2c3452d66d325\",\"name\":\"Joaquim Haickel\",\"image\":{\"@type\":\"ImageObject\",\"inLanguage\":\"pt-BR\",\"@id\":\"https:\/\/www.blogsoestado.com\/joaquimhaickel\/#\/schema\/person\/image\/\",\"url\":\"https:\/\/secure.gravatar.com\/avatar\/473d89339b9f8ec089adb8d5778363eb5a2ba2319956bcf0298bfd8cca04684a?s=96&d=mm&r=g\",\"contentUrl\":\"https:\/\/secure.gravatar.com\/avatar\/473d89339b9f8ec089adb8d5778363eb5a2ba2319956bcf0298bfd8cca04684a?s=96&d=mm&r=g\",\"caption\":\"Joaquim Haickel\"},\"url\":\"https:\/\/www.blogsoestado.com\/joaquimhaickel\/author\/joaquimhaickel\/\"}]}<\/script>\n<!-- \/ Yoast SEO plugin. -->","yoast_head_json":{"title":"Conversando com desconhecidos - Joaquim Haickel","robots":{"index":"index","follow":"follow","max-snippet":"max-snippet:-1","max-image-preview":"max-image-preview:large","max-video-preview":"max-video-preview:-1"},"canonical":"https:\/\/www.blogsoestado.com\/joaquimhaickel\/2009\/08\/09\/conversando-com-desconhecidos\/","og_locale":"pt_BR","og_type":"article","og_title":"Conversando com desconhecidos - Joaquim Haickel","og_description":"Um dos comentaristas do meu blog disse que n\u00e3o admite que eu atribua a exposi\u00e7\u00e3o p\u00fablica das v\u00edsceras do Senado [&hellip;]","og_url":"https:\/\/www.blogsoestado.com\/joaquimhaickel\/2009\/08\/09\/conversando-com-desconhecidos\/","og_site_name":"Joaquim Haickel","article_published_time":"2009-08-10T00:03:52+00:00","author":"Joaquim Haickel","twitter_card":"summary_large_image","twitter_misc":{"Escrito por":"Joaquim Haickel","Est. tempo de leitura":"4 minutos"},"schema":{"@context":"https:\/\/schema.org","@graph":[{"@type":"WebPage","@id":"https:\/\/www.blogsoestado.com\/joaquimhaickel\/2009\/08\/09\/conversando-com-desconhecidos\/","url":"https:\/\/www.blogsoestado.com\/joaquimhaickel\/2009\/08\/09\/conversando-com-desconhecidos\/","name":"Conversando com desconhecidos - Joaquim Haickel","isPartOf":{"@id":"https:\/\/www.blogsoestado.com\/joaquimhaickel\/#website"},"datePublished":"2009-08-10T00:03:52+00:00","author":{"@id":"https:\/\/www.blogsoestado.com\/joaquimhaickel\/#\/schema\/person\/4a711644aff28245c6c2c3452d66d325"},"breadcrumb":{"@id":"https:\/\/www.blogsoestado.com\/joaquimhaickel\/2009\/08\/09\/conversando-com-desconhecidos\/#breadcrumb"},"inLanguage":"pt-BR","potentialAction":[{"@type":"ReadAction","target":["https:\/\/www.blogsoestado.com\/joaquimhaickel\/2009\/08\/09\/conversando-com-desconhecidos\/"]}]},{"@type":"BreadcrumbList","@id":"https:\/\/www.blogsoestado.com\/joaquimhaickel\/2009\/08\/09\/conversando-com-desconhecidos\/#breadcrumb","itemListElement":[{"@type":"ListItem","position":1,"name":"In\u00edcio","item":"https:\/\/www.blogsoestado.com\/joaquimhaickel\/"},{"@type":"ListItem","position":2,"name":"Conversando com desconhecidos"}]},{"@type":"WebSite","@id":"https:\/\/www.blogsoestado.com\/joaquimhaickel\/#website","url":"https:\/\/www.blogsoestado.com\/joaquimhaickel\/","name":"Joaquim Haickel","description":"","potentialAction":[{"@type":"SearchAction","target":{"@type":"EntryPoint","urlTemplate":"https:\/\/www.blogsoestado.com\/joaquimhaickel\/?s={search_term_string}"},"query-input":{"@type":"PropertyValueSpecification","valueRequired":true,"valueName":"search_term_string"}}],"inLanguage":"pt-BR"},{"@type":"Person","@id":"https:\/\/www.blogsoestado.com\/joaquimhaickel\/#\/schema\/person\/4a711644aff28245c6c2c3452d66d325","name":"Joaquim Haickel","image":{"@type":"ImageObject","inLanguage":"pt-BR","@id":"https:\/\/www.blogsoestado.com\/joaquimhaickel\/#\/schema\/person\/image\/","url":"https:\/\/secure.gravatar.com\/avatar\/473d89339b9f8ec089adb8d5778363eb5a2ba2319956bcf0298bfd8cca04684a?s=96&d=mm&r=g","contentUrl":"https:\/\/secure.gravatar.com\/avatar\/473d89339b9f8ec089adb8d5778363eb5a2ba2319956bcf0298bfd8cca04684a?s=96&d=mm&r=g","caption":"Joaquim Haickel"},"url":"https:\/\/www.blogsoestado.com\/joaquimhaickel\/author\/joaquimhaickel\/"}]}},"jetpack_featured_media_url":"","_links":{"self":[{"href":"https:\/\/www.blogsoestado.com\/joaquimhaickel\/wp-json\/wp\/v2\/posts\/434","targetHints":{"allow":["GET"]}}],"collection":[{"href":"https:\/\/www.blogsoestado.com\/joaquimhaickel\/wp-json\/wp\/v2\/posts"}],"about":[{"href":"https:\/\/www.blogsoestado.com\/joaquimhaickel\/wp-json\/wp\/v2\/types\/post"}],"author":[{"embeddable":true,"href":"https:\/\/www.blogsoestado.com\/joaquimhaickel\/wp-json\/wp\/v2\/users\/7"}],"replies":[{"embeddable":true,"href":"https:\/\/www.blogsoestado.com\/joaquimhaickel\/wp-json\/wp\/v2\/comments?post=434"}],"version-history":[{"count":0,"href":"https:\/\/www.blogsoestado.com\/joaquimhaickel\/wp-json\/wp\/v2\/posts\/434\/revisions"}],"wp:attachment":[{"href":"https:\/\/www.blogsoestado.com\/joaquimhaickel\/wp-json\/wp\/v2\/media?parent=434"}],"wp:term":[{"taxonomy":"category","embeddable":true,"href":"https:\/\/www.blogsoestado.com\/joaquimhaickel\/wp-json\/wp\/v2\/categories?post=434"},{"taxonomy":"post_tag","embeddable":true,"href":"https:\/\/www.blogsoestado.com\/joaquimhaickel\/wp-json\/wp\/v2\/tags?post=434"}],"curies":[{"name":"wp","href":"https:\/\/api.w.org\/{rel}","templated":true}]}}