{"id":435,"date":"2009-08-16T18:59:22","date_gmt":"2009-08-16T21:59:22","guid":{"rendered":"https:\/\/www.blogsoestado.com\/joaquimhaickel\/2009\/08\/16\/um-pedaco-de-ponte-%e2%80%93-parte-v\/"},"modified":"2009-08-16T18:59:22","modified_gmt":"2009-08-16T21:59:22","slug":"um-pedaco-de-ponte-parte-v","status":"publish","type":"post","link":"https:\/\/www.blogsoestado.com\/joaquimhaickel\/2009\/08\/16\/um-pedaco-de-ponte-parte-v\/","title":{"rendered":"Um Peda\u00e7o de Ponte \u2013 Parte V"},"content":{"rendered":"<p>Dando continuidade ao texto \u201cUm Peda\u00e7o de Ponte\u201d leia a seguir:\u00a0<\/p>\n<p><strong>A \u00faltima rolada de Rolando ou \u00faltimo v\u00f4o de Z\u00e9 Curica<\/strong>\u00a0<\/p>\n<p>\u00a0\u00a0\u00a0\u00a0\u00a0 Rolando era o verdadeiro nome do homem que havia rolado a Ladeira do Com\u00e9rcio, em total estado de embriaguez, numa madrugada, outro dia, mas todos s\u00f3 o conheciam por Z\u00e9 Curica. Saber seu apelido n\u00e3o ajudou muito a um jornalista rec\u00e9m-chegado a S\u00e3o Luis naquela ocasi\u00e3o, pelo contr\u00e1rio, fiquei mais confuso, n\u00e3o sabia se esse apelido era dado \u00e0s pessoas que t\u00eam as pontas dos p\u00e9s voltadas para dentro ou para fora.\u00a0 No estado em que o encontrei n\u00e3o dava pra ter certeza.<\/p>\n<p>Fui ao local e vi o corpo. Mesmo morto ele tinha uma cara muito simp\u00e1tica e parecia estar vindo de uma noitada de farra e divertimento ali pelas das redondezas, 28 e da Palma. Na verdade, soube depois que ele morava l\u00e1, na Rua da Palma. Ele, Maria Clara, Euz\u00e9bla, C\u00e2ndida, Das Dores, Carmita, Ant\u00f4nia, Zuleide e Karla, ou melhor, Raimundo Carlos Gon\u00e7alves da Silva, um veado do primeiro time da ZBM*.<\/p>\n<p>Pelo que tudo indica, Z\u00e9 Curica era mesmo filho de puta.<\/p>\n<p>Fazia alguns meses e vinte e nove anos que Z\u00e9 Curica vivia por aquelas velhas ruas de paralelep\u00edpedos, por aquelas ladeiras e por aqueles batentes de pedra de cantaria. Por l\u00e1 todos o conheciam; o portugu\u00eas do Lusitano, o &#8220;Carcamano&#8221; do Ferro de Engomar, uma ou outra mulher da vida, e at\u00e9 o dono do &#8220;Jornal Pequeno&#8221; dentre outros.<\/p>\n<p>Quem sabe, ou ouviu falar, diz que a m\u00e3e dele era uma das meninas da Maroca, e seu pai, salvo engano, era um oficial do navio mercante espanhol &#8220;Colombo&#8221;, um tal de Gimenez.<\/p>\n<p>Mas voltar 30 anos no tempo \u00e9 demais. N\u00e3o deve ter sido muito diferente pra ele sua adolesc\u00eancia, sua inf\u00e2ncia, sua meninice, da vida que levava at\u00e9 anteontem.<\/p>\n<p>Z\u00e9 Curica fazia de tudo um pouco, e \u00e9 l\u00f3gico que fazia muito melhor quando n\u00e3o estava com umas e outras pela cara.\u00a0 Era sapateiro, pedreiro, carpina e tudo mais que dava pra ser. Soube que uma vez quase morre ao tentar consertar a instala\u00e7\u00e3o el\u00e9trica do velho sobrado onde morava, juntamente com aquela penca de mulheres e um veado.<\/p>\n<p>Todo esse circo morava em um picadeiro, ou melhor, num poleiro, num pr\u00e9dio na Rua da Palma.\u00a0 O aluguel era pago com o suor do rosto de Z\u00e9 Curica, das pernas, coxas, barrigas, lombos e camas das mulheres.\u00a0 At\u00e9 Karla ajudava no que podia.<\/p>\n<p>No mais, tudo era normal: um homem amargurado, meia d\u00fazia de mulheres se vendendo; um veado regendo a sinfonia.<\/p>\n<p>O cen\u00e1rio: as donas com as carnes \u00e0 vista, o fedor, o lixo, a apar\u00eancia da cidade para aquelas bandas.\u00a0 Uma cidade que dormiu um sono sem fim.\u00a0 Um sonho de passado com cores fostes de esquecimento.<\/p>\n<p>Cada vez mais os dias se aproximam da madrugada de outro dia.<\/p>\n<p>Disseram-me os vizinhos de Z\u00e9 Curica que, sempre que ele podia, dormia com uma das mulheres que moravam com ele e Karla no pr\u00e9dio do velho Alves.\u00a0 Vizinhos mais mexeriqueiros disseram que &#8220;de vez em quando ele errava de cama e dormia com Karla&#8221;.<\/p>\n<p>Havia um caso entre Zuleide, Curica e Karla.\u00a0 Confirmavam as discuss\u00f5es, taponas, pontap\u00e9s de todos os lados, pux\u00f5es de cabelos e arranh\u00f5es.<\/p>\n<p>Zuleide estava gr\u00e1vida de Z\u00e9 Curica, e Karla, com ci\u00fame, colocou Racumin no prato dela. Depois, com ajuda das cordas da rede de Z\u00e9 Curica, a bicha louca se enforcara no mirante do sobrado.<\/p>\n<p>Um assassinato calado com suic\u00eddio.<\/p>\n<p>Naquela noite, Curica tinha mais motivo para beber e se divertir que nunca.<\/p>\n<p>Rolando foi rolando. Arrasado, b\u00eabado, come\u00e7ou a cambalear no abrigo da Pra\u00e7a Jo\u00e3o Lisboa e s\u00f3 parou de rolar na porta do pr\u00e9dio onde funciona a Secretaria de Planejamento, na Rua Jo\u00e3o Gualberto. Isso aconteceu na madrugada de outro dia.<\/p>\n<p>Ainda h\u00e1 pouco descobri que Z\u00e9 Curica \u00e9 o apelido usado para quem tem as pontas dos p\u00e9s voltados para dentro. E mais, que o apelido de Rolando era Z\u00e9 Curica, n\u00e3o porque ele tivesse esse defeito f\u00edsico, mas porque nunca pode comprar um \u201cpapagaio\u201d de Zez\u00e9 Caveira* e usava papel de jornal para preparar suas \u201ccuricas\u201d.\u00a0<\/p>\n<p>* ZBM &#8211; Zona do baixo meretr\u00edcio<\/p>\n<p>* Zez\u00e9 Caveira \u2013 Maior confeccionador de pipas e papagaios de S\u00e3o Luis<\/p>\n","protected":false},"excerpt":{"rendered":"<p>Dando continuidade ao texto \u201cUm Peda\u00e7o de Ponte\u201d leia a seguir:\u00a0 A \u00faltima rolada de Rolando ou \u00faltimo v\u00f4o de [&hellip;]<\/p>\n","protected":false},"author":7,"featured_media":0,"comment_status":"open","ping_status":"open","sticky":false,"template":"","format":"standard","meta":{"site-sidebar-layout":"default","site-content-layout":"","ast-site-content-layout":"default","site-content-style":"default","site-sidebar-style":"default","ast-global-header-display":"","ast-banner-title-visibility":"","ast-main-header-display":"","ast-hfb-above-header-display":"","ast-hfb-below-header-display":"","ast-hfb-mobile-header-display":"","site-post-title":"","ast-breadcrumbs-content":"","ast-featured-img":"","footer-sml-layout":"","ast-disable-related-posts":"","theme-transparent-header-meta":"","adv-header-id-meta":"","stick-header-meta":"","header-above-stick-meta":"","header-main-stick-meta":"","header-below-stick-meta":"","astra-migrate-meta-layouts":"default","ast-page-background-enabled":"default","ast-page-background-meta":{"desktop":{"background-color":"var(--ast-global-color-5)","background-image":"","background-repeat":"repeat","background-position":"center center","background-size":"auto","background-attachment":"scroll","background-type":"","background-media":"","overlay-type":"","overlay-color":"","overlay-opacity":"","overlay-gradient":""},"tablet":{"background-color":"","background-image":"","background-repeat":"repeat","background-position":"center center","background-size":"auto","background-attachment":"scroll","background-type":"","background-media":"","overlay-type":"","overlay-color":"","overlay-opacity":"","overlay-gradient":""},"mobile":{"background-color":"","background-image":"","background-repeat":"repeat","background-position":"center center","background-size":"auto","background-attachment":"scroll","background-type":"","background-media":"","overlay-type":"","overlay-color":"","overlay-opacity":"","overlay-gradient":""}},"ast-content-background-meta":{"desktop":{"background-color":"var(--ast-global-color-4)","background-image":"","background-repeat":"repeat","background-position":"center center","background-size":"auto","background-attachment":"scroll","background-type":"","background-media":"","overlay-type":"","overlay-color":"","overlay-opacity":"","overlay-gradient":""},"tablet":{"background-color":"var(--ast-global-color-4)","background-image":"","background-repeat":"repeat","background-position":"center center","background-size":"auto","background-attachment":"scroll","background-type":"","background-media":"","overlay-type":"","overlay-color":"","overlay-opacity":"","overlay-gradient":""},"mobile":{"background-color":"var(--ast-global-color-4)","background-image":"","background-repeat":"repeat","background-position":"center center","background-size":"auto","background-attachment":"scroll","background-type":"","background-media":"","overlay-type":"","overlay-color":"","overlay-opacity":"","overlay-gradient":""}},"footnotes":""},"categories":[3],"tags":[],"class_list":["post-435","post","type-post","status-publish","format-standard","hentry","category-geral"],"yoast_head":"<!-- This site is optimized with the Yoast SEO plugin v26.6 - https:\/\/yoast.com\/wordpress\/plugins\/seo\/ -->\n<title>Um Peda\u00e7o de Ponte \u2013 Parte V - Joaquim Haickel<\/title>\n<meta name=\"robots\" content=\"index, follow, max-snippet:-1, max-image-preview:large, max-video-preview:-1\" \/>\n<link rel=\"canonical\" href=\"https:\/\/www.blogsoestado.com\/joaquimhaickel\/2009\/08\/16\/um-pedaco-de-ponte-parte-v\/\" \/>\n<meta property=\"og:locale\" content=\"pt_BR\" \/>\n<meta property=\"og:type\" content=\"article\" \/>\n<meta property=\"og:title\" content=\"Um Peda\u00e7o de Ponte \u2013 Parte V - Joaquim Haickel\" \/>\n<meta property=\"og:description\" content=\"Dando continuidade ao texto \u201cUm Peda\u00e7o de Ponte\u201d leia a seguir:\u00a0 A \u00faltima rolada de Rolando ou \u00faltimo v\u00f4o de [&hellip;]\" \/>\n<meta property=\"og:url\" content=\"https:\/\/www.blogsoestado.com\/joaquimhaickel\/2009\/08\/16\/um-pedaco-de-ponte-parte-v\/\" \/>\n<meta property=\"og:site_name\" content=\"Joaquim Haickel\" \/>\n<meta property=\"article:published_time\" content=\"2009-08-16T21:59:22+00:00\" \/>\n<meta name=\"author\" content=\"Joaquim Haickel\" \/>\n<meta name=\"twitter:card\" content=\"summary_large_image\" \/>\n<meta name=\"twitter:label1\" content=\"Escrito por\" \/>\n\t<meta name=\"twitter:data1\" content=\"Joaquim Haickel\" \/>\n\t<meta name=\"twitter:label2\" content=\"Est. tempo de leitura\" \/>\n\t<meta name=\"twitter:data2\" content=\"4 minutos\" \/>\n<script type=\"application\/ld+json\" class=\"yoast-schema-graph\">{\"@context\":\"https:\/\/schema.org\",\"@graph\":[{\"@type\":\"WebPage\",\"@id\":\"https:\/\/www.blogsoestado.com\/joaquimhaickel\/2009\/08\/16\/um-pedaco-de-ponte-parte-v\/\",\"url\":\"https:\/\/www.blogsoestado.com\/joaquimhaickel\/2009\/08\/16\/um-pedaco-de-ponte-parte-v\/\",\"name\":\"Um Peda\u00e7o de Ponte \u2013 Parte V - Joaquim Haickel\",\"isPartOf\":{\"@id\":\"https:\/\/www.blogsoestado.com\/joaquimhaickel\/#website\"},\"datePublished\":\"2009-08-16T21:59:22+00:00\",\"author\":{\"@id\":\"https:\/\/www.blogsoestado.com\/joaquimhaickel\/#\/schema\/person\/4a711644aff28245c6c2c3452d66d325\"},\"breadcrumb\":{\"@id\":\"https:\/\/www.blogsoestado.com\/joaquimhaickel\/2009\/08\/16\/um-pedaco-de-ponte-parte-v\/#breadcrumb\"},\"inLanguage\":\"pt-BR\",\"potentialAction\":[{\"@type\":\"ReadAction\",\"target\":[\"https:\/\/www.blogsoestado.com\/joaquimhaickel\/2009\/08\/16\/um-pedaco-de-ponte-parte-v\/\"]}]},{\"@type\":\"BreadcrumbList\",\"@id\":\"https:\/\/www.blogsoestado.com\/joaquimhaickel\/2009\/08\/16\/um-pedaco-de-ponte-parte-v\/#breadcrumb\",\"itemListElement\":[{\"@type\":\"ListItem\",\"position\":1,\"name\":\"In\u00edcio\",\"item\":\"https:\/\/www.blogsoestado.com\/joaquimhaickel\/\"},{\"@type\":\"ListItem\",\"position\":2,\"name\":\"Um Peda\u00e7o de Ponte \u2013 Parte V\"}]},{\"@type\":\"WebSite\",\"@id\":\"https:\/\/www.blogsoestado.com\/joaquimhaickel\/#website\",\"url\":\"https:\/\/www.blogsoestado.com\/joaquimhaickel\/\",\"name\":\"Joaquim Haickel\",\"description\":\"\",\"potentialAction\":[{\"@type\":\"SearchAction\",\"target\":{\"@type\":\"EntryPoint\",\"urlTemplate\":\"https:\/\/www.blogsoestado.com\/joaquimhaickel\/?s={search_term_string}\"},\"query-input\":{\"@type\":\"PropertyValueSpecification\",\"valueRequired\":true,\"valueName\":\"search_term_string\"}}],\"inLanguage\":\"pt-BR\"},{\"@type\":\"Person\",\"@id\":\"https:\/\/www.blogsoestado.com\/joaquimhaickel\/#\/schema\/person\/4a711644aff28245c6c2c3452d66d325\",\"name\":\"Joaquim Haickel\",\"image\":{\"@type\":\"ImageObject\",\"inLanguage\":\"pt-BR\",\"@id\":\"https:\/\/www.blogsoestado.com\/joaquimhaickel\/#\/schema\/person\/image\/\",\"url\":\"https:\/\/secure.gravatar.com\/avatar\/473d89339b9f8ec089adb8d5778363eb5a2ba2319956bcf0298bfd8cca04684a?s=96&d=mm&r=g\",\"contentUrl\":\"https:\/\/secure.gravatar.com\/avatar\/473d89339b9f8ec089adb8d5778363eb5a2ba2319956bcf0298bfd8cca04684a?s=96&d=mm&r=g\",\"caption\":\"Joaquim Haickel\"},\"url\":\"https:\/\/www.blogsoestado.com\/joaquimhaickel\/author\/joaquimhaickel\/\"}]}<\/script>\n<!-- \/ Yoast SEO plugin. -->","yoast_head_json":{"title":"Um Peda\u00e7o de Ponte \u2013 Parte V - Joaquim Haickel","robots":{"index":"index","follow":"follow","max-snippet":"max-snippet:-1","max-image-preview":"max-image-preview:large","max-video-preview":"max-video-preview:-1"},"canonical":"https:\/\/www.blogsoestado.com\/joaquimhaickel\/2009\/08\/16\/um-pedaco-de-ponte-parte-v\/","og_locale":"pt_BR","og_type":"article","og_title":"Um Peda\u00e7o de Ponte \u2013 Parte V - Joaquim Haickel","og_description":"Dando continuidade ao texto \u201cUm Peda\u00e7o de Ponte\u201d leia a seguir:\u00a0 A \u00faltima rolada de Rolando ou \u00faltimo v\u00f4o de [&hellip;]","og_url":"https:\/\/www.blogsoestado.com\/joaquimhaickel\/2009\/08\/16\/um-pedaco-de-ponte-parte-v\/","og_site_name":"Joaquim Haickel","article_published_time":"2009-08-16T21:59:22+00:00","author":"Joaquim Haickel","twitter_card":"summary_large_image","twitter_misc":{"Escrito por":"Joaquim Haickel","Est. tempo de leitura":"4 minutos"},"schema":{"@context":"https:\/\/schema.org","@graph":[{"@type":"WebPage","@id":"https:\/\/www.blogsoestado.com\/joaquimhaickel\/2009\/08\/16\/um-pedaco-de-ponte-parte-v\/","url":"https:\/\/www.blogsoestado.com\/joaquimhaickel\/2009\/08\/16\/um-pedaco-de-ponte-parte-v\/","name":"Um Peda\u00e7o de Ponte \u2013 Parte V - Joaquim Haickel","isPartOf":{"@id":"https:\/\/www.blogsoestado.com\/joaquimhaickel\/#website"},"datePublished":"2009-08-16T21:59:22+00:00","author":{"@id":"https:\/\/www.blogsoestado.com\/joaquimhaickel\/#\/schema\/person\/4a711644aff28245c6c2c3452d66d325"},"breadcrumb":{"@id":"https:\/\/www.blogsoestado.com\/joaquimhaickel\/2009\/08\/16\/um-pedaco-de-ponte-parte-v\/#breadcrumb"},"inLanguage":"pt-BR","potentialAction":[{"@type":"ReadAction","target":["https:\/\/www.blogsoestado.com\/joaquimhaickel\/2009\/08\/16\/um-pedaco-de-ponte-parte-v\/"]}]},{"@type":"BreadcrumbList","@id":"https:\/\/www.blogsoestado.com\/joaquimhaickel\/2009\/08\/16\/um-pedaco-de-ponte-parte-v\/#breadcrumb","itemListElement":[{"@type":"ListItem","position":1,"name":"In\u00edcio","item":"https:\/\/www.blogsoestado.com\/joaquimhaickel\/"},{"@type":"ListItem","position":2,"name":"Um Peda\u00e7o de Ponte \u2013 Parte V"}]},{"@type":"WebSite","@id":"https:\/\/www.blogsoestado.com\/joaquimhaickel\/#website","url":"https:\/\/www.blogsoestado.com\/joaquimhaickel\/","name":"Joaquim Haickel","description":"","potentialAction":[{"@type":"SearchAction","target":{"@type":"EntryPoint","urlTemplate":"https:\/\/www.blogsoestado.com\/joaquimhaickel\/?s={search_term_string}"},"query-input":{"@type":"PropertyValueSpecification","valueRequired":true,"valueName":"search_term_string"}}],"inLanguage":"pt-BR"},{"@type":"Person","@id":"https:\/\/www.blogsoestado.com\/joaquimhaickel\/#\/schema\/person\/4a711644aff28245c6c2c3452d66d325","name":"Joaquim Haickel","image":{"@type":"ImageObject","inLanguage":"pt-BR","@id":"https:\/\/www.blogsoestado.com\/joaquimhaickel\/#\/schema\/person\/image\/","url":"https:\/\/secure.gravatar.com\/avatar\/473d89339b9f8ec089adb8d5778363eb5a2ba2319956bcf0298bfd8cca04684a?s=96&d=mm&r=g","contentUrl":"https:\/\/secure.gravatar.com\/avatar\/473d89339b9f8ec089adb8d5778363eb5a2ba2319956bcf0298bfd8cca04684a?s=96&d=mm&r=g","caption":"Joaquim Haickel"},"url":"https:\/\/www.blogsoestado.com\/joaquimhaickel\/author\/joaquimhaickel\/"}]}},"jetpack_featured_media_url":"","_links":{"self":[{"href":"https:\/\/www.blogsoestado.com\/joaquimhaickel\/wp-json\/wp\/v2\/posts\/435","targetHints":{"allow":["GET"]}}],"collection":[{"href":"https:\/\/www.blogsoestado.com\/joaquimhaickel\/wp-json\/wp\/v2\/posts"}],"about":[{"href":"https:\/\/www.blogsoestado.com\/joaquimhaickel\/wp-json\/wp\/v2\/types\/post"}],"author":[{"embeddable":true,"href":"https:\/\/www.blogsoestado.com\/joaquimhaickel\/wp-json\/wp\/v2\/users\/7"}],"replies":[{"embeddable":true,"href":"https:\/\/www.blogsoestado.com\/joaquimhaickel\/wp-json\/wp\/v2\/comments?post=435"}],"version-history":[{"count":0,"href":"https:\/\/www.blogsoestado.com\/joaquimhaickel\/wp-json\/wp\/v2\/posts\/435\/revisions"}],"wp:attachment":[{"href":"https:\/\/www.blogsoestado.com\/joaquimhaickel\/wp-json\/wp\/v2\/media?parent=435"}],"wp:term":[{"taxonomy":"category","embeddable":true,"href":"https:\/\/www.blogsoestado.com\/joaquimhaickel\/wp-json\/wp\/v2\/categories?post=435"},{"taxonomy":"post_tag","embeddable":true,"href":"https:\/\/www.blogsoestado.com\/joaquimhaickel\/wp-json\/wp\/v2\/tags?post=435"}],"curies":[{"name":"wp","href":"https:\/\/api.w.org\/{rel}","templated":true}]}}