{"id":436,"date":"2009-08-19T10:00:28","date_gmt":"2009-08-19T13:00:28","guid":{"rendered":"https:\/\/www.blogsoestado.com\/joaquimhaickel\/2009\/08\/19\/imagens-do-lodacal\/"},"modified":"2009-08-19T10:00:28","modified_gmt":"2009-08-19T13:00:28","slug":"imagens-do-lodacal","status":"publish","type":"post","link":"https:\/\/www.blogsoestado.com\/joaquimhaickel\/2009\/08\/19\/imagens-do-lodacal\/","title":{"rendered":"Imagens do loda\u00e7al"},"content":{"rendered":"<p><strong>Recebi o texto abaixo, o li e por instantes fiquei at\u00f4nito. As palavras quando bem colocadas tem uma for\u00e7a t\u00e3o grande que nos faz ir com elas. Se usadas da forma correta o maestro das palavras pode nos fazer dan\u00e7ar ao som de sua sinfonia, nos fazer concordar ou discordar dele se for o caso, pode fazer conosco como faz o t\u00edtere com seus fantoches.<\/p>\n<p>Leia o texto que me foi enviado e mais abaixo leia a continua\u00e7\u00e3o desse texto feita por mim, na tentativa de trazer voc\u00ea de volta da viagem que o jornalista Cl\u00f3vis Rossi nos proporciona com esse seu texto inteligente, mas caolho, faccioso, sect\u00e1rio, manique\u00edsta. <\/strong><\/p>\n<p>Primeira imagem: Luiz In\u00e1cio Lula da Silva abra\u00e7a Fernando Collor de Mello.<br \/>\nAjuda-mem\u00f3ria: Fernando Collor de Mello vem a ser aquele cidad\u00e3o que, al\u00e9m de ter sido o \u00fanico presidente afastado do cargo por falta de decoro em um pa\u00eds em que o decoro \u00e9 artigo rar\u00edssimo, pagou a uma mulher para dizer na televis\u00e3o que seu advers\u00e1rio (justamente Lula, naquele momento) quis obrig\u00e1-la a abortar da filha que ambos tiveram (Lurian).<br \/>\nEsse tipo de atitude \u00e9 t\u00e3o indecente, indecorosa, delinquencial que desqualifica qualquer pessoa para a vida p\u00fablica (a rigor, tamb\u00e9m para a vida privada).<br \/>\nN\u00e3o \u00e9, portanto, pass\u00edvel de perd\u00e3o. Lula at\u00e9 poderia aceitar o apoio de Collor para fazer parte da maioria governista. Aceitou o apoio de tantos outros desqualificados que, um a mais, um a menos, nem se notaria.<br \/>\nDa\u00ed, no entanto, a abra\u00e7\u00e1-lo publicamente e a elogi\u00e1-lo vai uma dist\u00e2ncia que, percorrida, desqualifica tamb\u00e9m a v\u00edtima de antes.<\/p>\n<p>Segunda imagem, a de ontem: Fernando Collor de Mello cumprimenta Jos\u00e9 Sarney.<br \/>\nAjuda-mem\u00f3ria: Fernando Collor de Mello vem a ser aquele cidad\u00e3o que com maior virul\u00eancia atacou o governo Sarney, a ponto de cham\u00e1-lo de ladr\u00e3o, pelo que jamais pediu desculpas.<br \/>\nSarney nunca escondeu o profundo rancor que sentia pelo seu desafeto, que, ali\u00e1s, s\u00f3 se elegeu porque era o mais vociferante cr\u00edtico de um presidente que batia recordes de impopularidade.<br \/>\nAo abra\u00e7ar Collor e aceit\u00e1-lo na sua tropa de choque, Sarney implicitamente d\u00e1 atestado de validade aos ataques do Collor de 1989 e, por extens\u00e3o, junta-se a ele na lama.<br \/>\nQue Collor, o indecoroso com condena\u00e7\u00e3o tramitada em julgado, ressurja com os mesmos tiques e indec\u00eancias de antes comp\u00f5e \u00e0 perfei\u00e7\u00e3o o loda\u00e7al putrefato que \u00e9 a pol\u00edtica brasileira.<\/p>\n<p>Estaria tudo certo se algumas imagens antes n\u00f3s n\u00e3o tiv\u00e9ssemos visto Luis Carlos Prestes fazendo acordo com Get\u00falio Vargas.<br \/>\nAjuda-mem\u00f3ria: Olga Ben\u00e1rio, judia, comunista, mulher de Prestes, gr\u00e1vida de sua \u00fanica filha, Anita Leoc\u00e1dia, havia sido deportada para a Alemanha Nazista pelo governo Vargas (Felinto Muller) h\u00e1 menos de dois anos. Em 1946, mesmo assim o nosso mais expressivo l\u00edder comunista, celebra um grande acordo pol\u00edtico do qual sai eleito o senador mais votado do pa\u00eds naquelas elei\u00e7\u00f5es. Imagine s\u00f3 que asco, que nojo&#8230;<\/p>\n<p>Na verdade nunca senti nem asco nem nojo deste caso. Desde cedo entendi que existem pre\u00e7os que temos que pagar para alcan\u00e7armos os objetivos que almejamos. Luis Carlos Prestes foi meu primeiro professor de pragmatismo mesmo que nem tanto dial\u00e9tico, coisa que nada tem a haver com esse maquiavelismo torto que existe por a\u00ed.<br \/>\nExistem meios e fins e acreditem, eles n\u00e3o se misturam jamais meu camarada.<\/p>\n","protected":false},"excerpt":{"rendered":"<p>Recebi o texto abaixo, o li e por instantes fiquei at\u00f4nito. As palavras quando bem colocadas tem uma for\u00e7a t\u00e3o [&hellip;]<\/p>\n","protected":false},"author":7,"featured_media":0,"comment_status":"open","ping_status":"open","sticky":false,"template":"","format":"standard","meta":{"site-sidebar-layout":"default","site-content-layout":"","ast-site-content-layout":"default","site-content-style":"default","site-sidebar-style":"default","ast-global-header-display":"","ast-banner-title-visibility":"","ast-main-header-display":"","ast-hfb-above-header-display":"","ast-hfb-below-header-display":"","ast-hfb-mobile-header-display":"","site-post-title":"","ast-breadcrumbs-content":"","ast-featured-img":"","footer-sml-layout":"","ast-disable-related-posts":"","theme-transparent-header-meta":"","adv-header-id-meta":"","stick-header-meta":"","header-above-stick-meta":"","header-main-stick-meta":"","header-below-stick-meta":"","astra-migrate-meta-layouts":"default","ast-page-background-enabled":"default","ast-page-background-meta":{"desktop":{"background-color":"var(--ast-global-color-5)","background-image":"","background-repeat":"repeat","background-position":"center center","background-size":"auto","background-attachment":"scroll","background-type":"","background-media":"","overlay-type":"","overlay-color":"","overlay-opacity":"","overlay-gradient":""},"tablet":{"background-color":"","background-image":"","background-repeat":"repeat","background-position":"center center","background-size":"auto","background-attachment":"scroll","background-type":"","background-media":"","overlay-type":"","overlay-color":"","overlay-opacity":"","overlay-gradient":""},"mobile":{"background-color":"","background-image":"","background-repeat":"repeat","background-position":"center center","background-size":"auto","background-attachment":"scroll","background-type":"","background-media":"","overlay-type":"","overlay-color":"","overlay-opacity":"","overlay-gradient":""}},"ast-content-background-meta":{"desktop":{"background-color":"var(--ast-global-color-4)","background-image":"","background-repeat":"repeat","background-position":"center center","background-size":"auto","background-attachment":"scroll","background-type":"","background-media":"","overlay-type":"","overlay-color":"","overlay-opacity":"","overlay-gradient":""},"tablet":{"background-color":"var(--ast-global-color-4)","background-image":"","background-repeat":"repeat","background-position":"center center","background-size":"auto","background-attachment":"scroll","background-type":"","background-media":"","overlay-type":"","overlay-color":"","overlay-opacity":"","overlay-gradient":""},"mobile":{"background-color":"var(--ast-global-color-4)","background-image":"","background-repeat":"repeat","background-position":"center center","background-size":"auto","background-attachment":"scroll","background-type":"","background-media":"","overlay-type":"","overlay-color":"","overlay-opacity":"","overlay-gradient":""}},"footnotes":""},"categories":[3],"tags":[],"class_list":["post-436","post","type-post","status-publish","format-standard","hentry","category-geral"],"yoast_head":"<!-- This site is optimized with the Yoast SEO plugin v26.6 - https:\/\/yoast.com\/wordpress\/plugins\/seo\/ -->\n<title>Imagens do loda\u00e7al - Joaquim Haickel<\/title>\n<meta name=\"robots\" content=\"index, follow, max-snippet:-1, max-image-preview:large, max-video-preview:-1\" \/>\n<link rel=\"canonical\" href=\"https:\/\/www.blogsoestado.com\/joaquimhaickel\/2009\/08\/19\/imagens-do-lodacal\/\" \/>\n<meta property=\"og:locale\" content=\"pt_BR\" \/>\n<meta property=\"og:type\" content=\"article\" \/>\n<meta property=\"og:title\" content=\"Imagens do loda\u00e7al - Joaquim Haickel\" \/>\n<meta property=\"og:description\" content=\"Recebi o texto abaixo, o li e por instantes fiquei at\u00f4nito. As palavras quando bem colocadas tem uma for\u00e7a t\u00e3o [&hellip;]\" \/>\n<meta property=\"og:url\" content=\"https:\/\/www.blogsoestado.com\/joaquimhaickel\/2009\/08\/19\/imagens-do-lodacal\/\" \/>\n<meta property=\"og:site_name\" content=\"Joaquim Haickel\" \/>\n<meta property=\"article:published_time\" content=\"2009-08-19T13:00:28+00:00\" \/>\n<meta name=\"author\" content=\"Joaquim Haickel\" \/>\n<meta name=\"twitter:card\" content=\"summary_large_image\" \/>\n<meta name=\"twitter:label1\" content=\"Escrito por\" \/>\n\t<meta name=\"twitter:data1\" content=\"Joaquim Haickel\" \/>\n\t<meta name=\"twitter:label2\" content=\"Est. tempo de leitura\" \/>\n\t<meta name=\"twitter:data2\" content=\"3 minutos\" \/>\n<script type=\"application\/ld+json\" class=\"yoast-schema-graph\">{\"@context\":\"https:\/\/schema.org\",\"@graph\":[{\"@type\":\"WebPage\",\"@id\":\"https:\/\/www.blogsoestado.com\/joaquimhaickel\/2009\/08\/19\/imagens-do-lodacal\/\",\"url\":\"https:\/\/www.blogsoestado.com\/joaquimhaickel\/2009\/08\/19\/imagens-do-lodacal\/\",\"name\":\"Imagens do loda\u00e7al - Joaquim Haickel\",\"isPartOf\":{\"@id\":\"https:\/\/www.blogsoestado.com\/joaquimhaickel\/#website\"},\"datePublished\":\"2009-08-19T13:00:28+00:00\",\"author\":{\"@id\":\"https:\/\/www.blogsoestado.com\/joaquimhaickel\/#\/schema\/person\/4a711644aff28245c6c2c3452d66d325\"},\"breadcrumb\":{\"@id\":\"https:\/\/www.blogsoestado.com\/joaquimhaickel\/2009\/08\/19\/imagens-do-lodacal\/#breadcrumb\"},\"inLanguage\":\"pt-BR\",\"potentialAction\":[{\"@type\":\"ReadAction\",\"target\":[\"https:\/\/www.blogsoestado.com\/joaquimhaickel\/2009\/08\/19\/imagens-do-lodacal\/\"]}]},{\"@type\":\"BreadcrumbList\",\"@id\":\"https:\/\/www.blogsoestado.com\/joaquimhaickel\/2009\/08\/19\/imagens-do-lodacal\/#breadcrumb\",\"itemListElement\":[{\"@type\":\"ListItem\",\"position\":1,\"name\":\"In\u00edcio\",\"item\":\"https:\/\/www.blogsoestado.com\/joaquimhaickel\/\"},{\"@type\":\"ListItem\",\"position\":2,\"name\":\"Imagens do loda\u00e7al\"}]},{\"@type\":\"WebSite\",\"@id\":\"https:\/\/www.blogsoestado.com\/joaquimhaickel\/#website\",\"url\":\"https:\/\/www.blogsoestado.com\/joaquimhaickel\/\",\"name\":\"Joaquim Haickel\",\"description\":\"\",\"potentialAction\":[{\"@type\":\"SearchAction\",\"target\":{\"@type\":\"EntryPoint\",\"urlTemplate\":\"https:\/\/www.blogsoestado.com\/joaquimhaickel\/?s={search_term_string}\"},\"query-input\":{\"@type\":\"PropertyValueSpecification\",\"valueRequired\":true,\"valueName\":\"search_term_string\"}}],\"inLanguage\":\"pt-BR\"},{\"@type\":\"Person\",\"@id\":\"https:\/\/www.blogsoestado.com\/joaquimhaickel\/#\/schema\/person\/4a711644aff28245c6c2c3452d66d325\",\"name\":\"Joaquim Haickel\",\"image\":{\"@type\":\"ImageObject\",\"inLanguage\":\"pt-BR\",\"@id\":\"https:\/\/www.blogsoestado.com\/joaquimhaickel\/#\/schema\/person\/image\/\",\"url\":\"https:\/\/secure.gravatar.com\/avatar\/473d89339b9f8ec089adb8d5778363eb5a2ba2319956bcf0298bfd8cca04684a?s=96&d=mm&r=g\",\"contentUrl\":\"https:\/\/secure.gravatar.com\/avatar\/473d89339b9f8ec089adb8d5778363eb5a2ba2319956bcf0298bfd8cca04684a?s=96&d=mm&r=g\",\"caption\":\"Joaquim Haickel\"},\"url\":\"https:\/\/www.blogsoestado.com\/joaquimhaickel\/author\/joaquimhaickel\/\"}]}<\/script>\n<!-- \/ Yoast SEO plugin. -->","yoast_head_json":{"title":"Imagens do loda\u00e7al - Joaquim Haickel","robots":{"index":"index","follow":"follow","max-snippet":"max-snippet:-1","max-image-preview":"max-image-preview:large","max-video-preview":"max-video-preview:-1"},"canonical":"https:\/\/www.blogsoestado.com\/joaquimhaickel\/2009\/08\/19\/imagens-do-lodacal\/","og_locale":"pt_BR","og_type":"article","og_title":"Imagens do loda\u00e7al - Joaquim Haickel","og_description":"Recebi o texto abaixo, o li e por instantes fiquei at\u00f4nito. As palavras quando bem colocadas tem uma for\u00e7a t\u00e3o [&hellip;]","og_url":"https:\/\/www.blogsoestado.com\/joaquimhaickel\/2009\/08\/19\/imagens-do-lodacal\/","og_site_name":"Joaquim Haickel","article_published_time":"2009-08-19T13:00:28+00:00","author":"Joaquim Haickel","twitter_card":"summary_large_image","twitter_misc":{"Escrito por":"Joaquim Haickel","Est. tempo de leitura":"3 minutos"},"schema":{"@context":"https:\/\/schema.org","@graph":[{"@type":"WebPage","@id":"https:\/\/www.blogsoestado.com\/joaquimhaickel\/2009\/08\/19\/imagens-do-lodacal\/","url":"https:\/\/www.blogsoestado.com\/joaquimhaickel\/2009\/08\/19\/imagens-do-lodacal\/","name":"Imagens do loda\u00e7al - Joaquim Haickel","isPartOf":{"@id":"https:\/\/www.blogsoestado.com\/joaquimhaickel\/#website"},"datePublished":"2009-08-19T13:00:28+00:00","author":{"@id":"https:\/\/www.blogsoestado.com\/joaquimhaickel\/#\/schema\/person\/4a711644aff28245c6c2c3452d66d325"},"breadcrumb":{"@id":"https:\/\/www.blogsoestado.com\/joaquimhaickel\/2009\/08\/19\/imagens-do-lodacal\/#breadcrumb"},"inLanguage":"pt-BR","potentialAction":[{"@type":"ReadAction","target":["https:\/\/www.blogsoestado.com\/joaquimhaickel\/2009\/08\/19\/imagens-do-lodacal\/"]}]},{"@type":"BreadcrumbList","@id":"https:\/\/www.blogsoestado.com\/joaquimhaickel\/2009\/08\/19\/imagens-do-lodacal\/#breadcrumb","itemListElement":[{"@type":"ListItem","position":1,"name":"In\u00edcio","item":"https:\/\/www.blogsoestado.com\/joaquimhaickel\/"},{"@type":"ListItem","position":2,"name":"Imagens do loda\u00e7al"}]},{"@type":"WebSite","@id":"https:\/\/www.blogsoestado.com\/joaquimhaickel\/#website","url":"https:\/\/www.blogsoestado.com\/joaquimhaickel\/","name":"Joaquim Haickel","description":"","potentialAction":[{"@type":"SearchAction","target":{"@type":"EntryPoint","urlTemplate":"https:\/\/www.blogsoestado.com\/joaquimhaickel\/?s={search_term_string}"},"query-input":{"@type":"PropertyValueSpecification","valueRequired":true,"valueName":"search_term_string"}}],"inLanguage":"pt-BR"},{"@type":"Person","@id":"https:\/\/www.blogsoestado.com\/joaquimhaickel\/#\/schema\/person\/4a711644aff28245c6c2c3452d66d325","name":"Joaquim Haickel","image":{"@type":"ImageObject","inLanguage":"pt-BR","@id":"https:\/\/www.blogsoestado.com\/joaquimhaickel\/#\/schema\/person\/image\/","url":"https:\/\/secure.gravatar.com\/avatar\/473d89339b9f8ec089adb8d5778363eb5a2ba2319956bcf0298bfd8cca04684a?s=96&d=mm&r=g","contentUrl":"https:\/\/secure.gravatar.com\/avatar\/473d89339b9f8ec089adb8d5778363eb5a2ba2319956bcf0298bfd8cca04684a?s=96&d=mm&r=g","caption":"Joaquim Haickel"},"url":"https:\/\/www.blogsoestado.com\/joaquimhaickel\/author\/joaquimhaickel\/"}]}},"jetpack_featured_media_url":"","_links":{"self":[{"href":"https:\/\/www.blogsoestado.com\/joaquimhaickel\/wp-json\/wp\/v2\/posts\/436","targetHints":{"allow":["GET"]}}],"collection":[{"href":"https:\/\/www.blogsoestado.com\/joaquimhaickel\/wp-json\/wp\/v2\/posts"}],"about":[{"href":"https:\/\/www.blogsoestado.com\/joaquimhaickel\/wp-json\/wp\/v2\/types\/post"}],"author":[{"embeddable":true,"href":"https:\/\/www.blogsoestado.com\/joaquimhaickel\/wp-json\/wp\/v2\/users\/7"}],"replies":[{"embeddable":true,"href":"https:\/\/www.blogsoestado.com\/joaquimhaickel\/wp-json\/wp\/v2\/comments?post=436"}],"version-history":[{"count":0,"href":"https:\/\/www.blogsoestado.com\/joaquimhaickel\/wp-json\/wp\/v2\/posts\/436\/revisions"}],"wp:attachment":[{"href":"https:\/\/www.blogsoestado.com\/joaquimhaickel\/wp-json\/wp\/v2\/media?parent=436"}],"wp:term":[{"taxonomy":"category","embeddable":true,"href":"https:\/\/www.blogsoestado.com\/joaquimhaickel\/wp-json\/wp\/v2\/categories?post=436"},{"taxonomy":"post_tag","embeddable":true,"href":"https:\/\/www.blogsoestado.com\/joaquimhaickel\/wp-json\/wp\/v2\/tags?post=436"}],"curies":[{"name":"wp","href":"https:\/\/api.w.org\/{rel}","templated":true}]}}