{"id":437,"date":"2009-08-22T23:10:51","date_gmt":"2009-08-23T02:10:51","guid":{"rendered":"https:\/\/www.blogsoestado.com\/joaquimhaickel\/2009\/08\/22\/nunca-e-demais-repetir\/"},"modified":"2009-08-22T23:10:51","modified_gmt":"2009-08-23T02:10:51","slug":"nunca-e-demais-repetir","status":"publish","type":"post","link":"https:\/\/www.blogsoestado.com\/joaquimhaickel\/2009\/08\/22\/nunca-e-demais-repetir\/","title":{"rendered":"Nunca \u00e9 demais repetir&#8230;"},"content":{"rendered":"<p>Nos meses de mar\u00e7o e abril \u00faltimos, escrevi textos que foram bastante comentados em todas as esferas pol\u00edticas de nosso estado.<\/p>\n<p>Entre as coisas que escrevi anteriormente, as que me pareciam mais importantes eram justamente aquelas que diziam respeito \u00e0 forma de como dever\u00edamos encarar os imensos desafios que naquele momento t\u00ednhamos pela frente. Hoje, ainda acredito que se agirmos com efici\u00eancia e agilidade ainda possa haver tempo de fazermos algo para minorar alguns desses problemas, tanto os que herdamos das administra\u00e7\u00f5es passadas, que s\u00e3o muitos, quanto os que n\u00f3s mesmos criamos em t\u00e3o pouco tempo.<\/p>\n<p>Lembro de um discurso que pronunciei na Assembleia Legislativa, no qual fiz uma brincadeira com o nome do ex-governador. Disse que em que pesasse o fato de eu acreditar que o governador Jackson Lago fosse uma homem bem intencionado, seu governo antes de ser LAGO era na verdade um verdadeiro arquip\u00e9lago, composto por muitas ILHAS. Por\u00e7\u00f5es de poder cercado de interesses pol\u00edticos subalternos por todos os lados. Foi isso que acabou sendo o r\u00e1pido e desastroso governo do PDT e \u00e9 exatamente isso que poder\u00e1 se tornar o atual governo, um governo arquip\u00e9lago. Dever\u00edamos aprender com a hist\u00f3ria, principalmente com os exemplos, com os erros dos outros e jamais repeti-los.<\/p>\n<p>Um governo arquip\u00e9lago \u00e9 aquele em que cada secretaria ou \u00f3rg\u00e3o estadual \u00e9 uma ilha, algo estanque, separado de todo o resto, onde o secret\u00e1rio ou gestor \u00e9 o mandat\u00e1rio maior, onde ele, antes de operar a m\u00e1quina estatal, trata de seus interesses pol\u00edticos individuais. Onde para trabalhar l\u00e1, se precise ser de uma determinada igreja, ser filiado aquele partido, ter um certo sobrenome, ser proveniente de uma regi\u00e3o espec\u00edfica ou se comprometa a votar em um certo candidato.<\/p>\n<p>N\u00e3o sou louco ao ponto de imaginar que um pol\u00edtico n\u00e3o pense em sua elei\u00e7\u00e3o ou reelei\u00e7\u00e3o. Isso nunca! \u00c9 leg\u00edtimo que fa\u00e7am isso, mas que fa\u00e7am isso dentro de um crit\u00e9rio m\u00ednimo de compet\u00eancia, dec\u00eancia, \u00e9tica e comprometimento com as diretrizes de seu grupo.\u00a0\u00a0<\/p>\n<p>\u00c9 importante que se diga, at\u00e9 agora, a culpa de tudo isso que est\u00e1 acontecendo n\u00e3o \u00e9 de modo algum da governadora Roseana. Ela s\u00f3 ter\u00e1 alguma culpa se permitir que esse tipo de coisa continue acontecendo, e se isso persistir, ser\u00e1 o fim. N\u00e3o haver\u00e1 nenhuma diferen\u00e7a entre o nosso governo e os dois anteriores. Ser\u00e1 nesse momento que uma nova for\u00e7a pol\u00edtica se apresentar\u00e1 como salvadora do estado e a popula\u00e7\u00e3o descrente, optar\u00e1 pelo novo. Esse filme \u00e9 antigo, eu n\u00e3o o vi, mas o conhe\u00e7o.<\/p>\n<p>O atual governo teria que ser de reconstru\u00e7\u00e3o, de estabiliza\u00e7\u00e3o, de restabelecimento da ordem na administra\u00e7\u00e3o dos neg\u00f3cios de estado e do estado.<\/p>\n<p>N\u00f3s pol\u00edticos, principalmente os com mandato eletivo, ter\u00edamos sim que participar efetivamente da constru\u00e7\u00e3o desse novo cen\u00e1rio, mas dever\u00edamos antes de tudo termos consci\u00eancia do que fazer e de como faz\u00ea-lo.\u00a0<\/p>\n<p>Alertei para que ningu\u00e9m se jogasse numa busca fren\u00e9tica pela indica\u00e7\u00e3o de cargos no governo, pois para cada cargo haveria um perfil correspondente e esse deveria ser minimamente respeitado, pois n\u00e3o vivemos mais o tempo do jabuti trepado. N\u00e3o h\u00e1 mais espa\u00e7o para desculpa de enchente ou m\u00e3o de gente. Ao contr\u00e1rio disso confundimos coloca\u00e7\u00f5es pol\u00edticas estrat\u00e9gicas com concess\u00e3o de empregos a pol\u00edticos. Existem pessoas no governo que simplesmente ocupam um cargo mas n\u00e3o produzem nada, nem administrativa nem politicamente. Algumas dessas pessoas precisam ser colocadas para trabalhar!? Tudo bem! Mas n\u00e3o necessariamente onde o foram, pois ali atrapalham mais que ajudam. Uma coisa \u00e9 o cargo, outra \u00e9 a fun\u00e7\u00e3o que ele representa.<\/p>\n<p>Quem por acaso faz parte da administra\u00e7\u00e3o direta e executiva do estado deveria ter a consci\u00eancia de que s\u00f3 lhe \u00e9 poss\u00edvel estar ali porque h\u00e1 uma estrutura pol\u00edtica que o sustentou, que o sustenta e o mant\u00e9m. Por sua vez, os pol\u00edticos, de todos os tamanhos e em todos os n\u00edveis, t\u00eam que ter consci\u00eancia de seu valor dentro dessa estrutura, mas seria bom que soubessem que esse valor n\u00e3o pode jamais colocar em risco a estabilidade administrativa do governo, nem a paz, a harmonia, a tranquilidade interna de nosso grupo pol\u00edtico.<\/p>\n<p>Disse que gostaria de ver v\u00e1rios de meus colegas pol\u00edticos, com ou sem mandato, participando do governo, mas ressaltei que queria que partisse em primeiro lugar deles e que ainda assim recebam orienta\u00e7\u00e3o expressa da Governadora Roseana Sarney, de que o cargo que viessem a ocupar n\u00e3o lhes pertenceria, mas sim ao povo do Maranh\u00e3o, do qual n\u00f3s somos temporariamente os procuradores. Que tivessem consci\u00eancia de que deveriam tratar os assuntos administrativos de maneira clara e reta, que os assuntos pol\u00edticos fossem prioridade, que tivessem prefer\u00eancia desde que n\u00e3o conflitassem com os administrativos, que estivessem de acordo com a legalidade, com a justi\u00e7a, com a coer\u00eancia, com o bom senso e principalmente com o interesse p\u00fablico.<\/p>\n<p>Finalizei dizendo que a montagem da base de apoio do governo seria uma obra delicada, que demandaria muita aten\u00e7\u00e3o, dedica\u00e7\u00e3o e cuidado. Que aqueles que sempre foram conosco teriam que ser tratados com toda defer\u00eancia e considera\u00e7\u00e3o. Quem quisesse vir apoiar que viesse, mas que ficasse claro que a contrapartida desse apoio jamais aconteceria \u00e0 custa do sacrif\u00edcio de quem sempre foi leal e companheiro. Isso tamb\u00e9m n\u00e3o tem sido observado. Velhos, grandes e leais amigos est\u00e3o se sentindo preteridos.<\/p>\n<p>Tudo isso foi escrito e dito por mim h\u00e1 mais de quatro meses atr\u00e1s, j\u00e1 prevendo o cen\u00e1rio de hoje. Exatamente porque acredito que o que disse anteriormente continua sendo verdade hoje, nunca \u00e9 demais repetir.<\/p>\n","protected":false},"excerpt":{"rendered":"<p>Nos meses de mar\u00e7o e abril \u00faltimos, escrevi textos que foram bastante comentados em todas as esferas pol\u00edticas de nosso [&hellip;]<\/p>\n","protected":false},"author":7,"featured_media":0,"comment_status":"open","ping_status":"open","sticky":false,"template":"","format":"standard","meta":{"site-sidebar-layout":"default","site-content-layout":"","ast-site-content-layout":"default","site-content-style":"default","site-sidebar-style":"default","ast-global-header-display":"","ast-banner-title-visibility":"","ast-main-header-display":"","ast-hfb-above-header-display":"","ast-hfb-below-header-display":"","ast-hfb-mobile-header-display":"","site-post-title":"","ast-breadcrumbs-content":"","ast-featured-img":"","footer-sml-layout":"","ast-disable-related-posts":"","theme-transparent-header-meta":"","adv-header-id-meta":"","stick-header-meta":"","header-above-stick-meta":"","header-main-stick-meta":"","header-below-stick-meta":"","astra-migrate-meta-layouts":"default","ast-page-background-enabled":"default","ast-page-background-meta":{"desktop":{"background-color":"var(--ast-global-color-5)","background-image":"","background-repeat":"repeat","background-position":"center center","background-size":"auto","background-attachment":"scroll","background-type":"","background-media":"","overlay-type":"","overlay-color":"","overlay-opacity":"","overlay-gradient":""},"tablet":{"background-color":"","background-image":"","background-repeat":"repeat","background-position":"center center","background-size":"auto","background-attachment":"scroll","background-type":"","background-media":"","overlay-type":"","overlay-color":"","overlay-opacity":"","overlay-gradient":""},"mobile":{"background-color":"","background-image":"","background-repeat":"repeat","background-position":"center center","background-size":"auto","background-attachment":"scroll","background-type":"","background-media":"","overlay-type":"","overlay-color":"","overlay-opacity":"","overlay-gradient":""}},"ast-content-background-meta":{"desktop":{"background-color":"var(--ast-global-color-4)","background-image":"","background-repeat":"repeat","background-position":"center center","background-size":"auto","background-attachment":"scroll","background-type":"","background-media":"","overlay-type":"","overlay-color":"","overlay-opacity":"","overlay-gradient":""},"tablet":{"background-color":"var(--ast-global-color-4)","background-image":"","background-repeat":"repeat","background-position":"center center","background-size":"auto","background-attachment":"scroll","background-type":"","background-media":"","overlay-type":"","overlay-color":"","overlay-opacity":"","overlay-gradient":""},"mobile":{"background-color":"var(--ast-global-color-4)","background-image":"","background-repeat":"repeat","background-position":"center center","background-size":"auto","background-attachment":"scroll","background-type":"","background-media":"","overlay-type":"","overlay-color":"","overlay-opacity":"","overlay-gradient":""}},"footnotes":""},"categories":[3],"tags":[],"class_list":["post-437","post","type-post","status-publish","format-standard","hentry","category-geral"],"yoast_head":"<!-- This site is optimized with the Yoast SEO plugin v26.6 - https:\/\/yoast.com\/wordpress\/plugins\/seo\/ -->\n<title>Nunca \u00e9 demais repetir... - Joaquim Haickel<\/title>\n<meta name=\"robots\" content=\"index, follow, max-snippet:-1, max-image-preview:large, max-video-preview:-1\" \/>\n<link rel=\"canonical\" href=\"https:\/\/www.blogsoestado.com\/joaquimhaickel\/2009\/08\/22\/nunca-e-demais-repetir\/\" \/>\n<meta property=\"og:locale\" content=\"pt_BR\" \/>\n<meta property=\"og:type\" content=\"article\" \/>\n<meta property=\"og:title\" content=\"Nunca \u00e9 demais repetir... - Joaquim Haickel\" \/>\n<meta property=\"og:description\" content=\"Nos meses de mar\u00e7o e abril \u00faltimos, escrevi textos que foram bastante comentados em todas as esferas pol\u00edticas de nosso [&hellip;]\" \/>\n<meta property=\"og:url\" content=\"https:\/\/www.blogsoestado.com\/joaquimhaickel\/2009\/08\/22\/nunca-e-demais-repetir\/\" \/>\n<meta property=\"og:site_name\" content=\"Joaquim Haickel\" \/>\n<meta property=\"article:published_time\" content=\"2009-08-23T02:10:51+00:00\" \/>\n<meta name=\"author\" content=\"Joaquim Haickel\" \/>\n<meta name=\"twitter:card\" content=\"summary_large_image\" \/>\n<meta name=\"twitter:label1\" content=\"Escrito por\" \/>\n\t<meta name=\"twitter:data1\" content=\"Joaquim Haickel\" \/>\n\t<meta name=\"twitter:label2\" content=\"Est. tempo de leitura\" \/>\n\t<meta name=\"twitter:data2\" content=\"5 minutos\" \/>\n<script type=\"application\/ld+json\" class=\"yoast-schema-graph\">{\"@context\":\"https:\/\/schema.org\",\"@graph\":[{\"@type\":\"WebPage\",\"@id\":\"https:\/\/www.blogsoestado.com\/joaquimhaickel\/2009\/08\/22\/nunca-e-demais-repetir\/\",\"url\":\"https:\/\/www.blogsoestado.com\/joaquimhaickel\/2009\/08\/22\/nunca-e-demais-repetir\/\",\"name\":\"Nunca \u00e9 demais repetir... - Joaquim Haickel\",\"isPartOf\":{\"@id\":\"https:\/\/www.blogsoestado.com\/joaquimhaickel\/#website\"},\"datePublished\":\"2009-08-23T02:10:51+00:00\",\"author\":{\"@id\":\"https:\/\/www.blogsoestado.com\/joaquimhaickel\/#\/schema\/person\/4a711644aff28245c6c2c3452d66d325\"},\"breadcrumb\":{\"@id\":\"https:\/\/www.blogsoestado.com\/joaquimhaickel\/2009\/08\/22\/nunca-e-demais-repetir\/#breadcrumb\"},\"inLanguage\":\"pt-BR\",\"potentialAction\":[{\"@type\":\"ReadAction\",\"target\":[\"https:\/\/www.blogsoestado.com\/joaquimhaickel\/2009\/08\/22\/nunca-e-demais-repetir\/\"]}]},{\"@type\":\"BreadcrumbList\",\"@id\":\"https:\/\/www.blogsoestado.com\/joaquimhaickel\/2009\/08\/22\/nunca-e-demais-repetir\/#breadcrumb\",\"itemListElement\":[{\"@type\":\"ListItem\",\"position\":1,\"name\":\"In\u00edcio\",\"item\":\"https:\/\/www.blogsoestado.com\/joaquimhaickel\/\"},{\"@type\":\"ListItem\",\"position\":2,\"name\":\"Nunca \u00e9 demais repetir&#8230;\"}]},{\"@type\":\"WebSite\",\"@id\":\"https:\/\/www.blogsoestado.com\/joaquimhaickel\/#website\",\"url\":\"https:\/\/www.blogsoestado.com\/joaquimhaickel\/\",\"name\":\"Joaquim Haickel\",\"description\":\"\",\"potentialAction\":[{\"@type\":\"SearchAction\",\"target\":{\"@type\":\"EntryPoint\",\"urlTemplate\":\"https:\/\/www.blogsoestado.com\/joaquimhaickel\/?s={search_term_string}\"},\"query-input\":{\"@type\":\"PropertyValueSpecification\",\"valueRequired\":true,\"valueName\":\"search_term_string\"}}],\"inLanguage\":\"pt-BR\"},{\"@type\":\"Person\",\"@id\":\"https:\/\/www.blogsoestado.com\/joaquimhaickel\/#\/schema\/person\/4a711644aff28245c6c2c3452d66d325\",\"name\":\"Joaquim Haickel\",\"image\":{\"@type\":\"ImageObject\",\"inLanguage\":\"pt-BR\",\"@id\":\"https:\/\/www.blogsoestado.com\/joaquimhaickel\/#\/schema\/person\/image\/\",\"url\":\"https:\/\/secure.gravatar.com\/avatar\/473d89339b9f8ec089adb8d5778363eb5a2ba2319956bcf0298bfd8cca04684a?s=96&d=mm&r=g\",\"contentUrl\":\"https:\/\/secure.gravatar.com\/avatar\/473d89339b9f8ec089adb8d5778363eb5a2ba2319956bcf0298bfd8cca04684a?s=96&d=mm&r=g\",\"caption\":\"Joaquim Haickel\"},\"url\":\"https:\/\/www.blogsoestado.com\/joaquimhaickel\/author\/joaquimhaickel\/\"}]}<\/script>\n<!-- \/ Yoast SEO plugin. -->","yoast_head_json":{"title":"Nunca \u00e9 demais repetir... - Joaquim Haickel","robots":{"index":"index","follow":"follow","max-snippet":"max-snippet:-1","max-image-preview":"max-image-preview:large","max-video-preview":"max-video-preview:-1"},"canonical":"https:\/\/www.blogsoestado.com\/joaquimhaickel\/2009\/08\/22\/nunca-e-demais-repetir\/","og_locale":"pt_BR","og_type":"article","og_title":"Nunca \u00e9 demais repetir... - Joaquim Haickel","og_description":"Nos meses de mar\u00e7o e abril \u00faltimos, escrevi textos que foram bastante comentados em todas as esferas pol\u00edticas de nosso [&hellip;]","og_url":"https:\/\/www.blogsoestado.com\/joaquimhaickel\/2009\/08\/22\/nunca-e-demais-repetir\/","og_site_name":"Joaquim Haickel","article_published_time":"2009-08-23T02:10:51+00:00","author":"Joaquim Haickel","twitter_card":"summary_large_image","twitter_misc":{"Escrito por":"Joaquim Haickel","Est. tempo de leitura":"5 minutos"},"schema":{"@context":"https:\/\/schema.org","@graph":[{"@type":"WebPage","@id":"https:\/\/www.blogsoestado.com\/joaquimhaickel\/2009\/08\/22\/nunca-e-demais-repetir\/","url":"https:\/\/www.blogsoestado.com\/joaquimhaickel\/2009\/08\/22\/nunca-e-demais-repetir\/","name":"Nunca \u00e9 demais repetir... - Joaquim Haickel","isPartOf":{"@id":"https:\/\/www.blogsoestado.com\/joaquimhaickel\/#website"},"datePublished":"2009-08-23T02:10:51+00:00","author":{"@id":"https:\/\/www.blogsoestado.com\/joaquimhaickel\/#\/schema\/person\/4a711644aff28245c6c2c3452d66d325"},"breadcrumb":{"@id":"https:\/\/www.blogsoestado.com\/joaquimhaickel\/2009\/08\/22\/nunca-e-demais-repetir\/#breadcrumb"},"inLanguage":"pt-BR","potentialAction":[{"@type":"ReadAction","target":["https:\/\/www.blogsoestado.com\/joaquimhaickel\/2009\/08\/22\/nunca-e-demais-repetir\/"]}]},{"@type":"BreadcrumbList","@id":"https:\/\/www.blogsoestado.com\/joaquimhaickel\/2009\/08\/22\/nunca-e-demais-repetir\/#breadcrumb","itemListElement":[{"@type":"ListItem","position":1,"name":"In\u00edcio","item":"https:\/\/www.blogsoestado.com\/joaquimhaickel\/"},{"@type":"ListItem","position":2,"name":"Nunca \u00e9 demais repetir&#8230;"}]},{"@type":"WebSite","@id":"https:\/\/www.blogsoestado.com\/joaquimhaickel\/#website","url":"https:\/\/www.blogsoestado.com\/joaquimhaickel\/","name":"Joaquim Haickel","description":"","potentialAction":[{"@type":"SearchAction","target":{"@type":"EntryPoint","urlTemplate":"https:\/\/www.blogsoestado.com\/joaquimhaickel\/?s={search_term_string}"},"query-input":{"@type":"PropertyValueSpecification","valueRequired":true,"valueName":"search_term_string"}}],"inLanguage":"pt-BR"},{"@type":"Person","@id":"https:\/\/www.blogsoestado.com\/joaquimhaickel\/#\/schema\/person\/4a711644aff28245c6c2c3452d66d325","name":"Joaquim Haickel","image":{"@type":"ImageObject","inLanguage":"pt-BR","@id":"https:\/\/www.blogsoestado.com\/joaquimhaickel\/#\/schema\/person\/image\/","url":"https:\/\/secure.gravatar.com\/avatar\/473d89339b9f8ec089adb8d5778363eb5a2ba2319956bcf0298bfd8cca04684a?s=96&d=mm&r=g","contentUrl":"https:\/\/secure.gravatar.com\/avatar\/473d89339b9f8ec089adb8d5778363eb5a2ba2319956bcf0298bfd8cca04684a?s=96&d=mm&r=g","caption":"Joaquim Haickel"},"url":"https:\/\/www.blogsoestado.com\/joaquimhaickel\/author\/joaquimhaickel\/"}]}},"jetpack_featured_media_url":"","_links":{"self":[{"href":"https:\/\/www.blogsoestado.com\/joaquimhaickel\/wp-json\/wp\/v2\/posts\/437","targetHints":{"allow":["GET"]}}],"collection":[{"href":"https:\/\/www.blogsoestado.com\/joaquimhaickel\/wp-json\/wp\/v2\/posts"}],"about":[{"href":"https:\/\/www.blogsoestado.com\/joaquimhaickel\/wp-json\/wp\/v2\/types\/post"}],"author":[{"embeddable":true,"href":"https:\/\/www.blogsoestado.com\/joaquimhaickel\/wp-json\/wp\/v2\/users\/7"}],"replies":[{"embeddable":true,"href":"https:\/\/www.blogsoestado.com\/joaquimhaickel\/wp-json\/wp\/v2\/comments?post=437"}],"version-history":[{"count":0,"href":"https:\/\/www.blogsoestado.com\/joaquimhaickel\/wp-json\/wp\/v2\/posts\/437\/revisions"}],"wp:attachment":[{"href":"https:\/\/www.blogsoestado.com\/joaquimhaickel\/wp-json\/wp\/v2\/media?parent=437"}],"wp:term":[{"taxonomy":"category","embeddable":true,"href":"https:\/\/www.blogsoestado.com\/joaquimhaickel\/wp-json\/wp\/v2\/categories?post=437"},{"taxonomy":"post_tag","embeddable":true,"href":"https:\/\/www.blogsoestado.com\/joaquimhaickel\/wp-json\/wp\/v2\/tags?post=437"}],"curies":[{"name":"wp","href":"https:\/\/api.w.org\/{rel}","templated":true}]}}