{"id":438,"date":"2009-08-26T15:01:50","date_gmt":"2009-08-26T18:01:50","guid":{"rendered":"https:\/\/www.blogsoestado.com\/joaquimhaickel\/2009\/08\/26\/um-pedaco-de-ponte-%e2%80%93-parte-vi\/"},"modified":"2009-08-26T15:01:50","modified_gmt":"2009-08-26T18:01:50","slug":"um-pedaco-de-ponte-parte-vi","status":"publish","type":"post","link":"https:\/\/www.blogsoestado.com\/joaquimhaickel\/2009\/08\/26\/um-pedaco-de-ponte-parte-vi\/","title":{"rendered":"Um Peda\u00e7o de Ponte \u2013 Parte VI"},"content":{"rendered":"<p>Dando continuidade ao texto \u201cUm Peda\u00e7o de Ponte\u201d leia a seguir:\u00a0<\/p>\n<p><strong>A Fil\u00f3 do Malaquias<\/strong><\/p>\n<p>Numa cidade de beira de estrada, perto de um posto rodovi\u00e1rio.\u00a0<\/p>\n<p>&#8211; Oi, seu Malaquias O senhor por aqui?\u00a0 Aconteceu alguma coisa?\u00a0 H\u00e1 algo que eu possa fazer pelo senhor?<\/p>\n<p>&#8211; \u00c9, seu Dot\u00f4 Delegado, eu vou-me-indo! Mas o problema \u00e9 cum a Felomena, eu acho qui a v\u00e9ia Felomena indoidou. Puxa, Dot\u00f4, o sinh\u00f4 precisava de ver cuma era a Fil\u00f3 quando nova. Dot\u00f4! A F\u00edl\u00f3 tinha os quadri mais bunito de todo o munic\u00edpio, e a pele de Fil\u00f3 era toda macia como seda.\u00a0 Adorava alisar, ela acariciava, acarinhava, e ela gostava, f\u00edcava toda tr\u00eamula, suas junta estalava toda.<\/p>\n<p>E os zo\u00edo, os zo\u00ed\u00f4 da F\u00edl\u00f3, ham! Dot\u00f4, os zo\u00ed\u00f4 da Fil\u00f3 eram grande com um negro todo especi\u00e1.\u00a0 Ela nunca foi trai\u00e7oeira, n\u00e3o.\u00a0 Nunca foi arisca.<\/p>\n<p>Dot\u00f4l Quando me alembro da l\u00edngua da Fil\u00f3, fico todo arrep\u00edadiiimmmm, ela gostava de passar a l\u00edngua no meu gurgumim traseiro, qui assim, na minha nuca.<\/p>\n<p>Eu num posso me esquec\u00ea do rebolado dela in ninhum instante.\u00a0 Ham! Aquele seu rebolado&#8230; Era como se cal\u00e7asse sand\u00e1l\u00eda alta e um vestido justo.\u00a0 Seu bailado era prefeito, ham!\u00a0 Meu Deus!!!<\/p>\n<p>&#8211; Mas o que aconteceu com Dona Filomena, seu Malaquias?<\/p>\n<p>&#8211; Ela tom\u00f4 dori, Dot\u00f4, sumiu que nem deix\u00f4 rastro.<\/p>\n<p>&#8211; Mas ela foi embora e n\u00e3o d\u00edsse nada?\u00a0 Co\u00edsa alguma?<\/p>\n<p>&#8211; \u00c9&#8230; uma coisa eu se\u00ed, Dot\u00f4, ela deu nos p\u00e9 onte, antes\u00a0 aquela chuvarada, pois \u00e9 a \u00fanica forma de se expl\u00edcar&#8230;<\/p>\n<p>Eu f\u00edco pensando na Fil\u00f3 e come\u00e7o a ficar com uma vontade&#8230; Montar nela, naquele seu corpo macio e gostoso.<\/p>\n<p>&#8211; N\u00e3o se preocupe, seu Malaquias, n\u00f3s vamos ajudar a achar D. Fil\u00f3, o senhor n\u00e3o tem id\u00e9ia de onde ela possa estar?\u00a0 Um irm\u00e3o!? Um parente!?<\/p>\n<p>&#8211; N\u00e3o, n\u00e3o.\u00a0 Ela n\u00e3o tinha ningu\u00e9m, todos os parente dela t\u00e3o morto.<\/p>\n<p>&#8211; Mesmo assim, vamos ach\u00e1-la pro senhor.\u00a0 O senhor deve estar sentindo muito a falta dela, n\u00e3o?<\/p>\n<p>&#8211; Sim! Sim! Estou, sim!<\/p>\n<p>&#8211; Eu prometo pro senhor, juro pela b\u00ean\u00e7\u00e3o de Deus, que antes do anoitecer n\u00f3s vamos achar sua Fil\u00f3 amada, seu Malaquias.<\/p>\n<p>-Assim espero, pois ela n\u00e3o cumeu, deve de t\u00e1 com muita fome.<\/p>\n<p>&#8211;\u00a0\u00a0\u00a0\u00a0 D\u00ea-me licen\u00e7a um instante seu Malaquias, vou colocar todos os carros na linha para que o senhor possa dar uma descri\u00e7\u00e3o mais detalhada da Dona Filomena.<\/p>\n<p>&#8211;\u00a0\u00a0\u00a0\u00a0 T\u00e1 bem, Dot\u00f4, mas n\u00e3o vai ser muito f\u00e1cil.<\/p>\n<p>&#8211; Aten\u00e7\u00e3o, todos os carros, aqui \u00e9 o delegado Juca. Aten\u00e7\u00e3o, senhora desaparecida, seu marido vai dar a descri\u00e7\u00e3o dela.\u00a0<\/p>\n<p>Pronto, seu Malaquias, pode falar.<\/p>\n<p>&#8211; Bem, pessu\u00e1, minha Fel\u00f3 \u00e9 maiada; branca e marrom. Tem chifre curto, \u00e9 robusta e gorda. \u00c9 holandesa.\u00a0 Tem quase uma tonelada. \u00c9 meiga, sensive. Tenho pressa de encontr\u00e1 ela.<\/p>\n<p>Ham, sim, ia me esquecendo, ela precisa de um refor\u00e7o contra aftosa, e tamb\u00e9m passar bicarbonato de s\u00f3dio nas tetas que a Claudete feriu em sua \u00faltima refei\u00e7\u00e3o&#8230; Claudete \u00e9 uma bezerra que a m\u00e3e morreu e a F\u00edl\u00f3 coidou dela.<\/p>\n","protected":false},"excerpt":{"rendered":"<p>Dando continuidade ao texto \u201cUm Peda\u00e7o de Ponte\u201d leia a seguir:\u00a0 A Fil\u00f3 do Malaquias Numa cidade de beira de [&hellip;]<\/p>\n","protected":false},"author":7,"featured_media":0,"comment_status":"open","ping_status":"open","sticky":false,"template":"","format":"standard","meta":{"site-sidebar-layout":"default","site-content-layout":"","ast-site-content-layout":"default","site-content-style":"default","site-sidebar-style":"default","ast-global-header-display":"","ast-banner-title-visibility":"","ast-main-header-display":"","ast-hfb-above-header-display":"","ast-hfb-below-header-display":"","ast-hfb-mobile-header-display":"","site-post-title":"","ast-breadcrumbs-content":"","ast-featured-img":"","footer-sml-layout":"","ast-disable-related-posts":"","theme-transparent-header-meta":"","adv-header-id-meta":"","stick-header-meta":"","header-above-stick-meta":"","header-main-stick-meta":"","header-below-stick-meta":"","astra-migrate-meta-layouts":"default","ast-page-background-enabled":"default","ast-page-background-meta":{"desktop":{"background-color":"var(--ast-global-color-5)","background-image":"","background-repeat":"repeat","background-position":"center center","background-size":"auto","background-attachment":"scroll","background-type":"","background-media":"","overlay-type":"","overlay-color":"","overlay-opacity":"","overlay-gradient":""},"tablet":{"background-color":"","background-image":"","background-repeat":"repeat","background-position":"center center","background-size":"auto","background-attachment":"scroll","background-type":"","background-media":"","overlay-type":"","overlay-color":"","overlay-opacity":"","overlay-gradient":""},"mobile":{"background-color":"","background-image":"","background-repeat":"repeat","background-position":"center center","background-size":"auto","background-attachment":"scroll","background-type":"","background-media":"","overlay-type":"","overlay-color":"","overlay-opacity":"","overlay-gradient":""}},"ast-content-background-meta":{"desktop":{"background-color":"var(--ast-global-color-4)","background-image":"","background-repeat":"repeat","background-position":"center center","background-size":"auto","background-attachment":"scroll","background-type":"","background-media":"","overlay-type":"","overlay-color":"","overlay-opacity":"","overlay-gradient":""},"tablet":{"background-color":"var(--ast-global-color-4)","background-image":"","background-repeat":"repeat","background-position":"center center","background-size":"auto","background-attachment":"scroll","background-type":"","background-media":"","overlay-type":"","overlay-color":"","overlay-opacity":"","overlay-gradient":""},"mobile":{"background-color":"var(--ast-global-color-4)","background-image":"","background-repeat":"repeat","background-position":"center center","background-size":"auto","background-attachment":"scroll","background-type":"","background-media":"","overlay-type":"","overlay-color":"","overlay-opacity":"","overlay-gradient":""}},"footnotes":""},"categories":[3],"tags":[],"class_list":["post-438","post","type-post","status-publish","format-standard","hentry","category-geral"],"yoast_head":"<!-- This site is optimized with the Yoast SEO plugin v26.6 - https:\/\/yoast.com\/wordpress\/plugins\/seo\/ -->\n<title>Um Peda\u00e7o de Ponte \u2013 Parte VI - Joaquim Haickel<\/title>\n<meta name=\"robots\" content=\"index, follow, max-snippet:-1, max-image-preview:large, max-video-preview:-1\" \/>\n<link rel=\"canonical\" href=\"https:\/\/www.blogsoestado.com\/joaquimhaickel\/2009\/08\/26\/um-pedaco-de-ponte-parte-vi\/\" \/>\n<meta property=\"og:locale\" content=\"pt_BR\" \/>\n<meta property=\"og:type\" content=\"article\" \/>\n<meta property=\"og:title\" content=\"Um Peda\u00e7o de Ponte \u2013 Parte VI - Joaquim Haickel\" \/>\n<meta property=\"og:description\" content=\"Dando continuidade ao texto \u201cUm Peda\u00e7o de Ponte\u201d leia a seguir:\u00a0 A Fil\u00f3 do Malaquias Numa cidade de beira de [&hellip;]\" \/>\n<meta property=\"og:url\" content=\"https:\/\/www.blogsoestado.com\/joaquimhaickel\/2009\/08\/26\/um-pedaco-de-ponte-parte-vi\/\" \/>\n<meta property=\"og:site_name\" content=\"Joaquim Haickel\" \/>\n<meta property=\"article:published_time\" content=\"2009-08-26T18:01:50+00:00\" \/>\n<meta name=\"author\" content=\"Joaquim Haickel\" \/>\n<meta name=\"twitter:card\" content=\"summary_large_image\" \/>\n<meta name=\"twitter:label1\" content=\"Escrito por\" \/>\n\t<meta name=\"twitter:data1\" content=\"Joaquim Haickel\" \/>\n\t<meta name=\"twitter:label2\" content=\"Est. tempo de leitura\" \/>\n\t<meta name=\"twitter:data2\" content=\"3 minutos\" \/>\n<script type=\"application\/ld+json\" class=\"yoast-schema-graph\">{\"@context\":\"https:\/\/schema.org\",\"@graph\":[{\"@type\":\"WebPage\",\"@id\":\"https:\/\/www.blogsoestado.com\/joaquimhaickel\/2009\/08\/26\/um-pedaco-de-ponte-parte-vi\/\",\"url\":\"https:\/\/www.blogsoestado.com\/joaquimhaickel\/2009\/08\/26\/um-pedaco-de-ponte-parte-vi\/\",\"name\":\"Um Peda\u00e7o de Ponte \u2013 Parte VI - Joaquim Haickel\",\"isPartOf\":{\"@id\":\"https:\/\/www.blogsoestado.com\/joaquimhaickel\/#website\"},\"datePublished\":\"2009-08-26T18:01:50+00:00\",\"author\":{\"@id\":\"https:\/\/www.blogsoestado.com\/joaquimhaickel\/#\/schema\/person\/4a711644aff28245c6c2c3452d66d325\"},\"breadcrumb\":{\"@id\":\"https:\/\/www.blogsoestado.com\/joaquimhaickel\/2009\/08\/26\/um-pedaco-de-ponte-parte-vi\/#breadcrumb\"},\"inLanguage\":\"pt-BR\",\"potentialAction\":[{\"@type\":\"ReadAction\",\"target\":[\"https:\/\/www.blogsoestado.com\/joaquimhaickel\/2009\/08\/26\/um-pedaco-de-ponte-parte-vi\/\"]}]},{\"@type\":\"BreadcrumbList\",\"@id\":\"https:\/\/www.blogsoestado.com\/joaquimhaickel\/2009\/08\/26\/um-pedaco-de-ponte-parte-vi\/#breadcrumb\",\"itemListElement\":[{\"@type\":\"ListItem\",\"position\":1,\"name\":\"In\u00edcio\",\"item\":\"https:\/\/www.blogsoestado.com\/joaquimhaickel\/\"},{\"@type\":\"ListItem\",\"position\":2,\"name\":\"Um Peda\u00e7o de Ponte \u2013 Parte VI\"}]},{\"@type\":\"WebSite\",\"@id\":\"https:\/\/www.blogsoestado.com\/joaquimhaickel\/#website\",\"url\":\"https:\/\/www.blogsoestado.com\/joaquimhaickel\/\",\"name\":\"Joaquim Haickel\",\"description\":\"\",\"potentialAction\":[{\"@type\":\"SearchAction\",\"target\":{\"@type\":\"EntryPoint\",\"urlTemplate\":\"https:\/\/www.blogsoestado.com\/joaquimhaickel\/?s={search_term_string}\"},\"query-input\":{\"@type\":\"PropertyValueSpecification\",\"valueRequired\":true,\"valueName\":\"search_term_string\"}}],\"inLanguage\":\"pt-BR\"},{\"@type\":\"Person\",\"@id\":\"https:\/\/www.blogsoestado.com\/joaquimhaickel\/#\/schema\/person\/4a711644aff28245c6c2c3452d66d325\",\"name\":\"Joaquim Haickel\",\"image\":{\"@type\":\"ImageObject\",\"inLanguage\":\"pt-BR\",\"@id\":\"https:\/\/www.blogsoestado.com\/joaquimhaickel\/#\/schema\/person\/image\/\",\"url\":\"https:\/\/secure.gravatar.com\/avatar\/473d89339b9f8ec089adb8d5778363eb5a2ba2319956bcf0298bfd8cca04684a?s=96&d=mm&r=g\",\"contentUrl\":\"https:\/\/secure.gravatar.com\/avatar\/473d89339b9f8ec089adb8d5778363eb5a2ba2319956bcf0298bfd8cca04684a?s=96&d=mm&r=g\",\"caption\":\"Joaquim Haickel\"},\"url\":\"https:\/\/www.blogsoestado.com\/joaquimhaickel\/author\/joaquimhaickel\/\"}]}<\/script>\n<!-- \/ Yoast SEO plugin. -->","yoast_head_json":{"title":"Um Peda\u00e7o de Ponte \u2013 Parte VI - Joaquim Haickel","robots":{"index":"index","follow":"follow","max-snippet":"max-snippet:-1","max-image-preview":"max-image-preview:large","max-video-preview":"max-video-preview:-1"},"canonical":"https:\/\/www.blogsoestado.com\/joaquimhaickel\/2009\/08\/26\/um-pedaco-de-ponte-parte-vi\/","og_locale":"pt_BR","og_type":"article","og_title":"Um Peda\u00e7o de Ponte \u2013 Parte VI - Joaquim Haickel","og_description":"Dando continuidade ao texto \u201cUm Peda\u00e7o de Ponte\u201d leia a seguir:\u00a0 A Fil\u00f3 do Malaquias Numa cidade de beira de [&hellip;]","og_url":"https:\/\/www.blogsoestado.com\/joaquimhaickel\/2009\/08\/26\/um-pedaco-de-ponte-parte-vi\/","og_site_name":"Joaquim Haickel","article_published_time":"2009-08-26T18:01:50+00:00","author":"Joaquim Haickel","twitter_card":"summary_large_image","twitter_misc":{"Escrito por":"Joaquim Haickel","Est. tempo de leitura":"3 minutos"},"schema":{"@context":"https:\/\/schema.org","@graph":[{"@type":"WebPage","@id":"https:\/\/www.blogsoestado.com\/joaquimhaickel\/2009\/08\/26\/um-pedaco-de-ponte-parte-vi\/","url":"https:\/\/www.blogsoestado.com\/joaquimhaickel\/2009\/08\/26\/um-pedaco-de-ponte-parte-vi\/","name":"Um Peda\u00e7o de Ponte \u2013 Parte VI - Joaquim Haickel","isPartOf":{"@id":"https:\/\/www.blogsoestado.com\/joaquimhaickel\/#website"},"datePublished":"2009-08-26T18:01:50+00:00","author":{"@id":"https:\/\/www.blogsoestado.com\/joaquimhaickel\/#\/schema\/person\/4a711644aff28245c6c2c3452d66d325"},"breadcrumb":{"@id":"https:\/\/www.blogsoestado.com\/joaquimhaickel\/2009\/08\/26\/um-pedaco-de-ponte-parte-vi\/#breadcrumb"},"inLanguage":"pt-BR","potentialAction":[{"@type":"ReadAction","target":["https:\/\/www.blogsoestado.com\/joaquimhaickel\/2009\/08\/26\/um-pedaco-de-ponte-parte-vi\/"]}]},{"@type":"BreadcrumbList","@id":"https:\/\/www.blogsoestado.com\/joaquimhaickel\/2009\/08\/26\/um-pedaco-de-ponte-parte-vi\/#breadcrumb","itemListElement":[{"@type":"ListItem","position":1,"name":"In\u00edcio","item":"https:\/\/www.blogsoestado.com\/joaquimhaickel\/"},{"@type":"ListItem","position":2,"name":"Um Peda\u00e7o de Ponte \u2013 Parte VI"}]},{"@type":"WebSite","@id":"https:\/\/www.blogsoestado.com\/joaquimhaickel\/#website","url":"https:\/\/www.blogsoestado.com\/joaquimhaickel\/","name":"Joaquim Haickel","description":"","potentialAction":[{"@type":"SearchAction","target":{"@type":"EntryPoint","urlTemplate":"https:\/\/www.blogsoestado.com\/joaquimhaickel\/?s={search_term_string}"},"query-input":{"@type":"PropertyValueSpecification","valueRequired":true,"valueName":"search_term_string"}}],"inLanguage":"pt-BR"},{"@type":"Person","@id":"https:\/\/www.blogsoestado.com\/joaquimhaickel\/#\/schema\/person\/4a711644aff28245c6c2c3452d66d325","name":"Joaquim Haickel","image":{"@type":"ImageObject","inLanguage":"pt-BR","@id":"https:\/\/www.blogsoestado.com\/joaquimhaickel\/#\/schema\/person\/image\/","url":"https:\/\/secure.gravatar.com\/avatar\/473d89339b9f8ec089adb8d5778363eb5a2ba2319956bcf0298bfd8cca04684a?s=96&d=mm&r=g","contentUrl":"https:\/\/secure.gravatar.com\/avatar\/473d89339b9f8ec089adb8d5778363eb5a2ba2319956bcf0298bfd8cca04684a?s=96&d=mm&r=g","caption":"Joaquim Haickel"},"url":"https:\/\/www.blogsoestado.com\/joaquimhaickel\/author\/joaquimhaickel\/"}]}},"jetpack_featured_media_url":"","_links":{"self":[{"href":"https:\/\/www.blogsoestado.com\/joaquimhaickel\/wp-json\/wp\/v2\/posts\/438","targetHints":{"allow":["GET"]}}],"collection":[{"href":"https:\/\/www.blogsoestado.com\/joaquimhaickel\/wp-json\/wp\/v2\/posts"}],"about":[{"href":"https:\/\/www.blogsoestado.com\/joaquimhaickel\/wp-json\/wp\/v2\/types\/post"}],"author":[{"embeddable":true,"href":"https:\/\/www.blogsoestado.com\/joaquimhaickel\/wp-json\/wp\/v2\/users\/7"}],"replies":[{"embeddable":true,"href":"https:\/\/www.blogsoestado.com\/joaquimhaickel\/wp-json\/wp\/v2\/comments?post=438"}],"version-history":[{"count":0,"href":"https:\/\/www.blogsoestado.com\/joaquimhaickel\/wp-json\/wp\/v2\/posts\/438\/revisions"}],"wp:attachment":[{"href":"https:\/\/www.blogsoestado.com\/joaquimhaickel\/wp-json\/wp\/v2\/media?parent=438"}],"wp:term":[{"taxonomy":"category","embeddable":true,"href":"https:\/\/www.blogsoestado.com\/joaquimhaickel\/wp-json\/wp\/v2\/categories?post=438"},{"taxonomy":"post_tag","embeddable":true,"href":"https:\/\/www.blogsoestado.com\/joaquimhaickel\/wp-json\/wp\/v2\/tags?post=438"}],"curies":[{"name":"wp","href":"https:\/\/api.w.org\/{rel}","templated":true}]}}