{"id":440,"date":"2009-08-31T09:49:17","date_gmt":"2009-08-31T12:49:17","guid":{"rendered":"https:\/\/www.blogsoestado.com\/joaquimhaickel\/2009\/08\/31\/repercutindo\/"},"modified":"2009-08-31T09:49:17","modified_gmt":"2009-08-31T12:49:17","slug":"repercutindo","status":"publish","type":"post","link":"https:\/\/www.blogsoestado.com\/joaquimhaickel\/2009\/08\/31\/repercutindo\/","title":{"rendered":"Repercutindo"},"content":{"rendered":"<p>Semana passada o Jornalista Marco D\u2019 E\u00e7a publicou a mat\u00e9ria abaixo, para a qual eu fiz o coment\u00e1rio que se segue. Acontece que por algum motivo &#8211; n\u00e3o acredito que seja censura &#8211; meu coment\u00e1rio n\u00e3o foi publicado. Por isso e porque n\u00e3o consigo falar com Marco ao telefone, \u00e9 que repercuto aqui, em um blog de muito menor audi\u00eancia, tanto a mat\u00e9ria quanto o coment\u00e1rio, pois acredito que seja importante dar minha opini\u00e3o.\u00a0<br \/>\n\u00a0<br \/>\n<font color=\"#333399\"><strong>Bia Ven\u00e2ncio, Jos\u00e9 Sarney e Sarney Filho\u2026<br \/>\n<\/strong><em>Sex, 28\/08\/09\u00a0 por Marco D&#8217;Eca | categoria Geral<\/em>\u00a0<\/font><\/p>\n<p><font color=\"#333399\">A prefeita de Pa\u00e7o do Lumiar, Bia Ven\u00e2ncio (PDT), esteve hoje com o presidente do Congresso Nacional, senador Jos\u00e9 Sarney (PMDB), em Bras\u00edlia.<\/font><\/p>\n<p><font color=\"#333399\">Na capital, solidarizou-se com o senador e pediu emendas para o munic\u00edpio de Pa\u00e7o do Lumiar.<\/font><\/p>\n<p><font color=\"#333399\">A pr\u00f3pria Bia reconhece as cr\u00edticas que recebe pelo apoio que d\u00e1 \u00e0 fam\u00edlia e a press\u00e3o sect\u00e1ria para se manter na \u201coposi\u00e7\u00e3o\u201d.<\/font><\/p>\n<p><font color=\"#333399\">&#8211; Tenho sido alvo de muitas cr\u00edticas, principalmente pelo meu apoio \u00e0 fam\u00edlia Sarney &#8211; lamenta.<\/font><\/p>\n<p><font color=\"#333399\">Mas n\u00e3o recua e mant\u00eam a rela\u00e7\u00e3o que sempre cultivou.<\/font><\/p>\n<p><font color=\"#333399\">&#8211; N\u00e3o me preocupo. Sou mulher de coragem, acredito nesta fam\u00edlia, sei dos benef\u00edcios e do que j\u00e1 fizeram pelo Maranh\u00e3o \u2013 declara.<\/font><\/p>\n<p><font color=\"#333399\">A prefeita de Pa\u00e7o do Lumiar esteve no gabinete de Sarney acompanhada do deputado Sarney Filho (PV), a quem sempre apoiou.<\/font><\/p>\n<p><font color=\"#333399\">O parlamentar afirma que sempre confiou em Bia Ven\u00e2ncio.<\/font><\/p>\n<p><font color=\"#333399\">&#8211; Sei do compromisso da Bia com o a popula\u00e7\u00e3o luminense.\u00a0 Estamos de m\u00e3os dadas com ela neste processo e iremos ajud\u00e1-la no projeto de desenvolvimento do munic\u00edpio \u2013 afirmou.<\/font><\/p>\n<p><font color=\"#333399\">Bia Ven\u00e2ncio assumiu a Prefeitura de Pa\u00e7o do Lumiar em janeiro. De l\u00e1 para c\u00e1, sempre manteve relacionamento amistoso com a fam\u00edlia Sarney.<\/font><\/p>\n<p><font color=\"#333399\">E nunca escondeu seu apoio ao governo Roseana Sarney (PMDB) desde que este foi iniciado, em abril.<\/font><\/p>\n<p><font color=\"#333399\">Apoio este agora mais claro do que nunca\u2026<\/font><\/p>\n<p>Caro Marco, todos sabem que tenho defendido Z\u00e9 Sarney intransigentemente. Fa\u00e7o isso porque sei de tudo que h\u00e1 por tr\u00e1s dessa manobra s\u00f3rdida da grande imprensa nacional, que tenta atingi-lo para enfraquecer a posi\u00e7\u00e3o do presidente Lula e de sua candidata a sucess\u00e3o, al\u00e9m de aproveitar a oportunidade para enxovalhar mais um pouquinho o j\u00e1 combalido poder legislativo nacional. H\u00e1 quem diga, e eu acredito, que boa parte dessa crise tem sido fomentada na tentativa de tentar inviabilizar a implanta\u00e7\u00e3o da refinaria de petr\u00f3leo que a Petrobras ir\u00e1 instalar em Bacabeira. N\u00e3o importa, por um ou por outro motivo defendo Sarney com convic\u00e7\u00e3o de que isso tudo \u00e9 uma grande arma\u00e7\u00e3o.<\/p>\n<p>Tenho orgulho de dizer que fa\u00e7o parte do grupo liderado por Sarney, que aprendi com ele algumas coisas do que sei e algumas das quais pratico na minha vida como parlamentar. J\u00e1 disse em outras oportunidades que Sarney n\u00e3o \u00e9 nenhum santo, ningu\u00e9m o \u00e9, principalmente nesse negocio de pol\u00edtica. No entanto n\u00e3o escondo de ningu\u00e9m que me dou o direito de discordar de quem quer que seja quando assim achar necess\u00e1rio. Agora \u00e9 uma dessas ocasi\u00f5es: N\u00e3o vou dizer que \u00e9 inadmiss\u00edvel que fatos como esse que voc\u00ea narra nessa mat\u00e9ria, diga-se de passagem, muito bem feita e igualmente bem remunerada pela assessoria de imprensa que voc\u00ea claramente presta a Prefeitura Municipal de Pa\u00e7o do Lumiar. N\u00e3o, isso \u00e9 plenamente admiss\u00edvel sim, pois ningu\u00e9m rejeita apoio. Nenhum pol\u00edtico rejeita apoio pol\u00edtico, principalmente numa hora como essa. Sarney n\u00e3o poderia fazer diferente. Receber a prefeita Bia (Aroso ou Ven\u00e2ncio?) faz parte da liturgia que Sarney tanto presa. Da minha liturgia faz parte o \u201cjus espeniandi\u201d. Reclamar para que n\u00e3o se diga depois que eu n\u00e3o avisei. Quem avisa amigo \u00e9. A prefeita Bia \u00e9 do PDT, votou em Jackson e at\u00e9 outro dia, dizia coisas bem diferentes do que diz hoje, coisas que n\u00e3o vou reproduzir aqui.<\/p>\n<p>S\u00e3o por fatos como esse que o pov\u00e3o, as pessoas n\u00e3o respeitam os pol\u00edticos. Eles n\u00e3o conseguem entender como hoje somos de um lado e amanh\u00e3 j\u00e1 somos de outro \u201cdesde criancinha\u201d (coloquei o verbo \u201cser\u201d na primeira pessoa do plural nesta frase, apenas por uma quest\u00e3o de deboche, para homenagear o grande Emanuel dos Santos Aroso).<\/p>\n<p>Bem Marco, fica aqui o meu protesto. Protesto mais legitimo que o de qualquer um feito aqui em seu prestigiado e prestigioso blog, pois \u00e9 embasado na coer\u00eancia que eu tanto busco para minha vida, tanto pol\u00edtica quanto pessoal.<\/p>\n<p>Observa\u00e7\u00e3o: Pouco tempo\u00a0depois de postar aqui esse material, o Jornalista Marco D&#8217; E\u00e7a postou o meu coment\u00e1rio em seu Blog e ent\u00e3o passamos e conversar por l\u00e1.\u00a0 Se voc\u00ea se interessar por esse assunto veja-o com mais detalhes no <a href=\"http:\/\/colunas.imirante.com\/platb\/marcosdeca\/\">http:\/\/colunas.imirante.com\/platb\/marcosdeca\/<\/a><\/p>\n","protected":false},"excerpt":{"rendered":"<p>Semana passada o Jornalista Marco D\u2019 E\u00e7a publicou a mat\u00e9ria abaixo, para a qual eu fiz o coment\u00e1rio que se [&hellip;]<\/p>\n","protected":false},"author":7,"featured_media":0,"comment_status":"open","ping_status":"open","sticky":false,"template":"","format":"standard","meta":{"site-sidebar-layout":"default","site-content-layout":"","ast-site-content-layout":"default","site-content-style":"default","site-sidebar-style":"default","ast-global-header-display":"","ast-banner-title-visibility":"","ast-main-header-display":"","ast-hfb-above-header-display":"","ast-hfb-below-header-display":"","ast-hfb-mobile-header-display":"","site-post-title":"","ast-breadcrumbs-content":"","ast-featured-img":"","footer-sml-layout":"","ast-disable-related-posts":"","theme-transparent-header-meta":"","adv-header-id-meta":"","stick-header-meta":"","header-above-stick-meta":"","header-main-stick-meta":"","header-below-stick-meta":"","astra-migrate-meta-layouts":"default","ast-page-background-enabled":"default","ast-page-background-meta":{"desktop":{"background-color":"var(--ast-global-color-5)","background-image":"","background-repeat":"repeat","background-position":"center center","background-size":"auto","background-attachment":"scroll","background-type":"","background-media":"","overlay-type":"","overlay-color":"","overlay-opacity":"","overlay-gradient":""},"tablet":{"background-color":"","background-image":"","background-repeat":"repeat","background-position":"center center","background-size":"auto","background-attachment":"scroll","background-type":"","background-media":"","overlay-type":"","overlay-color":"","overlay-opacity":"","overlay-gradient":""},"mobile":{"background-color":"","background-image":"","background-repeat":"repeat","background-position":"center center","background-size":"auto","background-attachment":"scroll","background-type":"","background-media":"","overlay-type":"","overlay-color":"","overlay-opacity":"","overlay-gradient":""}},"ast-content-background-meta":{"desktop":{"background-color":"var(--ast-global-color-4)","background-image":"","background-repeat":"repeat","background-position":"center center","background-size":"auto","background-attachment":"scroll","background-type":"","background-media":"","overlay-type":"","overlay-color":"","overlay-opacity":"","overlay-gradient":""},"tablet":{"background-color":"var(--ast-global-color-4)","background-image":"","background-repeat":"repeat","background-position":"center center","background-size":"auto","background-attachment":"scroll","background-type":"","background-media":"","overlay-type":"","overlay-color":"","overlay-opacity":"","overlay-gradient":""},"mobile":{"background-color":"var(--ast-global-color-4)","background-image":"","background-repeat":"repeat","background-position":"center center","background-size":"auto","background-attachment":"scroll","background-type":"","background-media":"","overlay-type":"","overlay-color":"","overlay-opacity":"","overlay-gradient":""}},"footnotes":""},"categories":[3],"tags":[],"class_list":["post-440","post","type-post","status-publish","format-standard","hentry","category-geral"],"yoast_head":"<!-- This site is optimized with the Yoast SEO plugin v26.6 - https:\/\/yoast.com\/wordpress\/plugins\/seo\/ -->\n<title>Repercutindo - Joaquim Haickel<\/title>\n<meta name=\"robots\" content=\"index, follow, max-snippet:-1, max-image-preview:large, max-video-preview:-1\" \/>\n<link rel=\"canonical\" href=\"https:\/\/www.blogsoestado.com\/joaquimhaickel\/2009\/08\/31\/repercutindo\/\" \/>\n<meta property=\"og:locale\" content=\"pt_BR\" \/>\n<meta property=\"og:type\" content=\"article\" \/>\n<meta property=\"og:title\" content=\"Repercutindo - Joaquim Haickel\" \/>\n<meta property=\"og:description\" content=\"Semana passada o Jornalista Marco D\u2019 E\u00e7a publicou a mat\u00e9ria abaixo, para a qual eu fiz o coment\u00e1rio que se [&hellip;]\" \/>\n<meta property=\"og:url\" content=\"https:\/\/www.blogsoestado.com\/joaquimhaickel\/2009\/08\/31\/repercutindo\/\" \/>\n<meta property=\"og:site_name\" content=\"Joaquim Haickel\" \/>\n<meta property=\"article:published_time\" content=\"2009-08-31T12:49:17+00:00\" \/>\n<meta name=\"author\" content=\"Joaquim Haickel\" \/>\n<meta name=\"twitter:card\" content=\"summary_large_image\" \/>\n<meta name=\"twitter:label1\" content=\"Escrito por\" \/>\n\t<meta name=\"twitter:data1\" content=\"Joaquim Haickel\" \/>\n\t<meta name=\"twitter:label2\" content=\"Est. tempo de leitura\" \/>\n\t<meta name=\"twitter:data2\" content=\"4 minutos\" \/>\n<script type=\"application\/ld+json\" class=\"yoast-schema-graph\">{\"@context\":\"https:\/\/schema.org\",\"@graph\":[{\"@type\":\"WebPage\",\"@id\":\"https:\/\/www.blogsoestado.com\/joaquimhaickel\/2009\/08\/31\/repercutindo\/\",\"url\":\"https:\/\/www.blogsoestado.com\/joaquimhaickel\/2009\/08\/31\/repercutindo\/\",\"name\":\"Repercutindo - Joaquim Haickel\",\"isPartOf\":{\"@id\":\"https:\/\/www.blogsoestado.com\/joaquimhaickel\/#website\"},\"datePublished\":\"2009-08-31T12:49:17+00:00\",\"author\":{\"@id\":\"https:\/\/www.blogsoestado.com\/joaquimhaickel\/#\/schema\/person\/4a711644aff28245c6c2c3452d66d325\"},\"breadcrumb\":{\"@id\":\"https:\/\/www.blogsoestado.com\/joaquimhaickel\/2009\/08\/31\/repercutindo\/#breadcrumb\"},\"inLanguage\":\"pt-BR\",\"potentialAction\":[{\"@type\":\"ReadAction\",\"target\":[\"https:\/\/www.blogsoestado.com\/joaquimhaickel\/2009\/08\/31\/repercutindo\/\"]}]},{\"@type\":\"BreadcrumbList\",\"@id\":\"https:\/\/www.blogsoestado.com\/joaquimhaickel\/2009\/08\/31\/repercutindo\/#breadcrumb\",\"itemListElement\":[{\"@type\":\"ListItem\",\"position\":1,\"name\":\"In\u00edcio\",\"item\":\"https:\/\/www.blogsoestado.com\/joaquimhaickel\/\"},{\"@type\":\"ListItem\",\"position\":2,\"name\":\"Repercutindo\"}]},{\"@type\":\"WebSite\",\"@id\":\"https:\/\/www.blogsoestado.com\/joaquimhaickel\/#website\",\"url\":\"https:\/\/www.blogsoestado.com\/joaquimhaickel\/\",\"name\":\"Joaquim Haickel\",\"description\":\"\",\"potentialAction\":[{\"@type\":\"SearchAction\",\"target\":{\"@type\":\"EntryPoint\",\"urlTemplate\":\"https:\/\/www.blogsoestado.com\/joaquimhaickel\/?s={search_term_string}\"},\"query-input\":{\"@type\":\"PropertyValueSpecification\",\"valueRequired\":true,\"valueName\":\"search_term_string\"}}],\"inLanguage\":\"pt-BR\"},{\"@type\":\"Person\",\"@id\":\"https:\/\/www.blogsoestado.com\/joaquimhaickel\/#\/schema\/person\/4a711644aff28245c6c2c3452d66d325\",\"name\":\"Joaquim Haickel\",\"image\":{\"@type\":\"ImageObject\",\"inLanguage\":\"pt-BR\",\"@id\":\"https:\/\/www.blogsoestado.com\/joaquimhaickel\/#\/schema\/person\/image\/\",\"url\":\"https:\/\/secure.gravatar.com\/avatar\/473d89339b9f8ec089adb8d5778363eb5a2ba2319956bcf0298bfd8cca04684a?s=96&d=mm&r=g\",\"contentUrl\":\"https:\/\/secure.gravatar.com\/avatar\/473d89339b9f8ec089adb8d5778363eb5a2ba2319956bcf0298bfd8cca04684a?s=96&d=mm&r=g\",\"caption\":\"Joaquim Haickel\"},\"url\":\"https:\/\/www.blogsoestado.com\/joaquimhaickel\/author\/joaquimhaickel\/\"}]}<\/script>\n<!-- \/ Yoast SEO plugin. -->","yoast_head_json":{"title":"Repercutindo - Joaquim Haickel","robots":{"index":"index","follow":"follow","max-snippet":"max-snippet:-1","max-image-preview":"max-image-preview:large","max-video-preview":"max-video-preview:-1"},"canonical":"https:\/\/www.blogsoestado.com\/joaquimhaickel\/2009\/08\/31\/repercutindo\/","og_locale":"pt_BR","og_type":"article","og_title":"Repercutindo - Joaquim Haickel","og_description":"Semana passada o Jornalista Marco D\u2019 E\u00e7a publicou a mat\u00e9ria abaixo, para a qual eu fiz o coment\u00e1rio que se [&hellip;]","og_url":"https:\/\/www.blogsoestado.com\/joaquimhaickel\/2009\/08\/31\/repercutindo\/","og_site_name":"Joaquim Haickel","article_published_time":"2009-08-31T12:49:17+00:00","author":"Joaquim Haickel","twitter_card":"summary_large_image","twitter_misc":{"Escrito por":"Joaquim Haickel","Est. tempo de leitura":"4 minutos"},"schema":{"@context":"https:\/\/schema.org","@graph":[{"@type":"WebPage","@id":"https:\/\/www.blogsoestado.com\/joaquimhaickel\/2009\/08\/31\/repercutindo\/","url":"https:\/\/www.blogsoestado.com\/joaquimhaickel\/2009\/08\/31\/repercutindo\/","name":"Repercutindo - Joaquim Haickel","isPartOf":{"@id":"https:\/\/www.blogsoestado.com\/joaquimhaickel\/#website"},"datePublished":"2009-08-31T12:49:17+00:00","author":{"@id":"https:\/\/www.blogsoestado.com\/joaquimhaickel\/#\/schema\/person\/4a711644aff28245c6c2c3452d66d325"},"breadcrumb":{"@id":"https:\/\/www.blogsoestado.com\/joaquimhaickel\/2009\/08\/31\/repercutindo\/#breadcrumb"},"inLanguage":"pt-BR","potentialAction":[{"@type":"ReadAction","target":["https:\/\/www.blogsoestado.com\/joaquimhaickel\/2009\/08\/31\/repercutindo\/"]}]},{"@type":"BreadcrumbList","@id":"https:\/\/www.blogsoestado.com\/joaquimhaickel\/2009\/08\/31\/repercutindo\/#breadcrumb","itemListElement":[{"@type":"ListItem","position":1,"name":"In\u00edcio","item":"https:\/\/www.blogsoestado.com\/joaquimhaickel\/"},{"@type":"ListItem","position":2,"name":"Repercutindo"}]},{"@type":"WebSite","@id":"https:\/\/www.blogsoestado.com\/joaquimhaickel\/#website","url":"https:\/\/www.blogsoestado.com\/joaquimhaickel\/","name":"Joaquim Haickel","description":"","potentialAction":[{"@type":"SearchAction","target":{"@type":"EntryPoint","urlTemplate":"https:\/\/www.blogsoestado.com\/joaquimhaickel\/?s={search_term_string}"},"query-input":{"@type":"PropertyValueSpecification","valueRequired":true,"valueName":"search_term_string"}}],"inLanguage":"pt-BR"},{"@type":"Person","@id":"https:\/\/www.blogsoestado.com\/joaquimhaickel\/#\/schema\/person\/4a711644aff28245c6c2c3452d66d325","name":"Joaquim Haickel","image":{"@type":"ImageObject","inLanguage":"pt-BR","@id":"https:\/\/www.blogsoestado.com\/joaquimhaickel\/#\/schema\/person\/image\/","url":"https:\/\/secure.gravatar.com\/avatar\/473d89339b9f8ec089adb8d5778363eb5a2ba2319956bcf0298bfd8cca04684a?s=96&d=mm&r=g","contentUrl":"https:\/\/secure.gravatar.com\/avatar\/473d89339b9f8ec089adb8d5778363eb5a2ba2319956bcf0298bfd8cca04684a?s=96&d=mm&r=g","caption":"Joaquim Haickel"},"url":"https:\/\/www.blogsoestado.com\/joaquimhaickel\/author\/joaquimhaickel\/"}]}},"jetpack_featured_media_url":"","_links":{"self":[{"href":"https:\/\/www.blogsoestado.com\/joaquimhaickel\/wp-json\/wp\/v2\/posts\/440","targetHints":{"allow":["GET"]}}],"collection":[{"href":"https:\/\/www.blogsoestado.com\/joaquimhaickel\/wp-json\/wp\/v2\/posts"}],"about":[{"href":"https:\/\/www.blogsoestado.com\/joaquimhaickel\/wp-json\/wp\/v2\/types\/post"}],"author":[{"embeddable":true,"href":"https:\/\/www.blogsoestado.com\/joaquimhaickel\/wp-json\/wp\/v2\/users\/7"}],"replies":[{"embeddable":true,"href":"https:\/\/www.blogsoestado.com\/joaquimhaickel\/wp-json\/wp\/v2\/comments?post=440"}],"version-history":[{"count":0,"href":"https:\/\/www.blogsoestado.com\/joaquimhaickel\/wp-json\/wp\/v2\/posts\/440\/revisions"}],"wp:attachment":[{"href":"https:\/\/www.blogsoestado.com\/joaquimhaickel\/wp-json\/wp\/v2\/media?parent=440"}],"wp:term":[{"taxonomy":"category","embeddable":true,"href":"https:\/\/www.blogsoestado.com\/joaquimhaickel\/wp-json\/wp\/v2\/categories?post=440"},{"taxonomy":"post_tag","embeddable":true,"href":"https:\/\/www.blogsoestado.com\/joaquimhaickel\/wp-json\/wp\/v2\/tags?post=440"}],"curies":[{"name":"wp","href":"https:\/\/api.w.org\/{rel}","templated":true}]}}