{"id":472,"date":"2009-11-04T10:16:30","date_gmt":"2009-11-04T12:16:30","guid":{"rendered":"https:\/\/www.blogsoestado.com\/joaquimhaickel\/?p=472"},"modified":"2009-11-04T10:16:30","modified_gmt":"2009-11-04T12:16:30","slug":"entrevista-exclusiva-do-deputado-joaquim-nagib-haickel-concedida-ao-jornalista-robert-lobato","status":"publish","type":"post","link":"https:\/\/www.blogsoestado.com\/joaquimhaickel\/2009\/11\/04\/entrevista-exclusiva-do-deputado-joaquim-nagib-haickel-concedida-ao-jornalista-robert-lobato\/","title":{"rendered":"Entrevista exclusiva do Deputado Joaquim Nagib Haickel concedida ao jornalista Robert Lobato."},"content":{"rendered":"<p><strong>1. Deputado, \u00e9 f\u00e1cil defender o governo Roseana Sarney?<\/strong><\/p>\n<p>Resposta: Defender, quem quer que seja, qualquer que seja o governo \u00e9 sempre mais dif\u00edcil que atacar. Diria pra voc\u00ea que defender o governo Z\u00e9 Reinaldo ou o governo Jackson Lago seria muito mais dif\u00edcil, pelo menos do meu ponto de vista.<\/p>\n<p><strong>2. O senhor est\u00e1 satisfeito com o desempenho do governo at\u00e9 aqui?<\/strong><\/p>\n<p>Resposta: Acho que pode melhorar e acredito que ir\u00e1 melhorar bastante, mas posso lhe garantir que esse governo mesmo n\u00e3o tendo engrenado, ainda assim \u00e9 muito melhor que os dois anteriores.<\/p>\n<p><strong>3. H\u00e1 corrup\u00e7\u00e3o no governo?<\/strong><\/p>\n<p>Resposta: A corrup\u00e7\u00e3o \u00e9 uma conseq\u00fc\u00eancia das atividades humanas. N\u00e3o vou lhe dizer que n\u00e3o haja corrup\u00e7\u00e3o neste ou naquele governo, a \u00fanica coisa que posso lhe garantir \u00e9 que n\u00e3o concordo com essa pr\u00e1tica.<\/p>\n<p><strong>4. O secret\u00e1rio Hildo Rocha criticou publicamente a disputa por espa\u00e7os entre secret\u00e1rios e a intromiss\u00e3o de alguns nas pastas de outros. Como o senhor avalia essa quest\u00e3o?<\/strong><\/p>\n<p>Resposta: Concordo com o Hildo, mas acho que ele se esqueceu de falar da gula eleitoral de alguns secret\u00e1rios de estado que est\u00e3o se achando os donos dos cargos que temporariamente est\u00e3o ocupando. Esse \u00e9 um dos fatores que tem prejudicado a performance do governo.<\/p>\n<p><strong>5. Um secretariado mais pol\u00edtico do que t\u00e9cnico ajuda ou atrapalha o governo?<\/strong><\/p>\n<p>Resposta: Depende! Se o secret\u00e1rio mais pol\u00edtico do que t\u00e9cnico quiser mudar a forma de construir estradas ou mudar o jeito de ministrar uma aula vai ser um desastre. Se um secret\u00e1rio mais t\u00e9cnico que pol\u00edtico quiser reescrever &#8220;O Capital&#8221; ou &#8220;O Pr\u00edncipe&#8221; ser\u00e1 desastre certo. Cada um deve desenvolver o trabalho para o qual est\u00e1 mais preparado.\u00a0<\/p>\n<p><strong>6. O senhor tem dito que \u00e9 uma voz isolada na defesa do governo na Assembleia. Em sua opini\u00e3o, a base do governo tem vergonha de defender o governo?<\/strong><\/p>\n<p>Resposta: Eu nunca disse que sou uma voz isolada em defesa do governo, quem tem dito isso \u00e9 a imprensa. E a imprensa tem dito isso para me jogar contra os l\u00edderes Chico Gomes e Tat\u00e1 Milhomem, coisa que n\u00e3o vai acontecer, pois me dou muito bem com os dois. N\u00e3o acho que a base do governo tenha essa vergonha, pelo contr\u00e1rio, est\u00e3o todos doidos para mostrar servi\u00e7o.\u00a0\u00a0<\/p>\n<p><strong>7. O senhor \u00e9 um quadro qualificado dentro do seu grupo, talvez um dos mais qualificados. E me parece que o senhor foi convidado para ser secret\u00e1rio de Estado, porque n\u00e3o aceitou?<\/strong><\/p>\n<p>Resposta: Realmente, fui convidado mas n\u00e3o aceitei. Primeiro me foi dito que seria convidado para secretaria da cultura, mas nunca acreditei que seria realmente convidado para essa pasta. Se tivesse sido poderia at\u00e9 aceitar, desde me fossem dadas as condi\u00e7\u00f5es necess\u00e1rias para fazer um bom trabalho. Mas fui convidado para secretaria de esportes e juventude. Em seguida foi s\u00f3 para esportes, pois juventude seria desmembrada, e para l\u00e1 deveria ir Roberto Costa, indicado do vice- Governador Jo\u00e3o Alberto. Achei mais prudente n\u00e3o dividir uma coisa que j\u00e1 era pequena e abri m\u00e3o em nome do companheiro Roberto, que vem se saindo bem nessa pasta. Depois fui convidado para minas e energia e disse que s\u00f3 aceitaria se essa secretaria fosse unificada com a secretaria de ind\u00fastria e com\u00e9rcio, pois sozinha, nela se teria pouco o que fazer. Ent\u00e3o preferi ficar mesmo na Assembleia, l\u00e1 posso fazer uma das coisas que mais sei e gosto de fazer, que \u00e9 pol\u00edtica.\u00a0\u00a0<\/p>\n<p><strong>8. Qual seria o melhor nome do PMDB para disputar o governo em 2010, Roseana ou Lob\u00e3o?<\/strong><\/p>\n<p>Resposta: Os dois s\u00e3o \u00f3timos candidatos. S\u00e3o melhores individualmente que todos os outros pretensos candidatos reunidos. Roseana por estar no mandato, ser carism\u00e1tica e ser eleitoralmente poderosa. Lob\u00e3o porque est\u00e1 num minist\u00e9rio que tem ajudado no desenvolvimento do Brasil e do Maranh\u00e3o de maneira contundente, por ser um diplomata e por quase n\u00e3o ter rejei\u00e7\u00e3o<\/p>\n<p><strong>9. Em sua opini\u00e3o, quem seria o melhor candidato das oposi\u00e7\u00f5es para o grupo Sarney enfrentar nas pr\u00f3ximas elei\u00e7\u00f5es?<\/strong><\/p>\n<p>Resposta: Encaro elei\u00e7\u00e3o como encarava campeonato de t\u00eanis. No t\u00eanis voc\u00ea tem que vencer todos os jogos para ser campe\u00e3o. Pol\u00edtica \u00e9 assim. N\u00e3o tem esse neg\u00f3cio de melhor candidato. Dentre os que est\u00e3o postos ai para disputar o pal\u00e1cio dos le\u00f5es s\u00f3 o Fl\u00e1vio Dino ser\u00e1 governador, um dia, e n\u00e3o ser\u00e1 ainda dessa vez. Dessa vez, se eu fosse ele, seria candidato ao senado. H\u00e1 uma vaga reservada para ele. N\u00f3s com toda certeza elegeremos um senador e disputaremos a outra vaga. Caso o Fl\u00e1vio n\u00e3o concorra ao senado at\u00e9 eu, tenho chance de me eleger. Se eu fosse Z\u00e9 Reinaldo me candidataria \u00e0 C\u00e2mara Federal, l\u00e1 ele ter\u00e1 uma elei\u00e7\u00e3o tranq\u00fcila e uma boa vota\u00e7\u00e3o, podendo puxar votos para ajudar sua chapa. No senado ele vai \u00e9 gastar &#8220;seu dinheiro&#8221; e vai dificultar bastante a vida de seus correligion\u00e1rios. Como deputado federal ele ter\u00e1 o mesmo foro privilegiado de que tanto precisa e assim n\u00e3o se arriscaria em n\u00e3o t\u00ea-lo caso n\u00e3o se eleja senador. A candidatura de doutor Jackson ao governo n\u00e3o \u00e9 uma candidatura pol\u00edtica, \u00e9 uma candidatura moral.\u00a0<\/p>\n<p><strong>10.\u00a0 O senhor se considera um Sarneysista, no sentido de ter o senador Jos\u00e9 Sarney como refer\u00eancia na pol\u00edtica maranhense?<\/strong><\/p>\n<p>Resposta: Claro! Quem achar que Z\u00e9 Sarney n\u00e3o \u00e9 a maior refer\u00eancia na pol\u00edtica maranhense n\u00e3o \u00e9 muito certo da cachola. Voc\u00ea pode discordar dele, mas da\u00ed a achar que ele n\u00e3o seja a maior refer\u00eancia da pol\u00edtica do Maranh\u00e3o \u00e9 desconhecer a realidade.<\/p>\n<p>N\u00e3o posso me considerar um jackista ou um reinaldista, nem ainda um flavista. O doutor Jackson eu tenho como refer\u00eancia de pessoa, de homem, n\u00e3o de pol\u00edtico. Z\u00e9 Reinaldo \u00e9 uma refer\u00eancia como t\u00e9cnico. Fl\u00e1vio por enquanto para mim \u00e9 refer\u00eancia de compet\u00eancia, de capacidade intelectual e s\u00f3 vai passar a ser refer\u00eancia pol\u00edtica para mim quando ele conseguir me provar que os votos que ele recebeu em Tuntum, S\u00e3o Domingos, Caxias e em outros lugares semelhantes, foram obtidos da mesma maneira e ao mesmo custo que os votos que ele teve em S\u00e3o Luis, dos estudantes da UFMA, ou melhor, que ele para se eleger deputado federal em 2006 n\u00e3o usou os mesmos recursos que diz abominar e combater, em s\u00edntese que ele \u00e9 um pol\u00edtico diferente.\u00a0\u00a0\u00a0\u00a0\u00a0\u00a0<\/p>\n<p><strong>11. O que o senhor tem achado dos debates pol\u00edticos na Assembleia Legislativa?<\/strong><\/p>\n<p>Resposta: Fracos. S\u00e3o raros os debates de alto n\u00edvel.\u00a0\u00a0<\/p>\n<p><strong>12. Qual o seu projeto pol\u00edtico-eleitoral para 2010?<\/strong><\/p>\n<p>Resposta: Sou candidato a deputado estadual, pois pretendo concorrer \u00e0 presid\u00eancia da Assembleia, caso me reeleja.\u00a0\u00a0<\/p>\n<p><strong>13. Vou citar algumas personalidades e gostaria, em breves palavras, a sua opini\u00e3o sobre cada uma delas:<\/strong>\u00a0<\/p>\n<p><strong>Sen. Jos\u00e9 Sarney:<\/strong> Um vision\u00e1rio. O criador do Maranh\u00e3o moderno. Um grande mestre da pol\u00edtica a quem a hist\u00f3ria, um dia, saber\u00e1 conferir seu verdadeiro valor.<\/p>\n<p><strong>Gov. Roseana Sarney:<\/strong> Uma pessoa extremamente carism\u00e1tica que revolucionou o nosso estado administrativamente falando. Essa importante e necess\u00e1ria revolu\u00e7\u00e3o que ela implementou custou-lhe o controle pol\u00edtico-eleitoral do estado nas \u00faltimas elei\u00e7\u00f5es.<\/p>\n<p><strong>Sen. Edison Lob\u00e3o:<\/strong> Um diplomata da pol\u00edtica. \u00c9 imposs\u00edvel n\u00e3o se gostar dele.<\/p>\n<p><strong>Vice-Governador Jo\u00e3o Alberto:<\/strong> En\u00e9rgico e firme. Amigo de seus amigos.<\/p>\n<p><strong>Ex-Governador Jackson Lago:<\/strong> Bem intencionado mas mal assessorado.<\/p>\n<p><strong>Ex-Governador Jos\u00e9 Reinaldo:<\/strong> O melhor dentre os t\u00e9cnicos inventados por Sarney, mas em compensa\u00e7\u00e3o seu maior equ\u00edvoco pol\u00edtico e olha que foram v\u00e1rios durante todos esses anos. Poderia ter feito tudo que queria fazer sem precisar trair seu mestre e criador.<\/p>\n<p><strong>Pref. Jo\u00e3o Castelo:<\/strong> Um dos grandes governadores que o Maranh\u00e3o j\u00e1 teve. No seu governo foram constru\u00eddas obras importantes e estruturais em nosso estado.<\/p>\n<p><strong>Dep. Fl\u00e1vio Dino:<\/strong> Ele \u00e9 certamente o futuro, ser\u00e1 certamente senador e governador do Maranh\u00e3o, mas difere pouco, operacionalmente falando, dos pol\u00edticos do passado. \u00c9 uma pena que essa minha afirma\u00e7\u00e3o s\u00f3 poder\u00e1 ser comprovada daqui a trinta anos. Jovem talentoso e competente que tem a seu favor o tempo e a vontade de mudan\u00e7as. Contra si, s\u00f3 o fato de ter que aceitar o mesmo jogo pol\u00edtico de sempre, coisa que n\u00e3o considero nenhum pecado mortal, mas ele sim, para isso basta ver como foi sua elei\u00e7\u00e3o de deputado federal em 2006.<\/p>\n","protected":false},"excerpt":{"rendered":"<p>1. Deputado, \u00e9 f\u00e1cil defender o governo Roseana Sarney? Resposta: Defender, quem quer que seja, qualquer que seja o governo [&hellip;]<\/p>\n","protected":false},"author":7,"featured_media":0,"comment_status":"open","ping_status":"open","sticky":false,"template":"","format":"standard","meta":{"site-sidebar-layout":"default","site-content-layout":"","ast-site-content-layout":"default","site-content-style":"default","site-sidebar-style":"default","ast-global-header-display":"","ast-banner-title-visibility":"","ast-main-header-display":"","ast-hfb-above-header-display":"","ast-hfb-below-header-display":"","ast-hfb-mobile-header-display":"","site-post-title":"","ast-breadcrumbs-content":"","ast-featured-img":"","footer-sml-layout":"","ast-disable-related-posts":"","theme-transparent-header-meta":"","adv-header-id-meta":"","stick-header-meta":"","header-above-stick-meta":"","header-main-stick-meta":"","header-below-stick-meta":"","astra-migrate-meta-layouts":"default","ast-page-background-enabled":"default","ast-page-background-meta":{"desktop":{"background-color":"var(--ast-global-color-5)","background-image":"","background-repeat":"repeat","background-position":"center center","background-size":"auto","background-attachment":"scroll","background-type":"","background-media":"","overlay-type":"","overlay-color":"","overlay-opacity":"","overlay-gradient":""},"tablet":{"background-color":"","background-image":"","background-repeat":"repeat","background-position":"center center","background-size":"auto","background-attachment":"scroll","background-type":"","background-media":"","overlay-type":"","overlay-color":"","overlay-opacity":"","overlay-gradient":""},"mobile":{"background-color":"","background-image":"","background-repeat":"repeat","background-position":"center center","background-size":"auto","background-attachment":"scroll","background-type":"","background-media":"","overlay-type":"","overlay-color":"","overlay-opacity":"","overlay-gradient":""}},"ast-content-background-meta":{"desktop":{"background-color":"var(--ast-global-color-4)","background-image":"","background-repeat":"repeat","background-position":"center center","background-size":"auto","background-attachment":"scroll","background-type":"","background-media":"","overlay-type":"","overlay-color":"","overlay-opacity":"","overlay-gradient":""},"tablet":{"background-color":"var(--ast-global-color-4)","background-image":"","background-repeat":"repeat","background-position":"center center","background-size":"auto","background-attachment":"scroll","background-type":"","background-media":"","overlay-type":"","overlay-color":"","overlay-opacity":"","overlay-gradient":""},"mobile":{"background-color":"var(--ast-global-color-4)","background-image":"","background-repeat":"repeat","background-position":"center center","background-size":"auto","background-attachment":"scroll","background-type":"","background-media":"","overlay-type":"","overlay-color":"","overlay-opacity":"","overlay-gradient":""}},"footnotes":""},"categories":[4],"tags":[],"class_list":["post-472","post","type-post","status-publish","format-standard","hentry","category-4"],"yoast_head":"<!-- This site is optimized with the Yoast SEO plugin v26.6 - https:\/\/yoast.com\/wordpress\/plugins\/seo\/ -->\n<title>Entrevista exclusiva do Deputado Joaquim Nagib Haickel concedida ao jornalista Robert Lobato. - Joaquim Haickel<\/title>\n<meta name=\"robots\" content=\"index, follow, max-snippet:-1, max-image-preview:large, max-video-preview:-1\" \/>\n<link rel=\"canonical\" href=\"https:\/\/www.blogsoestado.com\/joaquimhaickel\/2009\/11\/04\/entrevista-exclusiva-do-deputado-joaquim-nagib-haickel-concedida-ao-jornalista-robert-lobato\/\" \/>\n<meta property=\"og:locale\" content=\"pt_BR\" \/>\n<meta property=\"og:type\" content=\"article\" \/>\n<meta property=\"og:title\" content=\"Entrevista exclusiva do Deputado Joaquim Nagib Haickel concedida ao jornalista Robert Lobato. - Joaquim Haickel\" \/>\n<meta property=\"og:description\" content=\"1. Deputado, \u00e9 f\u00e1cil defender o governo Roseana Sarney? Resposta: Defender, quem quer que seja, qualquer que seja o governo [&hellip;]\" \/>\n<meta property=\"og:url\" content=\"https:\/\/www.blogsoestado.com\/joaquimhaickel\/2009\/11\/04\/entrevista-exclusiva-do-deputado-joaquim-nagib-haickel-concedida-ao-jornalista-robert-lobato\/\" \/>\n<meta property=\"og:site_name\" content=\"Joaquim Haickel\" \/>\n<meta property=\"article:published_time\" content=\"2009-11-04T12:16:30+00:00\" \/>\n<meta name=\"author\" content=\"Joaquim Haickel\" \/>\n<meta name=\"twitter:card\" content=\"summary_large_image\" \/>\n<meta name=\"twitter:label1\" content=\"Escrito por\" \/>\n\t<meta name=\"twitter:data1\" content=\"Joaquim Haickel\" \/>\n\t<meta name=\"twitter:label2\" content=\"Est. tempo de leitura\" \/>\n\t<meta name=\"twitter:data2\" content=\"7 minutos\" \/>\n<script type=\"application\/ld+json\" class=\"yoast-schema-graph\">{\"@context\":\"https:\/\/schema.org\",\"@graph\":[{\"@type\":\"WebPage\",\"@id\":\"https:\/\/www.blogsoestado.com\/joaquimhaickel\/2009\/11\/04\/entrevista-exclusiva-do-deputado-joaquim-nagib-haickel-concedida-ao-jornalista-robert-lobato\/\",\"url\":\"https:\/\/www.blogsoestado.com\/joaquimhaickel\/2009\/11\/04\/entrevista-exclusiva-do-deputado-joaquim-nagib-haickel-concedida-ao-jornalista-robert-lobato\/\",\"name\":\"Entrevista exclusiva do Deputado Joaquim Nagib Haickel concedida ao jornalista Robert Lobato. - Joaquim Haickel\",\"isPartOf\":{\"@id\":\"https:\/\/www.blogsoestado.com\/joaquimhaickel\/#website\"},\"datePublished\":\"2009-11-04T12:16:30+00:00\",\"author\":{\"@id\":\"https:\/\/www.blogsoestado.com\/joaquimhaickel\/#\/schema\/person\/4a711644aff28245c6c2c3452d66d325\"},\"breadcrumb\":{\"@id\":\"https:\/\/www.blogsoestado.com\/joaquimhaickel\/2009\/11\/04\/entrevista-exclusiva-do-deputado-joaquim-nagib-haickel-concedida-ao-jornalista-robert-lobato\/#breadcrumb\"},\"inLanguage\":\"pt-BR\",\"potentialAction\":[{\"@type\":\"ReadAction\",\"target\":[\"https:\/\/www.blogsoestado.com\/joaquimhaickel\/2009\/11\/04\/entrevista-exclusiva-do-deputado-joaquim-nagib-haickel-concedida-ao-jornalista-robert-lobato\/\"]}]},{\"@type\":\"BreadcrumbList\",\"@id\":\"https:\/\/www.blogsoestado.com\/joaquimhaickel\/2009\/11\/04\/entrevista-exclusiva-do-deputado-joaquim-nagib-haickel-concedida-ao-jornalista-robert-lobato\/#breadcrumb\",\"itemListElement\":[{\"@type\":\"ListItem\",\"position\":1,\"name\":\"In\u00edcio\",\"item\":\"https:\/\/www.blogsoestado.com\/joaquimhaickel\/\"},{\"@type\":\"ListItem\",\"position\":2,\"name\":\"Entrevista exclusiva do Deputado Joaquim Nagib Haickel concedida ao jornalista Robert Lobato.\"}]},{\"@type\":\"WebSite\",\"@id\":\"https:\/\/www.blogsoestado.com\/joaquimhaickel\/#website\",\"url\":\"https:\/\/www.blogsoestado.com\/joaquimhaickel\/\",\"name\":\"Joaquim Haickel\",\"description\":\"\",\"potentialAction\":[{\"@type\":\"SearchAction\",\"target\":{\"@type\":\"EntryPoint\",\"urlTemplate\":\"https:\/\/www.blogsoestado.com\/joaquimhaickel\/?s={search_term_string}\"},\"query-input\":{\"@type\":\"PropertyValueSpecification\",\"valueRequired\":true,\"valueName\":\"search_term_string\"}}],\"inLanguage\":\"pt-BR\"},{\"@type\":\"Person\",\"@id\":\"https:\/\/www.blogsoestado.com\/joaquimhaickel\/#\/schema\/person\/4a711644aff28245c6c2c3452d66d325\",\"name\":\"Joaquim Haickel\",\"image\":{\"@type\":\"ImageObject\",\"inLanguage\":\"pt-BR\",\"@id\":\"https:\/\/www.blogsoestado.com\/joaquimhaickel\/#\/schema\/person\/image\/\",\"url\":\"https:\/\/secure.gravatar.com\/avatar\/473d89339b9f8ec089adb8d5778363eb5a2ba2319956bcf0298bfd8cca04684a?s=96&d=mm&r=g\",\"contentUrl\":\"https:\/\/secure.gravatar.com\/avatar\/473d89339b9f8ec089adb8d5778363eb5a2ba2319956bcf0298bfd8cca04684a?s=96&d=mm&r=g\",\"caption\":\"Joaquim Haickel\"},\"url\":\"https:\/\/www.blogsoestado.com\/joaquimhaickel\/author\/joaquimhaickel\/\"}]}<\/script>\n<!-- \/ Yoast SEO plugin. -->","yoast_head_json":{"title":"Entrevista exclusiva do Deputado Joaquim Nagib Haickel concedida ao jornalista Robert Lobato. - Joaquim Haickel","robots":{"index":"index","follow":"follow","max-snippet":"max-snippet:-1","max-image-preview":"max-image-preview:large","max-video-preview":"max-video-preview:-1"},"canonical":"https:\/\/www.blogsoestado.com\/joaquimhaickel\/2009\/11\/04\/entrevista-exclusiva-do-deputado-joaquim-nagib-haickel-concedida-ao-jornalista-robert-lobato\/","og_locale":"pt_BR","og_type":"article","og_title":"Entrevista exclusiva do Deputado Joaquim Nagib Haickel concedida ao jornalista Robert Lobato. - Joaquim Haickel","og_description":"1. Deputado, \u00e9 f\u00e1cil defender o governo Roseana Sarney? Resposta: Defender, quem quer que seja, qualquer que seja o governo [&hellip;]","og_url":"https:\/\/www.blogsoestado.com\/joaquimhaickel\/2009\/11\/04\/entrevista-exclusiva-do-deputado-joaquim-nagib-haickel-concedida-ao-jornalista-robert-lobato\/","og_site_name":"Joaquim Haickel","article_published_time":"2009-11-04T12:16:30+00:00","author":"Joaquim Haickel","twitter_card":"summary_large_image","twitter_misc":{"Escrito por":"Joaquim Haickel","Est. tempo de leitura":"7 minutos"},"schema":{"@context":"https:\/\/schema.org","@graph":[{"@type":"WebPage","@id":"https:\/\/www.blogsoestado.com\/joaquimhaickel\/2009\/11\/04\/entrevista-exclusiva-do-deputado-joaquim-nagib-haickel-concedida-ao-jornalista-robert-lobato\/","url":"https:\/\/www.blogsoestado.com\/joaquimhaickel\/2009\/11\/04\/entrevista-exclusiva-do-deputado-joaquim-nagib-haickel-concedida-ao-jornalista-robert-lobato\/","name":"Entrevista exclusiva do Deputado Joaquim Nagib Haickel concedida ao jornalista Robert Lobato. - Joaquim Haickel","isPartOf":{"@id":"https:\/\/www.blogsoestado.com\/joaquimhaickel\/#website"},"datePublished":"2009-11-04T12:16:30+00:00","author":{"@id":"https:\/\/www.blogsoestado.com\/joaquimhaickel\/#\/schema\/person\/4a711644aff28245c6c2c3452d66d325"},"breadcrumb":{"@id":"https:\/\/www.blogsoestado.com\/joaquimhaickel\/2009\/11\/04\/entrevista-exclusiva-do-deputado-joaquim-nagib-haickel-concedida-ao-jornalista-robert-lobato\/#breadcrumb"},"inLanguage":"pt-BR","potentialAction":[{"@type":"ReadAction","target":["https:\/\/www.blogsoestado.com\/joaquimhaickel\/2009\/11\/04\/entrevista-exclusiva-do-deputado-joaquim-nagib-haickel-concedida-ao-jornalista-robert-lobato\/"]}]},{"@type":"BreadcrumbList","@id":"https:\/\/www.blogsoestado.com\/joaquimhaickel\/2009\/11\/04\/entrevista-exclusiva-do-deputado-joaquim-nagib-haickel-concedida-ao-jornalista-robert-lobato\/#breadcrumb","itemListElement":[{"@type":"ListItem","position":1,"name":"In\u00edcio","item":"https:\/\/www.blogsoestado.com\/joaquimhaickel\/"},{"@type":"ListItem","position":2,"name":"Entrevista exclusiva do Deputado Joaquim Nagib Haickel concedida ao jornalista Robert Lobato."}]},{"@type":"WebSite","@id":"https:\/\/www.blogsoestado.com\/joaquimhaickel\/#website","url":"https:\/\/www.blogsoestado.com\/joaquimhaickel\/","name":"Joaquim Haickel","description":"","potentialAction":[{"@type":"SearchAction","target":{"@type":"EntryPoint","urlTemplate":"https:\/\/www.blogsoestado.com\/joaquimhaickel\/?s={search_term_string}"},"query-input":{"@type":"PropertyValueSpecification","valueRequired":true,"valueName":"search_term_string"}}],"inLanguage":"pt-BR"},{"@type":"Person","@id":"https:\/\/www.blogsoestado.com\/joaquimhaickel\/#\/schema\/person\/4a711644aff28245c6c2c3452d66d325","name":"Joaquim Haickel","image":{"@type":"ImageObject","inLanguage":"pt-BR","@id":"https:\/\/www.blogsoestado.com\/joaquimhaickel\/#\/schema\/person\/image\/","url":"https:\/\/secure.gravatar.com\/avatar\/473d89339b9f8ec089adb8d5778363eb5a2ba2319956bcf0298bfd8cca04684a?s=96&d=mm&r=g","contentUrl":"https:\/\/secure.gravatar.com\/avatar\/473d89339b9f8ec089adb8d5778363eb5a2ba2319956bcf0298bfd8cca04684a?s=96&d=mm&r=g","caption":"Joaquim Haickel"},"url":"https:\/\/www.blogsoestado.com\/joaquimhaickel\/author\/joaquimhaickel\/"}]}},"jetpack_featured_media_url":"","_links":{"self":[{"href":"https:\/\/www.blogsoestado.com\/joaquimhaickel\/wp-json\/wp\/v2\/posts\/472","targetHints":{"allow":["GET"]}}],"collection":[{"href":"https:\/\/www.blogsoestado.com\/joaquimhaickel\/wp-json\/wp\/v2\/posts"}],"about":[{"href":"https:\/\/www.blogsoestado.com\/joaquimhaickel\/wp-json\/wp\/v2\/types\/post"}],"author":[{"embeddable":true,"href":"https:\/\/www.blogsoestado.com\/joaquimhaickel\/wp-json\/wp\/v2\/users\/7"}],"replies":[{"embeddable":true,"href":"https:\/\/www.blogsoestado.com\/joaquimhaickel\/wp-json\/wp\/v2\/comments?post=472"}],"version-history":[{"count":0,"href":"https:\/\/www.blogsoestado.com\/joaquimhaickel\/wp-json\/wp\/v2\/posts\/472\/revisions"}],"wp:attachment":[{"href":"https:\/\/www.blogsoestado.com\/joaquimhaickel\/wp-json\/wp\/v2\/media?parent=472"}],"wp:term":[{"taxonomy":"category","embeddable":true,"href":"https:\/\/www.blogsoestado.com\/joaquimhaickel\/wp-json\/wp\/v2\/categories?post=472"},{"taxonomy":"post_tag","embeddable":true,"href":"https:\/\/www.blogsoestado.com\/joaquimhaickel\/wp-json\/wp\/v2\/tags?post=472"}],"curies":[{"name":"wp","href":"https:\/\/api.w.org\/{rel}","templated":true}]}}