{"id":495,"date":"2009-12-06T09:58:29","date_gmt":"2009-12-06T11:58:29","guid":{"rendered":"https:\/\/www.blogsoestado.com\/joaquimhaickel\/?p=495"},"modified":"2009-12-06T09:58:29","modified_gmt":"2009-12-06T11:58:29","slug":"como-uma-musica","status":"publish","type":"post","link":"https:\/\/www.blogsoestado.com\/joaquimhaickel\/2009\/12\/06\/como-uma-musica\/","title":{"rendered":"Como uma m\u00fasica"},"content":{"rendered":"<p>S\u00e3o Lu\u00eds, 6 de dezembro de 2009<\/p>\n<p>Minha car\u00edssima amiga Roseana,<\/p>\n<p>O primeiro e principal motivo desta, \u00e9 apenas e t\u00e3o somente para reiterar algumas coisas que j\u00e1 tive oportunidade de dizer-lhe em outras ocasi\u00f5es e acho indispens\u00e1vel, que como seu amigo lhe diga mais uma vez.<\/p>\n<p>Sei que voc\u00ea gosta muito de m\u00fasica e se bem me lembro, aprecia especialmente as do Chico. Pois bem, quando me sentei para come\u00e7ar a escrever esse texto, tentei lembrar-me de uma m\u00fasica que poderia cantar pra voc\u00ea, para bem exemplificar o que eu gostaria de dizer, e a primeira m\u00fasica que me veio \u00e0 mente foi uma da lavra daquele seu \u00eddolo, que passo a transcrever alguns trechos: \u201c&#8230; Aqui na terra &#8216;t\u00e3o jogando futebol \/ Tem muito samba, muito choro e rock&#8217;n&#8217; roll \/ Uns dias chove, noutros dias bate sol \/ Mas o que eu quero \u00e9 lhe dizer que a coisa aqui t\u00e1 preta \/ Muita mutreta pra levar a situa\u00e7\u00e3o \/ Que a gente vai levando de teimoso e de pirra\u00e7a(&#8230;) Meu caro amigo eu n\u00e3o pretendo provocar \/ Nem ati\u00e7ar suas saudades \/ Mas acontece que n\u00e3o posso me furtar \/ A lhe contar as novidades(&#8230;) \u00c9 pirueta pra cavar o ganha-p\u00e3o \/ Que a gente vai cavando s\u00f3 de birra, s\u00f3 de sarro(&#8230;) Eu ando aflito pra fazer voc\u00ea ficar \/ A par de tudo que se passa(&#8230;) Muita careta pra engolir a transa\u00e7\u00e3o \/ E a gente t\u00e1 engolindo cada sapo no caminho \/ E a gente vai se amando que, tamb\u00e9m, sem um carinho \/ Ningu\u00e9m segura esse roj\u00e3o(&#8230;)\u201d<\/p>\n<p>Feita essa introdu\u00e7\u00e3o musical, passo a relatar os \u00faltimos acontecimentos, para que voc\u00ea possa ter uma pequena no\u00e7\u00e3o do que est\u00e1 se passando \u201caqui na terra\u201d.<\/p>\n<p>Em quase 28 anos de pol\u00edtica, tempo de sete mandatos, eu nunca havia perdido nenhum amigo ou correligion\u00e1rio. \u00c9 bem verdade que o ass\u00e9dio e o assalto eleitoral pelo qual passamos nos \u00faltimos seis anos inverteram a regra e tentaram subverter a l\u00f3gica das coisas \u201caqui na terra\u201d, mas agora essa subvers\u00e3o \u00e9 internacorpore, acontece nas nossas v\u00edsceras e devo lhe dizer que causa extremo desconforto.<\/p>\n<p>Tr\u00eas anos atr\u00e1s, quando de mais uma reelei\u00e7\u00e3o, fui privado do apoio efetivo de dois prefeitos, dirigentes de dois importantes munic\u00edpios onde atuo politicamente. O governo de ent\u00e3o bateu a suas portas oferecendo vantagens a seus munic\u00edpios que eles n\u00e3o poderiam recusar, sob pena de prejudicarem seus mun\u00edcipes. Entendi o que aconteceu, mas n\u00e3o aceitei e permaneci fazendo pol\u00edtica naqueles lugares, at\u00e9 porque, mesmo sem o apoio oficial, tenho trabalho que me credencia para buscar sozinho ou acompanhado de apenas umas poucas pessoas, o respaldo eleitoral de que preciso para continuar a realizar meu trabalho, que se encerrar\u00e1 apenas quando o s\u00e1bio e soberano povo de meu Estado assim resolver, e revogar a procura\u00e7\u00e3o que me outorgou pela primeira vez quando eu ainda era um jovem estudante de Direito, em 1982.<\/p>\n<p>Nos \u00faltimos tempos, sofri duas defec\u00e7\u00f5es que muito me abalaram e que me fizeram por um instante duvidar que fosse uma coisa boa continuar na pol\u00edtica. Um certo prefeito e uma certa l\u00edder pol\u00edtica resolveram que n\u00e3o mais iriam me apoiar, resolveram que melhor do que eu, um colega nosso, do mais alto gabarito e de grande compet\u00eancia, lhes representaria muito melhor do que eu. Acontece que se esse meu amigo, a quem realmente estimo, n\u00e3o fosse secret\u00e1rio do Governo, nem o prefeito, nem a l\u00edder pol\u00edtica, iriam procur\u00e1-lo para oferecer apoio. Isso s\u00f3 acontece, infelizmente, por causa do cargo que ele temporariamente ocupa e das vantagens que tal cargo pode oferecer. A culpa aqui \u00e9 muito menos do meu colega e muito mais dos pol\u00edticos, mas principalmente do sistema que se implantou de seis anos para c\u00e1 em nosso Estado. Que fique bem claro que isso n\u00e3o acontecia assim, dessa forma, acintosa, descarada, absurda, antes do governo Z\u00e9 Reinaldo. Que fique claro que isso \u00e9 artif\u00edcio de quem n\u00e3o tem condi\u00e7\u00e3o de se colocar ao julgamento popular sem o uso desses artif\u00edcios.<\/p>\n<p>O segundo e decisivo motivo que fez com que lhe escrevesse essa carta, foi o absurdo fato de eu ter perdido uma amiga de orkut. \u00c9, eu tenho um perfil no orkut! Perdi essa amiga pelo simples fato de eu ter ligado para a m\u00e3e dela, que vota comigo h\u00e1 12 anos, e ter comentado que haviam me dito que ela estaria pedindo votos para um outro candidato e ela me respondeu que estava fazendo isso porque este havia lhe dado um cargo comissionado no governo. Fiquei at\u00f4nito, sem saber o que dizer, pois que eu saiba, fui eu quem pleiteou junto ao Governo que ela ocupasse um cargo na administra\u00e7\u00e3o p\u00fablica. De uma hora para a outra parecia que algu\u00e9m era mais leg\u00edtimo do que eu junto \u00e0quela amiga, parecia que eu era o usurpador da hist\u00f3ria. A pessoa ficou furiosa comigo, o marido dela me ligou indignado e a filha me excluiu do orkut. Veja s\u00f3 como s\u00e3o as coisas!<\/p>\n<p>Bem, como j\u00e1 disse o poeta, \u201dA coisa aqui t\u00e1 preta&#8230;\u201d<\/p>\n<p>Sem mais para o momento,<\/p>\n<p>Reitero meus protestos de estima e considera\u00e7\u00e3o, reafirmando minha amizade, que se n\u00e3o \u00e9 estreita e pautada pelo conv\u00edvio di\u00e1rio, \u00e9 verdadeira e s\u00f3lida.<\/p>\n<p><strong>Joaquim Nagib Haickel<\/strong><br \/>\nDeputado Estadual, membro da Academia Maranhense de Letras e da Academia Imperatrizense de Letras<\/p>\n","protected":false},"excerpt":{"rendered":"<p>S\u00e3o Lu\u00eds, 6 de dezembro de 2009 Minha car\u00edssima amiga Roseana, O primeiro e principal motivo desta, \u00e9 apenas e [&hellip;]<\/p>\n","protected":false},"author":7,"featured_media":0,"comment_status":"open","ping_status":"open","sticky":false,"template":"","format":"standard","meta":{"site-sidebar-layout":"default","site-content-layout":"","ast-site-content-layout":"default","site-content-style":"default","site-sidebar-style":"default","ast-global-header-display":"","ast-banner-title-visibility":"","ast-main-header-display":"","ast-hfb-above-header-display":"","ast-hfb-below-header-display":"","ast-hfb-mobile-header-display":"","site-post-title":"","ast-breadcrumbs-content":"","ast-featured-img":"","footer-sml-layout":"","ast-disable-related-posts":"","theme-transparent-header-meta":"","adv-header-id-meta":"","stick-header-meta":"","header-above-stick-meta":"","header-main-stick-meta":"","header-below-stick-meta":"","astra-migrate-meta-layouts":"default","ast-page-background-enabled":"default","ast-page-background-meta":{"desktop":{"background-color":"var(--ast-global-color-5)","background-image":"","background-repeat":"repeat","background-position":"center center","background-size":"auto","background-attachment":"scroll","background-type":"","background-media":"","overlay-type":"","overlay-color":"","overlay-opacity":"","overlay-gradient":""},"tablet":{"background-color":"","background-image":"","background-repeat":"repeat","background-position":"center center","background-size":"auto","background-attachment":"scroll","background-type":"","background-media":"","overlay-type":"","overlay-color":"","overlay-opacity":"","overlay-gradient":""},"mobile":{"background-color":"","background-image":"","background-repeat":"repeat","background-position":"center center","background-size":"auto","background-attachment":"scroll","background-type":"","background-media":"","overlay-type":"","overlay-color":"","overlay-opacity":"","overlay-gradient":""}},"ast-content-background-meta":{"desktop":{"background-color":"var(--ast-global-color-4)","background-image":"","background-repeat":"repeat","background-position":"center center","background-size":"auto","background-attachment":"scroll","background-type":"","background-media":"","overlay-type":"","overlay-color":"","overlay-opacity":"","overlay-gradient":""},"tablet":{"background-color":"var(--ast-global-color-4)","background-image":"","background-repeat":"repeat","background-position":"center center","background-size":"auto","background-attachment":"scroll","background-type":"","background-media":"","overlay-type":"","overlay-color":"","overlay-opacity":"","overlay-gradient":""},"mobile":{"background-color":"var(--ast-global-color-4)","background-image":"","background-repeat":"repeat","background-position":"center center","background-size":"auto","background-attachment":"scroll","background-type":"","background-media":"","overlay-type":"","overlay-color":"","overlay-opacity":"","overlay-gradient":""}},"footnotes":""},"categories":[4],"tags":[],"class_list":["post-495","post","type-post","status-publish","format-standard","hentry","category-4"],"yoast_head":"<!-- This site is optimized with the Yoast SEO plugin v26.6 - https:\/\/yoast.com\/wordpress\/plugins\/seo\/ -->\n<title>Como uma m\u00fasica - Joaquim Haickel<\/title>\n<meta name=\"robots\" content=\"index, follow, max-snippet:-1, max-image-preview:large, max-video-preview:-1\" \/>\n<link rel=\"canonical\" href=\"https:\/\/www.blogsoestado.com\/joaquimhaickel\/2009\/12\/06\/como-uma-musica\/\" \/>\n<meta property=\"og:locale\" content=\"pt_BR\" \/>\n<meta property=\"og:type\" content=\"article\" \/>\n<meta property=\"og:title\" content=\"Como uma m\u00fasica - Joaquim Haickel\" \/>\n<meta property=\"og:description\" content=\"S\u00e3o Lu\u00eds, 6 de dezembro de 2009 Minha car\u00edssima amiga Roseana, O primeiro e principal motivo desta, \u00e9 apenas e [&hellip;]\" \/>\n<meta property=\"og:url\" content=\"https:\/\/www.blogsoestado.com\/joaquimhaickel\/2009\/12\/06\/como-uma-musica\/\" \/>\n<meta property=\"og:site_name\" content=\"Joaquim Haickel\" \/>\n<meta property=\"article:published_time\" content=\"2009-12-06T11:58:29+00:00\" \/>\n<meta name=\"author\" content=\"Joaquim Haickel\" \/>\n<meta name=\"twitter:card\" content=\"summary_large_image\" \/>\n<meta name=\"twitter:label1\" content=\"Escrito por\" \/>\n\t<meta name=\"twitter:data1\" content=\"Joaquim Haickel\" \/>\n\t<meta name=\"twitter:label2\" content=\"Est. tempo de leitura\" \/>\n\t<meta name=\"twitter:data2\" content=\"5 minutos\" \/>\n<script type=\"application\/ld+json\" class=\"yoast-schema-graph\">{\"@context\":\"https:\/\/schema.org\",\"@graph\":[{\"@type\":\"WebPage\",\"@id\":\"https:\/\/www.blogsoestado.com\/joaquimhaickel\/2009\/12\/06\/como-uma-musica\/\",\"url\":\"https:\/\/www.blogsoestado.com\/joaquimhaickel\/2009\/12\/06\/como-uma-musica\/\",\"name\":\"Como uma m\u00fasica - Joaquim Haickel\",\"isPartOf\":{\"@id\":\"https:\/\/www.blogsoestado.com\/joaquimhaickel\/#website\"},\"datePublished\":\"2009-12-06T11:58:29+00:00\",\"author\":{\"@id\":\"https:\/\/www.blogsoestado.com\/joaquimhaickel\/#\/schema\/person\/4a711644aff28245c6c2c3452d66d325\"},\"breadcrumb\":{\"@id\":\"https:\/\/www.blogsoestado.com\/joaquimhaickel\/2009\/12\/06\/como-uma-musica\/#breadcrumb\"},\"inLanguage\":\"pt-BR\",\"potentialAction\":[{\"@type\":\"ReadAction\",\"target\":[\"https:\/\/www.blogsoestado.com\/joaquimhaickel\/2009\/12\/06\/como-uma-musica\/\"]}]},{\"@type\":\"BreadcrumbList\",\"@id\":\"https:\/\/www.blogsoestado.com\/joaquimhaickel\/2009\/12\/06\/como-uma-musica\/#breadcrumb\",\"itemListElement\":[{\"@type\":\"ListItem\",\"position\":1,\"name\":\"In\u00edcio\",\"item\":\"https:\/\/www.blogsoestado.com\/joaquimhaickel\/\"},{\"@type\":\"ListItem\",\"position\":2,\"name\":\"Como uma m\u00fasica\"}]},{\"@type\":\"WebSite\",\"@id\":\"https:\/\/www.blogsoestado.com\/joaquimhaickel\/#website\",\"url\":\"https:\/\/www.blogsoestado.com\/joaquimhaickel\/\",\"name\":\"Joaquim Haickel\",\"description\":\"\",\"potentialAction\":[{\"@type\":\"SearchAction\",\"target\":{\"@type\":\"EntryPoint\",\"urlTemplate\":\"https:\/\/www.blogsoestado.com\/joaquimhaickel\/?s={search_term_string}\"},\"query-input\":{\"@type\":\"PropertyValueSpecification\",\"valueRequired\":true,\"valueName\":\"search_term_string\"}}],\"inLanguage\":\"pt-BR\"},{\"@type\":\"Person\",\"@id\":\"https:\/\/www.blogsoestado.com\/joaquimhaickel\/#\/schema\/person\/4a711644aff28245c6c2c3452d66d325\",\"name\":\"Joaquim Haickel\",\"image\":{\"@type\":\"ImageObject\",\"inLanguage\":\"pt-BR\",\"@id\":\"https:\/\/www.blogsoestado.com\/joaquimhaickel\/#\/schema\/person\/image\/\",\"url\":\"https:\/\/secure.gravatar.com\/avatar\/473d89339b9f8ec089adb8d5778363eb5a2ba2319956bcf0298bfd8cca04684a?s=96&d=mm&r=g\",\"contentUrl\":\"https:\/\/secure.gravatar.com\/avatar\/473d89339b9f8ec089adb8d5778363eb5a2ba2319956bcf0298bfd8cca04684a?s=96&d=mm&r=g\",\"caption\":\"Joaquim Haickel\"},\"url\":\"https:\/\/www.blogsoestado.com\/joaquimhaickel\/author\/joaquimhaickel\/\"}]}<\/script>\n<!-- \/ Yoast SEO plugin. -->","yoast_head_json":{"title":"Como uma m\u00fasica - Joaquim Haickel","robots":{"index":"index","follow":"follow","max-snippet":"max-snippet:-1","max-image-preview":"max-image-preview:large","max-video-preview":"max-video-preview:-1"},"canonical":"https:\/\/www.blogsoestado.com\/joaquimhaickel\/2009\/12\/06\/como-uma-musica\/","og_locale":"pt_BR","og_type":"article","og_title":"Como uma m\u00fasica - Joaquim Haickel","og_description":"S\u00e3o Lu\u00eds, 6 de dezembro de 2009 Minha car\u00edssima amiga Roseana, O primeiro e principal motivo desta, \u00e9 apenas e [&hellip;]","og_url":"https:\/\/www.blogsoestado.com\/joaquimhaickel\/2009\/12\/06\/como-uma-musica\/","og_site_name":"Joaquim Haickel","article_published_time":"2009-12-06T11:58:29+00:00","author":"Joaquim Haickel","twitter_card":"summary_large_image","twitter_misc":{"Escrito por":"Joaquim Haickel","Est. tempo de leitura":"5 minutos"},"schema":{"@context":"https:\/\/schema.org","@graph":[{"@type":"WebPage","@id":"https:\/\/www.blogsoestado.com\/joaquimhaickel\/2009\/12\/06\/como-uma-musica\/","url":"https:\/\/www.blogsoestado.com\/joaquimhaickel\/2009\/12\/06\/como-uma-musica\/","name":"Como uma m\u00fasica - Joaquim Haickel","isPartOf":{"@id":"https:\/\/www.blogsoestado.com\/joaquimhaickel\/#website"},"datePublished":"2009-12-06T11:58:29+00:00","author":{"@id":"https:\/\/www.blogsoestado.com\/joaquimhaickel\/#\/schema\/person\/4a711644aff28245c6c2c3452d66d325"},"breadcrumb":{"@id":"https:\/\/www.blogsoestado.com\/joaquimhaickel\/2009\/12\/06\/como-uma-musica\/#breadcrumb"},"inLanguage":"pt-BR","potentialAction":[{"@type":"ReadAction","target":["https:\/\/www.blogsoestado.com\/joaquimhaickel\/2009\/12\/06\/como-uma-musica\/"]}]},{"@type":"BreadcrumbList","@id":"https:\/\/www.blogsoestado.com\/joaquimhaickel\/2009\/12\/06\/como-uma-musica\/#breadcrumb","itemListElement":[{"@type":"ListItem","position":1,"name":"In\u00edcio","item":"https:\/\/www.blogsoestado.com\/joaquimhaickel\/"},{"@type":"ListItem","position":2,"name":"Como uma m\u00fasica"}]},{"@type":"WebSite","@id":"https:\/\/www.blogsoestado.com\/joaquimhaickel\/#website","url":"https:\/\/www.blogsoestado.com\/joaquimhaickel\/","name":"Joaquim Haickel","description":"","potentialAction":[{"@type":"SearchAction","target":{"@type":"EntryPoint","urlTemplate":"https:\/\/www.blogsoestado.com\/joaquimhaickel\/?s={search_term_string}"},"query-input":{"@type":"PropertyValueSpecification","valueRequired":true,"valueName":"search_term_string"}}],"inLanguage":"pt-BR"},{"@type":"Person","@id":"https:\/\/www.blogsoestado.com\/joaquimhaickel\/#\/schema\/person\/4a711644aff28245c6c2c3452d66d325","name":"Joaquim Haickel","image":{"@type":"ImageObject","inLanguage":"pt-BR","@id":"https:\/\/www.blogsoestado.com\/joaquimhaickel\/#\/schema\/person\/image\/","url":"https:\/\/secure.gravatar.com\/avatar\/473d89339b9f8ec089adb8d5778363eb5a2ba2319956bcf0298bfd8cca04684a?s=96&d=mm&r=g","contentUrl":"https:\/\/secure.gravatar.com\/avatar\/473d89339b9f8ec089adb8d5778363eb5a2ba2319956bcf0298bfd8cca04684a?s=96&d=mm&r=g","caption":"Joaquim Haickel"},"url":"https:\/\/www.blogsoestado.com\/joaquimhaickel\/author\/joaquimhaickel\/"}]}},"jetpack_featured_media_url":"","_links":{"self":[{"href":"https:\/\/www.blogsoestado.com\/joaquimhaickel\/wp-json\/wp\/v2\/posts\/495","targetHints":{"allow":["GET"]}}],"collection":[{"href":"https:\/\/www.blogsoestado.com\/joaquimhaickel\/wp-json\/wp\/v2\/posts"}],"about":[{"href":"https:\/\/www.blogsoestado.com\/joaquimhaickel\/wp-json\/wp\/v2\/types\/post"}],"author":[{"embeddable":true,"href":"https:\/\/www.blogsoestado.com\/joaquimhaickel\/wp-json\/wp\/v2\/users\/7"}],"replies":[{"embeddable":true,"href":"https:\/\/www.blogsoestado.com\/joaquimhaickel\/wp-json\/wp\/v2\/comments?post=495"}],"version-history":[{"count":0,"href":"https:\/\/www.blogsoestado.com\/joaquimhaickel\/wp-json\/wp\/v2\/posts\/495\/revisions"}],"wp:attachment":[{"href":"https:\/\/www.blogsoestado.com\/joaquimhaickel\/wp-json\/wp\/v2\/media?parent=495"}],"wp:term":[{"taxonomy":"category","embeddable":true,"href":"https:\/\/www.blogsoestado.com\/joaquimhaickel\/wp-json\/wp\/v2\/categories?post=495"},{"taxonomy":"post_tag","embeddable":true,"href":"https:\/\/www.blogsoestado.com\/joaquimhaickel\/wp-json\/wp\/v2\/tags?post=495"}],"curies":[{"name":"wp","href":"https:\/\/api.w.org\/{rel}","templated":true}]}}