{"id":497,"date":"2009-12-09T11:27:35","date_gmt":"2009-12-09T13:27:35","guid":{"rendered":"https:\/\/www.blogsoestado.com\/joaquimhaickel\/?p=497"},"modified":"2009-12-09T11:27:35","modified_gmt":"2009-12-09T13:27:35","slug":"visoes-jornalisticas-de-um-discurso","status":"publish","type":"post","link":"https:\/\/www.blogsoestado.com\/joaquimhaickel\/2009\/12\/09\/visoes-jornalisticas-de-um-discurso\/","title":{"rendered":"Vis\u00f5es jornal\u00edsticas de um discurso"},"content":{"rendered":"<p>Abaixo reproduzo dois textos extra\u00eddos do site da Assembleia Legislativa do Maranh\u00e3o.<\/p>\n<p>Os textos dizem respeito ao mesmo fato, um discurso do Deputado Marcelo Tavares onde ele tenta se defender das contra do Deputado Carlos Alberto Milhomem, que por sua vez respondia ao Deputado Edivaldo Holanda.<\/p>\n<p>Marcelo evoca o artigo escrito por mim e publicado no JEM e aqui neste Blog no \u00faltimo domingo, e finalmente a minha fala ao final da sess\u00e3o, tentando colocar as coisas em seus devidos lugares- coisa dif\u00edcil.<\/p>\n<p>Vejam como o fato \u00e9 abordado de formas t\u00e3o diferentes pelos jornalistas que relatam o referido fato e suas conseq\u00fc\u00eancias e tire suas conclus\u00f5es.<\/p>\n<h3>Marcelo Tavares comenta artigo de Haickel endere\u00e7ado a Roseana Sarney<\/h3>\n<p>Lenno Edroaldo<br \/>\nAg\u00eancia Assembleia\u00a0<\/p>\n<p>O presidente Marcelo Tavares (PSB) fez uma an\u00e1lise sobre o artigo \u201cMinha car\u00edssima amiga Roseana\u201d, escrito pelo deputado Joaquim Nagib Haickel (PMDB) e publicado no \u00faltimo domingo pelo jornal \u201cO Estado do Maranh\u00e3o\u201d, onde o parlamentar alerta a governadora sobre o clima pol\u00edtico existente em v\u00e1rios munic\u00edpios.<\/p>\n<p>Tavares destacou a suposta iniciativa de seu colega de plen\u00e1rio em fazer uma cr\u00edtica saud\u00e1vel ao governo e sobre a atua\u00e7\u00e3o de alguns secret\u00e1rios de estado. \u201cO deputado Joaquim escreveu que \u2018nunca tinha perdido aliados, mas que agora est\u00e1 perdendo\u2019, e esses aliados n\u00e3o devem ter sido trocados por causa de samba e futebol, deve ter sido pelas mutretas, deputado Carlos Alberto Milhomem, e mutreta deve ser farra de conv\u00eanio\u201d.<\/p>\n<p>Mais adiante, Marcelo Tavares citou o trecho do artigo em que Haickel disse estar perdendo aliados. \u201cO decisivo motivo que fez com que ele escrevesse essa carta foi o absurdo de ele ter perdido uma amiga de Orkut. Diz ele que \u2018essa amiga, pelo simples fato de eu ter ligado para a m\u00e3e que vota comigo h\u00e1 12 anos e ter comentado que haviam me dito que estaria pedindo votos para outro deputado, candidato, e ela me respondeu que estava fazendo isso, porque este havia lhe dado um cargo comissionado no governo, fiquei at\u00f4nito\u2019. Est\u00e3o trocando cargo por voto; no governo\u201d, criticou o presidente.<\/p>\n<p>Marcelo Tavares encerrou seu pronunciamento refor\u00e7ando as cr\u00edticas e deixando uma indaga\u00e7\u00e3o para as duas bancadas existentes na Assembleia. \u201cDiz o Deputado Joaquim, que no governo de vossa excel\u00eancia tem muita mutreta e gente dando pirueta. E a\u00ed, eu posso dizer indignado: qual \u00e9 o discurso que resta para a oposi\u00e7\u00e3o se at\u00e9 nosso discurso nos roubam. Qual \u00e9 o discurso que nos resta?\u201d<\/p>\n<h3>Joaquim Haickel explica artigo de autoria dele sobre o governo Roseana<\/h3>\n<p>Waldirene Oliveira<br \/>\nAg\u00eancia Assembleia\u00a0<\/p>\n<p>O deputado Joaquim Haickel (PMDB) ressaltou na sess\u00e3o desta segunda-feira (7) ter a certeza de que vale muito mais ser um parlamentar do governo, com cr\u00edticas, com a consci\u00eancia do que deve ser feito, do que um oposicionista que simplesmente joga pedras. \u201cApenas alertei \u00e0 governadora Roseana Sarney que a coisa est\u00e1 preta, mas n\u00e3o como na \u00e9poca de Jos\u00e9 Reinaldo ou Jackson Lago. Os l\u00edderes da oposi\u00e7\u00e3o procuram atacar o atual governo se esquecendo dos sete anos de vacas gord\u00edssimas que no governo anterior eles puderam experimentar\u201d, enfatizou ele, ao referir-se ao artigo de sua autoria, publicado domingo em um jornal local.<\/p>\n<p>\u201cO deputado Marcelo (Tavares) foca no que v\u00ea para tentar acertar no que n\u00e3o v\u00ea. O que ele leu foi a letra de uma m\u00fasica do grande Chico Buarque de Holanda, mas n\u00e3o precisa ouvir Chico para saber que a coisa aqui est\u00e1 preta j\u00e1 fazem sete anos\u201d, acrescentou.<\/p>\n<p>Ainda referindo-se ao artigo, Joaquim Haickel disse que \u201co ass\u00e9dio e o assalto eleitoral registrados nos \u00faltimos seis anos no Maranh\u00e3o inverteram a l\u00f3gica, e que perdeu o apoio de prefeitos aliados seus na \u00faltima campanha que disputou porque o governo de ent\u00e3o lhes ofereceu vantagens que n\u00e3o poderiam recusar, sob pena de prejudicar seus mun\u00edcipes\u201d.<\/p>\n<p>\u201cIsso \u00e9 o que faz um pol\u00edtico que tem consci\u00eancia do que est\u00e1 acontecendo, e n\u00e3o tem medo de dizer o que acredita. Apenas alertei a governadora de que a coisa est\u00e1 preta porque o nosso grupo pol\u00edtico, as pessoas que ora ocupam algumas secretarias est\u00e3o atuando de maneira indevida. Estamos num tempo de falar as verdades, mas n\u00e3o as verdades c\u00f4modas ditas pela oposi\u00e7\u00e3o, pelo deputado Edivaldo Holanda, que sobe \u00e0 tribuna com uma facilidade incr\u00edvel de manipular as palavras e n\u00e3o v\u00ea o pr\u00f3prio umbigo\u201d, enfatizou.<\/p>\n<p>Joaquim Haickel acrescentou que Edivaldo Holanda n\u00e3o observa que era l\u00edder de um governo completamente corrupto e que o deputado Marcelo Tavares, um pouco mais focado, procura atacar o atual governo se esquecendo dos sete anos dos ex-governadores Jos\u00e9 Reinaldo e Jackson Lago. \u201c\u00c9 muito mais importante um parlamentar com a minha postura no Governo do que na oposi\u00e7\u00e3o. O governo precisa muito mais de uma voz como a minha dentro das suas fileiras, porque do outro lado da fronteira bater \u00e9 muito melhor, muito mais bonito e muito mais popular\u201d, ressaltou o parlamentar.<\/p>\n","protected":false},"excerpt":{"rendered":"<p>Abaixo reproduzo dois textos extra\u00eddos do site da Assembleia Legislativa do Maranh\u00e3o. Os textos dizem respeito ao mesmo fato, um [&hellip;]<\/p>\n","protected":false},"author":7,"featured_media":0,"comment_status":"open","ping_status":"open","sticky":false,"template":"","format":"standard","meta":{"site-sidebar-layout":"default","site-content-layout":"","ast-site-content-layout":"default","site-content-style":"default","site-sidebar-style":"default","ast-global-header-display":"","ast-banner-title-visibility":"","ast-main-header-display":"","ast-hfb-above-header-display":"","ast-hfb-below-header-display":"","ast-hfb-mobile-header-display":"","site-post-title":"","ast-breadcrumbs-content":"","ast-featured-img":"","footer-sml-layout":"","ast-disable-related-posts":"","theme-transparent-header-meta":"","adv-header-id-meta":"","stick-header-meta":"","header-above-stick-meta":"","header-main-stick-meta":"","header-below-stick-meta":"","astra-migrate-meta-layouts":"default","ast-page-background-enabled":"default","ast-page-background-meta":{"desktop":{"background-color":"var(--ast-global-color-5)","background-image":"","background-repeat":"repeat","background-position":"center center","background-size":"auto","background-attachment":"scroll","background-type":"","background-media":"","overlay-type":"","overlay-color":"","overlay-opacity":"","overlay-gradient":""},"tablet":{"background-color":"","background-image":"","background-repeat":"repeat","background-position":"center center","background-size":"auto","background-attachment":"scroll","background-type":"","background-media":"","overlay-type":"","overlay-color":"","overlay-opacity":"","overlay-gradient":""},"mobile":{"background-color":"","background-image":"","background-repeat":"repeat","background-position":"center center","background-size":"auto","background-attachment":"scroll","background-type":"","background-media":"","overlay-type":"","overlay-color":"","overlay-opacity":"","overlay-gradient":""}},"ast-content-background-meta":{"desktop":{"background-color":"var(--ast-global-color-4)","background-image":"","background-repeat":"repeat","background-position":"center center","background-size":"auto","background-attachment":"scroll","background-type":"","background-media":"","overlay-type":"","overlay-color":"","overlay-opacity":"","overlay-gradient":""},"tablet":{"background-color":"var(--ast-global-color-4)","background-image":"","background-repeat":"repeat","background-position":"center center","background-size":"auto","background-attachment":"scroll","background-type":"","background-media":"","overlay-type":"","overlay-color":"","overlay-opacity":"","overlay-gradient":""},"mobile":{"background-color":"var(--ast-global-color-4)","background-image":"","background-repeat":"repeat","background-position":"center center","background-size":"auto","background-attachment":"scroll","background-type":"","background-media":"","overlay-type":"","overlay-color":"","overlay-opacity":"","overlay-gradient":""}},"footnotes":""},"categories":[4],"tags":[],"class_list":["post-497","post","type-post","status-publish","format-standard","hentry","category-4"],"yoast_head":"<!-- This site is optimized with the Yoast SEO plugin v26.6 - https:\/\/yoast.com\/wordpress\/plugins\/seo\/ -->\n<title>Vis\u00f5es jornal\u00edsticas de um discurso - Joaquim Haickel<\/title>\n<meta name=\"robots\" content=\"index, follow, max-snippet:-1, max-image-preview:large, max-video-preview:-1\" \/>\n<link rel=\"canonical\" href=\"https:\/\/www.blogsoestado.com\/joaquimhaickel\/2009\/12\/09\/visoes-jornalisticas-de-um-discurso\/\" \/>\n<meta property=\"og:locale\" content=\"pt_BR\" \/>\n<meta property=\"og:type\" content=\"article\" \/>\n<meta property=\"og:title\" content=\"Vis\u00f5es jornal\u00edsticas de um discurso - Joaquim Haickel\" \/>\n<meta property=\"og:description\" content=\"Abaixo reproduzo dois textos extra\u00eddos do site da Assembleia Legislativa do Maranh\u00e3o. Os textos dizem respeito ao mesmo fato, um [&hellip;]\" \/>\n<meta property=\"og:url\" content=\"https:\/\/www.blogsoestado.com\/joaquimhaickel\/2009\/12\/09\/visoes-jornalisticas-de-um-discurso\/\" \/>\n<meta property=\"og:site_name\" content=\"Joaquim Haickel\" \/>\n<meta property=\"article:published_time\" content=\"2009-12-09T13:27:35+00:00\" \/>\n<meta name=\"author\" content=\"Joaquim Haickel\" \/>\n<meta name=\"twitter:card\" content=\"summary_large_image\" \/>\n<meta name=\"twitter:label1\" content=\"Escrito por\" \/>\n\t<meta name=\"twitter:data1\" content=\"Joaquim Haickel\" \/>\n\t<meta name=\"twitter:label2\" content=\"Est. tempo de leitura\" \/>\n\t<meta name=\"twitter:data2\" content=\"4 minutos\" \/>\n<script type=\"application\/ld+json\" class=\"yoast-schema-graph\">{\"@context\":\"https:\/\/schema.org\",\"@graph\":[{\"@type\":\"WebPage\",\"@id\":\"https:\/\/www.blogsoestado.com\/joaquimhaickel\/2009\/12\/09\/visoes-jornalisticas-de-um-discurso\/\",\"url\":\"https:\/\/www.blogsoestado.com\/joaquimhaickel\/2009\/12\/09\/visoes-jornalisticas-de-um-discurso\/\",\"name\":\"Vis\u00f5es jornal\u00edsticas de um discurso - Joaquim Haickel\",\"isPartOf\":{\"@id\":\"https:\/\/www.blogsoestado.com\/joaquimhaickel\/#website\"},\"datePublished\":\"2009-12-09T13:27:35+00:00\",\"author\":{\"@id\":\"https:\/\/www.blogsoestado.com\/joaquimhaickel\/#\/schema\/person\/4a711644aff28245c6c2c3452d66d325\"},\"breadcrumb\":{\"@id\":\"https:\/\/www.blogsoestado.com\/joaquimhaickel\/2009\/12\/09\/visoes-jornalisticas-de-um-discurso\/#breadcrumb\"},\"inLanguage\":\"pt-BR\",\"potentialAction\":[{\"@type\":\"ReadAction\",\"target\":[\"https:\/\/www.blogsoestado.com\/joaquimhaickel\/2009\/12\/09\/visoes-jornalisticas-de-um-discurso\/\"]}]},{\"@type\":\"BreadcrumbList\",\"@id\":\"https:\/\/www.blogsoestado.com\/joaquimhaickel\/2009\/12\/09\/visoes-jornalisticas-de-um-discurso\/#breadcrumb\",\"itemListElement\":[{\"@type\":\"ListItem\",\"position\":1,\"name\":\"In\u00edcio\",\"item\":\"https:\/\/www.blogsoestado.com\/joaquimhaickel\/\"},{\"@type\":\"ListItem\",\"position\":2,\"name\":\"Vis\u00f5es jornal\u00edsticas de um discurso\"}]},{\"@type\":\"WebSite\",\"@id\":\"https:\/\/www.blogsoestado.com\/joaquimhaickel\/#website\",\"url\":\"https:\/\/www.blogsoestado.com\/joaquimhaickel\/\",\"name\":\"Joaquim Haickel\",\"description\":\"\",\"potentialAction\":[{\"@type\":\"SearchAction\",\"target\":{\"@type\":\"EntryPoint\",\"urlTemplate\":\"https:\/\/www.blogsoestado.com\/joaquimhaickel\/?s={search_term_string}\"},\"query-input\":{\"@type\":\"PropertyValueSpecification\",\"valueRequired\":true,\"valueName\":\"search_term_string\"}}],\"inLanguage\":\"pt-BR\"},{\"@type\":\"Person\",\"@id\":\"https:\/\/www.blogsoestado.com\/joaquimhaickel\/#\/schema\/person\/4a711644aff28245c6c2c3452d66d325\",\"name\":\"Joaquim Haickel\",\"image\":{\"@type\":\"ImageObject\",\"inLanguage\":\"pt-BR\",\"@id\":\"https:\/\/www.blogsoestado.com\/joaquimhaickel\/#\/schema\/person\/image\/\",\"url\":\"https:\/\/secure.gravatar.com\/avatar\/473d89339b9f8ec089adb8d5778363eb5a2ba2319956bcf0298bfd8cca04684a?s=96&d=mm&r=g\",\"contentUrl\":\"https:\/\/secure.gravatar.com\/avatar\/473d89339b9f8ec089adb8d5778363eb5a2ba2319956bcf0298bfd8cca04684a?s=96&d=mm&r=g\",\"caption\":\"Joaquim Haickel\"},\"url\":\"https:\/\/www.blogsoestado.com\/joaquimhaickel\/author\/joaquimhaickel\/\"}]}<\/script>\n<!-- \/ Yoast SEO plugin. -->","yoast_head_json":{"title":"Vis\u00f5es jornal\u00edsticas de um discurso - Joaquim Haickel","robots":{"index":"index","follow":"follow","max-snippet":"max-snippet:-1","max-image-preview":"max-image-preview:large","max-video-preview":"max-video-preview:-1"},"canonical":"https:\/\/www.blogsoestado.com\/joaquimhaickel\/2009\/12\/09\/visoes-jornalisticas-de-um-discurso\/","og_locale":"pt_BR","og_type":"article","og_title":"Vis\u00f5es jornal\u00edsticas de um discurso - Joaquim Haickel","og_description":"Abaixo reproduzo dois textos extra\u00eddos do site da Assembleia Legislativa do Maranh\u00e3o. Os textos dizem respeito ao mesmo fato, um [&hellip;]","og_url":"https:\/\/www.blogsoestado.com\/joaquimhaickel\/2009\/12\/09\/visoes-jornalisticas-de-um-discurso\/","og_site_name":"Joaquim Haickel","article_published_time":"2009-12-09T13:27:35+00:00","author":"Joaquim Haickel","twitter_card":"summary_large_image","twitter_misc":{"Escrito por":"Joaquim Haickel","Est. tempo de leitura":"4 minutos"},"schema":{"@context":"https:\/\/schema.org","@graph":[{"@type":"WebPage","@id":"https:\/\/www.blogsoestado.com\/joaquimhaickel\/2009\/12\/09\/visoes-jornalisticas-de-um-discurso\/","url":"https:\/\/www.blogsoestado.com\/joaquimhaickel\/2009\/12\/09\/visoes-jornalisticas-de-um-discurso\/","name":"Vis\u00f5es jornal\u00edsticas de um discurso - Joaquim Haickel","isPartOf":{"@id":"https:\/\/www.blogsoestado.com\/joaquimhaickel\/#website"},"datePublished":"2009-12-09T13:27:35+00:00","author":{"@id":"https:\/\/www.blogsoestado.com\/joaquimhaickel\/#\/schema\/person\/4a711644aff28245c6c2c3452d66d325"},"breadcrumb":{"@id":"https:\/\/www.blogsoestado.com\/joaquimhaickel\/2009\/12\/09\/visoes-jornalisticas-de-um-discurso\/#breadcrumb"},"inLanguage":"pt-BR","potentialAction":[{"@type":"ReadAction","target":["https:\/\/www.blogsoestado.com\/joaquimhaickel\/2009\/12\/09\/visoes-jornalisticas-de-um-discurso\/"]}]},{"@type":"BreadcrumbList","@id":"https:\/\/www.blogsoestado.com\/joaquimhaickel\/2009\/12\/09\/visoes-jornalisticas-de-um-discurso\/#breadcrumb","itemListElement":[{"@type":"ListItem","position":1,"name":"In\u00edcio","item":"https:\/\/www.blogsoestado.com\/joaquimhaickel\/"},{"@type":"ListItem","position":2,"name":"Vis\u00f5es jornal\u00edsticas de um discurso"}]},{"@type":"WebSite","@id":"https:\/\/www.blogsoestado.com\/joaquimhaickel\/#website","url":"https:\/\/www.blogsoestado.com\/joaquimhaickel\/","name":"Joaquim Haickel","description":"","potentialAction":[{"@type":"SearchAction","target":{"@type":"EntryPoint","urlTemplate":"https:\/\/www.blogsoestado.com\/joaquimhaickel\/?s={search_term_string}"},"query-input":{"@type":"PropertyValueSpecification","valueRequired":true,"valueName":"search_term_string"}}],"inLanguage":"pt-BR"},{"@type":"Person","@id":"https:\/\/www.blogsoestado.com\/joaquimhaickel\/#\/schema\/person\/4a711644aff28245c6c2c3452d66d325","name":"Joaquim Haickel","image":{"@type":"ImageObject","inLanguage":"pt-BR","@id":"https:\/\/www.blogsoestado.com\/joaquimhaickel\/#\/schema\/person\/image\/","url":"https:\/\/secure.gravatar.com\/avatar\/473d89339b9f8ec089adb8d5778363eb5a2ba2319956bcf0298bfd8cca04684a?s=96&d=mm&r=g","contentUrl":"https:\/\/secure.gravatar.com\/avatar\/473d89339b9f8ec089adb8d5778363eb5a2ba2319956bcf0298bfd8cca04684a?s=96&d=mm&r=g","caption":"Joaquim Haickel"},"url":"https:\/\/www.blogsoestado.com\/joaquimhaickel\/author\/joaquimhaickel\/"}]}},"jetpack_featured_media_url":"","_links":{"self":[{"href":"https:\/\/www.blogsoestado.com\/joaquimhaickel\/wp-json\/wp\/v2\/posts\/497","targetHints":{"allow":["GET"]}}],"collection":[{"href":"https:\/\/www.blogsoestado.com\/joaquimhaickel\/wp-json\/wp\/v2\/posts"}],"about":[{"href":"https:\/\/www.blogsoestado.com\/joaquimhaickel\/wp-json\/wp\/v2\/types\/post"}],"author":[{"embeddable":true,"href":"https:\/\/www.blogsoestado.com\/joaquimhaickel\/wp-json\/wp\/v2\/users\/7"}],"replies":[{"embeddable":true,"href":"https:\/\/www.blogsoestado.com\/joaquimhaickel\/wp-json\/wp\/v2\/comments?post=497"}],"version-history":[{"count":0,"href":"https:\/\/www.blogsoestado.com\/joaquimhaickel\/wp-json\/wp\/v2\/posts\/497\/revisions"}],"wp:attachment":[{"href":"https:\/\/www.blogsoestado.com\/joaquimhaickel\/wp-json\/wp\/v2\/media?parent=497"}],"wp:term":[{"taxonomy":"category","embeddable":true,"href":"https:\/\/www.blogsoestado.com\/joaquimhaickel\/wp-json\/wp\/v2\/categories?post=497"},{"taxonomy":"post_tag","embeddable":true,"href":"https:\/\/www.blogsoestado.com\/joaquimhaickel\/wp-json\/wp\/v2\/tags?post=497"}],"curies":[{"name":"wp","href":"https:\/\/api.w.org\/{rel}","templated":true}]}}