{"id":512,"date":"2009-12-20T09:56:42","date_gmt":"2009-12-20T11:56:42","guid":{"rendered":"https:\/\/www.blogsoestado.com\/joaquimhaickel\/?p=512"},"modified":"2009-12-20T09:56:42","modified_gmt":"2009-12-20T11:56:42","slug":"coisas-pra-nao-esquecer","status":"publish","type":"post","link":"https:\/\/www.blogsoestado.com\/joaquimhaickel\/2009\/12\/20\/coisas-pra-nao-esquecer\/","title":{"rendered":"Coisas pra n\u00e3o esquecer"},"content":{"rendered":"<p>Se vivo fosse meu pai completaria ontem, 19 de dezembro, 76 anos de uma vida que acabou por ser curta em tempo, mas longa em intensidade e realiza\u00e7\u00f5es.<\/p>\n<p>Nagib\u00e3o morreu em meio a um desfile de 7 de setembro de 1993, meses antes de completar 60 anos, no auge de sua vida p\u00fablica, quando era presidente da Assembl\u00e9ia Legislativa do Maranh\u00e3o.<\/p>\n<p>Alguns anos atr\u00e1s eu desafiei meu amigo e professor, hoje meu confrade na AML, Sebasti\u00e3o Moreira Duarte para, junto comigo escrever a biografia de meu pai. Ele, \u00e9 claro, faria a parte mais dif\u00edcil, a pesquisa, e eu colocaria os floreios, os fatos pitorescos da vida daquele que gostava de ser chamado de \u201ccaboclo do vale do Pindar\u00e9, acostumado a comer tapi\u00e1ca e mandub\u00e9\u201d.<\/p>\n<p>Meu pai era filho de Elias e Maria Haickel, dois primos que vieram para o Brasil para fugir das priva\u00e7\u00f5es de um L\u00edbano rec\u00e9m-nascido, mas sob o julgo franc\u00eas e brit\u00e2nico.<\/p>\n<p>Meus av\u00f3s vieram de Zahle, como quase todos os libaneses do Maranh\u00e3o e meu pai s\u00f3 n\u00e3o era um liban\u00eas leg\u00edtimo porque nasceu \u00e0s portas do Engenho Central da Companhia Progresso Agr\u00edcola, \u00e0s margens do rio \u201canzol\u201d, Pindar\u00e9, em tupi-guarani, ent\u00e3o munic\u00edpio de S\u00e3o Pedro.<\/p>\n<p>Sebasti\u00e3o come\u00e7ou a fazer a pesquisa, conversou com muitos dos amigos, contempor\u00e2neos e at\u00e9 advers\u00e1rios de meu pai, mas chegou num ponto em que empacou. \u00c9 que Sebasti\u00e3o, mix de xeique mul\u00e7umano, rabino judeu, bispo anglicano, acende uma vela para um trabalho, uma lamparina para outro, um petromax para um terceiro e ainda pede uma ajudinha da Cemar para iluminar as importantes publica\u00e7\u00f5es que coordena para o Instituto Geia.<\/p>\n<p>Ele faz tanta coisa ao mesmo tempo, que seu \u00faltimo trabalho, que dever\u00e1 ser realizado com a ajuda do n\u00e3o menos talentoso jornalista Itevaldo J\u00fanior, no qual mostrar\u00e1 a vida de um homem incomum de nossa hist\u00f3ria contempor\u00e2nea, o ex-deputado Rubens Pereira, dever\u00e1 ser conclu\u00eddo antes da biografia de meu pai. Por isso quero aproveitar a oportunidade para sugerir ao mestre Basti\u00e3o que convoquemos mais dois soldados para essa batalha, o mesmo Itevaldo e o nosso confrade Benedito Buzar, mem\u00f3ria viva de seu tempo. Acho que n\u00f3s quatro daremos conta, a contento, de colocar no papel o que fez Nagib Haickel enquanto por aqui esteve.<\/p>\n<p>Por falar no que fez Nagib Haickel, agora h\u00e1 pouco me lembrei de uma de suas sacadas fenomenais. Est\u00e1vamos de f\u00e9rias no s\u00edtio que t\u00ednhamos no ent\u00e3o long\u00ednquo Angelim, onde hoje \u00e9 toda aquela imensa \u00e1rea do Residencial Pinheiros.<\/p>\n<p>Para chegarmos l\u00e1, nos idos de 1969, era uma verdadeira viagem. Pass\u00e1vamos por riachos paradis\u00edacos onde piabinhas voavam na \u00e1gua cristalina. O cheiro de manga, caj\u00fa, goiaba e tangerina, invadia pelas narinas nossas almas, enquanto pelos olhos \u00e9ramos invadidos pela luz do sol refletida primeiro nas nuvens, depois da chuva fina, e em seguida pelas copas das \u00e1rvores, que balan\u00e7avam ao vento matinal. Numa daquelas tardes, meu pai, depois de uma de nossas partidas de futebol, em um campinho feito de areia tirada do rio que t\u00ednhamos no s\u00edtio, foi tomar banho em um enorme chuveiro que ele mandara fazer especialmente para sentir como se estivesse na chuva.<\/p>\n<p>Ele observou que dona Nazar\u00e9 estava lavando as panelas usadas no almo\u00e7o, abaixo do dique que ele constru\u00edra para represar o rio e transform\u00e1-lo em uma piscina para nosso maior deleite. Ele ficou olhando para ela por uns 30 segundos, im\u00f3vel, como quase nunca fazia. De repente ele me gritou: \u201cPai!\u201d- era eu &#8211; \u201cvai l\u00e1 onde dona Nazar\u00e9 e pede para ela me emprestar uma de suas panelas, enche de areia bem fininha e limpa e traz aqui pra mim\u201d.<\/p>\n<p>Eu fui feito uma bala, sem saber pra que ele queria aquilo, mas fui. Trabalho feito, eu fiquei olhando para meu pai, observando o que faria. Ele sentou-se no tronco que ele mandara colocar pr\u00f3ximo ao chuveiro, para que pudesse se ensaboar mais confortavelmente, pegou a panela cheia de areia e enterrou o sabonete Ph\u00eabo que usava dentro dela, fazendo assim o primeiro sabonete com esfoliante da hist\u00f3ria. Pelo menos da minha hist\u00f3ria.<\/p>\n<p>Meu pai era assim. Come\u00e7ou a trabalhar aos 13 anos; Inventou entre n\u00f3s a loja aberta 24 horas por dia, a Meru\u00f3ca sem porta; pintou todos os postes de energia da cidade com o nome de sua empresa; comprou todos os telefones de uma das expans\u00f5es da Telma para o bairro do Olho D\u2019\u00e1gua, e todas as garrafas de cerveja e refrigerantes \u00e0 venda na cidade. Quem quisesse telefones ou cascos de vidro teria que comprar dele; desafiou o poderoso monop\u00f3lio de cimento de Jo\u00e3o Santos trazendo da Venezuela um navio carregado dessa mercadoria; foi o primeiro pol\u00edtico a reconhecer o poder da radiodifus\u00e3o, com seu programa A Voz do Vale do Pindar\u00e9 e o poder do futebol, quando na presid\u00eancia do Moto Clube levou o Pap\u00e3o do Norte pela primeira vez para o campeonato brasileiro; n\u00e3o pichava as paredes da cidade com propaganda pol\u00edtica, pichava o ch\u00e3o, e justificava, \u201cdaqui a um m\u00eas os pneus dos \u00f4nibus e dos carros j\u00e1 apagaram tudo\u201d.<\/p>\n<p>Meu pai era assim e nem daqui a um s\u00e9culo sua lembran\u00e7a ser\u00e1 apagada, pois vira e mexe escuto algu\u00e9m contar uma de suas hist\u00f3rias.<\/p>\n","protected":false},"excerpt":{"rendered":"<p>Se vivo fosse meu pai completaria ontem, 19 de dezembro, 76 anos de uma vida que acabou por ser curta [&hellip;]<\/p>\n","protected":false},"author":7,"featured_media":0,"comment_status":"open","ping_status":"open","sticky":false,"template":"","format":"standard","meta":{"site-sidebar-layout":"default","site-content-layout":"","ast-site-content-layout":"default","site-content-style":"default","site-sidebar-style":"default","ast-global-header-display":"","ast-banner-title-visibility":"","ast-main-header-display":"","ast-hfb-above-header-display":"","ast-hfb-below-header-display":"","ast-hfb-mobile-header-display":"","site-post-title":"","ast-breadcrumbs-content":"","ast-featured-img":"","footer-sml-layout":"","ast-disable-related-posts":"","theme-transparent-header-meta":"","adv-header-id-meta":"","stick-header-meta":"","header-above-stick-meta":"","header-main-stick-meta":"","header-below-stick-meta":"","astra-migrate-meta-layouts":"default","ast-page-background-enabled":"default","ast-page-background-meta":{"desktop":{"background-color":"var(--ast-global-color-5)","background-image":"","background-repeat":"repeat","background-position":"center center","background-size":"auto","background-attachment":"scroll","background-type":"","background-media":"","overlay-type":"","overlay-color":"","overlay-opacity":"","overlay-gradient":""},"tablet":{"background-color":"","background-image":"","background-repeat":"repeat","background-position":"center center","background-size":"auto","background-attachment":"scroll","background-type":"","background-media":"","overlay-type":"","overlay-color":"","overlay-opacity":"","overlay-gradient":""},"mobile":{"background-color":"","background-image":"","background-repeat":"repeat","background-position":"center center","background-size":"auto","background-attachment":"scroll","background-type":"","background-media":"","overlay-type":"","overlay-color":"","overlay-opacity":"","overlay-gradient":""}},"ast-content-background-meta":{"desktop":{"background-color":"var(--ast-global-color-4)","background-image":"","background-repeat":"repeat","background-position":"center center","background-size":"auto","background-attachment":"scroll","background-type":"","background-media":"","overlay-type":"","overlay-color":"","overlay-opacity":"","overlay-gradient":""},"tablet":{"background-color":"var(--ast-global-color-4)","background-image":"","background-repeat":"repeat","background-position":"center center","background-size":"auto","background-attachment":"scroll","background-type":"","background-media":"","overlay-type":"","overlay-color":"","overlay-opacity":"","overlay-gradient":""},"mobile":{"background-color":"var(--ast-global-color-4)","background-image":"","background-repeat":"repeat","background-position":"center center","background-size":"auto","background-attachment":"scroll","background-type":"","background-media":"","overlay-type":"","overlay-color":"","overlay-opacity":"","overlay-gradient":""}},"footnotes":""},"categories":[4],"tags":[],"class_list":["post-512","post","type-post","status-publish","format-standard","hentry","category-4"],"yoast_head":"<!-- This site is optimized with the Yoast SEO plugin v26.6 - https:\/\/yoast.com\/wordpress\/plugins\/seo\/ -->\n<title>Coisas pra n\u00e3o esquecer - Joaquim Haickel<\/title>\n<meta name=\"robots\" content=\"index, follow, max-snippet:-1, max-image-preview:large, max-video-preview:-1\" \/>\n<link rel=\"canonical\" href=\"https:\/\/www.blogsoestado.com\/joaquimhaickel\/2009\/12\/20\/coisas-pra-nao-esquecer\/\" \/>\n<meta property=\"og:locale\" content=\"pt_BR\" \/>\n<meta property=\"og:type\" content=\"article\" \/>\n<meta property=\"og:title\" content=\"Coisas pra n\u00e3o esquecer - Joaquim Haickel\" \/>\n<meta property=\"og:description\" content=\"Se vivo fosse meu pai completaria ontem, 19 de dezembro, 76 anos de uma vida que acabou por ser curta [&hellip;]\" \/>\n<meta property=\"og:url\" content=\"https:\/\/www.blogsoestado.com\/joaquimhaickel\/2009\/12\/20\/coisas-pra-nao-esquecer\/\" \/>\n<meta property=\"og:site_name\" content=\"Joaquim Haickel\" \/>\n<meta property=\"article:published_time\" content=\"2009-12-20T11:56:42+00:00\" \/>\n<meta name=\"author\" content=\"Joaquim Haickel\" \/>\n<meta name=\"twitter:card\" content=\"summary_large_image\" \/>\n<meta name=\"twitter:label1\" content=\"Escrito por\" \/>\n\t<meta name=\"twitter:data1\" content=\"Joaquim Haickel\" \/>\n\t<meta name=\"twitter:label2\" content=\"Est. tempo de leitura\" \/>\n\t<meta name=\"twitter:data2\" content=\"5 minutos\" \/>\n<script type=\"application\/ld+json\" class=\"yoast-schema-graph\">{\"@context\":\"https:\/\/schema.org\",\"@graph\":[{\"@type\":\"WebPage\",\"@id\":\"https:\/\/www.blogsoestado.com\/joaquimhaickel\/2009\/12\/20\/coisas-pra-nao-esquecer\/\",\"url\":\"https:\/\/www.blogsoestado.com\/joaquimhaickel\/2009\/12\/20\/coisas-pra-nao-esquecer\/\",\"name\":\"Coisas pra n\u00e3o esquecer - Joaquim Haickel\",\"isPartOf\":{\"@id\":\"https:\/\/www.blogsoestado.com\/joaquimhaickel\/#website\"},\"datePublished\":\"2009-12-20T11:56:42+00:00\",\"author\":{\"@id\":\"https:\/\/www.blogsoestado.com\/joaquimhaickel\/#\/schema\/person\/4a711644aff28245c6c2c3452d66d325\"},\"breadcrumb\":{\"@id\":\"https:\/\/www.blogsoestado.com\/joaquimhaickel\/2009\/12\/20\/coisas-pra-nao-esquecer\/#breadcrumb\"},\"inLanguage\":\"pt-BR\",\"potentialAction\":[{\"@type\":\"ReadAction\",\"target\":[\"https:\/\/www.blogsoestado.com\/joaquimhaickel\/2009\/12\/20\/coisas-pra-nao-esquecer\/\"]}]},{\"@type\":\"BreadcrumbList\",\"@id\":\"https:\/\/www.blogsoestado.com\/joaquimhaickel\/2009\/12\/20\/coisas-pra-nao-esquecer\/#breadcrumb\",\"itemListElement\":[{\"@type\":\"ListItem\",\"position\":1,\"name\":\"In\u00edcio\",\"item\":\"https:\/\/www.blogsoestado.com\/joaquimhaickel\/\"},{\"@type\":\"ListItem\",\"position\":2,\"name\":\"Coisas pra n\u00e3o esquecer\"}]},{\"@type\":\"WebSite\",\"@id\":\"https:\/\/www.blogsoestado.com\/joaquimhaickel\/#website\",\"url\":\"https:\/\/www.blogsoestado.com\/joaquimhaickel\/\",\"name\":\"Joaquim Haickel\",\"description\":\"\",\"potentialAction\":[{\"@type\":\"SearchAction\",\"target\":{\"@type\":\"EntryPoint\",\"urlTemplate\":\"https:\/\/www.blogsoestado.com\/joaquimhaickel\/?s={search_term_string}\"},\"query-input\":{\"@type\":\"PropertyValueSpecification\",\"valueRequired\":true,\"valueName\":\"search_term_string\"}}],\"inLanguage\":\"pt-BR\"},{\"@type\":\"Person\",\"@id\":\"https:\/\/www.blogsoestado.com\/joaquimhaickel\/#\/schema\/person\/4a711644aff28245c6c2c3452d66d325\",\"name\":\"Joaquim Haickel\",\"image\":{\"@type\":\"ImageObject\",\"inLanguage\":\"pt-BR\",\"@id\":\"https:\/\/www.blogsoestado.com\/joaquimhaickel\/#\/schema\/person\/image\/\",\"url\":\"https:\/\/secure.gravatar.com\/avatar\/473d89339b9f8ec089adb8d5778363eb5a2ba2319956bcf0298bfd8cca04684a?s=96&d=mm&r=g\",\"contentUrl\":\"https:\/\/secure.gravatar.com\/avatar\/473d89339b9f8ec089adb8d5778363eb5a2ba2319956bcf0298bfd8cca04684a?s=96&d=mm&r=g\",\"caption\":\"Joaquim Haickel\"},\"url\":\"https:\/\/www.blogsoestado.com\/joaquimhaickel\/author\/joaquimhaickel\/\"}]}<\/script>\n<!-- \/ Yoast SEO plugin. -->","yoast_head_json":{"title":"Coisas pra n\u00e3o esquecer - Joaquim Haickel","robots":{"index":"index","follow":"follow","max-snippet":"max-snippet:-1","max-image-preview":"max-image-preview:large","max-video-preview":"max-video-preview:-1"},"canonical":"https:\/\/www.blogsoestado.com\/joaquimhaickel\/2009\/12\/20\/coisas-pra-nao-esquecer\/","og_locale":"pt_BR","og_type":"article","og_title":"Coisas pra n\u00e3o esquecer - Joaquim Haickel","og_description":"Se vivo fosse meu pai completaria ontem, 19 de dezembro, 76 anos de uma vida que acabou por ser curta [&hellip;]","og_url":"https:\/\/www.blogsoestado.com\/joaquimhaickel\/2009\/12\/20\/coisas-pra-nao-esquecer\/","og_site_name":"Joaquim Haickel","article_published_time":"2009-12-20T11:56:42+00:00","author":"Joaquim Haickel","twitter_card":"summary_large_image","twitter_misc":{"Escrito por":"Joaquim Haickel","Est. tempo de leitura":"5 minutos"},"schema":{"@context":"https:\/\/schema.org","@graph":[{"@type":"WebPage","@id":"https:\/\/www.blogsoestado.com\/joaquimhaickel\/2009\/12\/20\/coisas-pra-nao-esquecer\/","url":"https:\/\/www.blogsoestado.com\/joaquimhaickel\/2009\/12\/20\/coisas-pra-nao-esquecer\/","name":"Coisas pra n\u00e3o esquecer - Joaquim Haickel","isPartOf":{"@id":"https:\/\/www.blogsoestado.com\/joaquimhaickel\/#website"},"datePublished":"2009-12-20T11:56:42+00:00","author":{"@id":"https:\/\/www.blogsoestado.com\/joaquimhaickel\/#\/schema\/person\/4a711644aff28245c6c2c3452d66d325"},"breadcrumb":{"@id":"https:\/\/www.blogsoestado.com\/joaquimhaickel\/2009\/12\/20\/coisas-pra-nao-esquecer\/#breadcrumb"},"inLanguage":"pt-BR","potentialAction":[{"@type":"ReadAction","target":["https:\/\/www.blogsoestado.com\/joaquimhaickel\/2009\/12\/20\/coisas-pra-nao-esquecer\/"]}]},{"@type":"BreadcrumbList","@id":"https:\/\/www.blogsoestado.com\/joaquimhaickel\/2009\/12\/20\/coisas-pra-nao-esquecer\/#breadcrumb","itemListElement":[{"@type":"ListItem","position":1,"name":"In\u00edcio","item":"https:\/\/www.blogsoestado.com\/joaquimhaickel\/"},{"@type":"ListItem","position":2,"name":"Coisas pra n\u00e3o esquecer"}]},{"@type":"WebSite","@id":"https:\/\/www.blogsoestado.com\/joaquimhaickel\/#website","url":"https:\/\/www.blogsoestado.com\/joaquimhaickel\/","name":"Joaquim Haickel","description":"","potentialAction":[{"@type":"SearchAction","target":{"@type":"EntryPoint","urlTemplate":"https:\/\/www.blogsoestado.com\/joaquimhaickel\/?s={search_term_string}"},"query-input":{"@type":"PropertyValueSpecification","valueRequired":true,"valueName":"search_term_string"}}],"inLanguage":"pt-BR"},{"@type":"Person","@id":"https:\/\/www.blogsoestado.com\/joaquimhaickel\/#\/schema\/person\/4a711644aff28245c6c2c3452d66d325","name":"Joaquim Haickel","image":{"@type":"ImageObject","inLanguage":"pt-BR","@id":"https:\/\/www.blogsoestado.com\/joaquimhaickel\/#\/schema\/person\/image\/","url":"https:\/\/secure.gravatar.com\/avatar\/473d89339b9f8ec089adb8d5778363eb5a2ba2319956bcf0298bfd8cca04684a?s=96&d=mm&r=g","contentUrl":"https:\/\/secure.gravatar.com\/avatar\/473d89339b9f8ec089adb8d5778363eb5a2ba2319956bcf0298bfd8cca04684a?s=96&d=mm&r=g","caption":"Joaquim Haickel"},"url":"https:\/\/www.blogsoestado.com\/joaquimhaickel\/author\/joaquimhaickel\/"}]}},"jetpack_featured_media_url":"","_links":{"self":[{"href":"https:\/\/www.blogsoestado.com\/joaquimhaickel\/wp-json\/wp\/v2\/posts\/512","targetHints":{"allow":["GET"]}}],"collection":[{"href":"https:\/\/www.blogsoestado.com\/joaquimhaickel\/wp-json\/wp\/v2\/posts"}],"about":[{"href":"https:\/\/www.blogsoestado.com\/joaquimhaickel\/wp-json\/wp\/v2\/types\/post"}],"author":[{"embeddable":true,"href":"https:\/\/www.blogsoestado.com\/joaquimhaickel\/wp-json\/wp\/v2\/users\/7"}],"replies":[{"embeddable":true,"href":"https:\/\/www.blogsoestado.com\/joaquimhaickel\/wp-json\/wp\/v2\/comments?post=512"}],"version-history":[{"count":0,"href":"https:\/\/www.blogsoestado.com\/joaquimhaickel\/wp-json\/wp\/v2\/posts\/512\/revisions"}],"wp:attachment":[{"href":"https:\/\/www.blogsoestado.com\/joaquimhaickel\/wp-json\/wp\/v2\/media?parent=512"}],"wp:term":[{"taxonomy":"category","embeddable":true,"href":"https:\/\/www.blogsoestado.com\/joaquimhaickel\/wp-json\/wp\/v2\/categories?post=512"},{"taxonomy":"post_tag","embeddable":true,"href":"https:\/\/www.blogsoestado.com\/joaquimhaickel\/wp-json\/wp\/v2\/tags?post=512"}],"curies":[{"name":"wp","href":"https:\/\/api.w.org\/{rel}","templated":true}]}}