{"id":532,"date":"2010-01-31T08:51:32","date_gmt":"2010-01-31T10:51:32","guid":{"rendered":"https:\/\/www.blogsoestado.com\/joaquimhaickel\/?p=532"},"modified":"2010-01-31T08:51:32","modified_gmt":"2010-01-31T10:51:32","slug":"em-fase-de-sublimacao","status":"publish","type":"post","link":"https:\/\/www.blogsoestado.com\/joaquimhaickel\/2010\/01\/31\/em-fase-de-sublimacao\/","title":{"rendered":"Em fase de sublima\u00e7\u00e3o."},"content":{"rendered":"<p>Muito cedo descobri que em algum lugar em meu c\u00e9rebro havia um dispositivo que fazia com que eu n\u00e3o agisse de determinada maneira, que me censurava, e que fazia com que eu simplesmente redirecionasse minhas energias para outras coisas, fazia com que pensasse, idealizasse, sonhasse, vivenciasse, mas n\u00e3o fizesse, n\u00e3o realizasse aquele intento previamente censurado, e ainda assim essa tal engrenagem fazia com que eu sentisse o prazer advindo daquela energia, fazia com que eu conseguisse sentir prazer como se tivesse realizado meu intento primordial. Foi assim que comecei a escrever muito cedo, foi assim que busquei os esportes, foi assim que me apaixonei pelo cinema. Hoje vejo que foi tamb\u00e9m assim que optei pela pol\u00edtica.<\/p>\n<p>Depois descobri que em algumas circunst\u00e2ncias isso tamb\u00e9m servia de adiamento, procrastina\u00e7\u00e3o, matura\u00e7\u00e3o e at\u00e9, de certa forma como planejamento de algo que eu desejava realizar e que, atrav\u00e9s daquele instinto poderoso, eu apenas treinava para quando chegasse a hora de colocar em pr\u00e1tica. Talvez por isso, tudo em minha vida tenha acontecido de forma mais arrumada, mais planejada e natural.<\/p>\n<p>Muito tempo depois de conhecer tal sintoma, de identificar com precis\u00e3o suas circunst\u00e2ncias, seus efeitos e at\u00e9 algumas formas correlatas e an\u00e1logas de seu desenvolvimento em minha vida, lendo sobre psicologia, descobri tecnicamente, cientificamente, do que se tratava.<\/p>\n<p>A palavra usada para designar tal fun\u00e7\u00e3o de nosso inconsciente, para nomear esse nosso instinto \u00e9 t\u00e3o esclarecedora que n\u00e3o precisa de maiores aprofundamentos para seu entendimento. Trata-se da sublima\u00e7\u00e3o, que em qu\u00edmica significa mudan\u00e7a do estado s\u00f3lido para o estado gasoso ou vice-versa, sem passar pelo estado l\u00edquido. Palavra que no dicion\u00e1rio est\u00e1 assim descrita: Sublima\u00e7\u00e3o &#8211; 1. Tornar sublime; purificar, enaltecer, exaltar. 2. Tr. dir. Elevar \u00e0 maior perfei\u00e7\u00e3o. 3. Pron. Tornar-se sublime; enaltecer-se, engrandecer&#8230;<\/p>\n<p>No \u00e2mbito da psican\u00e1lise, esse fen\u00f4meno, a sublima\u00e7\u00e3o, \u00e9 o processo inconsciente que consiste em desviar a energia da libido para novos objetos, de car\u00e1ter \u00fatil. Mecanismo de defesa do eu, atrav\u00e9s do qual alguns impulsos, desviados de seu objeto primitivo, s\u00e3o integrados na personalidade que os investe em objetos equivalentes de valor social. Segundo Freud sublima\u00e7\u00e3o \u00e9 a fonte da nossa cultura. S\u00f3 produzimos arte, ci\u00eancia e tudo o mais porque deixamos nossa energia canalizada para isso, porque n\u00e3o podemos ou pelo menos n\u00e3o devemos sair por ai matando, roubando, mentindo&#8230;<\/p>\n<p>Em suma, sublimar um desejo, uma a\u00e7\u00e3o, \u00e9 por uma atitude consciente ou semi-consciente, deixar de realizar esse desejo, mas sentir-se como se o tivesse realizado.<\/p>\n<p>Estou passando por uma fase dessas em minha veia art\u00edstica. Tenho sublimado muitas id\u00e9ias, tenho armazenado energia para uma realiza\u00e7\u00e3o que ainda n\u00e3o consigo identificar, mas sei que ela est\u00e1 por aqui em algum lugar, dentro de minha cabe\u00e7a, rondando, espreitando, esperando uma oportunidade.<\/p>\n<p>A coisa \u00e9 t\u00e3o s\u00e9ria que comecei a fazer uma lista de id\u00e9ias de poemas, cr\u00f4nicas, contos, roteiros ou mesmo de algumas mudan\u00e7as neles. S\u00f3 para citar alguns: H\u00e1 pelo menos tr\u00eas anos venho observando que com freq\u00fc\u00eancia tenho engolido a letra \u201cE\u201d quando estou escrevendo. \u00c9 como se o \u201cE\u201d n\u00e3o existisse, principalmente em alguns casos. Por exemplo, acabei de voltar a linha anterior para colocar o segundo e o terceiro \u201cE\u201d na palavra escrevendo, pois meus dedos guiados por meu c\u00e9rebro os eliminaram. D\u00e1 um bom ensaio n\u00e3o acham?<\/p>\n<p>Tenho comigo, desde a primeira vez \u2013 devia ter doze anos \u2013 em que assisti ao filme Sans\u00e3o e Dalila, com Victor Mature e Hedy Lamarr, a tese de que a for\u00e7a de Sans\u00e3o jamais esteve em seus cabelos, mas sim em seu amor, da mesma maneira que sua fraqueza n\u00e3o consistia em simplesmente ser careca, mas sim na decep\u00e7\u00e3o pela trai\u00e7\u00e3o de sua amada.<\/p>\n<p>Tenho sentido muita vontade de falar sobre o que aconteceu e continua acontecendo no Haiti. Preciso dizer o que penso e o que sinto sobre a segunda funda\u00e7\u00e3o do estado maranhense, agora com essa nova arrancada para o progresso.<\/p>\n<p>Da mesma forma tenho sentido muita vontade de escrever sobre alguns amigos meus, pessoas de quem gosto, com quem tenho afinidades, que s\u00e3o caras para mim como Paulo Nagem, Antonio Carlos Barbosa, Fernando Sarney e Edinho Lob\u00e3o que s\u00e3o quase como irm\u00e3os. Paulo Coelho, Celso Borges, \u00c9rico Junqueira Ayres e Roberto Kenard, de quem sinto tanta falta (deles e do tempo em que \u00e9ramos muito, muito felizes). Heloisa Collins amiga para sempre. Cristina Tavares meu primeiro amor verdadeiro. De Ivana Farias com quem aprendi muito do que sei e com quem fiz minha melhor hist\u00f3ria: Laila.<\/p>\n<p>E queria falar tamb\u00e9m de outros amigos: Nelson Frota, esp\u00e9cie de primo mais velho, precoce. Falar de Gon\u00e7alvinho e da inveja boa que tenho de sua compet\u00eancia e do orgulho que sinto de sua simplicidade prestativa; De Benjamim Alves de quem nem sou t\u00e3o intimo, mas que consegue ser t\u00e3o elegante que me sensibiliza. Falar de Zeca Br\u00e1s que vota em mim h\u00e1 vinte e oito anos, e principalmente de H\u00e9lio Sales, um pequeno amigo em estatura f\u00edsica, pois mede pouco mais de um metro de altura, mas que \u00e9 um gigante em lealdade, que mesmo em meio \u00e0 trai\u00e7\u00e3o da qual fui v\u00edtima no munic\u00edpio de Pio XII, ele me ligou e disse que n\u00e3o deixaria de me apoiar, pois via em mim uma boa pessoa e o melhor deputado para lhe representar.<\/p>\n<p>Bem, um dia desses, quando passar essa fase de sublima\u00e7\u00e3o, vamos falar de todos esses assuntos. Por enquanto, sublimemos.<\/p>\n","protected":false},"excerpt":{"rendered":"<p>Muito cedo descobri que em algum lugar em meu c\u00e9rebro havia um dispositivo que fazia com que eu n\u00e3o agisse [&hellip;]<\/p>\n","protected":false},"author":7,"featured_media":0,"comment_status":"open","ping_status":"open","sticky":false,"template":"","format":"standard","meta":{"site-sidebar-layout":"default","site-content-layout":"","ast-site-content-layout":"default","site-content-style":"default","site-sidebar-style":"default","ast-global-header-display":"","ast-banner-title-visibility":"","ast-main-header-display":"","ast-hfb-above-header-display":"","ast-hfb-below-header-display":"","ast-hfb-mobile-header-display":"","site-post-title":"","ast-breadcrumbs-content":"","ast-featured-img":"","footer-sml-layout":"","ast-disable-related-posts":"","theme-transparent-header-meta":"","adv-header-id-meta":"","stick-header-meta":"","header-above-stick-meta":"","header-main-stick-meta":"","header-below-stick-meta":"","astra-migrate-meta-layouts":"default","ast-page-background-enabled":"default","ast-page-background-meta":{"desktop":{"background-color":"var(--ast-global-color-5)","background-image":"","background-repeat":"repeat","background-position":"center center","background-size":"auto","background-attachment":"scroll","background-type":"","background-media":"","overlay-type":"","overlay-color":"","overlay-opacity":"","overlay-gradient":""},"tablet":{"background-color":"","background-image":"","background-repeat":"repeat","background-position":"center center","background-size":"auto","background-attachment":"scroll","background-type":"","background-media":"","overlay-type":"","overlay-color":"","overlay-opacity":"","overlay-gradient":""},"mobile":{"background-color":"","background-image":"","background-repeat":"repeat","background-position":"center center","background-size":"auto","background-attachment":"scroll","background-type":"","background-media":"","overlay-type":"","overlay-color":"","overlay-opacity":"","overlay-gradient":""}},"ast-content-background-meta":{"desktop":{"background-color":"var(--ast-global-color-4)","background-image":"","background-repeat":"repeat","background-position":"center center","background-size":"auto","background-attachment":"scroll","background-type":"","background-media":"","overlay-type":"","overlay-color":"","overlay-opacity":"","overlay-gradient":""},"tablet":{"background-color":"var(--ast-global-color-4)","background-image":"","background-repeat":"repeat","background-position":"center center","background-size":"auto","background-attachment":"scroll","background-type":"","background-media":"","overlay-type":"","overlay-color":"","overlay-opacity":"","overlay-gradient":""},"mobile":{"background-color":"var(--ast-global-color-4)","background-image":"","background-repeat":"repeat","background-position":"center center","background-size":"auto","background-attachment":"scroll","background-type":"","background-media":"","overlay-type":"","overlay-color":"","overlay-opacity":"","overlay-gradient":""}},"footnotes":""},"categories":[4],"tags":[],"class_list":["post-532","post","type-post","status-publish","format-standard","hentry","category-4"],"yoast_head":"<!-- This site is optimized with the Yoast SEO plugin v26.6 - https:\/\/yoast.com\/wordpress\/plugins\/seo\/ -->\n<title>Em fase de sublima\u00e7\u00e3o. - Joaquim Haickel<\/title>\n<meta name=\"robots\" content=\"index, follow, max-snippet:-1, max-image-preview:large, max-video-preview:-1\" \/>\n<link rel=\"canonical\" href=\"https:\/\/www.blogsoestado.com\/joaquimhaickel\/2010\/01\/31\/em-fase-de-sublimacao\/\" \/>\n<meta property=\"og:locale\" content=\"pt_BR\" \/>\n<meta property=\"og:type\" content=\"article\" \/>\n<meta property=\"og:title\" content=\"Em fase de sublima\u00e7\u00e3o. - Joaquim Haickel\" \/>\n<meta property=\"og:description\" content=\"Muito cedo descobri que em algum lugar em meu c\u00e9rebro havia um dispositivo que fazia com que eu n\u00e3o agisse [&hellip;]\" \/>\n<meta property=\"og:url\" content=\"https:\/\/www.blogsoestado.com\/joaquimhaickel\/2010\/01\/31\/em-fase-de-sublimacao\/\" \/>\n<meta property=\"og:site_name\" content=\"Joaquim Haickel\" \/>\n<meta property=\"article:published_time\" content=\"2010-01-31T10:51:32+00:00\" \/>\n<meta name=\"author\" content=\"Joaquim Haickel\" \/>\n<meta name=\"twitter:card\" content=\"summary_large_image\" \/>\n<meta name=\"twitter:label1\" content=\"Escrito por\" \/>\n\t<meta name=\"twitter:data1\" content=\"Joaquim Haickel\" \/>\n\t<meta name=\"twitter:label2\" content=\"Est. tempo de leitura\" \/>\n\t<meta name=\"twitter:data2\" content=\"5 minutos\" \/>\n<script type=\"application\/ld+json\" class=\"yoast-schema-graph\">{\"@context\":\"https:\/\/schema.org\",\"@graph\":[{\"@type\":\"WebPage\",\"@id\":\"https:\/\/www.blogsoestado.com\/joaquimhaickel\/2010\/01\/31\/em-fase-de-sublimacao\/\",\"url\":\"https:\/\/www.blogsoestado.com\/joaquimhaickel\/2010\/01\/31\/em-fase-de-sublimacao\/\",\"name\":\"Em fase de sublima\u00e7\u00e3o. - Joaquim Haickel\",\"isPartOf\":{\"@id\":\"https:\/\/www.blogsoestado.com\/joaquimhaickel\/#website\"},\"datePublished\":\"2010-01-31T10:51:32+00:00\",\"author\":{\"@id\":\"https:\/\/www.blogsoestado.com\/joaquimhaickel\/#\/schema\/person\/4a711644aff28245c6c2c3452d66d325\"},\"breadcrumb\":{\"@id\":\"https:\/\/www.blogsoestado.com\/joaquimhaickel\/2010\/01\/31\/em-fase-de-sublimacao\/#breadcrumb\"},\"inLanguage\":\"pt-BR\",\"potentialAction\":[{\"@type\":\"ReadAction\",\"target\":[\"https:\/\/www.blogsoestado.com\/joaquimhaickel\/2010\/01\/31\/em-fase-de-sublimacao\/\"]}]},{\"@type\":\"BreadcrumbList\",\"@id\":\"https:\/\/www.blogsoestado.com\/joaquimhaickel\/2010\/01\/31\/em-fase-de-sublimacao\/#breadcrumb\",\"itemListElement\":[{\"@type\":\"ListItem\",\"position\":1,\"name\":\"In\u00edcio\",\"item\":\"https:\/\/www.blogsoestado.com\/joaquimhaickel\/\"},{\"@type\":\"ListItem\",\"position\":2,\"name\":\"Em fase de sublima\u00e7\u00e3o.\"}]},{\"@type\":\"WebSite\",\"@id\":\"https:\/\/www.blogsoestado.com\/joaquimhaickel\/#website\",\"url\":\"https:\/\/www.blogsoestado.com\/joaquimhaickel\/\",\"name\":\"Joaquim Haickel\",\"description\":\"\",\"potentialAction\":[{\"@type\":\"SearchAction\",\"target\":{\"@type\":\"EntryPoint\",\"urlTemplate\":\"https:\/\/www.blogsoestado.com\/joaquimhaickel\/?s={search_term_string}\"},\"query-input\":{\"@type\":\"PropertyValueSpecification\",\"valueRequired\":true,\"valueName\":\"search_term_string\"}}],\"inLanguage\":\"pt-BR\"},{\"@type\":\"Person\",\"@id\":\"https:\/\/www.blogsoestado.com\/joaquimhaickel\/#\/schema\/person\/4a711644aff28245c6c2c3452d66d325\",\"name\":\"Joaquim Haickel\",\"image\":{\"@type\":\"ImageObject\",\"inLanguage\":\"pt-BR\",\"@id\":\"https:\/\/www.blogsoestado.com\/joaquimhaickel\/#\/schema\/person\/image\/\",\"url\":\"https:\/\/secure.gravatar.com\/avatar\/473d89339b9f8ec089adb8d5778363eb5a2ba2319956bcf0298bfd8cca04684a?s=96&d=mm&r=g\",\"contentUrl\":\"https:\/\/secure.gravatar.com\/avatar\/473d89339b9f8ec089adb8d5778363eb5a2ba2319956bcf0298bfd8cca04684a?s=96&d=mm&r=g\",\"caption\":\"Joaquim Haickel\"},\"url\":\"https:\/\/www.blogsoestado.com\/joaquimhaickel\/author\/joaquimhaickel\/\"}]}<\/script>\n<!-- \/ Yoast SEO plugin. -->","yoast_head_json":{"title":"Em fase de sublima\u00e7\u00e3o. - Joaquim Haickel","robots":{"index":"index","follow":"follow","max-snippet":"max-snippet:-1","max-image-preview":"max-image-preview:large","max-video-preview":"max-video-preview:-1"},"canonical":"https:\/\/www.blogsoestado.com\/joaquimhaickel\/2010\/01\/31\/em-fase-de-sublimacao\/","og_locale":"pt_BR","og_type":"article","og_title":"Em fase de sublima\u00e7\u00e3o. - Joaquim Haickel","og_description":"Muito cedo descobri que em algum lugar em meu c\u00e9rebro havia um dispositivo que fazia com que eu n\u00e3o agisse [&hellip;]","og_url":"https:\/\/www.blogsoestado.com\/joaquimhaickel\/2010\/01\/31\/em-fase-de-sublimacao\/","og_site_name":"Joaquim Haickel","article_published_time":"2010-01-31T10:51:32+00:00","author":"Joaquim Haickel","twitter_card":"summary_large_image","twitter_misc":{"Escrito por":"Joaquim Haickel","Est. tempo de leitura":"5 minutos"},"schema":{"@context":"https:\/\/schema.org","@graph":[{"@type":"WebPage","@id":"https:\/\/www.blogsoestado.com\/joaquimhaickel\/2010\/01\/31\/em-fase-de-sublimacao\/","url":"https:\/\/www.blogsoestado.com\/joaquimhaickel\/2010\/01\/31\/em-fase-de-sublimacao\/","name":"Em fase de sublima\u00e7\u00e3o. - Joaquim Haickel","isPartOf":{"@id":"https:\/\/www.blogsoestado.com\/joaquimhaickel\/#website"},"datePublished":"2010-01-31T10:51:32+00:00","author":{"@id":"https:\/\/www.blogsoestado.com\/joaquimhaickel\/#\/schema\/person\/4a711644aff28245c6c2c3452d66d325"},"breadcrumb":{"@id":"https:\/\/www.blogsoestado.com\/joaquimhaickel\/2010\/01\/31\/em-fase-de-sublimacao\/#breadcrumb"},"inLanguage":"pt-BR","potentialAction":[{"@type":"ReadAction","target":["https:\/\/www.blogsoestado.com\/joaquimhaickel\/2010\/01\/31\/em-fase-de-sublimacao\/"]}]},{"@type":"BreadcrumbList","@id":"https:\/\/www.blogsoestado.com\/joaquimhaickel\/2010\/01\/31\/em-fase-de-sublimacao\/#breadcrumb","itemListElement":[{"@type":"ListItem","position":1,"name":"In\u00edcio","item":"https:\/\/www.blogsoestado.com\/joaquimhaickel\/"},{"@type":"ListItem","position":2,"name":"Em fase de sublima\u00e7\u00e3o."}]},{"@type":"WebSite","@id":"https:\/\/www.blogsoestado.com\/joaquimhaickel\/#website","url":"https:\/\/www.blogsoestado.com\/joaquimhaickel\/","name":"Joaquim Haickel","description":"","potentialAction":[{"@type":"SearchAction","target":{"@type":"EntryPoint","urlTemplate":"https:\/\/www.blogsoestado.com\/joaquimhaickel\/?s={search_term_string}"},"query-input":{"@type":"PropertyValueSpecification","valueRequired":true,"valueName":"search_term_string"}}],"inLanguage":"pt-BR"},{"@type":"Person","@id":"https:\/\/www.blogsoestado.com\/joaquimhaickel\/#\/schema\/person\/4a711644aff28245c6c2c3452d66d325","name":"Joaquim Haickel","image":{"@type":"ImageObject","inLanguage":"pt-BR","@id":"https:\/\/www.blogsoestado.com\/joaquimhaickel\/#\/schema\/person\/image\/","url":"https:\/\/secure.gravatar.com\/avatar\/473d89339b9f8ec089adb8d5778363eb5a2ba2319956bcf0298bfd8cca04684a?s=96&d=mm&r=g","contentUrl":"https:\/\/secure.gravatar.com\/avatar\/473d89339b9f8ec089adb8d5778363eb5a2ba2319956bcf0298bfd8cca04684a?s=96&d=mm&r=g","caption":"Joaquim Haickel"},"url":"https:\/\/www.blogsoestado.com\/joaquimhaickel\/author\/joaquimhaickel\/"}]}},"jetpack_featured_media_url":"","_links":{"self":[{"href":"https:\/\/www.blogsoestado.com\/joaquimhaickel\/wp-json\/wp\/v2\/posts\/532","targetHints":{"allow":["GET"]}}],"collection":[{"href":"https:\/\/www.blogsoestado.com\/joaquimhaickel\/wp-json\/wp\/v2\/posts"}],"about":[{"href":"https:\/\/www.blogsoestado.com\/joaquimhaickel\/wp-json\/wp\/v2\/types\/post"}],"author":[{"embeddable":true,"href":"https:\/\/www.blogsoestado.com\/joaquimhaickel\/wp-json\/wp\/v2\/users\/7"}],"replies":[{"embeddable":true,"href":"https:\/\/www.blogsoestado.com\/joaquimhaickel\/wp-json\/wp\/v2\/comments?post=532"}],"version-history":[{"count":0,"href":"https:\/\/www.blogsoestado.com\/joaquimhaickel\/wp-json\/wp\/v2\/posts\/532\/revisions"}],"wp:attachment":[{"href":"https:\/\/www.blogsoestado.com\/joaquimhaickel\/wp-json\/wp\/v2\/media?parent=532"}],"wp:term":[{"taxonomy":"category","embeddable":true,"href":"https:\/\/www.blogsoestado.com\/joaquimhaickel\/wp-json\/wp\/v2\/categories?post=532"},{"taxonomy":"post_tag","embeddable":true,"href":"https:\/\/www.blogsoestado.com\/joaquimhaickel\/wp-json\/wp\/v2\/tags?post=532"}],"curies":[{"name":"wp","href":"https:\/\/api.w.org\/{rel}","templated":true}]}}