{"id":581,"date":"2010-05-22T19:42:23","date_gmt":"2010-05-22T22:42:23","guid":{"rendered":"https:\/\/www.blogsoestado.com\/joaquimhaickel\/?p=581"},"modified":"2010-05-22T19:42:23","modified_gmt":"2010-05-22T22:42:23","slug":"convite-para-refletir-durante-o-almoco","status":"publish","type":"post","link":"https:\/\/www.blogsoestado.com\/joaquimhaickel\/2010\/05\/22\/convite-para-refletir-durante-o-almoco\/","title":{"rendered":"Convite para refletir durante o almo\u00e7o."},"content":{"rendered":"<p>Liguei na \u00faltima sexta-feira para convidar meu caro amigo e colega deputado Carlos Alberto Milhomem para comermos umas costeletas de porco e uma carne de sol, regada a um bom feij\u00e3o Mulata Gorda ou ao delicioso Cux\u00e1, na Base da Diquinha, pois precisava falar com ele, uma vez que me encontrava bastante preocupado com sua situa\u00e7\u00e3o eleitoral. Milhomem \u00e9 um dos bons deputados que n\u00f3s temos e se eu puder, vou ajud\u00e1-lo a se reeleger. Ele juntamente com Chico Gomes e de certa forma Antonio Pereira tamb\u00e9m, s\u00e3o os maiores prejudicados em seu partido, o DEM.<\/p>\n<p>Tat\u00e1 Milhomem \u00e9 conhecido por ser um sujeito correto, um pol\u00edtico confi\u00e1vel, mas n\u00e3o por ser um cara fino, polido, educado mesmo. Isso ele n\u00e3o \u00e9, mas suas qualidades superam os defeitos, quase todos provenientes de sua excessiva rudeza.<br \/>\nQuando perguntei a ele onde ele iria almo\u00e7ar, pois queria convid\u00e1-lo para me acompanhar, ele foi logo gritando do lado de l\u00e1 do telefone, dizendo do absurdo de uma entrevista que eu teria dado ao jornal \u201cO Imparcial\u201d.<\/p>\n<p>A tal mat\u00e9ria havia sido publicada em meu blog e dizia que \u201cComo \u00e9 que no meio de uma elei\u00e7\u00e3o dif\u00edcil como ser\u00e1 essa, n\u00f3s ainda vamos ter que nos preocupar em eleger o senador fulano de tal do DEM., os deputados federais, marinheiro de primeira viagem e ruim de voto do PMDB e os nep\u00f3ticos deputados estaduais\u201d.<\/p>\n<p>A zanga de Tat\u00e1 \u00e9 totalmente improcedente, pois sendo ela minha opini\u00e3o, e tendo ela sido manifestada de maneira clara e aberta, a menos que ele casse o estado democr\u00e1tico de direito, eu posso e devo defender meus posicionamentos e meus pontos de vista, ora bolas!<\/p>\n<p>Mas s\u00f3 por isso vamos ent\u00e3o analisar novamente o caso DEM.: O partido, aliado de longas datas da governadora Roseana, tendo sido ela eleita v\u00e1rias vezes por essa legenda, quer mais espa\u00e7o, mais visibilidade. Acho justo, mas n\u00e3o posso deixar de dizer que o partido teve ao seu dispor quatro secretarias de estado durante um ano. Se o partido n\u00e3o usufruiu desse privil\u00e9gio, isso \u00e9 problema dele.<\/p>\n<p>As secretarias de infra-estrutura, educa\u00e7\u00e3o, seguran\u00e7a e de rela\u00e7\u00f5es institucionais, essa \u00faltima a \u00fanica indicada pelo presidente do partido, eram ocupadas por deputados do DEM. e deveriam ter fortalecido as bases do partido, com a\u00e7\u00f5es que propiciasse visibilidade a todos e n\u00e3o apenas a tr\u00eas. A culpa disso \u00e9 do partido que n\u00e3o teve pulso para agir, para se impor. O que n\u00e3o pode agora \u00e9 querer dar uma de filho pr\u00f3digo e querer dividir o resto dos bens do pai, j\u00e1 que a parte dele, ele j\u00e1 levou e deu descaminho. Assim \u00e9 muito f\u00e1cil.<\/p>\n<p>Vou voltar a analisar o poss\u00edvel desempenho eleitoral dos Democratas, para podermos vislumbrar o perigo que eles est\u00e3o sentindo, e com toda raz\u00e3o: O partido tem dois deputados federais (Nice Lob\u00e3o e Cl\u00f3vis Fecury, cujo marido da primeira e o pai do segundo s\u00e3o os dois senadores do nosso Estado, ambos pelo PMDB). Tem seis deputados estaduais (Max Barros, ex-secret\u00e1rio de infra-estrutura, C\u00e9sar Pires, ex-secret\u00e1rio de educa\u00e7\u00e3o, Raimundo Cutrim, ex-secret\u00e1rio de seguran\u00e7a, Antonio Pereira, primeiro secret\u00e1rio da assembl\u00e9ia Legislativa, Francisco Gomes, L\u00edder do governo na assembl\u00e9ia e Tat\u00e1 Milhomem, l\u00edder da bancada do governo). Logo se v\u00ea que o DEM. \u00e9 um partido muito bem aquinhoado no atual governo bem como sempre o foi por nosso grupo pol\u00edtico.<\/p>\n<p>Pois bem, se a dire\u00e7\u00e3o nacional do partido quiser obrigar a legenda no Maranh\u00e3o a n\u00e3o coligar com o PMDB, PV, PP e PTB, muito possivelmente ela n\u00e3o eleger\u00e1 aqui nenhum deputado federal, pois n\u00e3o dever\u00e1 alcan\u00e7ar os 180 mil votos necess\u00e1rios para isso. S\u00f3 eleger\u00e1 um se os dois, Dona Nice e Cl\u00f3vis, forem se engalfinhar em busca dos votos e tenho certeza que se esse for o cen\u00e1rio, Dona Nice n\u00e3o ser\u00e1 candidata, inviabilizando assim a possibilidade do partido ter a quantidade de legendas necess\u00e1rias para eleger um \u00fanico deputado federal, a menos que ele sozinho tenha 180 mil votos.<\/p>\n<p>No caso dos deputados estaduais, o partido s\u00f3 dever\u00e1 eleger dois, isso acreditando na boa vontade e na abnega\u00e7\u00e3o daqueles que tenham menos votos e queiram ser bucha de canh\u00e3o para eleger aqueles que dever\u00e3o ser os mais votados (Max, C\u00e9sar e Cutrim, acredito que nessa ordem). Mas ningu\u00e9m ser\u00e1 enganado, pois n\u00e3o s\u00e3o ne\u00f3fitos e s\u00e3o sabedores que s\u00f3 eleger\u00e3o tr\u00eas candidatos se todos forem para o sacrif\u00edcio. Duvido muito que aqueles que reconhecidamente t\u00eam menos votos queiram ser imolados vivos e queiram rumar para o cadafalso da derrota (no caso Pereira, Milhomem e Gomes, acredito que seja tamb\u00e9m nessa ordem). N\u00e3o faz sentido algum correr o risco de perdermos tr\u00eas deputados da mais alta qualidade como esses que fariam grande falta na Assembl\u00e9ia. Mas contra a matem\u00e1tica n\u00e3o h\u00e1 argumento.<\/p>\n<p>H\u00e1 a possibilidade da dire\u00e7\u00e3o nacional do DEM. querer que o partido no Maranh\u00e3o coligue com seu parceiro nacional, o PSDB, coisa que jamais ser\u00e1 aceita pelos Tucanos Timbiras, pois se assim fizessem seriam engolidos pelos democratas, que individualmente t\u00eam muito mais votos que eles.<\/p>\n<p>H\u00e1 ainda a possibilidade de o comando Nacional do DEM. est\u00e1 sendo \u201cmotivado\u201d pelos demais candidatos ao governo e ao senado do Maranh\u00e3o, na tentativa de tirar algum proveito dessa aventura. Aventura que favorece diretamente a candidatura de Z\u00e9 Reinaldo, que em minha opini\u00e3o \u00e9 o que h\u00e1 de pior na pol\u00edtica do Maranh\u00e3o.<\/p>\n<p>H\u00e1 tamb\u00e9m a possibilidade de \u201calgu\u00e9m\u201d esta querendo puxar o tapete do vice-governador Jo\u00e3o Alberto, que j\u00e1 cedeu espa\u00e7o abrindo m\u00e3o da candidatura a vice, e que agora teria que abrir m\u00e3o da disputa pelo senado.<\/p>\n<p>H\u00e1 mais ainda. Se pusermos um candidato do DEM., quem quer que seja ele, e Jo\u00e3o Alberto para se escolher o mais plaus\u00edvel de se eleger nessa dif\u00edcil campanha, todos sabem, n\u00e3o precisa que eu diga e as pesquisas apontam que a segunda op\u00e7\u00e3o seria a mais vi\u00e1vel.<\/p>\n<p>Quanto ao meu amigo Mauro Fecury, devo dizer que n\u00e3o h\u00e1 nada de pessoal nessa minha an\u00e1lise. Se por acaso houver, \u00e9 em sua defesa, pois sempre existem meia d\u00fazia de canalhas ordin\u00e1rios que anseiam, querem, precisam mesmo, muito, de uma candidatura abastada para poder tentar viabilizar os recursos financeiros que eles imaginam que um empres\u00e1rio bem sucedido como ele possa investir, na tentativa de se eleger senador.<\/p>\n<p>A situa\u00e7\u00e3o \u00e9 critica, eu sei, mas a culpa n\u00e3o \u00e9 minha. Querer que eu diga o contr\u00e1rio \u00e9 um absurdo, ainda mais para Milhomem que me conhece h\u00e1 quase trinta anos e sabe que como ele, eu n\u00e3o \u201cabeiro\u201d, principalmente quando acredito firmemente em meu ponto de vista.<\/p>\n<p>Desculpe amigo Tat\u00e1, mas n\u00e3o d\u00e1 para defender aquilo que n\u00e3o acredito ou n\u00e3o concordo, mas o convite para o almo\u00e7o est\u00e1 de p\u00e9.<\/p>\n","protected":false},"excerpt":{"rendered":"<p>Liguei na \u00faltima sexta-feira para convidar meu caro amigo e colega deputado Carlos Alberto Milhomem para comermos umas costeletas de [&hellip;]<\/p>\n","protected":false},"author":7,"featured_media":0,"comment_status":"open","ping_status":"open","sticky":false,"template":"","format":"standard","meta":{"site-sidebar-layout":"default","site-content-layout":"","ast-site-content-layout":"default","site-content-style":"default","site-sidebar-style":"default","ast-global-header-display":"","ast-banner-title-visibility":"","ast-main-header-display":"","ast-hfb-above-header-display":"","ast-hfb-below-header-display":"","ast-hfb-mobile-header-display":"","site-post-title":"","ast-breadcrumbs-content":"","ast-featured-img":"","footer-sml-layout":"","ast-disable-related-posts":"","theme-transparent-header-meta":"","adv-header-id-meta":"","stick-header-meta":"","header-above-stick-meta":"","header-main-stick-meta":"","header-below-stick-meta":"","astra-migrate-meta-layouts":"default","ast-page-background-enabled":"default","ast-page-background-meta":{"desktop":{"background-color":"var(--ast-global-color-5)","background-image":"","background-repeat":"repeat","background-position":"center center","background-size":"auto","background-attachment":"scroll","background-type":"","background-media":"","overlay-type":"","overlay-color":"","overlay-opacity":"","overlay-gradient":""},"tablet":{"background-color":"","background-image":"","background-repeat":"repeat","background-position":"center center","background-size":"auto","background-attachment":"scroll","background-type":"","background-media":"","overlay-type":"","overlay-color":"","overlay-opacity":"","overlay-gradient":""},"mobile":{"background-color":"","background-image":"","background-repeat":"repeat","background-position":"center center","background-size":"auto","background-attachment":"scroll","background-type":"","background-media":"","overlay-type":"","overlay-color":"","overlay-opacity":"","overlay-gradient":""}},"ast-content-background-meta":{"desktop":{"background-color":"var(--ast-global-color-4)","background-image":"","background-repeat":"repeat","background-position":"center center","background-size":"auto","background-attachment":"scroll","background-type":"","background-media":"","overlay-type":"","overlay-color":"","overlay-opacity":"","overlay-gradient":""},"tablet":{"background-color":"var(--ast-global-color-4)","background-image":"","background-repeat":"repeat","background-position":"center center","background-size":"auto","background-attachment":"scroll","background-type":"","background-media":"","overlay-type":"","overlay-color":"","overlay-opacity":"","overlay-gradient":""},"mobile":{"background-color":"var(--ast-global-color-4)","background-image":"","background-repeat":"repeat","background-position":"center center","background-size":"auto","background-attachment":"scroll","background-type":"","background-media":"","overlay-type":"","overlay-color":"","overlay-opacity":"","overlay-gradient":""}},"footnotes":""},"categories":[4],"tags":[],"class_list":["post-581","post","type-post","status-publish","format-standard","hentry","category-4"],"yoast_head":"<!-- This site is optimized with the Yoast SEO plugin v26.6 - https:\/\/yoast.com\/wordpress\/plugins\/seo\/ -->\n<title>Convite para refletir durante o almo\u00e7o. - Joaquim Haickel<\/title>\n<meta name=\"robots\" content=\"index, follow, max-snippet:-1, max-image-preview:large, max-video-preview:-1\" \/>\n<link rel=\"canonical\" href=\"https:\/\/www.blogsoestado.com\/joaquimhaickel\/2010\/05\/22\/convite-para-refletir-durante-o-almoco\/\" \/>\n<meta property=\"og:locale\" content=\"pt_BR\" \/>\n<meta property=\"og:type\" content=\"article\" \/>\n<meta property=\"og:title\" content=\"Convite para refletir durante o almo\u00e7o. - Joaquim Haickel\" \/>\n<meta property=\"og:description\" content=\"Liguei na \u00faltima sexta-feira para convidar meu caro amigo e colega deputado Carlos Alberto Milhomem para comermos umas costeletas de [&hellip;]\" \/>\n<meta property=\"og:url\" content=\"https:\/\/www.blogsoestado.com\/joaquimhaickel\/2010\/05\/22\/convite-para-refletir-durante-o-almoco\/\" \/>\n<meta property=\"og:site_name\" content=\"Joaquim Haickel\" \/>\n<meta property=\"article:published_time\" content=\"2010-05-22T22:42:23+00:00\" \/>\n<meta name=\"author\" content=\"Joaquim Haickel\" \/>\n<meta name=\"twitter:card\" content=\"summary_large_image\" \/>\n<meta name=\"twitter:label1\" content=\"Escrito por\" \/>\n\t<meta name=\"twitter:data1\" content=\"Joaquim Haickel\" \/>\n\t<meta name=\"twitter:label2\" content=\"Est. tempo de leitura\" \/>\n\t<meta name=\"twitter:data2\" content=\"6 minutos\" \/>\n<script type=\"application\/ld+json\" class=\"yoast-schema-graph\">{\"@context\":\"https:\/\/schema.org\",\"@graph\":[{\"@type\":\"WebPage\",\"@id\":\"https:\/\/www.blogsoestado.com\/joaquimhaickel\/2010\/05\/22\/convite-para-refletir-durante-o-almoco\/\",\"url\":\"https:\/\/www.blogsoestado.com\/joaquimhaickel\/2010\/05\/22\/convite-para-refletir-durante-o-almoco\/\",\"name\":\"Convite para refletir durante o almo\u00e7o. - Joaquim Haickel\",\"isPartOf\":{\"@id\":\"https:\/\/www.blogsoestado.com\/joaquimhaickel\/#website\"},\"datePublished\":\"2010-05-22T22:42:23+00:00\",\"author\":{\"@id\":\"https:\/\/www.blogsoestado.com\/joaquimhaickel\/#\/schema\/person\/4a711644aff28245c6c2c3452d66d325\"},\"breadcrumb\":{\"@id\":\"https:\/\/www.blogsoestado.com\/joaquimhaickel\/2010\/05\/22\/convite-para-refletir-durante-o-almoco\/#breadcrumb\"},\"inLanguage\":\"pt-BR\",\"potentialAction\":[{\"@type\":\"ReadAction\",\"target\":[\"https:\/\/www.blogsoestado.com\/joaquimhaickel\/2010\/05\/22\/convite-para-refletir-durante-o-almoco\/\"]}]},{\"@type\":\"BreadcrumbList\",\"@id\":\"https:\/\/www.blogsoestado.com\/joaquimhaickel\/2010\/05\/22\/convite-para-refletir-durante-o-almoco\/#breadcrumb\",\"itemListElement\":[{\"@type\":\"ListItem\",\"position\":1,\"name\":\"In\u00edcio\",\"item\":\"https:\/\/www.blogsoestado.com\/joaquimhaickel\/\"},{\"@type\":\"ListItem\",\"position\":2,\"name\":\"Convite para refletir durante o almo\u00e7o.\"}]},{\"@type\":\"WebSite\",\"@id\":\"https:\/\/www.blogsoestado.com\/joaquimhaickel\/#website\",\"url\":\"https:\/\/www.blogsoestado.com\/joaquimhaickel\/\",\"name\":\"Joaquim Haickel\",\"description\":\"\",\"potentialAction\":[{\"@type\":\"SearchAction\",\"target\":{\"@type\":\"EntryPoint\",\"urlTemplate\":\"https:\/\/www.blogsoestado.com\/joaquimhaickel\/?s={search_term_string}\"},\"query-input\":{\"@type\":\"PropertyValueSpecification\",\"valueRequired\":true,\"valueName\":\"search_term_string\"}}],\"inLanguage\":\"pt-BR\"},{\"@type\":\"Person\",\"@id\":\"https:\/\/www.blogsoestado.com\/joaquimhaickel\/#\/schema\/person\/4a711644aff28245c6c2c3452d66d325\",\"name\":\"Joaquim Haickel\",\"image\":{\"@type\":\"ImageObject\",\"inLanguage\":\"pt-BR\",\"@id\":\"https:\/\/www.blogsoestado.com\/joaquimhaickel\/#\/schema\/person\/image\/\",\"url\":\"https:\/\/secure.gravatar.com\/avatar\/473d89339b9f8ec089adb8d5778363eb5a2ba2319956bcf0298bfd8cca04684a?s=96&d=mm&r=g\",\"contentUrl\":\"https:\/\/secure.gravatar.com\/avatar\/473d89339b9f8ec089adb8d5778363eb5a2ba2319956bcf0298bfd8cca04684a?s=96&d=mm&r=g\",\"caption\":\"Joaquim Haickel\"},\"url\":\"https:\/\/www.blogsoestado.com\/joaquimhaickel\/author\/joaquimhaickel\/\"}]}<\/script>\n<!-- \/ Yoast SEO plugin. -->","yoast_head_json":{"title":"Convite para refletir durante o almo\u00e7o. - Joaquim Haickel","robots":{"index":"index","follow":"follow","max-snippet":"max-snippet:-1","max-image-preview":"max-image-preview:large","max-video-preview":"max-video-preview:-1"},"canonical":"https:\/\/www.blogsoestado.com\/joaquimhaickel\/2010\/05\/22\/convite-para-refletir-durante-o-almoco\/","og_locale":"pt_BR","og_type":"article","og_title":"Convite para refletir durante o almo\u00e7o. - Joaquim Haickel","og_description":"Liguei na \u00faltima sexta-feira para convidar meu caro amigo e colega deputado Carlos Alberto Milhomem para comermos umas costeletas de [&hellip;]","og_url":"https:\/\/www.blogsoestado.com\/joaquimhaickel\/2010\/05\/22\/convite-para-refletir-durante-o-almoco\/","og_site_name":"Joaquim Haickel","article_published_time":"2010-05-22T22:42:23+00:00","author":"Joaquim Haickel","twitter_card":"summary_large_image","twitter_misc":{"Escrito por":"Joaquim Haickel","Est. tempo de leitura":"6 minutos"},"schema":{"@context":"https:\/\/schema.org","@graph":[{"@type":"WebPage","@id":"https:\/\/www.blogsoestado.com\/joaquimhaickel\/2010\/05\/22\/convite-para-refletir-durante-o-almoco\/","url":"https:\/\/www.blogsoestado.com\/joaquimhaickel\/2010\/05\/22\/convite-para-refletir-durante-o-almoco\/","name":"Convite para refletir durante o almo\u00e7o. - Joaquim Haickel","isPartOf":{"@id":"https:\/\/www.blogsoestado.com\/joaquimhaickel\/#website"},"datePublished":"2010-05-22T22:42:23+00:00","author":{"@id":"https:\/\/www.blogsoestado.com\/joaquimhaickel\/#\/schema\/person\/4a711644aff28245c6c2c3452d66d325"},"breadcrumb":{"@id":"https:\/\/www.blogsoestado.com\/joaquimhaickel\/2010\/05\/22\/convite-para-refletir-durante-o-almoco\/#breadcrumb"},"inLanguage":"pt-BR","potentialAction":[{"@type":"ReadAction","target":["https:\/\/www.blogsoestado.com\/joaquimhaickel\/2010\/05\/22\/convite-para-refletir-durante-o-almoco\/"]}]},{"@type":"BreadcrumbList","@id":"https:\/\/www.blogsoestado.com\/joaquimhaickel\/2010\/05\/22\/convite-para-refletir-durante-o-almoco\/#breadcrumb","itemListElement":[{"@type":"ListItem","position":1,"name":"In\u00edcio","item":"https:\/\/www.blogsoestado.com\/joaquimhaickel\/"},{"@type":"ListItem","position":2,"name":"Convite para refletir durante o almo\u00e7o."}]},{"@type":"WebSite","@id":"https:\/\/www.blogsoestado.com\/joaquimhaickel\/#website","url":"https:\/\/www.blogsoestado.com\/joaquimhaickel\/","name":"Joaquim Haickel","description":"","potentialAction":[{"@type":"SearchAction","target":{"@type":"EntryPoint","urlTemplate":"https:\/\/www.blogsoestado.com\/joaquimhaickel\/?s={search_term_string}"},"query-input":{"@type":"PropertyValueSpecification","valueRequired":true,"valueName":"search_term_string"}}],"inLanguage":"pt-BR"},{"@type":"Person","@id":"https:\/\/www.blogsoestado.com\/joaquimhaickel\/#\/schema\/person\/4a711644aff28245c6c2c3452d66d325","name":"Joaquim Haickel","image":{"@type":"ImageObject","inLanguage":"pt-BR","@id":"https:\/\/www.blogsoestado.com\/joaquimhaickel\/#\/schema\/person\/image\/","url":"https:\/\/secure.gravatar.com\/avatar\/473d89339b9f8ec089adb8d5778363eb5a2ba2319956bcf0298bfd8cca04684a?s=96&d=mm&r=g","contentUrl":"https:\/\/secure.gravatar.com\/avatar\/473d89339b9f8ec089adb8d5778363eb5a2ba2319956bcf0298bfd8cca04684a?s=96&d=mm&r=g","caption":"Joaquim Haickel"},"url":"https:\/\/www.blogsoestado.com\/joaquimhaickel\/author\/joaquimhaickel\/"}]}},"jetpack_featured_media_url":"","_links":{"self":[{"href":"https:\/\/www.blogsoestado.com\/joaquimhaickel\/wp-json\/wp\/v2\/posts\/581","targetHints":{"allow":["GET"]}}],"collection":[{"href":"https:\/\/www.blogsoestado.com\/joaquimhaickel\/wp-json\/wp\/v2\/posts"}],"about":[{"href":"https:\/\/www.blogsoestado.com\/joaquimhaickel\/wp-json\/wp\/v2\/types\/post"}],"author":[{"embeddable":true,"href":"https:\/\/www.blogsoestado.com\/joaquimhaickel\/wp-json\/wp\/v2\/users\/7"}],"replies":[{"embeddable":true,"href":"https:\/\/www.blogsoestado.com\/joaquimhaickel\/wp-json\/wp\/v2\/comments?post=581"}],"version-history":[{"count":0,"href":"https:\/\/www.blogsoestado.com\/joaquimhaickel\/wp-json\/wp\/v2\/posts\/581\/revisions"}],"wp:attachment":[{"href":"https:\/\/www.blogsoestado.com\/joaquimhaickel\/wp-json\/wp\/v2\/media?parent=581"}],"wp:term":[{"taxonomy":"category","embeddable":true,"href":"https:\/\/www.blogsoestado.com\/joaquimhaickel\/wp-json\/wp\/v2\/categories?post=581"},{"taxonomy":"post_tag","embeddable":true,"href":"https:\/\/www.blogsoestado.com\/joaquimhaickel\/wp-json\/wp\/v2\/tags?post=581"}],"curies":[{"name":"wp","href":"https:\/\/api.w.org\/{rel}","templated":true}]}}