{"id":602,"date":"2010-08-01T08:36:39","date_gmt":"2010-08-01T11:36:39","guid":{"rendered":"https:\/\/www.blogsoestado.com\/joaquimhaickel\/?p=602"},"modified":"2010-08-01T08:36:39","modified_gmt":"2010-08-01T11:36:39","slug":"sobre-cercas-velhas","status":"publish","type":"post","link":"https:\/\/www.blogsoestado.com\/joaquimhaickel\/2010\/08\/01\/sobre-cercas-velhas\/","title":{"rendered":"Sobre cercas velhas"},"content":{"rendered":"<p>Sempre que posso, visito os blogs de alguns jornalistas amigos meus. Num deles, li a not\u00edcia de que o ex-governador Z\u00e9 Reinaldo Tavares iria comparecer ao lan\u00e7amento de seu site na internet, um dos mais importantes instrumentos eleitorais nessa campanha pol\u00edtica, mas parece que ocorreu algum problema, o que fez com que o candidato a senador se atrasasse em algumas horas.<\/p>\n<p>Depois que o problema foi remediado, a apresenta\u00e7\u00e3o do site foi feita por um dos filhos de meu amigo, jornalista Luiz Cardoso, que est\u00e1 trabalhando na dif\u00edcil miss\u00e3o de tentar melhorar a imagem de Tavares, e pela ex-secret\u00e1ria de Comunica\u00e7\u00e3o de seu governo, Fl\u00e1via Regina, atual assessora de imprensa da OAB.<\/p>\n<p>Soube tamb\u00e9m que o momento que mais chamou \u00e0 aten\u00e7\u00e3o dos presentes, foi quando Z\u00e9 Reinaldo, depois do enorme atraso, contou uma \u201cest\u00f3ria\u201d ocorrida em Coroat\u00e1 durante passagem da \u201conda vermelha pelo munic\u00edpio\u201d, como disse numa alus\u00e3o \u00e0 coliga\u00e7\u00e3o liderada pelo candidato comunista Fl\u00e1vio Dino.<\/p>\n<p>Segundo ele, uma senhora teria dito ao socialista que \u201cningu\u00e9m quer mais se encostar em parede velha\u201d,  se referindo aos velhos pol\u00edticos e exigindo que o Maranh\u00e3o agora tem que \u201crenovar a sua classe pol\u00edtica\u201d, disse o candidato a senador. Essa conversa \u00e9 claramente uma alegoria criada por um redator raso para ser usada por um pol\u00edtico med\u00edocre.<\/p>\n<p>Achei de uma ironia indiz\u00edvel isso ter sido dito exatamente por Z\u00e9 Reinaldo Tavares, que em minha opini\u00e3o, n\u00e3o \u00e9 nem uma parede velha, mas uma cerca velha, uma das mais velhas e carcomidas de nossa terra.<\/p>\n<p>Veja bem, eu disse velha, n\u00e3o antiga, pois as paredes antigas do casario do centro hist\u00f3rico de S\u00e3o Luis podem at\u00e9 serem velhas, mas elas s\u00e3o importantes, s\u00e3o nossos tesouros, por serem antigas, n\u00e3o por serem mentirosas e hip\u00f3critas, se dizendo paredes novas, de alvenaria e concreto, quando s\u00e3o feitas de pedra e argamassa de barro misturada com \u00f3leo de peixe e betume.<\/p>\n<p>Algumas vezes eu ouvi de meu pai um ditado apropriado a pessoas inconfi\u00e1veis, que dizia mais ou menos assim: \u201cFulano de tal \u00e9 como cerca velha, tanto cai quanto derruba quem est\u00e1 encostado\u201d.<\/p>\n<p>Esse ditado, no entanto, n\u00e3o pode ser dito na tentativa de atingir o ex-presidente Jos\u00e9 Sarney, como tentou Z\u00e9 Reinaldo, pois foi Sarney quem escorou durante quarenta anos o encostado Tavares, que foi primeiro diretor de obras, depois secret\u00e1rio de estado, depois foi superintendente, administrador de uma importante cidade que praticamente nascia, para em seguida ir administrar os recursos de investimentos de 10 estados brasileiros, saindo de l\u00e1 para ser o empreendedor de todo o sistema de transporte do Brasil. Depois disso, desempregado, dirigiu as empresas do mentor, para ent\u00e3o experimentar um mandato de deputado federal onde teve um desempenho sofr\u00edvel, ap\u00f3s isso veio ser duas vezes vice-governador do Maranh\u00e3o e posteriormente governador de nosso estado.<\/p>\n<p>Dito tudo isso, fica claro que a insinuada cerca n\u00e3o \u00e9 velha, ela pode at\u00e9 ser antiga, mas \u00e9 muito forte e consistente, pois ter que aguentar carregar esse peso todo durante todo esse tempo, s\u00f3 sendo uma parede, n\u00e3o uma cerca, mas uma parede, cujos baldrames s\u00e3o muito s\u00f3lidos e resistentes.<\/p>\n<p>Que me perdoe o doutor Sarney, mas nessa hist\u00f3ria toda, o errado \u00e9 ele mesmo, pois escolheu mal quem carregar consigo, quem escorar, quem se deixar encostar. O errado \u00e9 ele mesmo por ter dado asas para cobra, por ter alojado jabuti em p\u00e9 de pau fora do tempo de enchente.<\/p>\n<p>Em minha opini\u00e3o Z\u00e9 Reinaldo Tavares representa o que h\u00e1 de pior na pol\u00edtica. \u00c9 um traidor, um usurpador e um hip\u00f3crita, entre outras coisinhas mais.<\/p>\n<p>Jackson Lago se dissesse o que disse Reinaldo, estaria menos errado, pois em que pese estar na pol\u00edtica a tempo suficiente para ser chamado de antigo nela, n\u00e3o podemos esquecer que foram vinte anos dirigindo os destinos de nossa capital, ele nunca se encostou \u00e0 parede Sarney, a n\u00e3o ser em sua \u00faltima elei\u00e7\u00e3o para prefeito quando aceitou o apoio da governadora Roseana.<\/p>\n<p>Fl\u00e1vio Dino at\u00e9 poderia ser o autor dessa ila\u00e7\u00e3o. Parede nova, robusta, mesmo que constru\u00edda com alguns materiais de demoli\u00e7\u00e3o, Fl\u00e1vio foi eleito em 2006 atrav\u00e9s da escora, do encosto em paredes, das quais se poderiam dizer muitas coisas, menos que elas sejam como cercas velhas, daquelas que caem e derrubam quem nelas se encostam.<\/p>\n<p>Fl\u00e1vio poderia at\u00e9 usar esse discurso, mas Z\u00e9 Reinaldo n\u00e3o, pois foi nessa cerca, nessa parede que hoje ele picha e apedreja que ele fundou e alicer\u00e7ou toda sua vida.<\/p>\n<p>Z\u00e9 Reinaldo est\u00e1 tentando construir sua parede lan\u00e7ando m\u00e3o de uma tecnologia que imagina ser de \u00faltima gera\u00e7\u00e3o, usando tijolos feitos com esterco e capim sobre uma base de areia.<\/p>\n<p>A tentativa de Z\u00e9 Reinaldo querer se apresentar como uma cerca nova, uma parede confi\u00e1vel, dessas que a gente pode se encostar com seguran\u00e7a, \u00e9 fraude, \u00e9 mentira, \u00e9 engana\u00e7\u00e3o e \u00e9 desse tipo de pol\u00edtico que n\u00f3s temos que nos livrar.<\/p>\n","protected":false},"excerpt":{"rendered":"<p>Sempre que posso, visito os blogs de alguns jornalistas amigos meus. Num deles, li a not\u00edcia de que o ex-governador [&hellip;]<\/p>\n","protected":false},"author":7,"featured_media":0,"comment_status":"open","ping_status":"open","sticky":false,"template":"","format":"standard","meta":{"site-sidebar-layout":"default","site-content-layout":"","ast-site-content-layout":"default","site-content-style":"default","site-sidebar-style":"default","ast-global-header-display":"","ast-banner-title-visibility":"","ast-main-header-display":"","ast-hfb-above-header-display":"","ast-hfb-below-header-display":"","ast-hfb-mobile-header-display":"","site-post-title":"","ast-breadcrumbs-content":"","ast-featured-img":"","footer-sml-layout":"","ast-disable-related-posts":"","theme-transparent-header-meta":"","adv-header-id-meta":"","stick-header-meta":"","header-above-stick-meta":"","header-main-stick-meta":"","header-below-stick-meta":"","astra-migrate-meta-layouts":"default","ast-page-background-enabled":"default","ast-page-background-meta":{"desktop":{"background-color":"var(--ast-global-color-5)","background-image":"","background-repeat":"repeat","background-position":"center center","background-size":"auto","background-attachment":"scroll","background-type":"","background-media":"","overlay-type":"","overlay-color":"","overlay-opacity":"","overlay-gradient":""},"tablet":{"background-color":"","background-image":"","background-repeat":"repeat","background-position":"center center","background-size":"auto","background-attachment":"scroll","background-type":"","background-media":"","overlay-type":"","overlay-color":"","overlay-opacity":"","overlay-gradient":""},"mobile":{"background-color":"","background-image":"","background-repeat":"repeat","background-position":"center center","background-size":"auto","background-attachment":"scroll","background-type":"","background-media":"","overlay-type":"","overlay-color":"","overlay-opacity":"","overlay-gradient":""}},"ast-content-background-meta":{"desktop":{"background-color":"var(--ast-global-color-4)","background-image":"","background-repeat":"repeat","background-position":"center center","background-size":"auto","background-attachment":"scroll","background-type":"","background-media":"","overlay-type":"","overlay-color":"","overlay-opacity":"","overlay-gradient":""},"tablet":{"background-color":"var(--ast-global-color-4)","background-image":"","background-repeat":"repeat","background-position":"center center","background-size":"auto","background-attachment":"scroll","background-type":"","background-media":"","overlay-type":"","overlay-color":"","overlay-opacity":"","overlay-gradient":""},"mobile":{"background-color":"var(--ast-global-color-4)","background-image":"","background-repeat":"repeat","background-position":"center center","background-size":"auto","background-attachment":"scroll","background-type":"","background-media":"","overlay-type":"","overlay-color":"","overlay-opacity":"","overlay-gradient":""}},"footnotes":""},"categories":[4],"tags":[],"class_list":["post-602","post","type-post","status-publish","format-standard","hentry","category-4"],"yoast_head":"<!-- This site is optimized with the Yoast SEO plugin v26.6 - https:\/\/yoast.com\/wordpress\/plugins\/seo\/ -->\n<title>Sobre cercas velhas - Joaquim Haickel<\/title>\n<meta name=\"robots\" content=\"index, follow, max-snippet:-1, max-image-preview:large, max-video-preview:-1\" \/>\n<link rel=\"canonical\" href=\"https:\/\/www.blogsoestado.com\/joaquimhaickel\/2010\/08\/01\/sobre-cercas-velhas\/\" \/>\n<meta property=\"og:locale\" content=\"pt_BR\" \/>\n<meta property=\"og:type\" content=\"article\" \/>\n<meta property=\"og:title\" content=\"Sobre cercas velhas - Joaquim Haickel\" \/>\n<meta property=\"og:description\" content=\"Sempre que posso, visito os blogs de alguns jornalistas amigos meus. Num deles, li a not\u00edcia de que o ex-governador [&hellip;]\" \/>\n<meta property=\"og:url\" content=\"https:\/\/www.blogsoestado.com\/joaquimhaickel\/2010\/08\/01\/sobre-cercas-velhas\/\" \/>\n<meta property=\"og:site_name\" content=\"Joaquim Haickel\" \/>\n<meta property=\"article:published_time\" content=\"2010-08-01T11:36:39+00:00\" \/>\n<meta name=\"author\" content=\"Joaquim Haickel\" \/>\n<meta name=\"twitter:card\" content=\"summary_large_image\" \/>\n<meta name=\"twitter:label1\" content=\"Escrito por\" \/>\n\t<meta name=\"twitter:data1\" content=\"Joaquim Haickel\" \/>\n\t<meta name=\"twitter:label2\" content=\"Est. tempo de leitura\" \/>\n\t<meta name=\"twitter:data2\" content=\"4 minutos\" \/>\n<script type=\"application\/ld+json\" class=\"yoast-schema-graph\">{\"@context\":\"https:\/\/schema.org\",\"@graph\":[{\"@type\":\"WebPage\",\"@id\":\"https:\/\/www.blogsoestado.com\/joaquimhaickel\/2010\/08\/01\/sobre-cercas-velhas\/\",\"url\":\"https:\/\/www.blogsoestado.com\/joaquimhaickel\/2010\/08\/01\/sobre-cercas-velhas\/\",\"name\":\"Sobre cercas velhas - Joaquim Haickel\",\"isPartOf\":{\"@id\":\"https:\/\/www.blogsoestado.com\/joaquimhaickel\/#website\"},\"datePublished\":\"2010-08-01T11:36:39+00:00\",\"author\":{\"@id\":\"https:\/\/www.blogsoestado.com\/joaquimhaickel\/#\/schema\/person\/4a711644aff28245c6c2c3452d66d325\"},\"breadcrumb\":{\"@id\":\"https:\/\/www.blogsoestado.com\/joaquimhaickel\/2010\/08\/01\/sobre-cercas-velhas\/#breadcrumb\"},\"inLanguage\":\"pt-BR\",\"potentialAction\":[{\"@type\":\"ReadAction\",\"target\":[\"https:\/\/www.blogsoestado.com\/joaquimhaickel\/2010\/08\/01\/sobre-cercas-velhas\/\"]}]},{\"@type\":\"BreadcrumbList\",\"@id\":\"https:\/\/www.blogsoestado.com\/joaquimhaickel\/2010\/08\/01\/sobre-cercas-velhas\/#breadcrumb\",\"itemListElement\":[{\"@type\":\"ListItem\",\"position\":1,\"name\":\"In\u00edcio\",\"item\":\"https:\/\/www.blogsoestado.com\/joaquimhaickel\/\"},{\"@type\":\"ListItem\",\"position\":2,\"name\":\"Sobre cercas velhas\"}]},{\"@type\":\"WebSite\",\"@id\":\"https:\/\/www.blogsoestado.com\/joaquimhaickel\/#website\",\"url\":\"https:\/\/www.blogsoestado.com\/joaquimhaickel\/\",\"name\":\"Joaquim Haickel\",\"description\":\"\",\"potentialAction\":[{\"@type\":\"SearchAction\",\"target\":{\"@type\":\"EntryPoint\",\"urlTemplate\":\"https:\/\/www.blogsoestado.com\/joaquimhaickel\/?s={search_term_string}\"},\"query-input\":{\"@type\":\"PropertyValueSpecification\",\"valueRequired\":true,\"valueName\":\"search_term_string\"}}],\"inLanguage\":\"pt-BR\"},{\"@type\":\"Person\",\"@id\":\"https:\/\/www.blogsoestado.com\/joaquimhaickel\/#\/schema\/person\/4a711644aff28245c6c2c3452d66d325\",\"name\":\"Joaquim Haickel\",\"image\":{\"@type\":\"ImageObject\",\"inLanguage\":\"pt-BR\",\"@id\":\"https:\/\/www.blogsoestado.com\/joaquimhaickel\/#\/schema\/person\/image\/\",\"url\":\"https:\/\/secure.gravatar.com\/avatar\/473d89339b9f8ec089adb8d5778363eb5a2ba2319956bcf0298bfd8cca04684a?s=96&d=mm&r=g\",\"contentUrl\":\"https:\/\/secure.gravatar.com\/avatar\/473d89339b9f8ec089adb8d5778363eb5a2ba2319956bcf0298bfd8cca04684a?s=96&d=mm&r=g\",\"caption\":\"Joaquim Haickel\"},\"url\":\"https:\/\/www.blogsoestado.com\/joaquimhaickel\/author\/joaquimhaickel\/\"}]}<\/script>\n<!-- \/ Yoast SEO plugin. -->","yoast_head_json":{"title":"Sobre cercas velhas - Joaquim Haickel","robots":{"index":"index","follow":"follow","max-snippet":"max-snippet:-1","max-image-preview":"max-image-preview:large","max-video-preview":"max-video-preview:-1"},"canonical":"https:\/\/www.blogsoestado.com\/joaquimhaickel\/2010\/08\/01\/sobre-cercas-velhas\/","og_locale":"pt_BR","og_type":"article","og_title":"Sobre cercas velhas - Joaquim Haickel","og_description":"Sempre que posso, visito os blogs de alguns jornalistas amigos meus. Num deles, li a not\u00edcia de que o ex-governador [&hellip;]","og_url":"https:\/\/www.blogsoestado.com\/joaquimhaickel\/2010\/08\/01\/sobre-cercas-velhas\/","og_site_name":"Joaquim Haickel","article_published_time":"2010-08-01T11:36:39+00:00","author":"Joaquim Haickel","twitter_card":"summary_large_image","twitter_misc":{"Escrito por":"Joaquim Haickel","Est. tempo de leitura":"4 minutos"},"schema":{"@context":"https:\/\/schema.org","@graph":[{"@type":"WebPage","@id":"https:\/\/www.blogsoestado.com\/joaquimhaickel\/2010\/08\/01\/sobre-cercas-velhas\/","url":"https:\/\/www.blogsoestado.com\/joaquimhaickel\/2010\/08\/01\/sobre-cercas-velhas\/","name":"Sobre cercas velhas - Joaquim Haickel","isPartOf":{"@id":"https:\/\/www.blogsoestado.com\/joaquimhaickel\/#website"},"datePublished":"2010-08-01T11:36:39+00:00","author":{"@id":"https:\/\/www.blogsoestado.com\/joaquimhaickel\/#\/schema\/person\/4a711644aff28245c6c2c3452d66d325"},"breadcrumb":{"@id":"https:\/\/www.blogsoestado.com\/joaquimhaickel\/2010\/08\/01\/sobre-cercas-velhas\/#breadcrumb"},"inLanguage":"pt-BR","potentialAction":[{"@type":"ReadAction","target":["https:\/\/www.blogsoestado.com\/joaquimhaickel\/2010\/08\/01\/sobre-cercas-velhas\/"]}]},{"@type":"BreadcrumbList","@id":"https:\/\/www.blogsoestado.com\/joaquimhaickel\/2010\/08\/01\/sobre-cercas-velhas\/#breadcrumb","itemListElement":[{"@type":"ListItem","position":1,"name":"In\u00edcio","item":"https:\/\/www.blogsoestado.com\/joaquimhaickel\/"},{"@type":"ListItem","position":2,"name":"Sobre cercas velhas"}]},{"@type":"WebSite","@id":"https:\/\/www.blogsoestado.com\/joaquimhaickel\/#website","url":"https:\/\/www.blogsoestado.com\/joaquimhaickel\/","name":"Joaquim Haickel","description":"","potentialAction":[{"@type":"SearchAction","target":{"@type":"EntryPoint","urlTemplate":"https:\/\/www.blogsoestado.com\/joaquimhaickel\/?s={search_term_string}"},"query-input":{"@type":"PropertyValueSpecification","valueRequired":true,"valueName":"search_term_string"}}],"inLanguage":"pt-BR"},{"@type":"Person","@id":"https:\/\/www.blogsoestado.com\/joaquimhaickel\/#\/schema\/person\/4a711644aff28245c6c2c3452d66d325","name":"Joaquim Haickel","image":{"@type":"ImageObject","inLanguage":"pt-BR","@id":"https:\/\/www.blogsoestado.com\/joaquimhaickel\/#\/schema\/person\/image\/","url":"https:\/\/secure.gravatar.com\/avatar\/473d89339b9f8ec089adb8d5778363eb5a2ba2319956bcf0298bfd8cca04684a?s=96&d=mm&r=g","contentUrl":"https:\/\/secure.gravatar.com\/avatar\/473d89339b9f8ec089adb8d5778363eb5a2ba2319956bcf0298bfd8cca04684a?s=96&d=mm&r=g","caption":"Joaquim Haickel"},"url":"https:\/\/www.blogsoestado.com\/joaquimhaickel\/author\/joaquimhaickel\/"}]}},"jetpack_featured_media_url":"","_links":{"self":[{"href":"https:\/\/www.blogsoestado.com\/joaquimhaickel\/wp-json\/wp\/v2\/posts\/602","targetHints":{"allow":["GET"]}}],"collection":[{"href":"https:\/\/www.blogsoestado.com\/joaquimhaickel\/wp-json\/wp\/v2\/posts"}],"about":[{"href":"https:\/\/www.blogsoestado.com\/joaquimhaickel\/wp-json\/wp\/v2\/types\/post"}],"author":[{"embeddable":true,"href":"https:\/\/www.blogsoestado.com\/joaquimhaickel\/wp-json\/wp\/v2\/users\/7"}],"replies":[{"embeddable":true,"href":"https:\/\/www.blogsoestado.com\/joaquimhaickel\/wp-json\/wp\/v2\/comments?post=602"}],"version-history":[{"count":0,"href":"https:\/\/www.blogsoestado.com\/joaquimhaickel\/wp-json\/wp\/v2\/posts\/602\/revisions"}],"wp:attachment":[{"href":"https:\/\/www.blogsoestado.com\/joaquimhaickel\/wp-json\/wp\/v2\/media?parent=602"}],"wp:term":[{"taxonomy":"category","embeddable":true,"href":"https:\/\/www.blogsoestado.com\/joaquimhaickel\/wp-json\/wp\/v2\/categories?post=602"},{"taxonomy":"post_tag","embeddable":true,"href":"https:\/\/www.blogsoestado.com\/joaquimhaickel\/wp-json\/wp\/v2\/tags?post=602"}],"curies":[{"name":"wp","href":"https:\/\/api.w.org\/{rel}","templated":true}]}}