{"id":609,"date":"2010-08-21T10:41:20","date_gmt":"2010-08-21T13:41:20","guid":{"rendered":"https:\/\/www.blogsoestado.com\/joaquimhaickel\/?p=609"},"modified":"2010-08-21T10:41:20","modified_gmt":"2010-08-21T13:41:20","slug":"o-comentario-que-virou-post","status":"publish","type":"post","link":"https:\/\/www.blogsoestado.com\/joaquimhaickel\/2010\/08\/21\/o-comentario-que-virou-post\/","title":{"rendered":"O coment\u00e1rio que virou post"},"content":{"rendered":"<p><strong>Ricardo Reis<\/strong><br \/>\nEnviado em 20\/08\/2010 \u00e0s 11:30<\/p>\n<p>Caro Joaquim,<\/p>\n<p>Primeiramente quero justificar o fato de usar o anonimato para me comunicar contigo. Fa\u00e7o isso por exercer fun\u00e7\u00e3o que impede de me manifestar em alguns casos e como n\u00e3o quero ser mal interpretado, subtraio a minha pessoa em favor do assunto que acredito ser da mais alta relev\u00e2ncia.<\/p>\n<p>Mesmo n\u00e3o sendo teu eleitor, sou teu leitor h\u00e1 muitos anos. Mesmo n\u00e3o sendo teu amigo, n\u00e3o conviva contigo constantemente, te admiro como pessoa, como cidad\u00e3o e at\u00e9 como pol\u00edtico, mesmo n\u00e3o concordando com tua posi\u00e7\u00e3o partid\u00e1ria e ideol\u00f3gica.<\/p>\n<p>Dentro de teu grupo pol\u00edtico, tu te sobressais como sendo claramente o mais preparado, o mais confi\u00e1vel e talvez o \u00fanico com quem uma pessoa como eu possa sentar a uma mesa de bar para conversar.<\/p>\n<p>Conhe\u00e7o a tua trajet\u00f3ria, desde o come\u00e7o, quando ainda muito jovem te elegeste a primeira vez deputado. Te elegeste n\u00e3o bem a conjuga\u00e7\u00e3o mais verdadeira para esse verbo, a mais verdadeira seria, \u201cteu pai te elegeu pela primeira vez deputado\u201d. Diria at\u00e9 que em tua segunda elei\u00e7\u00e3o tamb\u00e9m foi teu pai quem te elegeu, mas n\u00e3o veja aqui nenhuma critica ferina ou mortal, fa\u00e7o isso s\u00f3 para te demonstrar que conhe\u00e7o tua historia, e quero que saibas que em minha opini\u00e3o o fato de teres sido eleito com a decisiva ajuda de teu pai, em nada comprometeu teu desempenho ou tua postura. Lembro inclusive do episodio da elei\u00e7\u00e3o dos delegados ao col\u00e9gio eleitoral que escolheria o \u00faltimo presidente da republica, eleito daquela forma, em que tu n\u00e3o te alinhaste com o teu grupo, ficando ao lado de teu pai que tinha compromisso com o ent\u00e3o candidato Paulo Maluf. Digo isso e me pergunto, quem estava errado \u00e9ramos n\u00f3s que quer\u00edamos Tancredo Neves ou voc\u00ea, que mesmo querendo Tancredo, teve a coragem de sufocar a sua vontade e honrar o compromisso de seu pai, seu mentor pol\u00edtico? Sei que tu j\u00e1 falaste muitas vezes sobre esse fato que acredito ser seu Genesis pessoal na pol\u00edtica e sei tamb\u00e9m que seus amigos e correligion\u00e1rios nunca te perdoaram por agir daquela forma, pois eles sempre cobram obedi\u00eancia total e cega, subservi\u00eancia da pior esp\u00e9cie.<\/p>\n<p>Acredito que tu sejas o \u00fanico e \u00faltimo remanescente de uma \u00e9poca em que os filhos sucediam aos pais na pol\u00edtica por afinidade com os afazeres daquele. N\u00e3o se pode dizer isso de Sarney Filho e muito menos de Roseana. O primeiro n\u00e3o aguentou a compara\u00e7\u00e3o e a segunda para fugir dela, hora renuncia ao sobrenome, hora tenta soterrar a imagem do pai, que mesmo comprometida, estar\u00e1 gravada para sempre em nossa historia como um paradigma da modernidade, que \u00e9 um par\u00e2metro mut\u00e1vel e c\u00edclico, por um lado, e do status quo, que na mesma perspectiva deve ser analisado. Pode-se dizer tudo sobre Sarney, menos que ele n\u00e3o tenha sido importante e decisivo em nossa hist\u00f3ria, tanto a maranhense quanto a brasileira.<\/p>\n<p>Outros como tu n\u00e3o sobreviveram, como \u00e9 o caso de Alexandre Junior e Marco Antonio Vieira da Silva, cuja trajet\u00f3ria foi curta. Enquanto outros como Alb\u00e9rico Filho e Ricardo Murad, mesmo n\u00e3o sendo filhos de personagens expressivas da pol\u00edtica, se filiaram a uma corrente que enquanto m\u00e3e, bem ou mal, os vem sustentando, mesmo que Ricardo tenha durante uns dez anos, se sentido preterido se rebelou contra a m\u00e3e, agora voltando ao seio materno, na mais profunda concep\u00e7\u00e3o da express\u00e3o.<\/p>\n<p>N\u00e3o se pode dizer que Edinho Lob\u00e3o \u00e9 ou ser\u00e1 um dia sucessor de seu pai, enquanto a Gard\u00eania n\u00e3o \u00e9 de modo algum sucessora de Castelo. O mesmo se pode dizer dos filhos do Braide, do Lima, do Fufuca, dos genros da governadora Roseana e da desembargadora Nelma, e at\u00e9 mesmo dos j\u00e1 deputados Rubens Junior e Vitor Mendes, tamb\u00e9m filhos de pol\u00edticos influentes.<\/p>\n<p>A mesma l\u00f3gica n\u00e3o se deve aplicar a Roberto Rocha e a Flavio Dino, pois mesmo sendo filhos de pol\u00edticos importantes, fizeram suas trajet\u00f3rias independentemente da de seus pais.<\/p>\n<p>Conhe\u00e7o n\u00e3o s\u00f3 tua hist\u00f3ria pol\u00edtica, mas tamb\u00e9m tua historia como escritor. Lembro que tamb\u00e9m, muito jovem, tu servia de ponto de intersec\u00e7\u00e3o e uni\u00e3o de um grupo de poetas e escritores que criaram uma revista chamada \u201cGuarnic\u00ea\u201d e que durante muitos anos foi uma esp\u00e9cie de farol de nossa cultura, j\u00e1 t\u00e3o enfraquecida.<\/p>\n<p>Digo tudo isso para fazer-te uma pergunta que imagino que muitas outras pessoas j\u00e1 te fizeram, mas a que eu ainda n\u00e3o vi nenhuma resposta clara e convincente: Porque tu n\u00e3o te candidataste a deputado nessas elei\u00e7\u00f5es? O que pode ter acontecido para interromperes uma carreira pol\u00edtica de sucesso eleitoral, de respaldo e respeito enquanto parlamentar atuante e competente?<\/p>\n<p>Continuarei visitando o seu blog pra ler deliciosas pe\u00e7as liter\u00e1rias como essa e espero encontrar por aqui a resposta para minha indaga\u00e7\u00e3o que acredito ser a de muitos.<\/p>\n<p><span style=\"text-decoration: underline\"><strong>RESPOSTA<\/strong><\/span>:<\/p>\n<p>Caro Ricardo Reis,<\/p>\n<p>Primeiramente gostaria de agradecer-lhe as boas refer\u00eancias \u00e0 minha pessoa e ao meu trabalho, tanto na pol\u00edtica quanto na literatura. Depois, quero dizer-lhe que em muitas coisas concordamos, noutras nem tanto. Mas o cerne da quest\u00e3o n\u00e3o \u00e9 nossa posi\u00e7\u00e3o pol\u00edtica ou ideol\u00f3gica, e sim a pergunta que voc\u00ea faz ao final desse seu texto, onde deixa transparecer todo seu conhecimento, sua intelig\u00eancia, sua cultura, sua forma\u00e7\u00e3o e seu elevado grau de informa\u00e7\u00e3o, coisas raras de se encontrar em uma s\u00f3 pessoa nos dias de hoje.<\/p>\n<p>Quero lhe dizer que o anonimato n\u00e3o me incomoda, o que me incomoda \u00e9 o anonimato desrespeitoso, algu\u00e9m que se esconde para agredir, para atacar, o que me incomoda \u00e9 a covardia. O anonimato elegante, mesmo que discordante, e ainda mais usando o mesmo nome adotado pelo grande poeta Fernando Pessoa, o que mostra o seu conhecimento at\u00e9 nesse \u00e2mbito, n\u00e3o me desagrada.<\/p>\n<p>N\u00e3o vou argumentar nem contra nem a favor de nenhuma de suas observa\u00e7\u00f5es, vou me ater em tentar responder sua pergunta, tarefa que n\u00e3o \u00e9 dif\u00edcil, mas reconhe\u00e7o que \u00e9 um tanto complicada e de certa forma um pouco delicada.<\/p>\n<p>Voc\u00ea me pergunta o porqu\u00ea de eu n\u00e3o me candidatar para uma das quarenta e duas vagas de deputado estadual de nossa Assembl\u00e9ia Legislativa.<\/p>\n<p>Eu lhe respondo que n\u00e3o h\u00e1 um s\u00f3 por que. S\u00e3o v\u00e1rios os motivos que me levaram a tomar a decis\u00e3o de n\u00e3o me candidatar a deputado nessas elei\u00e7\u00f5es, e ainda hoje, quando eu menos espero, aparecem outros destes motivos, sa\u00eddos do nada, ou melhor, sa\u00eddos do dia a dia da pol\u00edtica mesmo.<\/p>\n<p>Quero primeiramente deixar claro que quando resolvi que n\u00e3o me candidataria, contava com algo em torno de 40.000 votos o que seria suficiente para me eleger, logo o fato de n\u00e3o me candidatar nada tem haver com o fato de n\u00e3o me eleger como algumas pessoas j\u00e1 disseram por ai.<\/p>\n<p>Poderia come\u00e7ar dizendo que depois de vinte e oito anos na atividade pol\u00edtica, chega um momento em que a gente se cansa e que \u00e9 preciso \u201cdescansar\u201d, mudar de ritmo, de freq\u00fc\u00eancia. A atividade pol\u00edtica nisso \u00e9 igual a todas as outras atividades humanas. Quando voc\u00ea exerce muito uma fun\u00e7\u00e3o, de tempos em tempos, tem que desintoxicar, relaxar, mudar para n\u00e3o desenvolver LER, les\u00e3o de esfor\u00e7o repetitivo.<\/p>\n<p>Gosto muito de ser deputado, de exercer essa fun\u00e7\u00e3o. Acredito que em todos esses anos eu tenha aprendido a ser um bom parlamentar e tamb\u00e9m tenha conseguido aprender o oficio da pol\u00edtica.<\/p>\n<p>Ser pol\u00edtico, ser deputado e ser parlamentar podem ser coisas bem diferentes. Pol\u00edtico qualquer um pode ser, resta saber se \u00e9 um bom ou um mau pol\u00edtico. Deputado s\u00f3 pode ser quem se elege para o cargo. Para isso muita coisa tem que ser feita. \u00c9 uma m\u00e3o de obra imensa. Para ser um parlamentar tem que ser obrigatoriamente deputado, mas n\u00e3o s\u00f3 isso, tem que ser um tipo especifico de deputado, que exer\u00e7a o mandato em sua plenitude, que saiba como proceder em cada situa\u00e7\u00e3o que possa se apresentar, que conhe\u00e7a o funcionamento do parlamento, as normas de conviv\u00eancia, a l\u00f3gica do exerc\u00edcio da fun\u00e7\u00e3o, que tenha uma postura adequada, que seja presente aos debates, que saiba se expressar corretamente n\u00e3o s\u00f3 no que concerne \u00e0 l\u00edngua m\u00e3e, mas tamb\u00e9m em rela\u00e7\u00e3o \u00e0 civilidade e \u00e0 educa\u00e7\u00e3o. Ser um parlamentar \u00e9 bem mais que ser um deputado, que por sua vez \u00e9 bem mais que ser simplesmente um pol\u00edtico.<\/p>\n<p>Por tudo isso, \u00e9 uma temeridade se eleger um pol\u00edtico despreparado para ser um deputado, que sendo desqualificado n\u00e3o poder\u00e1 ser jamais um parlamentar.<\/p>\n<p>Outro motivo pelo qual resolvi que n\u00e3o iria concorrer nessas elei\u00e7\u00f5es \u00e9 para dar chance a outros aprenderem o que passei mais da metade de minha vida praticando.<\/p>\n<p>N\u00e3o quis me candidatar nessas elei\u00e7\u00f5es devido \u00e0 forma como se desenvolveu a prepara\u00e7\u00e3o para ela, reflexo direto da realiza\u00e7\u00e3o da elei\u00e7\u00e3o de quatro anos atr\u00e1s, quando o estado foi completamente loteado, onde pol\u00edticos, deputados, que foram durante toda a vida de um lado se bandearam para o outro por motivo vil. Prepara\u00e7\u00e3o que teve como ponto culminante a coopta\u00e7\u00e3o de correligion\u00e1rios seduzidos por vantagens pol\u00edticas irrecus\u00e1veis.<\/p>\n<p>N\u00e3o quis me candidatar porque em toda elei\u00e7\u00e3o se gasta dinheiro. Em qualquer uma delas h\u00e1 gastos com carros de som, combust\u00edvel, motoristas, material gr\u00e1fico, plotagem de ve\u00edculos, panfletagem, bandeira\u00e7os, comit\u00eas, deslocamentos, viagens, reuni\u00f5es, com\u00edcios\u2026 Esses gastos neste ano ir\u00e3o ultrapassar todas as estimativas e eu n\u00e3o estava disposto a depois de tanto tempo sendo um pol\u00edtico operante, um deputado atuante e um parlamentar dedicado, voltar \u00e0 bacia das almas e fazer coisas que n\u00e3o mais est\u00e3o em minha agenda, coisas que at\u00e9 j\u00e1 fiz, mas que n\u00e3o admito jamais fazer novamente, como aceitar ser pressionado a um ponto extremo que me sentisse incomodado e constrangido.<\/p>\n<p>Participar de uma elei\u00e7\u00e3o regida por uma lei eleitoral capenga e mal feita, feita apenas para parecer politicamente correta, causa a inseguran\u00e7a jur\u00eddica que est\u00e1 transformando essas elei\u00e7\u00f5es no para\u00edso dos advogados. Essas n\u00e3o s\u00e3o elei\u00e7\u00f5es de eleitores nem de votos. Essas elei\u00e7\u00f5es ser\u00e3o conhecidas como as elei\u00e7\u00f5es dos processos, dos recursos, das liminares, a elei\u00e7\u00e3o do sistema judici\u00e1rio eleitoral, o verdadeiro samba do crioulo doido. Quando a lei de ficha limpa estiver realmente em vigor, talvez quem sabe eu volte a ser candidato novamente.<\/p>\n<p>Veja bem, eu nunca desligo os meus telefones celulares, atendo todo aquele que me procura, seja ao telefone ou pessoalmente. Digo o n\u00famero de meus telefones em cima dos palanques, nos com\u00edcios. N\u00e3o registro o n\u00famero de ningu\u00e9m em minha agenda para que n\u00e3o seja poss\u00edvel saber quem est\u00e1 ligando, assim sendo atendo a todos e quando por algum motivo n\u00e3o posso atender, retorno em seguida a liga\u00e7\u00e3o. Procuro tratar a todos com respeito e considera\u00e7\u00e3o. Tento agir de forma correta, jamais mentir, mas existem pessoas que n\u00e3o admitem os que agem assim. Existem pessoas que querem que n\u00f3s mintamos para elas. Estas pessoas insistem em alguns pleitos imposs\u00edveis de realizar e n\u00e3o aceitam ouvir a verdade como resposta. Eu n\u00e3o me candidatei porque n\u00e3o aguentaria mais ter que conviver com esse tipo de gente, n\u00e3o mais me submeteria a ter que distorcer a verdade para agradar algu\u00e9m que tem a esperan\u00e7a de conseguir um emprego, um cargo de chefia, uma gratifica\u00e7\u00e3o ou mesmo uma transfer\u00eancia ou uma disposi\u00e7\u00e3o.<\/p>\n<p>Meus ombros e meus antebra\u00e7os n\u00e3o aceitariam mais serem cutucados por alguns meninos e muitos b\u00eabados que invariavelmente se aproximam de n\u00f3s pedindo um trocado ou para um lanche no caso dos primeiros ou para uma cervejinha no caso dos outros. Mas o fato de n\u00e3o ser candidato mudou pouco essa situa\u00e7\u00e3o, acontece que agora n\u00e3o preciso mais ficar constrangido com isso, continuo dizendo n\u00e3o, mas s\u00f3 que aliviado, leve, sem um estranho sentimento de culpa e de vergonha, pois parecia que para votarem em mim precisava que lhes fornecesse um lanche ou uma talagada de cacha\u00e7a.<\/p>\n<p>N\u00e3o mais quis me candidatar por que quero nos pr\u00f3ximos anos estar do outro lado do balc\u00e3o, engrossando as fileiras dos cidad\u00e3os, aqueles que s\u00e3o os verdadeiros respons\u00e1veis pela sociedade que os pol\u00edticos dirigem. Fortalecer a cidadania, o empresariado, as entidades sociais, ter\u00e1 reflexo direto na melhoria de nossa classe pol\u00edtica, que em primeira analise \u00e9 reflexo de nossa sociedade.<\/p>\n<p>Acredito que depois de todo esse tempo tendo exercido mandato parlamentar, possa aqui de fora ser uma voz atuante e cr\u00edtica em defesa do bom parlamento.<\/p>\n<p>N\u00e3o quis me candidatar porque n\u00e3o aguentava mais ouvir que pol\u00edtico \u00e9 tudo igual, que todos s\u00e3o safados, mentirosos, ladr\u00f5es. Essa fama n\u00e3o \u00e9 falsa. Existem realmente muitos pol\u00edticos que s\u00e3o tudo isso mesmo, mas existem aqueles que n\u00e3o o s\u00e3o.<\/p>\n<p>Caramba, j\u00e1 enumerei muitos porqu\u00eas n\u00e3o quis me candidatar e ainda me lembro de um novo a cada instante.<\/p>\n<p>J\u00e1 chega amigo Ricardo, espero que voc\u00ea tenha entendido os motivos que me fizeram n\u00e3o me candidatar esse ano a deputado, contudo quero dizer-lhe que n\u00e3o vou abandonar a pol\u00edtica, essa \u00e9 uma condi\u00e7\u00e3o inerente \u00e0 minha pessoa, tanto quanto \u00e0 condi\u00e7\u00e3o de escritor.<\/p>\n<p>Participe sempre com seus coment\u00e1rios, \u00e9 um prazer escrever para pessoas como voc\u00ea.<\/p>\n<p>Abra\u00e7o,<\/p>\n<p>Joaquim Haickel<\/p>\n","protected":false},"excerpt":{"rendered":"<p>Ricardo Reis Enviado em 20\/08\/2010 \u00e0s 11:30 Caro Joaquim, Primeiramente quero justificar o fato de usar o anonimato para me [&hellip;]<\/p>\n","protected":false},"author":7,"featured_media":0,"comment_status":"open","ping_status":"open","sticky":false,"template":"","format":"standard","meta":{"site-sidebar-layout":"default","site-content-layout":"","ast-site-content-layout":"default","site-content-style":"default","site-sidebar-style":"default","ast-global-header-display":"","ast-banner-title-visibility":"","ast-main-header-display":"","ast-hfb-above-header-display":"","ast-hfb-below-header-display":"","ast-hfb-mobile-header-display":"","site-post-title":"","ast-breadcrumbs-content":"","ast-featured-img":"","footer-sml-layout":"","ast-disable-related-posts":"","theme-transparent-header-meta":"","adv-header-id-meta":"","stick-header-meta":"","header-above-stick-meta":"","header-main-stick-meta":"","header-below-stick-meta":"","astra-migrate-meta-layouts":"default","ast-page-background-enabled":"default","ast-page-background-meta":{"desktop":{"background-color":"var(--ast-global-color-5)","background-image":"","background-repeat":"repeat","background-position":"center center","background-size":"auto","background-attachment":"scroll","background-type":"","background-media":"","overlay-type":"","overlay-color":"","overlay-opacity":"","overlay-gradient":""},"tablet":{"background-color":"","background-image":"","background-repeat":"repeat","background-position":"center center","background-size":"auto","background-attachment":"scroll","background-type":"","background-media":"","overlay-type":"","overlay-color":"","overlay-opacity":"","overlay-gradient":""},"mobile":{"background-color":"","background-image":"","background-repeat":"repeat","background-position":"center center","background-size":"auto","background-attachment":"scroll","background-type":"","background-media":"","overlay-type":"","overlay-color":"","overlay-opacity":"","overlay-gradient":""}},"ast-content-background-meta":{"desktop":{"background-color":"var(--ast-global-color-4)","background-image":"","background-repeat":"repeat","background-position":"center center","background-size":"auto","background-attachment":"scroll","background-type":"","background-media":"","overlay-type":"","overlay-color":"","overlay-opacity":"","overlay-gradient":""},"tablet":{"background-color":"var(--ast-global-color-4)","background-image":"","background-repeat":"repeat","background-position":"center center","background-size":"auto","background-attachment":"scroll","background-type":"","background-media":"","overlay-type":"","overlay-color":"","overlay-opacity":"","overlay-gradient":""},"mobile":{"background-color":"var(--ast-global-color-4)","background-image":"","background-repeat":"repeat","background-position":"center center","background-size":"auto","background-attachment":"scroll","background-type":"","background-media":"","overlay-type":"","overlay-color":"","overlay-opacity":"","overlay-gradient":""}},"footnotes":""},"categories":[4],"tags":[],"class_list":["post-609","post","type-post","status-publish","format-standard","hentry","category-4"],"yoast_head":"<!-- This site is optimized with the Yoast SEO plugin v26.6 - https:\/\/yoast.com\/wordpress\/plugins\/seo\/ -->\n<title>O coment\u00e1rio que virou post - Joaquim Haickel<\/title>\n<meta name=\"robots\" content=\"index, follow, max-snippet:-1, max-image-preview:large, max-video-preview:-1\" \/>\n<link rel=\"canonical\" href=\"https:\/\/www.blogsoestado.com\/joaquimhaickel\/2010\/08\/21\/o-comentario-que-virou-post\/\" \/>\n<meta property=\"og:locale\" content=\"pt_BR\" \/>\n<meta property=\"og:type\" content=\"article\" \/>\n<meta property=\"og:title\" content=\"O coment\u00e1rio que virou post - Joaquim Haickel\" \/>\n<meta property=\"og:description\" content=\"Ricardo Reis Enviado em 20\/08\/2010 \u00e0s 11:30 Caro Joaquim, Primeiramente quero justificar o fato de usar o anonimato para me [&hellip;]\" \/>\n<meta property=\"og:url\" content=\"https:\/\/www.blogsoestado.com\/joaquimhaickel\/2010\/08\/21\/o-comentario-que-virou-post\/\" \/>\n<meta property=\"og:site_name\" content=\"Joaquim Haickel\" \/>\n<meta property=\"article:published_time\" content=\"2010-08-21T13:41:20+00:00\" \/>\n<meta name=\"author\" content=\"Joaquim Haickel\" \/>\n<meta name=\"twitter:card\" content=\"summary_large_image\" \/>\n<meta name=\"twitter:label1\" content=\"Escrito por\" \/>\n\t<meta name=\"twitter:data1\" content=\"Joaquim Haickel\" \/>\n\t<meta name=\"twitter:label2\" content=\"Est. tempo de leitura\" \/>\n\t<meta name=\"twitter:data2\" content=\"12 minutos\" \/>\n<script type=\"application\/ld+json\" class=\"yoast-schema-graph\">{\"@context\":\"https:\/\/schema.org\",\"@graph\":[{\"@type\":\"WebPage\",\"@id\":\"https:\/\/www.blogsoestado.com\/joaquimhaickel\/2010\/08\/21\/o-comentario-que-virou-post\/\",\"url\":\"https:\/\/www.blogsoestado.com\/joaquimhaickel\/2010\/08\/21\/o-comentario-que-virou-post\/\",\"name\":\"O coment\u00e1rio que virou post - Joaquim Haickel\",\"isPartOf\":{\"@id\":\"https:\/\/www.blogsoestado.com\/joaquimhaickel\/#website\"},\"datePublished\":\"2010-08-21T13:41:20+00:00\",\"author\":{\"@id\":\"https:\/\/www.blogsoestado.com\/joaquimhaickel\/#\/schema\/person\/4a711644aff28245c6c2c3452d66d325\"},\"breadcrumb\":{\"@id\":\"https:\/\/www.blogsoestado.com\/joaquimhaickel\/2010\/08\/21\/o-comentario-que-virou-post\/#breadcrumb\"},\"inLanguage\":\"pt-BR\",\"potentialAction\":[{\"@type\":\"ReadAction\",\"target\":[\"https:\/\/www.blogsoestado.com\/joaquimhaickel\/2010\/08\/21\/o-comentario-que-virou-post\/\"]}]},{\"@type\":\"BreadcrumbList\",\"@id\":\"https:\/\/www.blogsoestado.com\/joaquimhaickel\/2010\/08\/21\/o-comentario-que-virou-post\/#breadcrumb\",\"itemListElement\":[{\"@type\":\"ListItem\",\"position\":1,\"name\":\"In\u00edcio\",\"item\":\"https:\/\/www.blogsoestado.com\/joaquimhaickel\/\"},{\"@type\":\"ListItem\",\"position\":2,\"name\":\"O coment\u00e1rio que virou post\"}]},{\"@type\":\"WebSite\",\"@id\":\"https:\/\/www.blogsoestado.com\/joaquimhaickel\/#website\",\"url\":\"https:\/\/www.blogsoestado.com\/joaquimhaickel\/\",\"name\":\"Joaquim Haickel\",\"description\":\"\",\"potentialAction\":[{\"@type\":\"SearchAction\",\"target\":{\"@type\":\"EntryPoint\",\"urlTemplate\":\"https:\/\/www.blogsoestado.com\/joaquimhaickel\/?s={search_term_string}\"},\"query-input\":{\"@type\":\"PropertyValueSpecification\",\"valueRequired\":true,\"valueName\":\"search_term_string\"}}],\"inLanguage\":\"pt-BR\"},{\"@type\":\"Person\",\"@id\":\"https:\/\/www.blogsoestado.com\/joaquimhaickel\/#\/schema\/person\/4a711644aff28245c6c2c3452d66d325\",\"name\":\"Joaquim Haickel\",\"image\":{\"@type\":\"ImageObject\",\"inLanguage\":\"pt-BR\",\"@id\":\"https:\/\/www.blogsoestado.com\/joaquimhaickel\/#\/schema\/person\/image\/\",\"url\":\"https:\/\/secure.gravatar.com\/avatar\/473d89339b9f8ec089adb8d5778363eb5a2ba2319956bcf0298bfd8cca04684a?s=96&d=mm&r=g\",\"contentUrl\":\"https:\/\/secure.gravatar.com\/avatar\/473d89339b9f8ec089adb8d5778363eb5a2ba2319956bcf0298bfd8cca04684a?s=96&d=mm&r=g\",\"caption\":\"Joaquim Haickel\"},\"url\":\"https:\/\/www.blogsoestado.com\/joaquimhaickel\/author\/joaquimhaickel\/\"}]}<\/script>\n<!-- \/ Yoast SEO plugin. -->","yoast_head_json":{"title":"O coment\u00e1rio que virou post - Joaquim Haickel","robots":{"index":"index","follow":"follow","max-snippet":"max-snippet:-1","max-image-preview":"max-image-preview:large","max-video-preview":"max-video-preview:-1"},"canonical":"https:\/\/www.blogsoestado.com\/joaquimhaickel\/2010\/08\/21\/o-comentario-que-virou-post\/","og_locale":"pt_BR","og_type":"article","og_title":"O coment\u00e1rio que virou post - Joaquim Haickel","og_description":"Ricardo Reis Enviado em 20\/08\/2010 \u00e0s 11:30 Caro Joaquim, Primeiramente quero justificar o fato de usar o anonimato para me [&hellip;]","og_url":"https:\/\/www.blogsoestado.com\/joaquimhaickel\/2010\/08\/21\/o-comentario-que-virou-post\/","og_site_name":"Joaquim Haickel","article_published_time":"2010-08-21T13:41:20+00:00","author":"Joaquim Haickel","twitter_card":"summary_large_image","twitter_misc":{"Escrito por":"Joaquim Haickel","Est. tempo de leitura":"12 minutos"},"schema":{"@context":"https:\/\/schema.org","@graph":[{"@type":"WebPage","@id":"https:\/\/www.blogsoestado.com\/joaquimhaickel\/2010\/08\/21\/o-comentario-que-virou-post\/","url":"https:\/\/www.blogsoestado.com\/joaquimhaickel\/2010\/08\/21\/o-comentario-que-virou-post\/","name":"O coment\u00e1rio que virou post - Joaquim Haickel","isPartOf":{"@id":"https:\/\/www.blogsoestado.com\/joaquimhaickel\/#website"},"datePublished":"2010-08-21T13:41:20+00:00","author":{"@id":"https:\/\/www.blogsoestado.com\/joaquimhaickel\/#\/schema\/person\/4a711644aff28245c6c2c3452d66d325"},"breadcrumb":{"@id":"https:\/\/www.blogsoestado.com\/joaquimhaickel\/2010\/08\/21\/o-comentario-que-virou-post\/#breadcrumb"},"inLanguage":"pt-BR","potentialAction":[{"@type":"ReadAction","target":["https:\/\/www.blogsoestado.com\/joaquimhaickel\/2010\/08\/21\/o-comentario-que-virou-post\/"]}]},{"@type":"BreadcrumbList","@id":"https:\/\/www.blogsoestado.com\/joaquimhaickel\/2010\/08\/21\/o-comentario-que-virou-post\/#breadcrumb","itemListElement":[{"@type":"ListItem","position":1,"name":"In\u00edcio","item":"https:\/\/www.blogsoestado.com\/joaquimhaickel\/"},{"@type":"ListItem","position":2,"name":"O coment\u00e1rio que virou post"}]},{"@type":"WebSite","@id":"https:\/\/www.blogsoestado.com\/joaquimhaickel\/#website","url":"https:\/\/www.blogsoestado.com\/joaquimhaickel\/","name":"Joaquim Haickel","description":"","potentialAction":[{"@type":"SearchAction","target":{"@type":"EntryPoint","urlTemplate":"https:\/\/www.blogsoestado.com\/joaquimhaickel\/?s={search_term_string}"},"query-input":{"@type":"PropertyValueSpecification","valueRequired":true,"valueName":"search_term_string"}}],"inLanguage":"pt-BR"},{"@type":"Person","@id":"https:\/\/www.blogsoestado.com\/joaquimhaickel\/#\/schema\/person\/4a711644aff28245c6c2c3452d66d325","name":"Joaquim Haickel","image":{"@type":"ImageObject","inLanguage":"pt-BR","@id":"https:\/\/www.blogsoestado.com\/joaquimhaickel\/#\/schema\/person\/image\/","url":"https:\/\/secure.gravatar.com\/avatar\/473d89339b9f8ec089adb8d5778363eb5a2ba2319956bcf0298bfd8cca04684a?s=96&d=mm&r=g","contentUrl":"https:\/\/secure.gravatar.com\/avatar\/473d89339b9f8ec089adb8d5778363eb5a2ba2319956bcf0298bfd8cca04684a?s=96&d=mm&r=g","caption":"Joaquim Haickel"},"url":"https:\/\/www.blogsoestado.com\/joaquimhaickel\/author\/joaquimhaickel\/"}]}},"jetpack_featured_media_url":"","_links":{"self":[{"href":"https:\/\/www.blogsoestado.com\/joaquimhaickel\/wp-json\/wp\/v2\/posts\/609","targetHints":{"allow":["GET"]}}],"collection":[{"href":"https:\/\/www.blogsoestado.com\/joaquimhaickel\/wp-json\/wp\/v2\/posts"}],"about":[{"href":"https:\/\/www.blogsoestado.com\/joaquimhaickel\/wp-json\/wp\/v2\/types\/post"}],"author":[{"embeddable":true,"href":"https:\/\/www.blogsoestado.com\/joaquimhaickel\/wp-json\/wp\/v2\/users\/7"}],"replies":[{"embeddable":true,"href":"https:\/\/www.blogsoestado.com\/joaquimhaickel\/wp-json\/wp\/v2\/comments?post=609"}],"version-history":[{"count":0,"href":"https:\/\/www.blogsoestado.com\/joaquimhaickel\/wp-json\/wp\/v2\/posts\/609\/revisions"}],"wp:attachment":[{"href":"https:\/\/www.blogsoestado.com\/joaquimhaickel\/wp-json\/wp\/v2\/media?parent=609"}],"wp:term":[{"taxonomy":"category","embeddable":true,"href":"https:\/\/www.blogsoestado.com\/joaquimhaickel\/wp-json\/wp\/v2\/categories?post=609"},{"taxonomy":"post_tag","embeddable":true,"href":"https:\/\/www.blogsoestado.com\/joaquimhaickel\/wp-json\/wp\/v2\/tags?post=609"}],"curies":[{"name":"wp","href":"https:\/\/api.w.org\/{rel}","templated":true}]}}