{"id":624,"date":"2010-09-12T10:57:01","date_gmt":"2010-09-12T13:57:01","guid":{"rendered":"https:\/\/www.blogsoestado.com\/joaquimhaickel\/?p=624"},"modified":"2010-09-12T10:57:01","modified_gmt":"2010-09-12T13:57:01","slug":"a-importancia-do-equilibrio-politico","status":"publish","type":"post","link":"https:\/\/www.blogsoestado.com\/joaquimhaickel\/2010\/09\/12\/a-importancia-do-equilibrio-politico\/","title":{"rendered":"A import\u00e2ncia do equil\u00edbrio pol\u00edtico."},"content":{"rendered":"<p>Tudo indica que a disputa eleitoral pela Presid\u00eancia da Rep\u00fablica j\u00e1 est\u00e1 resolvida. Lula eleger\u00e1 Dilma no 1\u00b0 turno. Imagino que esse fato n\u00e3o se questione. Inclusive, tenho certeza que no tocante a esse item, eu e meu amigo Fl\u00e1vio Dino concordamos plenamente.<\/p>\n<p>Enquanto isso as disputas eleitorais pelos governos dos Estados tamb\u00e9m j\u00e1 est\u00e3o praticamente decididas. Faltando tr\u00eas semanas para o dia do pleito poucas surpresas devem acontecer. Nisso imagino que eu e Fl\u00e1vio discordemos um pouco.<\/p>\n<p>Por outro lado, as disputas para o preenchimento de dois ter\u00e7os das vagas ao Senado Federal, prometem ser mais acirradas. O futuro governo precisar\u00e1 ter na C\u00e2mara Alta do Congresso Nacional uma maioria confort\u00e1vel para poder administrar o pa\u00eds com tranquilaidade. Concord\u00e2ncia Geral. Imagino.<\/p>\n<p>Na C\u00e2mara dos Deputados a disputa ser\u00e1 menos crucial, haver\u00e1 um maior equil\u00edbrio, mesmo que com uma renova\u00e7\u00e3o menor que a estimada a princ\u00edpio. De acordo!?<\/p>\n<p>Nas Assembl\u00e9ias Legislativas o quadro n\u00e3o ser\u00e1 diferente, sendo que a renova\u00e7\u00e3o ser\u00e1 maior que a estimada inicialmente. Minha opini\u00e3o.<\/p>\n<p>Isso tudo acontecer\u00e1, n\u00e3o sei se gra\u00e7as ou apesar da aplica\u00e7\u00e3o ou da desaplica\u00e7\u00e3o da Lei da Ficha Limpa, que tudo indica, nos pr\u00f3ximos anos ser\u00e1 a respons\u00e1vel pela diminui\u00e7\u00e3o do numero de candidatos a cargos eletivos em nosso pa\u00eds. Espero.<\/p>\n<p>Acredito que o Maranh\u00e3o esteja desenhado com fidelidade nas mal tra\u00e7adas linhas acima, mas espero que o mesmo n\u00e3o aconte\u00e7a em outros Estados. \u00c9 sobre isso que quero falar hoje. Sobre a necessidade primordial do equil\u00edbrio das for\u00e7as pol\u00edticas a n\u00edvel nacional para a exist\u00eancia de uma democracia sadia, capaz de gerar progresso sustent\u00e1vel, robustez econ\u00f4mica e avan\u00e7os sociais verdadeiros.<\/p>\n<p>Com a vit\u00f3ria de Dilma no 1\u00b0 turno, seria indispens\u00e1vel que pelo menos Alckmim sa\u00edsse vitorioso em S\u00e3o Paulo e que Anast\u00e1sia vencesse em Minas Gerais. Tal equil\u00edbrio pode nos garantir a estabilidade do sistema democr\u00e1tico, fazendo com que o poder executivo, nos tr\u00eas n\u00edveis, possa variar suas for\u00e7as equilibrando a delicada sinfonia do poder pol\u00edtico em nosso pa\u00eds.<\/p>\n<p>Lula \u00e9 o \u00edcone dessas elei\u00e7\u00f5es. Personagem principal, ele ofusca a todos, come\u00e7ando por sua pr\u00f3pria candidata, que sair\u00e1 vitoriosa das urnas, passando pelos advers\u00e1rios desta e chegando pr\u00f3ximo de rivalizar-se at\u00e9 mesmo com um daqueles falsos messias judeus, jamais com o Cristo verdadeiro.<\/p>\n<p>O presidente est\u00e1 realmente acima do bem e do mal. Nele nada causa m\u00e1cula. Nele os pecados n\u00e3o se sobressaem.<\/p>\n<p>Produto exatamente do sucesso de nossa estabilidade, tanto no alicerce democr\u00e1tico quanto nas colunas econ\u00f4micas que sustentam as vigas mestras de um forro social, Lula se apresenta como Midas de popularidade eleitoral. Onde ele toca vira voto. E acho isso correto. \u00c9 assim que acontece em toda parte, mas h\u00e1 uma coisa que at\u00e9 mesmo Lula deve saber: Toda unanimidade \u00e9 burra.<\/p>\n<p>Eu se fosse Lula deixaria o quinh\u00e3o do PSDB intacto. O efetivo sucesso da futura administra\u00e7\u00e3o do pa\u00eds gerido pela coliga\u00e7\u00e3o PT-PMDB, passa pela reserva de mercado estabelecida tacitamente pela sabedoria do povo paulista e mineiro, os mesmos da Pol\u00edtica do Caf\u00e9 com Leite. O PT fica com um Brasil e o PSDB fica com um outro, possibilitando assim que o nosso Brasil n\u00e3o se quebre, n\u00e3o se reparta, n\u00e3o rompa, n\u00e3o degringole.<\/p>\n<p>Estados como o nosso Maranh\u00e3o, bem como o Piau\u00ed, Alagoas e Sergipe, mesmo o Amazonas, o Par\u00e1 e os dois Mato Grosso, dentre outros, importam pouco no tabuleiro do poder nacional, a ponto de alterar o equil\u00edbrio pol\u00edtico.<\/p>\n<p>Os Estados de S\u00e3o Paulo e de Minas e mais a cidade de S\u00e3o Paulo devem permanecer mesmo sobre o controle da oposi\u00e7\u00e3o ao governo, quem quer que seja ele, pois esses tr\u00eas organismos pol\u00edtico-administrativos sofrem pouca ou nenhuma press\u00e3o do governo federal. Este ao contr\u00e1rio de retalhar-lhes, estabelece parcerias mais efetivas e eficientes com eles, situa\u00e7\u00e3o inversa a dos pequenos estados e munic\u00edpios que dependem diretamente do governo federal para implementa\u00e7\u00e3o de seus projetos mais estruturais e definitivos.<\/p>\n<p>Depois de dizer isso s\u00f3 me resta rezar para que uma mulher fa\u00e7a o que nenhum homem ousou fazer at\u00e9 agora nesse pa\u00eds. Sarney fez a transi\u00e7\u00e3o segura para a democracia, Collor iniciou a abertura de nossa economia, Itamar segurou o barco numa hora dif\u00edcil, Fernando Henrique equilibrou definitivamente a economia e Lula sacramentou o sucesso econ\u00f4mico e democr\u00e1tico, estendendo seus benef\u00edcios a um grande n\u00famero de pessoas jamais aquinhoadas. Agora, o indispens\u00e1vel a fazer s\u00e3o as reformas pol\u00edtica e tribut\u00e1ria, e imagino que esse possa ser o destino dessa guerrilheira.<\/p>\n<p>Dilma n\u00e3o ser\u00e1 pior que Lula, mesmo que a compara\u00e7\u00e3o venha fustig\u00e1-la bastante e jamais seria pior que Serra.<\/p>\n<p>\u201cQuem viver ver\u00e1!\u201d<\/p>\n","protected":false},"excerpt":{"rendered":"<p>Tudo indica que a disputa eleitoral pela Presid\u00eancia da Rep\u00fablica j\u00e1 est\u00e1 resolvida. Lula eleger\u00e1 Dilma no 1\u00b0 turno. Imagino [&hellip;]<\/p>\n","protected":false},"author":7,"featured_media":0,"comment_status":"open","ping_status":"open","sticky":false,"template":"","format":"standard","meta":{"site-sidebar-layout":"default","site-content-layout":"","ast-site-content-layout":"default","site-content-style":"default","site-sidebar-style":"default","ast-global-header-display":"","ast-banner-title-visibility":"","ast-main-header-display":"","ast-hfb-above-header-display":"","ast-hfb-below-header-display":"","ast-hfb-mobile-header-display":"","site-post-title":"","ast-breadcrumbs-content":"","ast-featured-img":"","footer-sml-layout":"","ast-disable-related-posts":"","theme-transparent-header-meta":"","adv-header-id-meta":"","stick-header-meta":"","header-above-stick-meta":"","header-main-stick-meta":"","header-below-stick-meta":"","astra-migrate-meta-layouts":"default","ast-page-background-enabled":"default","ast-page-background-meta":{"desktop":{"background-color":"var(--ast-global-color-5)","background-image":"","background-repeat":"repeat","background-position":"center center","background-size":"auto","background-attachment":"scroll","background-type":"","background-media":"","overlay-type":"","overlay-color":"","overlay-opacity":"","overlay-gradient":""},"tablet":{"background-color":"","background-image":"","background-repeat":"repeat","background-position":"center center","background-size":"auto","background-attachment":"scroll","background-type":"","background-media":"","overlay-type":"","overlay-color":"","overlay-opacity":"","overlay-gradient":""},"mobile":{"background-color":"","background-image":"","background-repeat":"repeat","background-position":"center center","background-size":"auto","background-attachment":"scroll","background-type":"","background-media":"","overlay-type":"","overlay-color":"","overlay-opacity":"","overlay-gradient":""}},"ast-content-background-meta":{"desktop":{"background-color":"var(--ast-global-color-4)","background-image":"","background-repeat":"repeat","background-position":"center center","background-size":"auto","background-attachment":"scroll","background-type":"","background-media":"","overlay-type":"","overlay-color":"","overlay-opacity":"","overlay-gradient":""},"tablet":{"background-color":"var(--ast-global-color-4)","background-image":"","background-repeat":"repeat","background-position":"center center","background-size":"auto","background-attachment":"scroll","background-type":"","background-media":"","overlay-type":"","overlay-color":"","overlay-opacity":"","overlay-gradient":""},"mobile":{"background-color":"var(--ast-global-color-4)","background-image":"","background-repeat":"repeat","background-position":"center center","background-size":"auto","background-attachment":"scroll","background-type":"","background-media":"","overlay-type":"","overlay-color":"","overlay-opacity":"","overlay-gradient":""}},"footnotes":""},"categories":[4],"tags":[],"class_list":["post-624","post","type-post","status-publish","format-standard","hentry","category-4"],"yoast_head":"<!-- This site is optimized with the Yoast SEO plugin v26.6 - https:\/\/yoast.com\/wordpress\/plugins\/seo\/ -->\n<title>A import\u00e2ncia do equil\u00edbrio pol\u00edtico. - Joaquim Haickel<\/title>\n<meta name=\"robots\" content=\"index, follow, max-snippet:-1, max-image-preview:large, max-video-preview:-1\" \/>\n<link rel=\"canonical\" href=\"https:\/\/www.blogsoestado.com\/joaquimhaickel\/2010\/09\/12\/a-importancia-do-equilibrio-politico\/\" \/>\n<meta property=\"og:locale\" content=\"pt_BR\" \/>\n<meta property=\"og:type\" content=\"article\" \/>\n<meta property=\"og:title\" content=\"A import\u00e2ncia do equil\u00edbrio pol\u00edtico. - Joaquim Haickel\" \/>\n<meta property=\"og:description\" content=\"Tudo indica que a disputa eleitoral pela Presid\u00eancia da Rep\u00fablica j\u00e1 est\u00e1 resolvida. Lula eleger\u00e1 Dilma no 1\u00b0 turno. Imagino [&hellip;]\" \/>\n<meta property=\"og:url\" content=\"https:\/\/www.blogsoestado.com\/joaquimhaickel\/2010\/09\/12\/a-importancia-do-equilibrio-politico\/\" \/>\n<meta property=\"og:site_name\" content=\"Joaquim Haickel\" \/>\n<meta property=\"article:published_time\" content=\"2010-09-12T13:57:01+00:00\" \/>\n<meta name=\"author\" content=\"Joaquim Haickel\" \/>\n<meta name=\"twitter:card\" content=\"summary_large_image\" \/>\n<meta name=\"twitter:label1\" content=\"Escrito por\" \/>\n\t<meta name=\"twitter:data1\" content=\"Joaquim Haickel\" \/>\n\t<meta name=\"twitter:label2\" content=\"Est. tempo de leitura\" \/>\n\t<meta name=\"twitter:data2\" content=\"4 minutos\" \/>\n<script type=\"application\/ld+json\" class=\"yoast-schema-graph\">{\"@context\":\"https:\/\/schema.org\",\"@graph\":[{\"@type\":\"WebPage\",\"@id\":\"https:\/\/www.blogsoestado.com\/joaquimhaickel\/2010\/09\/12\/a-importancia-do-equilibrio-politico\/\",\"url\":\"https:\/\/www.blogsoestado.com\/joaquimhaickel\/2010\/09\/12\/a-importancia-do-equilibrio-politico\/\",\"name\":\"A import\u00e2ncia do equil\u00edbrio pol\u00edtico. - Joaquim Haickel\",\"isPartOf\":{\"@id\":\"https:\/\/www.blogsoestado.com\/joaquimhaickel\/#website\"},\"datePublished\":\"2010-09-12T13:57:01+00:00\",\"author\":{\"@id\":\"https:\/\/www.blogsoestado.com\/joaquimhaickel\/#\/schema\/person\/4a711644aff28245c6c2c3452d66d325\"},\"breadcrumb\":{\"@id\":\"https:\/\/www.blogsoestado.com\/joaquimhaickel\/2010\/09\/12\/a-importancia-do-equilibrio-politico\/#breadcrumb\"},\"inLanguage\":\"pt-BR\",\"potentialAction\":[{\"@type\":\"ReadAction\",\"target\":[\"https:\/\/www.blogsoestado.com\/joaquimhaickel\/2010\/09\/12\/a-importancia-do-equilibrio-politico\/\"]}]},{\"@type\":\"BreadcrumbList\",\"@id\":\"https:\/\/www.blogsoestado.com\/joaquimhaickel\/2010\/09\/12\/a-importancia-do-equilibrio-politico\/#breadcrumb\",\"itemListElement\":[{\"@type\":\"ListItem\",\"position\":1,\"name\":\"In\u00edcio\",\"item\":\"https:\/\/www.blogsoestado.com\/joaquimhaickel\/\"},{\"@type\":\"ListItem\",\"position\":2,\"name\":\"A import\u00e2ncia do equil\u00edbrio pol\u00edtico.\"}]},{\"@type\":\"WebSite\",\"@id\":\"https:\/\/www.blogsoestado.com\/joaquimhaickel\/#website\",\"url\":\"https:\/\/www.blogsoestado.com\/joaquimhaickel\/\",\"name\":\"Joaquim Haickel\",\"description\":\"\",\"potentialAction\":[{\"@type\":\"SearchAction\",\"target\":{\"@type\":\"EntryPoint\",\"urlTemplate\":\"https:\/\/www.blogsoestado.com\/joaquimhaickel\/?s={search_term_string}\"},\"query-input\":{\"@type\":\"PropertyValueSpecification\",\"valueRequired\":true,\"valueName\":\"search_term_string\"}}],\"inLanguage\":\"pt-BR\"},{\"@type\":\"Person\",\"@id\":\"https:\/\/www.blogsoestado.com\/joaquimhaickel\/#\/schema\/person\/4a711644aff28245c6c2c3452d66d325\",\"name\":\"Joaquim Haickel\",\"image\":{\"@type\":\"ImageObject\",\"inLanguage\":\"pt-BR\",\"@id\":\"https:\/\/www.blogsoestado.com\/joaquimhaickel\/#\/schema\/person\/image\/\",\"url\":\"https:\/\/secure.gravatar.com\/avatar\/473d89339b9f8ec089adb8d5778363eb5a2ba2319956bcf0298bfd8cca04684a?s=96&d=mm&r=g\",\"contentUrl\":\"https:\/\/secure.gravatar.com\/avatar\/473d89339b9f8ec089adb8d5778363eb5a2ba2319956bcf0298bfd8cca04684a?s=96&d=mm&r=g\",\"caption\":\"Joaquim Haickel\"},\"url\":\"https:\/\/www.blogsoestado.com\/joaquimhaickel\/author\/joaquimhaickel\/\"}]}<\/script>\n<!-- \/ Yoast SEO plugin. -->","yoast_head_json":{"title":"A import\u00e2ncia do equil\u00edbrio pol\u00edtico. - Joaquim Haickel","robots":{"index":"index","follow":"follow","max-snippet":"max-snippet:-1","max-image-preview":"max-image-preview:large","max-video-preview":"max-video-preview:-1"},"canonical":"https:\/\/www.blogsoestado.com\/joaquimhaickel\/2010\/09\/12\/a-importancia-do-equilibrio-politico\/","og_locale":"pt_BR","og_type":"article","og_title":"A import\u00e2ncia do equil\u00edbrio pol\u00edtico. - Joaquim Haickel","og_description":"Tudo indica que a disputa eleitoral pela Presid\u00eancia da Rep\u00fablica j\u00e1 est\u00e1 resolvida. Lula eleger\u00e1 Dilma no 1\u00b0 turno. Imagino [&hellip;]","og_url":"https:\/\/www.blogsoestado.com\/joaquimhaickel\/2010\/09\/12\/a-importancia-do-equilibrio-politico\/","og_site_name":"Joaquim Haickel","article_published_time":"2010-09-12T13:57:01+00:00","author":"Joaquim Haickel","twitter_card":"summary_large_image","twitter_misc":{"Escrito por":"Joaquim Haickel","Est. tempo de leitura":"4 minutos"},"schema":{"@context":"https:\/\/schema.org","@graph":[{"@type":"WebPage","@id":"https:\/\/www.blogsoestado.com\/joaquimhaickel\/2010\/09\/12\/a-importancia-do-equilibrio-politico\/","url":"https:\/\/www.blogsoestado.com\/joaquimhaickel\/2010\/09\/12\/a-importancia-do-equilibrio-politico\/","name":"A import\u00e2ncia do equil\u00edbrio pol\u00edtico. - Joaquim Haickel","isPartOf":{"@id":"https:\/\/www.blogsoestado.com\/joaquimhaickel\/#website"},"datePublished":"2010-09-12T13:57:01+00:00","author":{"@id":"https:\/\/www.blogsoestado.com\/joaquimhaickel\/#\/schema\/person\/4a711644aff28245c6c2c3452d66d325"},"breadcrumb":{"@id":"https:\/\/www.blogsoestado.com\/joaquimhaickel\/2010\/09\/12\/a-importancia-do-equilibrio-politico\/#breadcrumb"},"inLanguage":"pt-BR","potentialAction":[{"@type":"ReadAction","target":["https:\/\/www.blogsoestado.com\/joaquimhaickel\/2010\/09\/12\/a-importancia-do-equilibrio-politico\/"]}]},{"@type":"BreadcrumbList","@id":"https:\/\/www.blogsoestado.com\/joaquimhaickel\/2010\/09\/12\/a-importancia-do-equilibrio-politico\/#breadcrumb","itemListElement":[{"@type":"ListItem","position":1,"name":"In\u00edcio","item":"https:\/\/www.blogsoestado.com\/joaquimhaickel\/"},{"@type":"ListItem","position":2,"name":"A import\u00e2ncia do equil\u00edbrio pol\u00edtico."}]},{"@type":"WebSite","@id":"https:\/\/www.blogsoestado.com\/joaquimhaickel\/#website","url":"https:\/\/www.blogsoestado.com\/joaquimhaickel\/","name":"Joaquim Haickel","description":"","potentialAction":[{"@type":"SearchAction","target":{"@type":"EntryPoint","urlTemplate":"https:\/\/www.blogsoestado.com\/joaquimhaickel\/?s={search_term_string}"},"query-input":{"@type":"PropertyValueSpecification","valueRequired":true,"valueName":"search_term_string"}}],"inLanguage":"pt-BR"},{"@type":"Person","@id":"https:\/\/www.blogsoestado.com\/joaquimhaickel\/#\/schema\/person\/4a711644aff28245c6c2c3452d66d325","name":"Joaquim Haickel","image":{"@type":"ImageObject","inLanguage":"pt-BR","@id":"https:\/\/www.blogsoestado.com\/joaquimhaickel\/#\/schema\/person\/image\/","url":"https:\/\/secure.gravatar.com\/avatar\/473d89339b9f8ec089adb8d5778363eb5a2ba2319956bcf0298bfd8cca04684a?s=96&d=mm&r=g","contentUrl":"https:\/\/secure.gravatar.com\/avatar\/473d89339b9f8ec089adb8d5778363eb5a2ba2319956bcf0298bfd8cca04684a?s=96&d=mm&r=g","caption":"Joaquim Haickel"},"url":"https:\/\/www.blogsoestado.com\/joaquimhaickel\/author\/joaquimhaickel\/"}]}},"jetpack_featured_media_url":"","_links":{"self":[{"href":"https:\/\/www.blogsoestado.com\/joaquimhaickel\/wp-json\/wp\/v2\/posts\/624","targetHints":{"allow":["GET"]}}],"collection":[{"href":"https:\/\/www.blogsoestado.com\/joaquimhaickel\/wp-json\/wp\/v2\/posts"}],"about":[{"href":"https:\/\/www.blogsoestado.com\/joaquimhaickel\/wp-json\/wp\/v2\/types\/post"}],"author":[{"embeddable":true,"href":"https:\/\/www.blogsoestado.com\/joaquimhaickel\/wp-json\/wp\/v2\/users\/7"}],"replies":[{"embeddable":true,"href":"https:\/\/www.blogsoestado.com\/joaquimhaickel\/wp-json\/wp\/v2\/comments?post=624"}],"version-history":[{"count":0,"href":"https:\/\/www.blogsoestado.com\/joaquimhaickel\/wp-json\/wp\/v2\/posts\/624\/revisions"}],"wp:attachment":[{"href":"https:\/\/www.blogsoestado.com\/joaquimhaickel\/wp-json\/wp\/v2\/media?parent=624"}],"wp:term":[{"taxonomy":"category","embeddable":true,"href":"https:\/\/www.blogsoestado.com\/joaquimhaickel\/wp-json\/wp\/v2\/categories?post=624"},{"taxonomy":"post_tag","embeddable":true,"href":"https:\/\/www.blogsoestado.com\/joaquimhaickel\/wp-json\/wp\/v2\/tags?post=624"}],"curies":[{"name":"wp","href":"https:\/\/api.w.org\/{rel}","templated":true}]}}