{"id":635,"date":"2010-09-26T09:00:01","date_gmt":"2010-09-26T12:00:01","guid":{"rendered":"https:\/\/www.blogsoestado.com\/joaquimhaickel\/?p=635"},"modified":"2010-09-26T09:00:01","modified_gmt":"2010-09-26T12:00:01","slug":"bem-aventurados-os-que-sonham","status":"publish","type":"post","link":"https:\/\/www.blogsoestado.com\/joaquimhaickel\/2010\/09\/26\/bem-aventurados-os-que-sonham\/","title":{"rendered":"Bem-aventurados os que sonham"},"content":{"rendered":"<p>Assisti recentemente ao filme \u201cA Origem\u201d, dirigido pelo excelente Christopher Nolan e estrelado por um maduro Leonardo diCaprio.<\/p>\n<p>O filme tr\u00e1s \u00e0 baila uma antiga discuss\u00e3o sobre as poss\u00edveis dimens\u00f5es ou camadas da consci\u00eancia humana e coloca em cena a obscura, mas atraente fun\u00e7\u00e3o do sonho como esp\u00e9cie de lubrificante de nossas engrenagens psicol\u00f3gicas, ao mesmo tempo em que o estabelece como combust\u00edvel essencial por um lado, ainda que alternativo por outro, para que atinjamos nossos objetivos na vida.<\/p>\n<p>No filme, o sonho passa a ser t\u00e3o importante quanto a realidade, de tal maneira que pessoas se especializam em invadir o sonho dos outros, raqueiam suas mentes, apoderam-se de seus segredos e mudam os destinos de todos.<\/p>\n<p>Quando era crian\u00e7a, eu praticava uma t\u00e9cnica inventada por mim mesmo, que consistia em programar ou induzir o sonho que eu queria ter. Bastava que eu idealizasse exaustivamente um enredo antes de adormecer. Fazia isso com tanta freq\u00fc\u00eancia que meus sonhos passaram a fazer parte de minha realidade e de certa forma compunham meu dia a dia, compensando, completando ou suprindo o que n\u00e3o existia ou n\u00e3o acontecia enquanto estava acordado.<\/p>\n<p>Acredito que boa parte de minha aptid\u00e3o com a literatura e o cinema venha da\u00ed. Criava meus roteiros dentro de minha cabe\u00e7a, e eles se transformavam em filmes nos meus sonhos, projetados na fase REM, reservada exclusivamente para esse dispositivo cinematogr\u00e1fico interno que n\u00f3s humanos temos e que imagino que realmente possa um dia servir como porta para uma outra dimens\u00e3o, ainda desconhecida.<\/p>\n<p>Usei essa introdu\u00e7\u00e3o para contar sobre uma experi\u00eancia parecida com essa que tive muito recentemente.<\/p>\n<p>Depois de um dia exaustivo de trabalho, tendo passado a manh\u00e3 inteira na Assembl\u00e9ia, limpando a pauta de projetos a serem apreciados e votados e toda a tarde atendendo \u00e0s pessoas que procuraram o comit\u00ea de nossa coliga\u00e7\u00e3o eleitoral, e por fim, \u00e0 noite participando de uma reuni\u00e3o do comando da campanha, finalmente cheguei em casa. Tomei um bom banho e me deitei para dormir, n\u00e3o sem antes dar um beijo em minha mulher de quem passara todo o dia distante. Conversamos um pouco e sem sentirmos, tanto ela quanto eu, fomos adormecendo.<\/p>\n<p>Sonhei que eu havia me elegido governador de meu Estado, que n\u00e3o era o Maranh\u00e3o. O cen\u00e1rio era outro, os personagens eram outros, mas o lugar era bem parecido com aqui, com esse mesmo incr\u00edvel potencial.<\/p>\n<p>Eu era uma esp\u00e9cie de peixe fora d\u2019\u00e1gua. Em pleno sonho, fiz uma autocr\u00edtica e me comparei ao personagem de James Stewart em \u201cMr. Smith goes to Washington\u201d.<\/p>\n<p>Era candidato a vice-governador, gra\u00e7as a uma barganha de meu partido, e fui al\u00e7ado \u00e0 condi\u00e7\u00e3o de titular do cargo porque o cidad\u00e3o que era a cabe\u00e7a de minha chapa faleceu uma semana antes do pleito, v\u00edtima de infarto fulminante. Em meu sonho o candidato a governador era meu pai, Nagib Haickel, s\u00f3 que no sonho eu n\u00e3o era seu filho.<\/p>\n<p>Depois da vit\u00f3ria e das comemora\u00e7\u00f5es meu sonho pula para meses na frente, quando estava dando posse ao secretariado de estado.<\/p>\n<p>Como governador eleito, tendo sido um mero substituto, me senti no dever e na obriga\u00e7\u00e3o de aproveitar a oportunidade para mudar o rumo da hist\u00f3ria de minha terra. Chamei as pessoas mais qualificadas, capazes de realmente mudar o panorama das coisas, mas sempre agindo partidariamente, com lealdade, corre\u00e7\u00e3o e efici\u00eancia.<\/p>\n<p>Fiz uma profunda reforma administrativa. Criei uma Secretaria de Governo, fun\u00e7\u00e3o de uma esp\u00e9cie de primeiro ministro, de minha total confian\u00e7a, algu\u00e9m ungido por mim, obedecendo ao preceito b\u00e1sico de que \u201cn\u00e3o se nomeia quem n\u00e3o se pode demitir\u201d. Solucionei esse problema estabelecendo que no ato da posse, todos os secret\u00e1rios assinassem um pedido de demiss\u00e3o com a data em branco.<\/p>\n<p>Descentralizei a administra\u00e7\u00e3o criando secretarias regionais realmente aut\u00f4nomas, mas comandadas por um Secretario Geral das Administra\u00e7\u00f5es Regionais. Juntei secretarias com fun\u00e7\u00f5es similares como Educa\u00e7\u00e3o, Cultura e Esportes, indicando para ela um secret\u00e1rio respeitado e prestigiado e quantos subsecret\u00e1rios fossem necess\u00e1rios para execu\u00e7\u00e3o de um plano de governo simples, mas revolucion\u00e1rio para aquele setor.<\/p>\n<p>Nessa mesma linha, criei uma Secretaria de Promo\u00e7\u00e3o Social, que trataria dos assuntos das crian\u00e7as, dos jovens, dos idosos, dos negros, das mulheres e das minorias.<\/p>\n<p>Reunificaria a Agricultura, dando as fun\u00e7\u00f5es executivas de cada \u00e1rea a um secretario adjunto capaz de fazer o Estado encontrar a sua grande voca\u00e7\u00e3o agr\u00edcola.<\/p>\n<p>Uni Ind\u00fastria e Com\u00e9rcio a Minas e Energia e fiz um grande eixo de desenvolvimento, respons\u00e1vel em viabilizar a t\u00e3o sonhada industrializa\u00e7\u00e3o do Estado, baseando-a em nossa independ\u00eancia energ\u00e9tica.<\/p>\n<p>Algumas Secretarias n\u00e3o mudariam em muita coisa (me refiro a sua estrutura!), como Sa\u00fade, Obras, Meio-Ambiente, Ci\u00eancia e Tecnologia, Turismo&#8230; Mas passariam a ser como as outras, extremamente cobradas no sentido de apresentarem resultados verdadeiramente positivos, tendo rendimento semelhante ao da iniciativa privada.<\/p>\n<p>Meu sonho d\u00e1 ent\u00e3o um novo salto temporal e eu apare\u00e7o velhinho, de terno branco de linho, bengala e chap\u00e9u, andando por uma pra\u00e7a. Quem me visse certamente se lembraria do coronel Ramiro Bastos, personagem magistralmente interpretado por Paulo Gracindo na novela Gabriela, baseada na obra de Jorge Amado.<\/p>\n<p>Sento em um banco da pra\u00e7a e ao levantar a cabe\u00e7a contemplo uma est\u00e1tua, ao estilo Benedito Leite, s\u00f3 que erigida em minha homenagem.<\/p>\n<p>Aparece ent\u00e3o um menino, que na verdade era eu quando crian\u00e7a, que se senta ao meu lado e pergunta sobre o homem da est\u00e1tua, ao que respondo com misto de orgulho e satisfa\u00e7\u00e3o: \u201cFoi um menino assim como voc\u00ea. Ele sonhava muito e teve a oportunidade de realizar seu sonho, com isso mudou seu destino e o destino de seu povo\u201d.<\/p>\n<p>Acordei assustado, mas ainda sentindo o prazer de ter podido, pelo menos em sonho, viver aquilo tudo.<\/p>\n","protected":false},"excerpt":{"rendered":"<p>Assisti recentemente ao filme \u201cA Origem\u201d, dirigido pelo excelente Christopher Nolan e estrelado por um maduro Leonardo diCaprio. O filme [&hellip;]<\/p>\n","protected":false},"author":7,"featured_media":0,"comment_status":"open","ping_status":"open","sticky":false,"template":"","format":"standard","meta":{"site-sidebar-layout":"default","site-content-layout":"","ast-site-content-layout":"default","site-content-style":"default","site-sidebar-style":"default","ast-global-header-display":"","ast-banner-title-visibility":"","ast-main-header-display":"","ast-hfb-above-header-display":"","ast-hfb-below-header-display":"","ast-hfb-mobile-header-display":"","site-post-title":"","ast-breadcrumbs-content":"","ast-featured-img":"","footer-sml-layout":"","ast-disable-related-posts":"","theme-transparent-header-meta":"","adv-header-id-meta":"","stick-header-meta":"","header-above-stick-meta":"","header-main-stick-meta":"","header-below-stick-meta":"","astra-migrate-meta-layouts":"default","ast-page-background-enabled":"default","ast-page-background-meta":{"desktop":{"background-color":"var(--ast-global-color-5)","background-image":"","background-repeat":"repeat","background-position":"center center","background-size":"auto","background-attachment":"scroll","background-type":"","background-media":"","overlay-type":"","overlay-color":"","overlay-opacity":"","overlay-gradient":""},"tablet":{"background-color":"","background-image":"","background-repeat":"repeat","background-position":"center center","background-size":"auto","background-attachment":"scroll","background-type":"","background-media":"","overlay-type":"","overlay-color":"","overlay-opacity":"","overlay-gradient":""},"mobile":{"background-color":"","background-image":"","background-repeat":"repeat","background-position":"center center","background-size":"auto","background-attachment":"scroll","background-type":"","background-media":"","overlay-type":"","overlay-color":"","overlay-opacity":"","overlay-gradient":""}},"ast-content-background-meta":{"desktop":{"background-color":"var(--ast-global-color-4)","background-image":"","background-repeat":"repeat","background-position":"center center","background-size":"auto","background-attachment":"scroll","background-type":"","background-media":"","overlay-type":"","overlay-color":"","overlay-opacity":"","overlay-gradient":""},"tablet":{"background-color":"var(--ast-global-color-4)","background-image":"","background-repeat":"repeat","background-position":"center center","background-size":"auto","background-attachment":"scroll","background-type":"","background-media":"","overlay-type":"","overlay-color":"","overlay-opacity":"","overlay-gradient":""},"mobile":{"background-color":"var(--ast-global-color-4)","background-image":"","background-repeat":"repeat","background-position":"center center","background-size":"auto","background-attachment":"scroll","background-type":"","background-media":"","overlay-type":"","overlay-color":"","overlay-opacity":"","overlay-gradient":""}},"footnotes":""},"categories":[4],"tags":[],"class_list":["post-635","post","type-post","status-publish","format-standard","hentry","category-4"],"yoast_head":"<!-- This site is optimized with the Yoast SEO plugin v26.6 - https:\/\/yoast.com\/wordpress\/plugins\/seo\/ -->\n<title>Bem-aventurados os que sonham - Joaquim Haickel<\/title>\n<meta name=\"robots\" content=\"index, follow, max-snippet:-1, max-image-preview:large, max-video-preview:-1\" \/>\n<link rel=\"canonical\" href=\"https:\/\/www.blogsoestado.com\/joaquimhaickel\/2010\/09\/26\/bem-aventurados-os-que-sonham\/\" \/>\n<meta property=\"og:locale\" content=\"pt_BR\" \/>\n<meta property=\"og:type\" content=\"article\" \/>\n<meta property=\"og:title\" content=\"Bem-aventurados os que sonham - Joaquim Haickel\" \/>\n<meta property=\"og:description\" content=\"Assisti recentemente ao filme \u201cA Origem\u201d, dirigido pelo excelente Christopher Nolan e estrelado por um maduro Leonardo diCaprio. O filme [&hellip;]\" \/>\n<meta property=\"og:url\" content=\"https:\/\/www.blogsoestado.com\/joaquimhaickel\/2010\/09\/26\/bem-aventurados-os-que-sonham\/\" \/>\n<meta property=\"og:site_name\" content=\"Joaquim Haickel\" \/>\n<meta property=\"article:published_time\" content=\"2010-09-26T12:00:01+00:00\" \/>\n<meta name=\"author\" content=\"Joaquim Haickel\" \/>\n<meta name=\"twitter:card\" content=\"summary_large_image\" \/>\n<meta name=\"twitter:label1\" content=\"Escrito por\" \/>\n\t<meta name=\"twitter:data1\" content=\"Joaquim Haickel\" \/>\n\t<meta name=\"twitter:label2\" content=\"Est. tempo de leitura\" \/>\n\t<meta name=\"twitter:data2\" content=\"5 minutos\" \/>\n<script type=\"application\/ld+json\" class=\"yoast-schema-graph\">{\"@context\":\"https:\/\/schema.org\",\"@graph\":[{\"@type\":\"WebPage\",\"@id\":\"https:\/\/www.blogsoestado.com\/joaquimhaickel\/2010\/09\/26\/bem-aventurados-os-que-sonham\/\",\"url\":\"https:\/\/www.blogsoestado.com\/joaquimhaickel\/2010\/09\/26\/bem-aventurados-os-que-sonham\/\",\"name\":\"Bem-aventurados os que sonham - Joaquim Haickel\",\"isPartOf\":{\"@id\":\"https:\/\/www.blogsoestado.com\/joaquimhaickel\/#website\"},\"datePublished\":\"2010-09-26T12:00:01+00:00\",\"author\":{\"@id\":\"https:\/\/www.blogsoestado.com\/joaquimhaickel\/#\/schema\/person\/4a711644aff28245c6c2c3452d66d325\"},\"breadcrumb\":{\"@id\":\"https:\/\/www.blogsoestado.com\/joaquimhaickel\/2010\/09\/26\/bem-aventurados-os-que-sonham\/#breadcrumb\"},\"inLanguage\":\"pt-BR\",\"potentialAction\":[{\"@type\":\"ReadAction\",\"target\":[\"https:\/\/www.blogsoestado.com\/joaquimhaickel\/2010\/09\/26\/bem-aventurados-os-que-sonham\/\"]}]},{\"@type\":\"BreadcrumbList\",\"@id\":\"https:\/\/www.blogsoestado.com\/joaquimhaickel\/2010\/09\/26\/bem-aventurados-os-que-sonham\/#breadcrumb\",\"itemListElement\":[{\"@type\":\"ListItem\",\"position\":1,\"name\":\"In\u00edcio\",\"item\":\"https:\/\/www.blogsoestado.com\/joaquimhaickel\/\"},{\"@type\":\"ListItem\",\"position\":2,\"name\":\"Bem-aventurados os que sonham\"}]},{\"@type\":\"WebSite\",\"@id\":\"https:\/\/www.blogsoestado.com\/joaquimhaickel\/#website\",\"url\":\"https:\/\/www.blogsoestado.com\/joaquimhaickel\/\",\"name\":\"Joaquim Haickel\",\"description\":\"\",\"potentialAction\":[{\"@type\":\"SearchAction\",\"target\":{\"@type\":\"EntryPoint\",\"urlTemplate\":\"https:\/\/www.blogsoestado.com\/joaquimhaickel\/?s={search_term_string}\"},\"query-input\":{\"@type\":\"PropertyValueSpecification\",\"valueRequired\":true,\"valueName\":\"search_term_string\"}}],\"inLanguage\":\"pt-BR\"},{\"@type\":\"Person\",\"@id\":\"https:\/\/www.blogsoestado.com\/joaquimhaickel\/#\/schema\/person\/4a711644aff28245c6c2c3452d66d325\",\"name\":\"Joaquim Haickel\",\"image\":{\"@type\":\"ImageObject\",\"inLanguage\":\"pt-BR\",\"@id\":\"https:\/\/www.blogsoestado.com\/joaquimhaickel\/#\/schema\/person\/image\/\",\"url\":\"https:\/\/secure.gravatar.com\/avatar\/473d89339b9f8ec089adb8d5778363eb5a2ba2319956bcf0298bfd8cca04684a?s=96&d=mm&r=g\",\"contentUrl\":\"https:\/\/secure.gravatar.com\/avatar\/473d89339b9f8ec089adb8d5778363eb5a2ba2319956bcf0298bfd8cca04684a?s=96&d=mm&r=g\",\"caption\":\"Joaquim Haickel\"},\"url\":\"https:\/\/www.blogsoestado.com\/joaquimhaickel\/author\/joaquimhaickel\/\"}]}<\/script>\n<!-- \/ Yoast SEO plugin. -->","yoast_head_json":{"title":"Bem-aventurados os que sonham - Joaquim Haickel","robots":{"index":"index","follow":"follow","max-snippet":"max-snippet:-1","max-image-preview":"max-image-preview:large","max-video-preview":"max-video-preview:-1"},"canonical":"https:\/\/www.blogsoestado.com\/joaquimhaickel\/2010\/09\/26\/bem-aventurados-os-que-sonham\/","og_locale":"pt_BR","og_type":"article","og_title":"Bem-aventurados os que sonham - Joaquim Haickel","og_description":"Assisti recentemente ao filme \u201cA Origem\u201d, dirigido pelo excelente Christopher Nolan e estrelado por um maduro Leonardo diCaprio. O filme [&hellip;]","og_url":"https:\/\/www.blogsoestado.com\/joaquimhaickel\/2010\/09\/26\/bem-aventurados-os-que-sonham\/","og_site_name":"Joaquim Haickel","article_published_time":"2010-09-26T12:00:01+00:00","author":"Joaquim Haickel","twitter_card":"summary_large_image","twitter_misc":{"Escrito por":"Joaquim Haickel","Est. tempo de leitura":"5 minutos"},"schema":{"@context":"https:\/\/schema.org","@graph":[{"@type":"WebPage","@id":"https:\/\/www.blogsoestado.com\/joaquimhaickel\/2010\/09\/26\/bem-aventurados-os-que-sonham\/","url":"https:\/\/www.blogsoestado.com\/joaquimhaickel\/2010\/09\/26\/bem-aventurados-os-que-sonham\/","name":"Bem-aventurados os que sonham - Joaquim Haickel","isPartOf":{"@id":"https:\/\/www.blogsoestado.com\/joaquimhaickel\/#website"},"datePublished":"2010-09-26T12:00:01+00:00","author":{"@id":"https:\/\/www.blogsoestado.com\/joaquimhaickel\/#\/schema\/person\/4a711644aff28245c6c2c3452d66d325"},"breadcrumb":{"@id":"https:\/\/www.blogsoestado.com\/joaquimhaickel\/2010\/09\/26\/bem-aventurados-os-que-sonham\/#breadcrumb"},"inLanguage":"pt-BR","potentialAction":[{"@type":"ReadAction","target":["https:\/\/www.blogsoestado.com\/joaquimhaickel\/2010\/09\/26\/bem-aventurados-os-que-sonham\/"]}]},{"@type":"BreadcrumbList","@id":"https:\/\/www.blogsoestado.com\/joaquimhaickel\/2010\/09\/26\/bem-aventurados-os-que-sonham\/#breadcrumb","itemListElement":[{"@type":"ListItem","position":1,"name":"In\u00edcio","item":"https:\/\/www.blogsoestado.com\/joaquimhaickel\/"},{"@type":"ListItem","position":2,"name":"Bem-aventurados os que sonham"}]},{"@type":"WebSite","@id":"https:\/\/www.blogsoestado.com\/joaquimhaickel\/#website","url":"https:\/\/www.blogsoestado.com\/joaquimhaickel\/","name":"Joaquim Haickel","description":"","potentialAction":[{"@type":"SearchAction","target":{"@type":"EntryPoint","urlTemplate":"https:\/\/www.blogsoestado.com\/joaquimhaickel\/?s={search_term_string}"},"query-input":{"@type":"PropertyValueSpecification","valueRequired":true,"valueName":"search_term_string"}}],"inLanguage":"pt-BR"},{"@type":"Person","@id":"https:\/\/www.blogsoestado.com\/joaquimhaickel\/#\/schema\/person\/4a711644aff28245c6c2c3452d66d325","name":"Joaquim Haickel","image":{"@type":"ImageObject","inLanguage":"pt-BR","@id":"https:\/\/www.blogsoestado.com\/joaquimhaickel\/#\/schema\/person\/image\/","url":"https:\/\/secure.gravatar.com\/avatar\/473d89339b9f8ec089adb8d5778363eb5a2ba2319956bcf0298bfd8cca04684a?s=96&d=mm&r=g","contentUrl":"https:\/\/secure.gravatar.com\/avatar\/473d89339b9f8ec089adb8d5778363eb5a2ba2319956bcf0298bfd8cca04684a?s=96&d=mm&r=g","caption":"Joaquim Haickel"},"url":"https:\/\/www.blogsoestado.com\/joaquimhaickel\/author\/joaquimhaickel\/"}]}},"jetpack_featured_media_url":"","_links":{"self":[{"href":"https:\/\/www.blogsoestado.com\/joaquimhaickel\/wp-json\/wp\/v2\/posts\/635","targetHints":{"allow":["GET"]}}],"collection":[{"href":"https:\/\/www.blogsoestado.com\/joaquimhaickel\/wp-json\/wp\/v2\/posts"}],"about":[{"href":"https:\/\/www.blogsoestado.com\/joaquimhaickel\/wp-json\/wp\/v2\/types\/post"}],"author":[{"embeddable":true,"href":"https:\/\/www.blogsoestado.com\/joaquimhaickel\/wp-json\/wp\/v2\/users\/7"}],"replies":[{"embeddable":true,"href":"https:\/\/www.blogsoestado.com\/joaquimhaickel\/wp-json\/wp\/v2\/comments?post=635"}],"version-history":[{"count":0,"href":"https:\/\/www.blogsoestado.com\/joaquimhaickel\/wp-json\/wp\/v2\/posts\/635\/revisions"}],"wp:attachment":[{"href":"https:\/\/www.blogsoestado.com\/joaquimhaickel\/wp-json\/wp\/v2\/media?parent=635"}],"wp:term":[{"taxonomy":"category","embeddable":true,"href":"https:\/\/www.blogsoestado.com\/joaquimhaickel\/wp-json\/wp\/v2\/categories?post=635"},{"taxonomy":"post_tag","embeddable":true,"href":"https:\/\/www.blogsoestado.com\/joaquimhaickel\/wp-json\/wp\/v2\/tags?post=635"}],"curies":[{"name":"wp","href":"https:\/\/api.w.org\/{rel}","templated":true}]}}