{"id":654,"date":"2010-10-17T10:32:44","date_gmt":"2010-10-17T12:32:44","guid":{"rendered":"https:\/\/www.blogsoestado.com\/joaquimhaickel\/?p=654"},"modified":"2010-10-17T10:32:44","modified_gmt":"2010-10-17T12:32:44","slug":"conversa-com-fiador","status":"publish","type":"post","link":"https:\/\/www.blogsoestado.com\/joaquimhaickel\/2010\/10\/17\/conversa-com-fiador\/","title":{"rendered":"Conversa com fiador."},"content":{"rendered":"<p>Tenho deixado que o tempo passe para que eu possa maturar os acontecimentos, assimilar os fatos e os sentimentos resultantes deles e sintetizar de forma mais efetiva e verdadeira tudo o que se passou antes, durante e logo depois dessas \u00faltimas elei\u00e7\u00f5es.<\/p>\n<p>O fato de n\u00e3o ter me candidatado me deu a possibilidade de ver com mais clareza, com menos comprometimento, todo o cen\u00e1rio e observar mais atentamente os personagens dessa hist\u00f3ria. Pude analisar o roteiro com mais liberdade. Alforriei minha intui\u00e7\u00e3o antes um tanto escravizada pelo instinto de sobreviv\u00eancia eleitoral do \u201cdeputado\u201d. Observei o figurino, a ilumina\u00e7\u00e3o, o som, os figurantes. Procurei fazer isso sem nunca perder o foco, a coer\u00eancia.<\/p>\n<p>Eu j\u00e1 via antes e tenho visto hoje que infelizmente, cada vez mais, a pol\u00edtica de um modo geral, principalmente a maranhense, torna-se mais manique\u00edsta e sect\u00e1ria.<\/p>\n<p>Manique\u00edsmo, como j\u00e1 disse em outra oportunidade, \u00e9 a filosofia dual\u00edstica que divide o mundo entre o Bem e o Mal, entre aqueles que s\u00e3o de Deus e os que s\u00e3o do Diabo. Diz que a mat\u00e9ria \u00e9 intrinsecamente m\u00e1, e o esp\u00edrito, intrinsecamente bom, fato que define sua falha crucial, pois se n\u00e3o houver esp\u00edrito, n\u00e3o haver\u00e1 o bem, s\u00f3 haver\u00e1 o mal, n\u00e3o permitindo nem um meio termo.<\/p>\n<p>Manique\u00edsta ent\u00e3o passou a ser o adjetivo dado a tudo que estabelece o confronto entre duas teses ou correntes, deixando claro desde logo que um \u00e9 mau e o outro \u00e9 bom.<\/p>\n<p>J\u00e1 o substantivo sectarismo, que \u00e9 usado geralmente com conota\u00e7\u00e3o pejorativa, pode ser definido como vis\u00e3o estreita, intolerante ou intransigente. Muitas seitas, religi\u00f5es, correntes filos\u00f3ficas e pol\u00edticas t\u00eam uma vis\u00e3o proselitista das verdades que pregam, assim sendo, algumas atitudes de grupos ideol\u00f3gicos tamb\u00e9m passam a ter comportamentos sect\u00e1rios na defesa ferrenha de seus ideais.<\/p>\n<p>O manique\u00edsta sect\u00e1rio \u00e9 a pior esp\u00e9cie de pessoa que pode haver. O sujeito n\u00e3o v\u00ea as nuances, s\u00f3 o preto e o branco, o claro e o escuro, e ainda por cima acredita que o jeito dele pensar \u00e9 o \u00fanico poss\u00edvel, o \u00fanico correto e n\u00e3o admite que outros divirjam. A exist\u00eancia desse tipo de gente n\u00e3o \u00e9 privativa deste ou daquele grupo, tem deles por todo lado.<\/p>\n<p>Foi com atores com essa forma\u00e7\u00e3o que se fez o show das \u00faltimas elei\u00e7\u00f5es, foi esse o enredo que assistimos na \u00faltima campanha e que ainda estamos vendo nesse segundo turno da elei\u00e7\u00e3o presidencial.<\/p>\n<p>No Maranh\u00e3o, de um lado a \u201coligarquia\u201d e do outro os \u201cpaladinos da justi\u00e7a\u201d, os \u201cmocinhos\u201d da hist\u00f3ria.<\/p>\n<p>O mais engra\u00e7ado \u00e9 que havia dois atores lutando desesperadamente pelo papel de mocinho. A certa altura me senti num Western antigo, onde dois pistoleiros duelam para ver quem teria o privil\u00e9gio de desafiar o velho delegado, que na juventude desbancou o chef\u00e3o do local, estabelecendo-se na cidade. Sempre a mesma velha hist\u00f3ria.<\/p>\n<p>Acontece que no calor da luta, e isso ocorre com todos, nos esquecemos de alguns fundamentos b\u00e1sicos de l\u00f3gica e de coer\u00eancia, duas coisas indispens\u00e1veis em tudo na vida, em roteiros de cinema e em campanhas pol\u00edticas tamb\u00e9m.<\/p>\n<p>H\u00e1 dois anos, logo que Castelo venceu a elei\u00e7\u00e3o para prefeito de S\u00e3o Lu\u00eds, eu disse que o deputado Fl\u00e1vio Dino faria de tudo para comandar a oposi\u00e7\u00e3o ao grupo Sarney.<\/p>\n<p>Disse ent\u00e3o e repito agora que o projeto de Fl\u00e1vio, mais que ganhar aquela ou essa elei\u00e7\u00e3o, era o de sepultar todo aquele que pudesse se arvorar de l\u00edder dos desejosos de tomar para si o poder em nosso Estado. Ele \u00e9 capaz, preparado e jovem, tem o tempo a seu favor, mas falta-lhe elenco, equipe t\u00e9cnica, produ\u00e7\u00e3o&#8230;<\/p>\n<p>Definitivamente n\u00f3s temos ganhado todas essas lutas porque nossos opositores s\u00e3o bem piores que n\u00f3s. Todas essas vit\u00f3rias tem nos feito cometer um erro b\u00e1sico, oriundo de um ensinamento do grande fil\u00f3sofo do futebol, Nen\u00e9m Prancha: \u201cTime que est\u00e1 ganhando n\u00e3o se mexe\u201d.<\/p>\n<p>Mesmo perdendo a elei\u00e7\u00e3o ao governo, Fl\u00e1vio Dino passa a ser agora a refer\u00eancia de oposi\u00e7\u00e3o que temos. Jackson que teve uma vota\u00e7\u00e3o insignificante em S\u00e3o Luis despede-se da pol\u00edtica de forma triste, menos devido \u00e0 sua biografia e mais por causa de suas escolhas quase sempre equivocadas. Imperatriz nos manda um recado: \u201cEi pessoal! Levem-me a s\u00e9rio. Parem de tentar resolver os problemas amadoristicamente\u201d. Balsas e Santa In\u00eas s\u00e3o reflexos da nossa falta de liga\u00e7\u00e3o direta com as cidades, com o povo. Turia\u00e7u \u00e9 um caso raro da conseq\u00fc\u00eancia do trabalho dos advers\u00e1rios.<\/p>\n<p>Com sua performance eleitoral Fl\u00e1vio enterrou a quase todos os seus parceiros: Jackson aposentou-se. Z\u00e9 Reinaldo \u00e9 o que sempre foi &#8211; nada. Vidigal pode se candidatar a prefeito de Caxias ou a deputado, mas \u00e9 s\u00f3. O \u00fanico que continua vivo \u00e9 Roberto Rocha que al\u00e9m de jovem sonha com o apoio dos governadores de seu partido, o PSDB, que ir\u00e3o come\u00e7ar a trabalhar o nome de A\u00e9cio Neves, caso Serra naufrague. Castelo e Madeira navegam nas mesmas ondas, mas contra eles jogam o tempo e o espa\u00e7o respectivamente.<\/p>\n<p>Emerge destas elei\u00e7\u00f5es, no entanto, um nome novo. Edivaldo Holanda J\u00fanior que obteve uma magn\u00edfica vota\u00e7\u00e3o em S\u00e3o Luis e tem tudo para abocanhar uma parte importante da oposi\u00e7\u00e3o e at\u00e9 uma fatia consider\u00e1vel do grupo Sarney, torr\u00e3o no qual me incluo, em torno de uma futura candidatura sua a prefeito de S\u00e3o Luis. Mas isso \u00e9 tema para outra conversa.<\/p>\n","protected":false},"excerpt":{"rendered":"<p>Tenho deixado que o tempo passe para que eu possa maturar os acontecimentos, assimilar os fatos e os sentimentos resultantes [&hellip;]<\/p>\n","protected":false},"author":7,"featured_media":0,"comment_status":"open","ping_status":"open","sticky":false,"template":"","format":"standard","meta":{"site-sidebar-layout":"default","site-content-layout":"","ast-site-content-layout":"default","site-content-style":"default","site-sidebar-style":"default","ast-global-header-display":"","ast-banner-title-visibility":"","ast-main-header-display":"","ast-hfb-above-header-display":"","ast-hfb-below-header-display":"","ast-hfb-mobile-header-display":"","site-post-title":"","ast-breadcrumbs-content":"","ast-featured-img":"","footer-sml-layout":"","ast-disable-related-posts":"","theme-transparent-header-meta":"","adv-header-id-meta":"","stick-header-meta":"","header-above-stick-meta":"","header-main-stick-meta":"","header-below-stick-meta":"","astra-migrate-meta-layouts":"default","ast-page-background-enabled":"default","ast-page-background-meta":{"desktop":{"background-color":"var(--ast-global-color-5)","background-image":"","background-repeat":"repeat","background-position":"center center","background-size":"auto","background-attachment":"scroll","background-type":"","background-media":"","overlay-type":"","overlay-color":"","overlay-opacity":"","overlay-gradient":""},"tablet":{"background-color":"","background-image":"","background-repeat":"repeat","background-position":"center center","background-size":"auto","background-attachment":"scroll","background-type":"","background-media":"","overlay-type":"","overlay-color":"","overlay-opacity":"","overlay-gradient":""},"mobile":{"background-color":"","background-image":"","background-repeat":"repeat","background-position":"center center","background-size":"auto","background-attachment":"scroll","background-type":"","background-media":"","overlay-type":"","overlay-color":"","overlay-opacity":"","overlay-gradient":""}},"ast-content-background-meta":{"desktop":{"background-color":"var(--ast-global-color-4)","background-image":"","background-repeat":"repeat","background-position":"center center","background-size":"auto","background-attachment":"scroll","background-type":"","background-media":"","overlay-type":"","overlay-color":"","overlay-opacity":"","overlay-gradient":""},"tablet":{"background-color":"var(--ast-global-color-4)","background-image":"","background-repeat":"repeat","background-position":"center center","background-size":"auto","background-attachment":"scroll","background-type":"","background-media":"","overlay-type":"","overlay-color":"","overlay-opacity":"","overlay-gradient":""},"mobile":{"background-color":"var(--ast-global-color-4)","background-image":"","background-repeat":"repeat","background-position":"center center","background-size":"auto","background-attachment":"scroll","background-type":"","background-media":"","overlay-type":"","overlay-color":"","overlay-opacity":"","overlay-gradient":""}},"footnotes":""},"categories":[4],"tags":[],"class_list":["post-654","post","type-post","status-publish","format-standard","hentry","category-4"],"yoast_head":"<!-- This site is optimized with the Yoast SEO plugin v26.6 - https:\/\/yoast.com\/wordpress\/plugins\/seo\/ -->\n<title>Conversa com fiador. - Joaquim Haickel<\/title>\n<meta name=\"robots\" content=\"index, follow, max-snippet:-1, max-image-preview:large, max-video-preview:-1\" \/>\n<link rel=\"canonical\" href=\"https:\/\/www.blogsoestado.com\/joaquimhaickel\/2010\/10\/17\/conversa-com-fiador\/\" \/>\n<meta property=\"og:locale\" content=\"pt_BR\" \/>\n<meta property=\"og:type\" content=\"article\" \/>\n<meta property=\"og:title\" content=\"Conversa com fiador. - Joaquim Haickel\" \/>\n<meta property=\"og:description\" content=\"Tenho deixado que o tempo passe para que eu possa maturar os acontecimentos, assimilar os fatos e os sentimentos resultantes [&hellip;]\" \/>\n<meta property=\"og:url\" content=\"https:\/\/www.blogsoestado.com\/joaquimhaickel\/2010\/10\/17\/conversa-com-fiador\/\" \/>\n<meta property=\"og:site_name\" content=\"Joaquim Haickel\" \/>\n<meta property=\"article:published_time\" content=\"2010-10-17T12:32:44+00:00\" \/>\n<meta name=\"author\" content=\"Joaquim Haickel\" \/>\n<meta name=\"twitter:card\" content=\"summary_large_image\" \/>\n<meta name=\"twitter:label1\" content=\"Escrito por\" \/>\n\t<meta name=\"twitter:data1\" content=\"Joaquim Haickel\" \/>\n\t<meta name=\"twitter:label2\" content=\"Est. tempo de leitura\" \/>\n\t<meta name=\"twitter:data2\" content=\"5 minutos\" \/>\n<script type=\"application\/ld+json\" class=\"yoast-schema-graph\">{\"@context\":\"https:\/\/schema.org\",\"@graph\":[{\"@type\":\"WebPage\",\"@id\":\"https:\/\/www.blogsoestado.com\/joaquimhaickel\/2010\/10\/17\/conversa-com-fiador\/\",\"url\":\"https:\/\/www.blogsoestado.com\/joaquimhaickel\/2010\/10\/17\/conversa-com-fiador\/\",\"name\":\"Conversa com fiador. - Joaquim Haickel\",\"isPartOf\":{\"@id\":\"https:\/\/www.blogsoestado.com\/joaquimhaickel\/#website\"},\"datePublished\":\"2010-10-17T12:32:44+00:00\",\"author\":{\"@id\":\"https:\/\/www.blogsoestado.com\/joaquimhaickel\/#\/schema\/person\/4a711644aff28245c6c2c3452d66d325\"},\"breadcrumb\":{\"@id\":\"https:\/\/www.blogsoestado.com\/joaquimhaickel\/2010\/10\/17\/conversa-com-fiador\/#breadcrumb\"},\"inLanguage\":\"pt-BR\",\"potentialAction\":[{\"@type\":\"ReadAction\",\"target\":[\"https:\/\/www.blogsoestado.com\/joaquimhaickel\/2010\/10\/17\/conversa-com-fiador\/\"]}]},{\"@type\":\"BreadcrumbList\",\"@id\":\"https:\/\/www.blogsoestado.com\/joaquimhaickel\/2010\/10\/17\/conversa-com-fiador\/#breadcrumb\",\"itemListElement\":[{\"@type\":\"ListItem\",\"position\":1,\"name\":\"In\u00edcio\",\"item\":\"https:\/\/www.blogsoestado.com\/joaquimhaickel\/\"},{\"@type\":\"ListItem\",\"position\":2,\"name\":\"Conversa com fiador.\"}]},{\"@type\":\"WebSite\",\"@id\":\"https:\/\/www.blogsoestado.com\/joaquimhaickel\/#website\",\"url\":\"https:\/\/www.blogsoestado.com\/joaquimhaickel\/\",\"name\":\"Joaquim Haickel\",\"description\":\"\",\"potentialAction\":[{\"@type\":\"SearchAction\",\"target\":{\"@type\":\"EntryPoint\",\"urlTemplate\":\"https:\/\/www.blogsoestado.com\/joaquimhaickel\/?s={search_term_string}\"},\"query-input\":{\"@type\":\"PropertyValueSpecification\",\"valueRequired\":true,\"valueName\":\"search_term_string\"}}],\"inLanguage\":\"pt-BR\"},{\"@type\":\"Person\",\"@id\":\"https:\/\/www.blogsoestado.com\/joaquimhaickel\/#\/schema\/person\/4a711644aff28245c6c2c3452d66d325\",\"name\":\"Joaquim Haickel\",\"image\":{\"@type\":\"ImageObject\",\"inLanguage\":\"pt-BR\",\"@id\":\"https:\/\/www.blogsoestado.com\/joaquimhaickel\/#\/schema\/person\/image\/\",\"url\":\"https:\/\/secure.gravatar.com\/avatar\/473d89339b9f8ec089adb8d5778363eb5a2ba2319956bcf0298bfd8cca04684a?s=96&d=mm&r=g\",\"contentUrl\":\"https:\/\/secure.gravatar.com\/avatar\/473d89339b9f8ec089adb8d5778363eb5a2ba2319956bcf0298bfd8cca04684a?s=96&d=mm&r=g\",\"caption\":\"Joaquim Haickel\"},\"url\":\"https:\/\/www.blogsoestado.com\/joaquimhaickel\/author\/joaquimhaickel\/\"}]}<\/script>\n<!-- \/ Yoast SEO plugin. -->","yoast_head_json":{"title":"Conversa com fiador. - Joaquim Haickel","robots":{"index":"index","follow":"follow","max-snippet":"max-snippet:-1","max-image-preview":"max-image-preview:large","max-video-preview":"max-video-preview:-1"},"canonical":"https:\/\/www.blogsoestado.com\/joaquimhaickel\/2010\/10\/17\/conversa-com-fiador\/","og_locale":"pt_BR","og_type":"article","og_title":"Conversa com fiador. - Joaquim Haickel","og_description":"Tenho deixado que o tempo passe para que eu possa maturar os acontecimentos, assimilar os fatos e os sentimentos resultantes [&hellip;]","og_url":"https:\/\/www.blogsoestado.com\/joaquimhaickel\/2010\/10\/17\/conversa-com-fiador\/","og_site_name":"Joaquim Haickel","article_published_time":"2010-10-17T12:32:44+00:00","author":"Joaquim Haickel","twitter_card":"summary_large_image","twitter_misc":{"Escrito por":"Joaquim Haickel","Est. tempo de leitura":"5 minutos"},"schema":{"@context":"https:\/\/schema.org","@graph":[{"@type":"WebPage","@id":"https:\/\/www.blogsoestado.com\/joaquimhaickel\/2010\/10\/17\/conversa-com-fiador\/","url":"https:\/\/www.blogsoestado.com\/joaquimhaickel\/2010\/10\/17\/conversa-com-fiador\/","name":"Conversa com fiador. - Joaquim Haickel","isPartOf":{"@id":"https:\/\/www.blogsoestado.com\/joaquimhaickel\/#website"},"datePublished":"2010-10-17T12:32:44+00:00","author":{"@id":"https:\/\/www.blogsoestado.com\/joaquimhaickel\/#\/schema\/person\/4a711644aff28245c6c2c3452d66d325"},"breadcrumb":{"@id":"https:\/\/www.blogsoestado.com\/joaquimhaickel\/2010\/10\/17\/conversa-com-fiador\/#breadcrumb"},"inLanguage":"pt-BR","potentialAction":[{"@type":"ReadAction","target":["https:\/\/www.blogsoestado.com\/joaquimhaickel\/2010\/10\/17\/conversa-com-fiador\/"]}]},{"@type":"BreadcrumbList","@id":"https:\/\/www.blogsoestado.com\/joaquimhaickel\/2010\/10\/17\/conversa-com-fiador\/#breadcrumb","itemListElement":[{"@type":"ListItem","position":1,"name":"In\u00edcio","item":"https:\/\/www.blogsoestado.com\/joaquimhaickel\/"},{"@type":"ListItem","position":2,"name":"Conversa com fiador."}]},{"@type":"WebSite","@id":"https:\/\/www.blogsoestado.com\/joaquimhaickel\/#website","url":"https:\/\/www.blogsoestado.com\/joaquimhaickel\/","name":"Joaquim Haickel","description":"","potentialAction":[{"@type":"SearchAction","target":{"@type":"EntryPoint","urlTemplate":"https:\/\/www.blogsoestado.com\/joaquimhaickel\/?s={search_term_string}"},"query-input":{"@type":"PropertyValueSpecification","valueRequired":true,"valueName":"search_term_string"}}],"inLanguage":"pt-BR"},{"@type":"Person","@id":"https:\/\/www.blogsoestado.com\/joaquimhaickel\/#\/schema\/person\/4a711644aff28245c6c2c3452d66d325","name":"Joaquim Haickel","image":{"@type":"ImageObject","inLanguage":"pt-BR","@id":"https:\/\/www.blogsoestado.com\/joaquimhaickel\/#\/schema\/person\/image\/","url":"https:\/\/secure.gravatar.com\/avatar\/473d89339b9f8ec089adb8d5778363eb5a2ba2319956bcf0298bfd8cca04684a?s=96&d=mm&r=g","contentUrl":"https:\/\/secure.gravatar.com\/avatar\/473d89339b9f8ec089adb8d5778363eb5a2ba2319956bcf0298bfd8cca04684a?s=96&d=mm&r=g","caption":"Joaquim Haickel"},"url":"https:\/\/www.blogsoestado.com\/joaquimhaickel\/author\/joaquimhaickel\/"}]}},"jetpack_featured_media_url":"","_links":{"self":[{"href":"https:\/\/www.blogsoestado.com\/joaquimhaickel\/wp-json\/wp\/v2\/posts\/654","targetHints":{"allow":["GET"]}}],"collection":[{"href":"https:\/\/www.blogsoestado.com\/joaquimhaickel\/wp-json\/wp\/v2\/posts"}],"about":[{"href":"https:\/\/www.blogsoestado.com\/joaquimhaickel\/wp-json\/wp\/v2\/types\/post"}],"author":[{"embeddable":true,"href":"https:\/\/www.blogsoestado.com\/joaquimhaickel\/wp-json\/wp\/v2\/users\/7"}],"replies":[{"embeddable":true,"href":"https:\/\/www.blogsoestado.com\/joaquimhaickel\/wp-json\/wp\/v2\/comments?post=654"}],"version-history":[{"count":0,"href":"https:\/\/www.blogsoestado.com\/joaquimhaickel\/wp-json\/wp\/v2\/posts\/654\/revisions"}],"wp:attachment":[{"href":"https:\/\/www.blogsoestado.com\/joaquimhaickel\/wp-json\/wp\/v2\/media?parent=654"}],"wp:term":[{"taxonomy":"category","embeddable":true,"href":"https:\/\/www.blogsoestado.com\/joaquimhaickel\/wp-json\/wp\/v2\/categories?post=654"},{"taxonomy":"post_tag","embeddable":true,"href":"https:\/\/www.blogsoestado.com\/joaquimhaickel\/wp-json\/wp\/v2\/tags?post=654"}],"curies":[{"name":"wp","href":"https:\/\/api.w.org\/{rel}","templated":true}]}}