{"id":663,"date":"2010-10-30T20:56:16","date_gmt":"2010-10-30T22:56:16","guid":{"rendered":"https:\/\/www.blogsoestado.com\/joaquimhaickel\/?p=663"},"modified":"2010-10-30T20:56:16","modified_gmt":"2010-10-30T22:56:16","slug":"o-mito-o-voto-e-a-paciencia","status":"publish","type":"post","link":"https:\/\/www.blogsoestado.com\/joaquimhaickel\/2010\/10\/30\/o-mito-o-voto-e-a-paciencia\/","title":{"rendered":"O mito, o voto e a paci\u00eancia"},"content":{"rendered":"<p>O passar do tempo quase sempre nos priva do que mais precisamos. Enfraquece a vista, os ossos, a mem\u00f3ria, e entre outras coisas reduz a paci\u00eancia. Comigo \u00e9 isso que tem acontecido, cheguei a um ponto em que a paci\u00eancia passou a ser uma virtude cada vez mais escassa em mim.<\/p>\n<p>A quantidade que carrego comigo desse ingrediente n\u00e3o \u00e9 mais suficiente para levar em frente um determinado tipo de conversa. A conversa a que me refiro \u00e9 a mitifica\u00e7\u00e3o, seja ela a positiva que torna algu\u00e9m comum, igual a todos, em uma pessoa cheia de qualidades, quase um Deus, ou a negativa que faz a mesma coisa no sentido contr\u00e1rio, transformando algu\u00e9m normal em uma pessoa cheia de defeitos, maligna, demon\u00edaca.<\/p>\n<p>\u00c9 o que tem acontecido no Maranh\u00e3o e \u00e9 o que est\u00e1 acontecendo em todo o Brasil, principalmente agora com a realiza\u00e7\u00e3o desse segundo turno da elei\u00e7\u00e3o presidencial.<\/p>\n<p>Dilma \u00e9 a encarna\u00e7\u00e3o do Diabo e Serra \u00e9 a personifica\u00e7\u00e3o de Deus.<\/p>\n<p>Poderia lan\u00e7ar m\u00e3o de mil teorias filos\u00f3ficas, pol\u00edticas, sociol\u00f3gicas e at\u00e9 antropol\u00f3gicas para comentar o que est\u00e1 acontecendo, mas como j\u00e1 disse, minha paci\u00eancia est\u00e1 curta, vou tentar ser o mais objetivo poss\u00edvel.<\/p>\n<p>Tenho certeza que voc\u00ea n\u00e3o \u00e9 ing\u00eanuo ao ponto de acreditar em uma hist\u00f3ria onde de um lado todo mundo \u00e9 bonzinho, bem intencionado, trabalhador, competente, preparado e honesto, e de outro, todos s\u00e3o maus, cheios de segundas inten\u00e7\u00f5es, vagabundos, incompetentes, despreparados, desonestos&#8230; \u00c9!?<\/p>\n<p>Voc\u00ea j\u00e1 leu a revista Veja nos \u00faltimos meses? Se j\u00e1, voc\u00ea deve ter se perguntado em algum momento como \u00e9 que eles conseguem, enquanto uma revista jornal\u00edstica, ser t\u00e3o partid\u00e1rios. Eu n\u00e3o queria usar os termos que usei em minha \u00faltima cr\u00f4nica, mas n\u00e3o tem jeito. Culpe minha falta de paci\u00eancia. A revista Veja \u00e9 o mais manique\u00edsta e sect\u00e1rio \u00f3rg\u00e3o da imprensa brasileira. Some-se a esses adjetivos, um outro, hip\u00f3crita.<\/p>\n<p>Quase metade das p\u00e1ginas da maior revista de nosso pa\u00eds traz reclames publicit\u00e1rios, vende algum tipo de produto. Ousaria at\u00e9 dizer que quase a totalidade das p\u00e1ginas desse seman\u00e1rio, de uma forma ou de outra, at\u00e9 as mat\u00e9rias jornal\u00edsticas, est\u00e3o impregnadas de material comercial, se prestam \u00e0 venda de algum produto, seja ele tang\u00edvel ou intang\u00edvel.<\/p>\n<p>Pois bem, para mim isso j\u00e1 bastaria para votar na Dilma: a Veja \u00e9 contra ela! A princ\u00edpio eu voto a favor de tudo que a Veja for contra. Pois eles, os donos e os jornalistas da Veja n\u00e3o s\u00e3o os donos da verdade, n\u00e3o s\u00e3o a palmat\u00f3ria do mundo. Eles n\u00e3o v\u00e3o me colocar cabresto. (vai aqui um pouco mais de minha falta de paci\u00eancia)<\/p>\n<p>Mas se isso n\u00e3o fosse o bastante, li em algum lugar que \u201cmantendo a coer\u00eancia, Z\u00e9 Reinaldo votar\u00e1 em Serra\u201d. Mas que coer\u00eancia \u00e9 essa!? Esse senhor n\u00e3o \u00e9 filiado ao PSB que faz parte da base de apoio ao PT!? Talvez ele tenha confundido filiado com afilhado, pois assim fica mais f\u00e1cil trair, j\u00e1 que ele fez isso com seu padrinho, Z\u00e9 Sarney, que lhe deu todas as oportunidades na vida. (aqui perdi toda paci\u00eancia que tinha)<\/p>\n<p>Mas para aqueles que acham isso pouco, eu quero dizer que desejo votar em um candidato que tenha compromisso, antes de qualquer coisa com meu Estado. Que v\u00e1 nos ajudar a implantar a refinaria de Bacabeira. Quero um presidente que conclua a Ferrovia Norte-Sul, que amplie o Porto de Itaqui. Que invista em moradias populares. (preciso de paci\u00eancia para ter esperan\u00e7a)<\/p>\n<p>Quero algu\u00e9m que olhe para o Maranh\u00e3o sem o preconceito paulista de que nordestino bom \u00e9 s\u00f3 o motorista de taxi, que faz o tr\u00e2nsito de S\u00e3o Paulo n\u00e3o estrangular, s\u00f3 o gar\u00e7om que serve aos ricos empres\u00e1rios da FIESP, s\u00f3 o pedreiro que constr\u00f3i os pr\u00e9dios da capital econ\u00f4mica de nosso pa\u00eds. (paci\u00eancia em zero)<\/p>\n<p>Desculpe, estou sendo contaminado, estou me portando como um desses manique\u00edstas sect\u00e1rios. Culpa da falta de paci\u00eancia.<\/p>\n<p>Fui colega de Serra na Constituinte e n\u00e3o me lembro de ter falado com ele algum dia. Foram dois anos de Constituinte e mais dois de C\u00e2mara dos Deputados, trabalhando juntos, convivendo nos mesmos ambientes. L\u00e1 fiz bons amigos como Artur da T\u00e1vola, Florestan Fernandes, Wladimir Palmeira, A\u00e9cio Neves, Henrique Eduardo Alves, Nelson Jobim, Michel Temer, Amaral Netto, Sandra Cavalcante, Rita Camata, Delfim Neto, Roberto Cardoso Alves, Z\u00e9 Genu\u00edno e o pr\u00f3prio Lula, apenas para citar alguns. Mas Serra pertencia a uma classe diferente, uma nobreza que n\u00e3o se permitia conviver com os pobres mortais. Haja paci\u00eancia!<\/p>\n<p>Que Serra \u00e9 preparado e competente, isso n\u00e3o posso discordar, mas da\u00ed a quer\u00ea-lo como presidente de meu pa\u00eds, a dist\u00e2ncia \u00e9 grande, pois n\u00e3o acredito que ele seria um bom presidente para o Maranh\u00e3o nem para o Norte e Nordeste do Brasil.<\/p>\n<p>Depois desta elei\u00e7\u00e3o ficar\u00e1 claro para todos n\u00f3s que a diferen\u00e7a fundamental entre um pol\u00edtico e outro, tenham eles todas as qualidades e os defeitos poss\u00edveis, \u00e9 fundamental e simplesmente o que voc\u00ea espera dele.<\/p>\n<p>Est\u00e3o esperando muito de Serra. Eu espero pouco de Dilma. S\u00f3 espero que ela fa\u00e7a o feij\u00e3o com arroz, isso j\u00e1 vai estar muito bom.<\/p>\n<p>PS: Antes que algu\u00e9m me cobre coer\u00eancia, tudo que disse sobre a revista Veja vale para todos os meios de comunica\u00e7\u00e3o ou organismos jornal\u00edsticos que tomam partido de forma descarada e acintosa. O jornalismo pode ser opinativo, filos\u00f3fico, ideol\u00f3gico, mas jamais ao ponto de deixar de ser informativo, democr\u00e1tico e isento.<\/p>\n","protected":false},"excerpt":{"rendered":"<p>O passar do tempo quase sempre nos priva do que mais precisamos. Enfraquece a vista, os ossos, a mem\u00f3ria, e [&hellip;]<\/p>\n","protected":false},"author":7,"featured_media":0,"comment_status":"open","ping_status":"open","sticky":false,"template":"","format":"standard","meta":{"site-sidebar-layout":"default","site-content-layout":"","ast-site-content-layout":"default","site-content-style":"default","site-sidebar-style":"default","ast-global-header-display":"","ast-banner-title-visibility":"","ast-main-header-display":"","ast-hfb-above-header-display":"","ast-hfb-below-header-display":"","ast-hfb-mobile-header-display":"","site-post-title":"","ast-breadcrumbs-content":"","ast-featured-img":"","footer-sml-layout":"","ast-disable-related-posts":"","theme-transparent-header-meta":"","adv-header-id-meta":"","stick-header-meta":"","header-above-stick-meta":"","header-main-stick-meta":"","header-below-stick-meta":"","astra-migrate-meta-layouts":"default","ast-page-background-enabled":"default","ast-page-background-meta":{"desktop":{"background-color":"var(--ast-global-color-5)","background-image":"","background-repeat":"repeat","background-position":"center center","background-size":"auto","background-attachment":"scroll","background-type":"","background-media":"","overlay-type":"","overlay-color":"","overlay-opacity":"","overlay-gradient":""},"tablet":{"background-color":"","background-image":"","background-repeat":"repeat","background-position":"center center","background-size":"auto","background-attachment":"scroll","background-type":"","background-media":"","overlay-type":"","overlay-color":"","overlay-opacity":"","overlay-gradient":""},"mobile":{"background-color":"","background-image":"","background-repeat":"repeat","background-position":"center center","background-size":"auto","background-attachment":"scroll","background-type":"","background-media":"","overlay-type":"","overlay-color":"","overlay-opacity":"","overlay-gradient":""}},"ast-content-background-meta":{"desktop":{"background-color":"var(--ast-global-color-4)","background-image":"","background-repeat":"repeat","background-position":"center center","background-size":"auto","background-attachment":"scroll","background-type":"","background-media":"","overlay-type":"","overlay-color":"","overlay-opacity":"","overlay-gradient":""},"tablet":{"background-color":"var(--ast-global-color-4)","background-image":"","background-repeat":"repeat","background-position":"center center","background-size":"auto","background-attachment":"scroll","background-type":"","background-media":"","overlay-type":"","overlay-color":"","overlay-opacity":"","overlay-gradient":""},"mobile":{"background-color":"var(--ast-global-color-4)","background-image":"","background-repeat":"repeat","background-position":"center center","background-size":"auto","background-attachment":"scroll","background-type":"","background-media":"","overlay-type":"","overlay-color":"","overlay-opacity":"","overlay-gradient":""}},"footnotes":""},"categories":[4],"tags":[],"class_list":["post-663","post","type-post","status-publish","format-standard","hentry","category-4"],"yoast_head":"<!-- This site is optimized with the Yoast SEO plugin v26.6 - https:\/\/yoast.com\/wordpress\/plugins\/seo\/ -->\n<title>O mito, o voto e a paci\u00eancia - Joaquim Haickel<\/title>\n<meta name=\"robots\" content=\"index, follow, max-snippet:-1, max-image-preview:large, max-video-preview:-1\" \/>\n<link rel=\"canonical\" href=\"https:\/\/www.blogsoestado.com\/joaquimhaickel\/2010\/10\/30\/o-mito-o-voto-e-a-paciencia\/\" \/>\n<meta property=\"og:locale\" content=\"pt_BR\" \/>\n<meta property=\"og:type\" content=\"article\" \/>\n<meta property=\"og:title\" content=\"O mito, o voto e a paci\u00eancia - Joaquim Haickel\" \/>\n<meta property=\"og:description\" content=\"O passar do tempo quase sempre nos priva do que mais precisamos. Enfraquece a vista, os ossos, a mem\u00f3ria, e [&hellip;]\" \/>\n<meta property=\"og:url\" content=\"https:\/\/www.blogsoestado.com\/joaquimhaickel\/2010\/10\/30\/o-mito-o-voto-e-a-paciencia\/\" \/>\n<meta property=\"og:site_name\" content=\"Joaquim Haickel\" \/>\n<meta property=\"article:published_time\" content=\"2010-10-30T22:56:16+00:00\" \/>\n<meta name=\"author\" content=\"Joaquim Haickel\" \/>\n<meta name=\"twitter:card\" content=\"summary_large_image\" \/>\n<meta name=\"twitter:label1\" content=\"Escrito por\" \/>\n\t<meta name=\"twitter:data1\" content=\"Joaquim Haickel\" \/>\n\t<meta name=\"twitter:label2\" content=\"Est. tempo de leitura\" \/>\n\t<meta name=\"twitter:data2\" content=\"5 minutos\" \/>\n<script type=\"application\/ld+json\" class=\"yoast-schema-graph\">{\"@context\":\"https:\/\/schema.org\",\"@graph\":[{\"@type\":\"WebPage\",\"@id\":\"https:\/\/www.blogsoestado.com\/joaquimhaickel\/2010\/10\/30\/o-mito-o-voto-e-a-paciencia\/\",\"url\":\"https:\/\/www.blogsoestado.com\/joaquimhaickel\/2010\/10\/30\/o-mito-o-voto-e-a-paciencia\/\",\"name\":\"O mito, o voto e a paci\u00eancia - Joaquim Haickel\",\"isPartOf\":{\"@id\":\"https:\/\/www.blogsoestado.com\/joaquimhaickel\/#website\"},\"datePublished\":\"2010-10-30T22:56:16+00:00\",\"author\":{\"@id\":\"https:\/\/www.blogsoestado.com\/joaquimhaickel\/#\/schema\/person\/4a711644aff28245c6c2c3452d66d325\"},\"breadcrumb\":{\"@id\":\"https:\/\/www.blogsoestado.com\/joaquimhaickel\/2010\/10\/30\/o-mito-o-voto-e-a-paciencia\/#breadcrumb\"},\"inLanguage\":\"pt-BR\",\"potentialAction\":[{\"@type\":\"ReadAction\",\"target\":[\"https:\/\/www.blogsoestado.com\/joaquimhaickel\/2010\/10\/30\/o-mito-o-voto-e-a-paciencia\/\"]}]},{\"@type\":\"BreadcrumbList\",\"@id\":\"https:\/\/www.blogsoestado.com\/joaquimhaickel\/2010\/10\/30\/o-mito-o-voto-e-a-paciencia\/#breadcrumb\",\"itemListElement\":[{\"@type\":\"ListItem\",\"position\":1,\"name\":\"In\u00edcio\",\"item\":\"https:\/\/www.blogsoestado.com\/joaquimhaickel\/\"},{\"@type\":\"ListItem\",\"position\":2,\"name\":\"O mito, o voto e a paci\u00eancia\"}]},{\"@type\":\"WebSite\",\"@id\":\"https:\/\/www.blogsoestado.com\/joaquimhaickel\/#website\",\"url\":\"https:\/\/www.blogsoestado.com\/joaquimhaickel\/\",\"name\":\"Joaquim Haickel\",\"description\":\"\",\"potentialAction\":[{\"@type\":\"SearchAction\",\"target\":{\"@type\":\"EntryPoint\",\"urlTemplate\":\"https:\/\/www.blogsoestado.com\/joaquimhaickel\/?s={search_term_string}\"},\"query-input\":{\"@type\":\"PropertyValueSpecification\",\"valueRequired\":true,\"valueName\":\"search_term_string\"}}],\"inLanguage\":\"pt-BR\"},{\"@type\":\"Person\",\"@id\":\"https:\/\/www.blogsoestado.com\/joaquimhaickel\/#\/schema\/person\/4a711644aff28245c6c2c3452d66d325\",\"name\":\"Joaquim Haickel\",\"image\":{\"@type\":\"ImageObject\",\"inLanguage\":\"pt-BR\",\"@id\":\"https:\/\/www.blogsoestado.com\/joaquimhaickel\/#\/schema\/person\/image\/\",\"url\":\"https:\/\/secure.gravatar.com\/avatar\/473d89339b9f8ec089adb8d5778363eb5a2ba2319956bcf0298bfd8cca04684a?s=96&d=mm&r=g\",\"contentUrl\":\"https:\/\/secure.gravatar.com\/avatar\/473d89339b9f8ec089adb8d5778363eb5a2ba2319956bcf0298bfd8cca04684a?s=96&d=mm&r=g\",\"caption\":\"Joaquim Haickel\"},\"url\":\"https:\/\/www.blogsoestado.com\/joaquimhaickel\/author\/joaquimhaickel\/\"}]}<\/script>\n<!-- \/ Yoast SEO plugin. -->","yoast_head_json":{"title":"O mito, o voto e a paci\u00eancia - Joaquim Haickel","robots":{"index":"index","follow":"follow","max-snippet":"max-snippet:-1","max-image-preview":"max-image-preview:large","max-video-preview":"max-video-preview:-1"},"canonical":"https:\/\/www.blogsoestado.com\/joaquimhaickel\/2010\/10\/30\/o-mito-o-voto-e-a-paciencia\/","og_locale":"pt_BR","og_type":"article","og_title":"O mito, o voto e a paci\u00eancia - Joaquim Haickel","og_description":"O passar do tempo quase sempre nos priva do que mais precisamos. Enfraquece a vista, os ossos, a mem\u00f3ria, e [&hellip;]","og_url":"https:\/\/www.blogsoestado.com\/joaquimhaickel\/2010\/10\/30\/o-mito-o-voto-e-a-paciencia\/","og_site_name":"Joaquim Haickel","article_published_time":"2010-10-30T22:56:16+00:00","author":"Joaquim Haickel","twitter_card":"summary_large_image","twitter_misc":{"Escrito por":"Joaquim Haickel","Est. tempo de leitura":"5 minutos"},"schema":{"@context":"https:\/\/schema.org","@graph":[{"@type":"WebPage","@id":"https:\/\/www.blogsoestado.com\/joaquimhaickel\/2010\/10\/30\/o-mito-o-voto-e-a-paciencia\/","url":"https:\/\/www.blogsoestado.com\/joaquimhaickel\/2010\/10\/30\/o-mito-o-voto-e-a-paciencia\/","name":"O mito, o voto e a paci\u00eancia - Joaquim Haickel","isPartOf":{"@id":"https:\/\/www.blogsoestado.com\/joaquimhaickel\/#website"},"datePublished":"2010-10-30T22:56:16+00:00","author":{"@id":"https:\/\/www.blogsoestado.com\/joaquimhaickel\/#\/schema\/person\/4a711644aff28245c6c2c3452d66d325"},"breadcrumb":{"@id":"https:\/\/www.blogsoestado.com\/joaquimhaickel\/2010\/10\/30\/o-mito-o-voto-e-a-paciencia\/#breadcrumb"},"inLanguage":"pt-BR","potentialAction":[{"@type":"ReadAction","target":["https:\/\/www.blogsoestado.com\/joaquimhaickel\/2010\/10\/30\/o-mito-o-voto-e-a-paciencia\/"]}]},{"@type":"BreadcrumbList","@id":"https:\/\/www.blogsoestado.com\/joaquimhaickel\/2010\/10\/30\/o-mito-o-voto-e-a-paciencia\/#breadcrumb","itemListElement":[{"@type":"ListItem","position":1,"name":"In\u00edcio","item":"https:\/\/www.blogsoestado.com\/joaquimhaickel\/"},{"@type":"ListItem","position":2,"name":"O mito, o voto e a paci\u00eancia"}]},{"@type":"WebSite","@id":"https:\/\/www.blogsoestado.com\/joaquimhaickel\/#website","url":"https:\/\/www.blogsoestado.com\/joaquimhaickel\/","name":"Joaquim Haickel","description":"","potentialAction":[{"@type":"SearchAction","target":{"@type":"EntryPoint","urlTemplate":"https:\/\/www.blogsoestado.com\/joaquimhaickel\/?s={search_term_string}"},"query-input":{"@type":"PropertyValueSpecification","valueRequired":true,"valueName":"search_term_string"}}],"inLanguage":"pt-BR"},{"@type":"Person","@id":"https:\/\/www.blogsoestado.com\/joaquimhaickel\/#\/schema\/person\/4a711644aff28245c6c2c3452d66d325","name":"Joaquim Haickel","image":{"@type":"ImageObject","inLanguage":"pt-BR","@id":"https:\/\/www.blogsoestado.com\/joaquimhaickel\/#\/schema\/person\/image\/","url":"https:\/\/secure.gravatar.com\/avatar\/473d89339b9f8ec089adb8d5778363eb5a2ba2319956bcf0298bfd8cca04684a?s=96&d=mm&r=g","contentUrl":"https:\/\/secure.gravatar.com\/avatar\/473d89339b9f8ec089adb8d5778363eb5a2ba2319956bcf0298bfd8cca04684a?s=96&d=mm&r=g","caption":"Joaquim Haickel"},"url":"https:\/\/www.blogsoestado.com\/joaquimhaickel\/author\/joaquimhaickel\/"}]}},"jetpack_featured_media_url":"","_links":{"self":[{"href":"https:\/\/www.blogsoestado.com\/joaquimhaickel\/wp-json\/wp\/v2\/posts\/663","targetHints":{"allow":["GET"]}}],"collection":[{"href":"https:\/\/www.blogsoestado.com\/joaquimhaickel\/wp-json\/wp\/v2\/posts"}],"about":[{"href":"https:\/\/www.blogsoestado.com\/joaquimhaickel\/wp-json\/wp\/v2\/types\/post"}],"author":[{"embeddable":true,"href":"https:\/\/www.blogsoestado.com\/joaquimhaickel\/wp-json\/wp\/v2\/users\/7"}],"replies":[{"embeddable":true,"href":"https:\/\/www.blogsoestado.com\/joaquimhaickel\/wp-json\/wp\/v2\/comments?post=663"}],"version-history":[{"count":0,"href":"https:\/\/www.blogsoestado.com\/joaquimhaickel\/wp-json\/wp\/v2\/posts\/663\/revisions"}],"wp:attachment":[{"href":"https:\/\/www.blogsoestado.com\/joaquimhaickel\/wp-json\/wp\/v2\/media?parent=663"}],"wp:term":[{"taxonomy":"category","embeddable":true,"href":"https:\/\/www.blogsoestado.com\/joaquimhaickel\/wp-json\/wp\/v2\/categories?post=663"},{"taxonomy":"post_tag","embeddable":true,"href":"https:\/\/www.blogsoestado.com\/joaquimhaickel\/wp-json\/wp\/v2\/tags?post=663"}],"curies":[{"name":"wp","href":"https:\/\/api.w.org\/{rel}","templated":true}]}}