{"id":686,"date":"2011-01-23T13:43:18","date_gmt":"2011-01-23T15:43:18","guid":{"rendered":"https:\/\/www.blogsoestado.com\/joaquimhaickel\/?p=686"},"modified":"2011-01-23T13:43:18","modified_gmt":"2011-01-23T15:43:18","slug":"mad-para-que-serve-o-castelao","status":"publish","type":"post","link":"https:\/\/www.blogsoestado.com\/joaquimhaickel\/2011\/01\/23\/mad-para-que-serve-o-castelao\/","title":{"rendered":"MAD: Para que serve o Castel\u00e3o?"},"content":{"rendered":"<p>Gostaria de agradecer imensamente ao meu amigo Marco Aur\u00e9lio D\u2019E\u00e7a a oportunidade que ele me propiciou para que eu pudesse voltar a escrever. \u00c9 que as fun\u00e7\u00f5es nas quais me envolvi nas \u00faltimas semanas me deixaram totalmente desligado de minha atividade liter\u00e1ria. Primeiro me dei uma semana de merecidas f\u00e9rias e fui literalmente para os mares do sul. Quando voltei, recebi uma miss\u00e3o que a princ\u00edpio n\u00e3o desejava assumir, mas acabei aceitando a incumb\u00eancia, cedendo aos pedidos de muitos amigos que n\u00e3o s\u00f3 acreditaram que eu poderia fazer um bom trabalho, como se comprometeram comigo em me ajudar a planej\u00e1-lo e desenvolv\u00ea-lo. Falo do trabalho de dirigir a Secretaria de Esportes e Lazer do Estado do Maranh\u00e3o.<br \/>\nComo j\u00e1 disse, nas \u00faltimas semanas n\u00e3o tive como conciliar o meu tempo. As vinte e quatro horas de um dia t\u00eam sido poucas para o trabalho que temos desenvolvido, eu e os companheiros que convoquei para esse campeonato. \u00c9 isso mesmo, pois j\u00e1 que sou agora secret\u00e1rio de Esportes e Lazer, vou incorporar novas met\u00e1foras ao meu texto, coisa que pode deix\u00e1-lo um tanto&#8230; Diferente&#8230; Mas, v\u00e1 l\u00e1.<\/p>\n<p>Convoquei um time de peso pra nos ajudar a ganhar esse campeonato. Primeiramente fiz o reconhecimento do campo, medida indispens\u00e1vel para um bom planejamento. Depois fui buscar a prata da casa e com ela trouxe um pouco de flanela e \u201csilvo\u201d (acho que era esse o nome do produto que minha m\u00e3e usava para limpar a prataria de nossa casa quando ia oferecer algum jantar pra pessoas importantes). Tratei de lustrar a excelente prataria que n\u00f3s temos em nossa Secretaria, na verdade temos uma mina, por vezes muito mal explorada, verdadeiras pepitas de ouro, diamantes brutos pedindo para serem lapidados&#8230; Bem, mas essas met\u00e1foras s\u00e3o inerentes \u00e0 pasta de Minas e Energia&#8230;<\/p>\n<p>Como refor\u00e7o trouxe apenas quatro pessoas: Waldimir Filho que trabalha comigo h\u00e1 20 anos; Clineu Coelho, desportista e administrador amplamente conhecido; Ronald Almeida, que al\u00e9m de arquiteto \u00e9 dirigente esportivo, que ser\u00e1 respons\u00e1vel pela consolida\u00e7\u00e3o de nossos planos; e a m\u00e9dica e desportista Silvana Teixeira. Todos os demais funcion\u00e1rios j\u00e1 estavam trabalhando na Sedel quando l\u00e1 cheguei, com destaque muito especial para M\u00f4nica Gobel, Alim Neto, Cristiana Vilas Boas, L\u00e9a Menezes, Jos\u00e9 Ribamar Fr\u00f3es e Ana Am\u00e9lia Braga&#8230; N\u00e3o posso aqui citar todos, mas saibam que todos que est\u00e3o l\u00e1 e est\u00e3o realmente trabalhando, mesmo n\u00e3o tendo sido citados aqui, s\u00e3o importantes, est\u00e3o sendo observados e ter\u00e3o o reconhecimento devido.<\/p>\n<p>Mas eu comecei esse texto agradecendo ao meu car\u00edssimo amigo, jornalista e blogueiro Marco Aur\u00e9lio D\u2019E\u00e7a, que adora ser pol\u00eamico, gosta de estar no olho do furac\u00e3o, lugar que nunca lhe \u00e9 inc\u00f4modo. Como sou seu amigo verdadeiro e sei que ele tamb\u00e9m \u00e9 meu, posso responder seu post intitulado \u201cPara que serve o Castel\u00e3o???\u201d daqui mesmo, de meu espa\u00e7o liter\u00e1rio, pois a partir de agora esporte, lazer, melhor qualidade de vida e inser\u00e7\u00e3o social ser\u00e3o temas rotineiros por aqui.<\/p>\n<p>Marquinho pergunta para que serve o Castel\u00e3o e eu poderia responder essa pergunta de diversas formas. Poderia dizer-lhe que o valor do Est\u00e1dio Castel\u00e3o incrustado no Complexo Esportivo do Outeiro da Cruz \u00e9 infinitamente maior que o recurso financeiro que ser\u00e1 utilizado em sua recupera\u00e7\u00e3o. Dever\u00e3o ser investidos R$ 50 milh\u00f5es para valorizar os dois bilh\u00f5es que se avalia aquela \u00e1rea. S\u00f3 isso j\u00e1 bastaria. Se quisesse polemizar, compararia a reforma do Castel\u00e3o a outras atividades sazonais, tempor\u00e1rios, com a vantagem do Est\u00e1dio ser um patrim\u00f4nio imobili\u00e1rio e permanente.<br \/>\nA argumenta\u00e7\u00e3o defendida por Marco \u00e9 inteligente e deve ser levada em considera\u00e7\u00e3o. Ele diz que o Castel\u00e3o \u00e9 maior que o futebol maranhense, que o nosso futebol n\u00e3o \u00e9 rent\u00e1vel nem em p\u00fablico nem em renda, e ele tem raz\u00e3o no que diz respeito aos frios n\u00fameros da contabilidade, mas h\u00e1 muito mais em jogo, al\u00e9m do imenso patrim\u00f4nio p\u00fablico imobili\u00e1rio j\u00e1 citado, envolvido nessa quest\u00e3o. H\u00e1 o intang\u00edvel, a paix\u00e3o, o amor. H\u00e1 o trabalho e n\u00e3o falo dos empregos que nem s\u00e3o tantos assim, falo do trabalho social que o esporte, e o futebol \u00e9 o maior deles, pode fazer no que diz respeito \u00e0 inser\u00e7\u00e3o social dos menos favorecidos.<\/p>\n<p>Nem vou argumentar que \u00e9 melhor investir esse recurso na reforma do Castel\u00e3o do que possibilitar o que j\u00e1 aconteceu pouco tempo atr\u00e1s quando da constru\u00e7\u00e3o de estradas e pontes fantasmas.<\/p>\n<p>Por fim me permito um \u00faltimo argumento, n\u00e3o muito elegante, mas agora n\u00e3o tenho mais que me preocupar com a falta de decoro parlamentar, vale pela \u201cgoza\u00e7\u00e3o\u201d: Imaginemos que o Castel\u00e3o fosse um homem bem apessoado, bonito, elegante, rico, de uns quarenta e poucos anos e que sendo diab\u00e9tico, tornou-se impotente. Deveria ele, t\u00e3o jovem, n\u00e3o se permitir a possibilidade de ser feliz com uma boa e bela mulher, sendo que para isso s\u00f3 precisasse implantar uma pr\u00f3tese peniana?<\/p>\n<p>PS: Confesso que usei for\u00e7a excessiva no exemplo acima. Poderia ter usado simplesmente um banguela e um implante dent\u00e1rio. Mas o fiz por um bom motivo, para dizer que se tem alguma coisa que tem que melhorar em nosso estado \u00e9 o Futebol, os Clubes e principalmente a Federa\u00e7\u00e3o. Para que isso aconte\u00e7a a Sedel estar\u00e1 tal qual a Meruoca, sempre de portas abertas para ajudar no que for poss\u00edvel. No que n\u00e3o for poss\u00edvel, buscaremos solu\u00e7\u00f5es fora. (MAD n\u00e3o \u00e9 louco em ingl\u00eas, \u00e9 Marco Aur\u00e9lio D\u2019E\u00e7a).<\/p>\n","protected":false},"excerpt":{"rendered":"<p>Gostaria de agradecer imensamente ao meu amigo Marco Aur\u00e9lio D\u2019E\u00e7a a oportunidade que ele me propiciou para que eu pudesse [&hellip;]<\/p>\n","protected":false},"author":7,"featured_media":0,"comment_status":"open","ping_status":"open","sticky":false,"template":"","format":"standard","meta":{"site-sidebar-layout":"default","site-content-layout":"","ast-site-content-layout":"default","site-content-style":"default","site-sidebar-style":"default","ast-global-header-display":"","ast-banner-title-visibility":"","ast-main-header-display":"","ast-hfb-above-header-display":"","ast-hfb-below-header-display":"","ast-hfb-mobile-header-display":"","site-post-title":"","ast-breadcrumbs-content":"","ast-featured-img":"","footer-sml-layout":"","ast-disable-related-posts":"","theme-transparent-header-meta":"","adv-header-id-meta":"","stick-header-meta":"","header-above-stick-meta":"","header-main-stick-meta":"","header-below-stick-meta":"","astra-migrate-meta-layouts":"default","ast-page-background-enabled":"default","ast-page-background-meta":{"desktop":{"background-color":"var(--ast-global-color-5)","background-image":"","background-repeat":"repeat","background-position":"center center","background-size":"auto","background-attachment":"scroll","background-type":"","background-media":"","overlay-type":"","overlay-color":"","overlay-opacity":"","overlay-gradient":""},"tablet":{"background-color":"","background-image":"","background-repeat":"repeat","background-position":"center center","background-size":"auto","background-attachment":"scroll","background-type":"","background-media":"","overlay-type":"","overlay-color":"","overlay-opacity":"","overlay-gradient":""},"mobile":{"background-color":"","background-image":"","background-repeat":"repeat","background-position":"center center","background-size":"auto","background-attachment":"scroll","background-type":"","background-media":"","overlay-type":"","overlay-color":"","overlay-opacity":"","overlay-gradient":""}},"ast-content-background-meta":{"desktop":{"background-color":"var(--ast-global-color-4)","background-image":"","background-repeat":"repeat","background-position":"center center","background-size":"auto","background-attachment":"scroll","background-type":"","background-media":"","overlay-type":"","overlay-color":"","overlay-opacity":"","overlay-gradient":""},"tablet":{"background-color":"var(--ast-global-color-4)","background-image":"","background-repeat":"repeat","background-position":"center center","background-size":"auto","background-attachment":"scroll","background-type":"","background-media":"","overlay-type":"","overlay-color":"","overlay-opacity":"","overlay-gradient":""},"mobile":{"background-color":"var(--ast-global-color-4)","background-image":"","background-repeat":"repeat","background-position":"center center","background-size":"auto","background-attachment":"scroll","background-type":"","background-media":"","overlay-type":"","overlay-color":"","overlay-opacity":"","overlay-gradient":""}},"footnotes":""},"categories":[4],"tags":[],"class_list":["post-686","post","type-post","status-publish","format-standard","hentry","category-4"],"yoast_head":"<!-- This site is optimized with the Yoast SEO plugin v26.6 - https:\/\/yoast.com\/wordpress\/plugins\/seo\/ -->\n<title>MAD: Para que serve o Castel\u00e3o? - Joaquim Haickel<\/title>\n<meta name=\"robots\" content=\"index, follow, max-snippet:-1, max-image-preview:large, max-video-preview:-1\" \/>\n<link rel=\"canonical\" href=\"https:\/\/www.blogsoestado.com\/joaquimhaickel\/2011\/01\/23\/mad-para-que-serve-o-castelao\/\" \/>\n<meta property=\"og:locale\" content=\"pt_BR\" \/>\n<meta property=\"og:type\" content=\"article\" \/>\n<meta property=\"og:title\" content=\"MAD: Para que serve o Castel\u00e3o? - Joaquim Haickel\" \/>\n<meta property=\"og:description\" content=\"Gostaria de agradecer imensamente ao meu amigo Marco Aur\u00e9lio D\u2019E\u00e7a a oportunidade que ele me propiciou para que eu pudesse [&hellip;]\" \/>\n<meta property=\"og:url\" content=\"https:\/\/www.blogsoestado.com\/joaquimhaickel\/2011\/01\/23\/mad-para-que-serve-o-castelao\/\" \/>\n<meta property=\"og:site_name\" content=\"Joaquim Haickel\" \/>\n<meta property=\"article:published_time\" content=\"2011-01-23T15:43:18+00:00\" \/>\n<meta name=\"author\" content=\"Joaquim Haickel\" \/>\n<meta name=\"twitter:card\" content=\"summary_large_image\" \/>\n<meta name=\"twitter:label1\" content=\"Escrito por\" \/>\n\t<meta name=\"twitter:data1\" content=\"Joaquim Haickel\" \/>\n\t<meta name=\"twitter:label2\" content=\"Est. tempo de leitura\" \/>\n\t<meta name=\"twitter:data2\" content=\"5 minutos\" \/>\n<script type=\"application\/ld+json\" class=\"yoast-schema-graph\">{\"@context\":\"https:\/\/schema.org\",\"@graph\":[{\"@type\":\"WebPage\",\"@id\":\"https:\/\/www.blogsoestado.com\/joaquimhaickel\/2011\/01\/23\/mad-para-que-serve-o-castelao\/\",\"url\":\"https:\/\/www.blogsoestado.com\/joaquimhaickel\/2011\/01\/23\/mad-para-que-serve-o-castelao\/\",\"name\":\"MAD: Para que serve o Castel\u00e3o? - Joaquim Haickel\",\"isPartOf\":{\"@id\":\"https:\/\/www.blogsoestado.com\/joaquimhaickel\/#website\"},\"datePublished\":\"2011-01-23T15:43:18+00:00\",\"author\":{\"@id\":\"https:\/\/www.blogsoestado.com\/joaquimhaickel\/#\/schema\/person\/4a711644aff28245c6c2c3452d66d325\"},\"breadcrumb\":{\"@id\":\"https:\/\/www.blogsoestado.com\/joaquimhaickel\/2011\/01\/23\/mad-para-que-serve-o-castelao\/#breadcrumb\"},\"inLanguage\":\"pt-BR\",\"potentialAction\":[{\"@type\":\"ReadAction\",\"target\":[\"https:\/\/www.blogsoestado.com\/joaquimhaickel\/2011\/01\/23\/mad-para-que-serve-o-castelao\/\"]}]},{\"@type\":\"BreadcrumbList\",\"@id\":\"https:\/\/www.blogsoestado.com\/joaquimhaickel\/2011\/01\/23\/mad-para-que-serve-o-castelao\/#breadcrumb\",\"itemListElement\":[{\"@type\":\"ListItem\",\"position\":1,\"name\":\"In\u00edcio\",\"item\":\"https:\/\/www.blogsoestado.com\/joaquimhaickel\/\"},{\"@type\":\"ListItem\",\"position\":2,\"name\":\"MAD: Para que serve o Castel\u00e3o?\"}]},{\"@type\":\"WebSite\",\"@id\":\"https:\/\/www.blogsoestado.com\/joaquimhaickel\/#website\",\"url\":\"https:\/\/www.blogsoestado.com\/joaquimhaickel\/\",\"name\":\"Joaquim Haickel\",\"description\":\"\",\"potentialAction\":[{\"@type\":\"SearchAction\",\"target\":{\"@type\":\"EntryPoint\",\"urlTemplate\":\"https:\/\/www.blogsoestado.com\/joaquimhaickel\/?s={search_term_string}\"},\"query-input\":{\"@type\":\"PropertyValueSpecification\",\"valueRequired\":true,\"valueName\":\"search_term_string\"}}],\"inLanguage\":\"pt-BR\"},{\"@type\":\"Person\",\"@id\":\"https:\/\/www.blogsoestado.com\/joaquimhaickel\/#\/schema\/person\/4a711644aff28245c6c2c3452d66d325\",\"name\":\"Joaquim Haickel\",\"image\":{\"@type\":\"ImageObject\",\"inLanguage\":\"pt-BR\",\"@id\":\"https:\/\/www.blogsoestado.com\/joaquimhaickel\/#\/schema\/person\/image\/\",\"url\":\"https:\/\/secure.gravatar.com\/avatar\/473d89339b9f8ec089adb8d5778363eb5a2ba2319956bcf0298bfd8cca04684a?s=96&d=mm&r=g\",\"contentUrl\":\"https:\/\/secure.gravatar.com\/avatar\/473d89339b9f8ec089adb8d5778363eb5a2ba2319956bcf0298bfd8cca04684a?s=96&d=mm&r=g\",\"caption\":\"Joaquim Haickel\"},\"url\":\"https:\/\/www.blogsoestado.com\/joaquimhaickel\/author\/joaquimhaickel\/\"}]}<\/script>\n<!-- \/ Yoast SEO plugin. -->","yoast_head_json":{"title":"MAD: Para que serve o Castel\u00e3o? - Joaquim Haickel","robots":{"index":"index","follow":"follow","max-snippet":"max-snippet:-1","max-image-preview":"max-image-preview:large","max-video-preview":"max-video-preview:-1"},"canonical":"https:\/\/www.blogsoestado.com\/joaquimhaickel\/2011\/01\/23\/mad-para-que-serve-o-castelao\/","og_locale":"pt_BR","og_type":"article","og_title":"MAD: Para que serve o Castel\u00e3o? - Joaquim Haickel","og_description":"Gostaria de agradecer imensamente ao meu amigo Marco Aur\u00e9lio D\u2019E\u00e7a a oportunidade que ele me propiciou para que eu pudesse [&hellip;]","og_url":"https:\/\/www.blogsoestado.com\/joaquimhaickel\/2011\/01\/23\/mad-para-que-serve-o-castelao\/","og_site_name":"Joaquim Haickel","article_published_time":"2011-01-23T15:43:18+00:00","author":"Joaquim Haickel","twitter_card":"summary_large_image","twitter_misc":{"Escrito por":"Joaquim Haickel","Est. tempo de leitura":"5 minutos"},"schema":{"@context":"https:\/\/schema.org","@graph":[{"@type":"WebPage","@id":"https:\/\/www.blogsoestado.com\/joaquimhaickel\/2011\/01\/23\/mad-para-que-serve-o-castelao\/","url":"https:\/\/www.blogsoestado.com\/joaquimhaickel\/2011\/01\/23\/mad-para-que-serve-o-castelao\/","name":"MAD: Para que serve o Castel\u00e3o? - Joaquim Haickel","isPartOf":{"@id":"https:\/\/www.blogsoestado.com\/joaquimhaickel\/#website"},"datePublished":"2011-01-23T15:43:18+00:00","author":{"@id":"https:\/\/www.blogsoestado.com\/joaquimhaickel\/#\/schema\/person\/4a711644aff28245c6c2c3452d66d325"},"breadcrumb":{"@id":"https:\/\/www.blogsoestado.com\/joaquimhaickel\/2011\/01\/23\/mad-para-que-serve-o-castelao\/#breadcrumb"},"inLanguage":"pt-BR","potentialAction":[{"@type":"ReadAction","target":["https:\/\/www.blogsoestado.com\/joaquimhaickel\/2011\/01\/23\/mad-para-que-serve-o-castelao\/"]}]},{"@type":"BreadcrumbList","@id":"https:\/\/www.blogsoestado.com\/joaquimhaickel\/2011\/01\/23\/mad-para-que-serve-o-castelao\/#breadcrumb","itemListElement":[{"@type":"ListItem","position":1,"name":"In\u00edcio","item":"https:\/\/www.blogsoestado.com\/joaquimhaickel\/"},{"@type":"ListItem","position":2,"name":"MAD: Para que serve o Castel\u00e3o?"}]},{"@type":"WebSite","@id":"https:\/\/www.blogsoestado.com\/joaquimhaickel\/#website","url":"https:\/\/www.blogsoestado.com\/joaquimhaickel\/","name":"Joaquim Haickel","description":"","potentialAction":[{"@type":"SearchAction","target":{"@type":"EntryPoint","urlTemplate":"https:\/\/www.blogsoestado.com\/joaquimhaickel\/?s={search_term_string}"},"query-input":{"@type":"PropertyValueSpecification","valueRequired":true,"valueName":"search_term_string"}}],"inLanguage":"pt-BR"},{"@type":"Person","@id":"https:\/\/www.blogsoestado.com\/joaquimhaickel\/#\/schema\/person\/4a711644aff28245c6c2c3452d66d325","name":"Joaquim Haickel","image":{"@type":"ImageObject","inLanguage":"pt-BR","@id":"https:\/\/www.blogsoestado.com\/joaquimhaickel\/#\/schema\/person\/image\/","url":"https:\/\/secure.gravatar.com\/avatar\/473d89339b9f8ec089adb8d5778363eb5a2ba2319956bcf0298bfd8cca04684a?s=96&d=mm&r=g","contentUrl":"https:\/\/secure.gravatar.com\/avatar\/473d89339b9f8ec089adb8d5778363eb5a2ba2319956bcf0298bfd8cca04684a?s=96&d=mm&r=g","caption":"Joaquim Haickel"},"url":"https:\/\/www.blogsoestado.com\/joaquimhaickel\/author\/joaquimhaickel\/"}]}},"jetpack_featured_media_url":"","_links":{"self":[{"href":"https:\/\/www.blogsoestado.com\/joaquimhaickel\/wp-json\/wp\/v2\/posts\/686","targetHints":{"allow":["GET"]}}],"collection":[{"href":"https:\/\/www.blogsoestado.com\/joaquimhaickel\/wp-json\/wp\/v2\/posts"}],"about":[{"href":"https:\/\/www.blogsoestado.com\/joaquimhaickel\/wp-json\/wp\/v2\/types\/post"}],"author":[{"embeddable":true,"href":"https:\/\/www.blogsoestado.com\/joaquimhaickel\/wp-json\/wp\/v2\/users\/7"}],"replies":[{"embeddable":true,"href":"https:\/\/www.blogsoestado.com\/joaquimhaickel\/wp-json\/wp\/v2\/comments?post=686"}],"version-history":[{"count":0,"href":"https:\/\/www.blogsoestado.com\/joaquimhaickel\/wp-json\/wp\/v2\/posts\/686\/revisions"}],"wp:attachment":[{"href":"https:\/\/www.blogsoestado.com\/joaquimhaickel\/wp-json\/wp\/v2\/media?parent=686"}],"wp:term":[{"taxonomy":"category","embeddable":true,"href":"https:\/\/www.blogsoestado.com\/joaquimhaickel\/wp-json\/wp\/v2\/categories?post=686"},{"taxonomy":"post_tag","embeddable":true,"href":"https:\/\/www.blogsoestado.com\/joaquimhaickel\/wp-json\/wp\/v2\/tags?post=686"}],"curies":[{"name":"wp","href":"https:\/\/api.w.org\/{rel}","templated":true}]}}