{"id":752,"date":"2012-02-26T07:47:12","date_gmt":"2012-02-26T10:47:12","guid":{"rendered":"https:\/\/www.blogsoestado.com\/joaquimhaickel\/?p=752"},"modified":"2012-02-26T07:47:12","modified_gmt":"2012-02-26T10:47:12","slug":"nada-melhor-para-a-noite-de-domingo-2","status":"publish","type":"post","link":"https:\/\/www.blogsoestado.com\/joaquimhaickel\/2012\/02\/26\/nada-melhor-para-a-noite-de-domingo-2\/","title":{"rendered":"Nada melhor para a noite de domingo"},"content":{"rendered":"<p>Vi todos os filmes que est\u00e3o indicados ao Oscar e confesso que \u00e9 imposs\u00edvel dizer-se com certeza quem ir\u00e1 levar para casa a famosa estatueta, em qualquer uma das mais importantes categorias. H\u00e1 muitos anos a disputa n\u00e3o era assim t\u00e3o acirrada. Parece que em 2011 o cinema melhorou bastante, em compara\u00e7\u00e3o com os anos anteriores.<\/p>\n<p>Tendo declarado isso, o resto passa a ser mera especula\u00e7\u00e3o de quem \u00e9 apaixonado pela arte de se fazer sonhar acordado, de olhos bem abertos e normalmente comendo pipoca.<\/p>\n<p>Mas vamos diretamente ao que interessa. O melhor filme.<\/p>\n<p>N\u00e3o quero de cara arriscar-me em dizer quem ir\u00e1 ganhar, posso comentar com voc\u00ea sobre aqueles que eu acredito que n\u00e3o ir\u00e3o ganhar.<\/p>\n<p>Em minha opini\u00e3o \u201cA \u00c1rvore da vida\u201d nem deveria estar concorrendo nessa categoria. A \u00fanica em que admitiria que esse filme pesado e dif\u00edcil pudesse concorrer seria na de melhor diretor, pois Terrence Malick consegue fazer aquilo a que se prop\u00f5e, e \u00e9 isso que caracteriza um bom diretor&#8230; Se o que ele se prop\u00f5e a fazer resulta em uma coisa da qual n\u00e3o gosto, e certamente pouca gente vai gostar, isso \u00e9 mat\u00e9ria para outra cr\u00f4nica. (Alguns amigos meus, chegados ao cinema denso v\u00e3o me malhar depois dessa&#8230;).<\/p>\n<p>\u201cOs descendentes\u201d, \u201cHist\u00f3rias cruzadas\u201d e \u201cO homem que mudou o jogo\u201d s\u00e3o hist\u00f3rias americanas demais e a ind\u00fastria cinematogr\u00e1fica vive muito mais do mercado externo do que do interno, e n\u00e3o nos esque\u00e7amos que esse pr\u00eamio, antes de qualquer coisa, \u00e9 da ind\u00fastria e n\u00e3o da arte, dos artistas que a fazem. S\u00e3o \u00f3timos filmes, mas n\u00e3o devem sair vencedores.<\/p>\n<p>Hollywood n\u00e3o vai dar um Oscar para o &#8220;Meia-noite em Paris&#8221; de Wood Allen porque este \u00e9 um filme da franquia \u201cfastscreen\u201d, onde o diretor sai pelo mundo mostrando as belezas das maravilhosas cidades que servem de pano de fundo para suas hist\u00f3rias, como j\u00e1 fez em Barcelona e parece que pretende fazer tamb\u00e9m no Rio de Janeiro. Gostei de tudo nesse filme, mas n\u00e3o vai ganhar.<\/p>\n<p>Eu particularmente gosto muito, mas muito mesmo de filmes como \u201cCavalo de Guerra\u201d e &#8220;T\u00e3o forte e t\u00e3o perto&#8221; porque suas estruturas de roteiro e narrativa nos levam a um passeio por um tempo, um espa\u00e7o, um ambiente, onde o homem, suas circunst\u00e2ncias e as consequ\u00eancias de suas a\u00e7\u00f5es s\u00e3o tamb\u00e9m personagens importantes na hist\u00f3ria que \u00e9 retratada, nesse caso por diretores do quilate de Spielberg e Stephen Daldry, que dirigiu o bel\u00edssimo \u201cBilly Elliot\u201d. N\u00e3o acredito que tenham chance.<\/p>\n<p>No final das contas s\u00f3 dois filmes est\u00e3o realmente concorrendo ao pr\u00eamio de melhor do ano: &#8220;A inven\u00e7\u00e3o de Hugo Cabret&#8221; e &#8220;O artista&#8221;. O primeiro \u00e9 uma mega produ\u00e7\u00e3o de quase 130 milh\u00f5es de d\u00f3lares, enquanto o segundo n\u00e3o chegou a 30.<\/p>\n<p>Vejam s\u00f3! 100 milh\u00f5es de d\u00f3lares de diferen\u00e7a e disputam em p\u00e9 de igualdade o maior pr\u00eamio do cinema mundial. Isso \u00e9 o que se poderia chamar de igualdade cinematogr\u00e1fica, onde estilos, conte\u00fados, recursos financeiros, recursos humanos, ideias e ideologias diferentes se igualam quando o juiz \u00e9 o c\u00e9rebro, o intelecto humano&#8230; E porque n\u00e3o dizer a alma humana seduzida pela magia de quem sabe contar hist\u00f3rias.<\/p>\n<p>Em que pese &#8220;A inven\u00e7\u00e3o de Hugo Cabret&#8221; ser um \u00f3timo filme, uma bela fantasia de Scorsese em homenagem ao cinema franc\u00eas, eu votaria em \u201cO artista\u201d, pois \u00e9 um filme corajoso e arrojado. Em preto e branco e mudo, ele fala e p\u00f5e cores em um importante epis\u00f3dio do cinema e de como vivia quem o criou. Da dor e da delicia de serem como eram e como s\u00e3o. N\u00e3o s\u00f3 por isso, mas por ter visto retratado no personagem principal, grandes \u00eddolos da arte que tanto amo: Vi naquele filme Chaplin e seu c\u00e3o, vi Douglas Fairbanks, Mary Pickford e D. W. Griffith&#8230; Vi Buster Keaton, Errol Flynn, Fred Astaire&#8230;<\/p>\n<p>Depois de melhor filme, o que mais importa \u00e9 o pr\u00eamio de melhor diretor e esse acredito ser tamb\u00e9m dif\u00edcil prever o vencedor. Alexander Payne por &#8220;Os Descendentes, Terrence Malick por &#8220;A \u00c1rvore da Vida&#8221;, Woody Allen por &#8220;Meia-Noite em Paris&#8221;, Michel Hazanavicius por &#8220;O Artista&#8221; e Martin Scorsese por &#8220;A Inven\u00e7\u00e3o de Hugo Cabret&#8221;. Essa \u00e9 minha lista em ordem crescente, sendo que Michel e Martin est\u00e3o em p\u00e9 de igualdade, com ligeira vantagem para o segundo.<\/p>\n<p>Como o espa\u00e7o \u00e9 curto, vou a seguir apresentar a voc\u00ea minha lista de prov\u00e1veis vencedores da festa de logo mais \u00e0 noite em Los Angeles, vou dizer-lhe quais seriam meus votos caso pertencesse \u00e0 Academia de Artes e Ci\u00eancias Cinematogr\u00e1ficas, apenas nas categorias que posso opinar: Filme: O Artista; Diretor: Martin Scorsese; Roteiro original: O Artista; Roteiro adaptado: A Inven\u00e7\u00e3o de Hugo Cabret; Ator: Jean Dujardin; Atriz: Meryl Streep; Ator coadjuvante: Max Von Sidow; Atriz coadjuvante: Berenice Bejo; Filme em l\u00edngua estrangeira: A Separa\u00e7\u00e3o (Ir\u00e3); Longa animado: Chico &amp; Rita; Fotografia: Cavalo de Guerra; Dire\u00e7\u00e3o de arte: Cavalo de Guerra; Montagem: A Inven\u00e7\u00e3o de Hugo Cabret; Can\u00e7\u00e3o original: &#8220;Real in Rio&#8221;; Efeitos visuais: A Inven\u00e7\u00e3o de Hugo Cabret; Maquiagem: A Dama de Ferro; Figurino: W.E. &#8211; O Romance do S\u00e9culo; Trilha sonora original: As Aventuras de Tintim; Edi\u00e7\u00e3o de som: Cavalo de Guerra; Mixagem de som: Cavalo de Guerra.<\/p>\n<p>Espero que tenha ajudado voc\u00ea a passar alguns minutos em companhia do que h\u00e1 de melhor nos cinemas da atualidade e que tenha lhe convencido de que n\u00e3o h\u00e1 nada melhor para fazer nessa noite de domingo.<\/p>\n","protected":false},"excerpt":{"rendered":"<p>Vi todos os filmes que est\u00e3o indicados ao Oscar e confesso que \u00e9 imposs\u00edvel dizer-se com certeza quem ir\u00e1 levar [&hellip;]<\/p>\n","protected":false},"author":7,"featured_media":0,"comment_status":"open","ping_status":"open","sticky":false,"template":"","format":"standard","meta":{"site-sidebar-layout":"default","site-content-layout":"","ast-site-content-layout":"default","site-content-style":"default","site-sidebar-style":"default","ast-global-header-display":"","ast-banner-title-visibility":"","ast-main-header-display":"","ast-hfb-above-header-display":"","ast-hfb-below-header-display":"","ast-hfb-mobile-header-display":"","site-post-title":"","ast-breadcrumbs-content":"","ast-featured-img":"","footer-sml-layout":"","ast-disable-related-posts":"","theme-transparent-header-meta":"","adv-header-id-meta":"","stick-header-meta":"","header-above-stick-meta":"","header-main-stick-meta":"","header-below-stick-meta":"","astra-migrate-meta-layouts":"default","ast-page-background-enabled":"default","ast-page-background-meta":{"desktop":{"background-color":"var(--ast-global-color-5)","background-image":"","background-repeat":"repeat","background-position":"center center","background-size":"auto","background-attachment":"scroll","background-type":"","background-media":"","overlay-type":"","overlay-color":"","overlay-opacity":"","overlay-gradient":""},"tablet":{"background-color":"","background-image":"","background-repeat":"repeat","background-position":"center center","background-size":"auto","background-attachment":"scroll","background-type":"","background-media":"","overlay-type":"","overlay-color":"","overlay-opacity":"","overlay-gradient":""},"mobile":{"background-color":"","background-image":"","background-repeat":"repeat","background-position":"center center","background-size":"auto","background-attachment":"scroll","background-type":"","background-media":"","overlay-type":"","overlay-color":"","overlay-opacity":"","overlay-gradient":""}},"ast-content-background-meta":{"desktop":{"background-color":"var(--ast-global-color-4)","background-image":"","background-repeat":"repeat","background-position":"center center","background-size":"auto","background-attachment":"scroll","background-type":"","background-media":"","overlay-type":"","overlay-color":"","overlay-opacity":"","overlay-gradient":""},"tablet":{"background-color":"var(--ast-global-color-4)","background-image":"","background-repeat":"repeat","background-position":"center center","background-size":"auto","background-attachment":"scroll","background-type":"","background-media":"","overlay-type":"","overlay-color":"","overlay-opacity":"","overlay-gradient":""},"mobile":{"background-color":"var(--ast-global-color-4)","background-image":"","background-repeat":"repeat","background-position":"center center","background-size":"auto","background-attachment":"scroll","background-type":"","background-media":"","overlay-type":"","overlay-color":"","overlay-opacity":"","overlay-gradient":""}},"footnotes":""},"categories":[1],"tags":[],"class_list":["post-752","post","type-post","status-publish","format-standard","hentry","category-sem-categoria"],"yoast_head":"<!-- This site is optimized with the Yoast SEO plugin v26.6 - https:\/\/yoast.com\/wordpress\/plugins\/seo\/ -->\n<title>Nada melhor para a noite de domingo - Joaquim Haickel<\/title>\n<meta name=\"robots\" content=\"index, follow, max-snippet:-1, max-image-preview:large, max-video-preview:-1\" \/>\n<link rel=\"canonical\" href=\"https:\/\/www.blogsoestado.com\/joaquimhaickel\/2012\/02\/26\/nada-melhor-para-a-noite-de-domingo-2\/\" \/>\n<meta property=\"og:locale\" content=\"pt_BR\" \/>\n<meta property=\"og:type\" content=\"article\" \/>\n<meta property=\"og:title\" content=\"Nada melhor para a noite de domingo - Joaquim Haickel\" \/>\n<meta property=\"og:description\" content=\"Vi todos os filmes que est\u00e3o indicados ao Oscar e confesso que \u00e9 imposs\u00edvel dizer-se com certeza quem ir\u00e1 levar [&hellip;]\" \/>\n<meta property=\"og:url\" content=\"https:\/\/www.blogsoestado.com\/joaquimhaickel\/2012\/02\/26\/nada-melhor-para-a-noite-de-domingo-2\/\" \/>\n<meta property=\"og:site_name\" content=\"Joaquim Haickel\" \/>\n<meta property=\"article:published_time\" content=\"2012-02-26T10:47:12+00:00\" \/>\n<meta name=\"author\" content=\"Joaquim Haickel\" \/>\n<meta name=\"twitter:card\" content=\"summary_large_image\" \/>\n<meta name=\"twitter:label1\" content=\"Escrito por\" \/>\n\t<meta name=\"twitter:data1\" content=\"Joaquim Haickel\" \/>\n\t<meta name=\"twitter:label2\" content=\"Est. tempo de leitura\" \/>\n\t<meta name=\"twitter:data2\" content=\"5 minutos\" \/>\n<script type=\"application\/ld+json\" class=\"yoast-schema-graph\">{\"@context\":\"https:\/\/schema.org\",\"@graph\":[{\"@type\":\"WebPage\",\"@id\":\"https:\/\/www.blogsoestado.com\/joaquimhaickel\/2012\/02\/26\/nada-melhor-para-a-noite-de-domingo-2\/\",\"url\":\"https:\/\/www.blogsoestado.com\/joaquimhaickel\/2012\/02\/26\/nada-melhor-para-a-noite-de-domingo-2\/\",\"name\":\"Nada melhor para a noite de domingo - Joaquim Haickel\",\"isPartOf\":{\"@id\":\"https:\/\/www.blogsoestado.com\/joaquimhaickel\/#website\"},\"datePublished\":\"2012-02-26T10:47:12+00:00\",\"author\":{\"@id\":\"https:\/\/www.blogsoestado.com\/joaquimhaickel\/#\/schema\/person\/4a711644aff28245c6c2c3452d66d325\"},\"breadcrumb\":{\"@id\":\"https:\/\/www.blogsoestado.com\/joaquimhaickel\/2012\/02\/26\/nada-melhor-para-a-noite-de-domingo-2\/#breadcrumb\"},\"inLanguage\":\"pt-BR\",\"potentialAction\":[{\"@type\":\"ReadAction\",\"target\":[\"https:\/\/www.blogsoestado.com\/joaquimhaickel\/2012\/02\/26\/nada-melhor-para-a-noite-de-domingo-2\/\"]}]},{\"@type\":\"BreadcrumbList\",\"@id\":\"https:\/\/www.blogsoestado.com\/joaquimhaickel\/2012\/02\/26\/nada-melhor-para-a-noite-de-domingo-2\/#breadcrumb\",\"itemListElement\":[{\"@type\":\"ListItem\",\"position\":1,\"name\":\"In\u00edcio\",\"item\":\"https:\/\/www.blogsoestado.com\/joaquimhaickel\/\"},{\"@type\":\"ListItem\",\"position\":2,\"name\":\"Nada melhor para a noite de domingo\"}]},{\"@type\":\"WebSite\",\"@id\":\"https:\/\/www.blogsoestado.com\/joaquimhaickel\/#website\",\"url\":\"https:\/\/www.blogsoestado.com\/joaquimhaickel\/\",\"name\":\"Joaquim Haickel\",\"description\":\"\",\"potentialAction\":[{\"@type\":\"SearchAction\",\"target\":{\"@type\":\"EntryPoint\",\"urlTemplate\":\"https:\/\/www.blogsoestado.com\/joaquimhaickel\/?s={search_term_string}\"},\"query-input\":{\"@type\":\"PropertyValueSpecification\",\"valueRequired\":true,\"valueName\":\"search_term_string\"}}],\"inLanguage\":\"pt-BR\"},{\"@type\":\"Person\",\"@id\":\"https:\/\/www.blogsoestado.com\/joaquimhaickel\/#\/schema\/person\/4a711644aff28245c6c2c3452d66d325\",\"name\":\"Joaquim Haickel\",\"image\":{\"@type\":\"ImageObject\",\"inLanguage\":\"pt-BR\",\"@id\":\"https:\/\/www.blogsoestado.com\/joaquimhaickel\/#\/schema\/person\/image\/\",\"url\":\"https:\/\/secure.gravatar.com\/avatar\/473d89339b9f8ec089adb8d5778363eb5a2ba2319956bcf0298bfd8cca04684a?s=96&d=mm&r=g\",\"contentUrl\":\"https:\/\/secure.gravatar.com\/avatar\/473d89339b9f8ec089adb8d5778363eb5a2ba2319956bcf0298bfd8cca04684a?s=96&d=mm&r=g\",\"caption\":\"Joaquim Haickel\"},\"url\":\"https:\/\/www.blogsoestado.com\/joaquimhaickel\/author\/joaquimhaickel\/\"}]}<\/script>\n<!-- \/ Yoast SEO plugin. -->","yoast_head_json":{"title":"Nada melhor para a noite de domingo - Joaquim Haickel","robots":{"index":"index","follow":"follow","max-snippet":"max-snippet:-1","max-image-preview":"max-image-preview:large","max-video-preview":"max-video-preview:-1"},"canonical":"https:\/\/www.blogsoestado.com\/joaquimhaickel\/2012\/02\/26\/nada-melhor-para-a-noite-de-domingo-2\/","og_locale":"pt_BR","og_type":"article","og_title":"Nada melhor para a noite de domingo - Joaquim Haickel","og_description":"Vi todos os filmes que est\u00e3o indicados ao Oscar e confesso que \u00e9 imposs\u00edvel dizer-se com certeza quem ir\u00e1 levar [&hellip;]","og_url":"https:\/\/www.blogsoestado.com\/joaquimhaickel\/2012\/02\/26\/nada-melhor-para-a-noite-de-domingo-2\/","og_site_name":"Joaquim Haickel","article_published_time":"2012-02-26T10:47:12+00:00","author":"Joaquim Haickel","twitter_card":"summary_large_image","twitter_misc":{"Escrito por":"Joaquim Haickel","Est. tempo de leitura":"5 minutos"},"schema":{"@context":"https:\/\/schema.org","@graph":[{"@type":"WebPage","@id":"https:\/\/www.blogsoestado.com\/joaquimhaickel\/2012\/02\/26\/nada-melhor-para-a-noite-de-domingo-2\/","url":"https:\/\/www.blogsoestado.com\/joaquimhaickel\/2012\/02\/26\/nada-melhor-para-a-noite-de-domingo-2\/","name":"Nada melhor para a noite de domingo - Joaquim Haickel","isPartOf":{"@id":"https:\/\/www.blogsoestado.com\/joaquimhaickel\/#website"},"datePublished":"2012-02-26T10:47:12+00:00","author":{"@id":"https:\/\/www.blogsoestado.com\/joaquimhaickel\/#\/schema\/person\/4a711644aff28245c6c2c3452d66d325"},"breadcrumb":{"@id":"https:\/\/www.blogsoestado.com\/joaquimhaickel\/2012\/02\/26\/nada-melhor-para-a-noite-de-domingo-2\/#breadcrumb"},"inLanguage":"pt-BR","potentialAction":[{"@type":"ReadAction","target":["https:\/\/www.blogsoestado.com\/joaquimhaickel\/2012\/02\/26\/nada-melhor-para-a-noite-de-domingo-2\/"]}]},{"@type":"BreadcrumbList","@id":"https:\/\/www.blogsoestado.com\/joaquimhaickel\/2012\/02\/26\/nada-melhor-para-a-noite-de-domingo-2\/#breadcrumb","itemListElement":[{"@type":"ListItem","position":1,"name":"In\u00edcio","item":"https:\/\/www.blogsoestado.com\/joaquimhaickel\/"},{"@type":"ListItem","position":2,"name":"Nada melhor para a noite de domingo"}]},{"@type":"WebSite","@id":"https:\/\/www.blogsoestado.com\/joaquimhaickel\/#website","url":"https:\/\/www.blogsoestado.com\/joaquimhaickel\/","name":"Joaquim Haickel","description":"","potentialAction":[{"@type":"SearchAction","target":{"@type":"EntryPoint","urlTemplate":"https:\/\/www.blogsoestado.com\/joaquimhaickel\/?s={search_term_string}"},"query-input":{"@type":"PropertyValueSpecification","valueRequired":true,"valueName":"search_term_string"}}],"inLanguage":"pt-BR"},{"@type":"Person","@id":"https:\/\/www.blogsoestado.com\/joaquimhaickel\/#\/schema\/person\/4a711644aff28245c6c2c3452d66d325","name":"Joaquim Haickel","image":{"@type":"ImageObject","inLanguage":"pt-BR","@id":"https:\/\/www.blogsoestado.com\/joaquimhaickel\/#\/schema\/person\/image\/","url":"https:\/\/secure.gravatar.com\/avatar\/473d89339b9f8ec089adb8d5778363eb5a2ba2319956bcf0298bfd8cca04684a?s=96&d=mm&r=g","contentUrl":"https:\/\/secure.gravatar.com\/avatar\/473d89339b9f8ec089adb8d5778363eb5a2ba2319956bcf0298bfd8cca04684a?s=96&d=mm&r=g","caption":"Joaquim Haickel"},"url":"https:\/\/www.blogsoestado.com\/joaquimhaickel\/author\/joaquimhaickel\/"}]}},"jetpack_featured_media_url":"","_links":{"self":[{"href":"https:\/\/www.blogsoestado.com\/joaquimhaickel\/wp-json\/wp\/v2\/posts\/752","targetHints":{"allow":["GET"]}}],"collection":[{"href":"https:\/\/www.blogsoestado.com\/joaquimhaickel\/wp-json\/wp\/v2\/posts"}],"about":[{"href":"https:\/\/www.blogsoestado.com\/joaquimhaickel\/wp-json\/wp\/v2\/types\/post"}],"author":[{"embeddable":true,"href":"https:\/\/www.blogsoestado.com\/joaquimhaickel\/wp-json\/wp\/v2\/users\/7"}],"replies":[{"embeddable":true,"href":"https:\/\/www.blogsoestado.com\/joaquimhaickel\/wp-json\/wp\/v2\/comments?post=752"}],"version-history":[{"count":0,"href":"https:\/\/www.blogsoestado.com\/joaquimhaickel\/wp-json\/wp\/v2\/posts\/752\/revisions"}],"wp:attachment":[{"href":"https:\/\/www.blogsoestado.com\/joaquimhaickel\/wp-json\/wp\/v2\/media?parent=752"}],"wp:term":[{"taxonomy":"category","embeddable":true,"href":"https:\/\/www.blogsoestado.com\/joaquimhaickel\/wp-json\/wp\/v2\/categories?post=752"},{"taxonomy":"post_tag","embeddable":true,"href":"https:\/\/www.blogsoestado.com\/joaquimhaickel\/wp-json\/wp\/v2\/tags?post=752"}],"curies":[{"name":"wp","href":"https:\/\/api.w.org\/{rel}","templated":true}]}}