{"id":770,"date":"2012-07-08T09:04:21","date_gmt":"2012-07-08T12:04:21","guid":{"rendered":"https:\/\/www.blogsoestado.com\/joaquimhaickel\/?p=770"},"modified":"2012-07-08T09:04:21","modified_gmt":"2012-07-08T12:04:21","slug":"a-industria-cinematografica-do-maranhao","status":"publish","type":"post","link":"https:\/\/www.blogsoestado.com\/joaquimhaickel\/2012\/07\/08\/a-industria-cinematografica-do-maranhao\/","title":{"rendered":"A Ind\u00fastria Cinematogr\u00e1fica do Maranh\u00e3o"},"content":{"rendered":"<div>\n<p>De uns tempos pra c\u00e1 a atividade audiovisual em todo nosso estado, e n\u00e3o s\u00f3 em S\u00e3o Lu\u00eds, tem se desenvolvido de maneira bastante satisfat\u00f3ria.<\/p>\n<p>Para apoiar e avalisar essa afirma\u00e7\u00e3o preciso fazer um pequeno retrospecto da hist\u00f3ria recente do cinema maranhense.<\/p>\n<p>Em minha opini\u00e3o o cinema maranhense contempor\u00e2neo nasceu efetivamente 35 anos atr\u00e1s com a cria\u00e7\u00e3o pelo Departamento de Assuntos Culturais da Universidade Federal do Maranh\u00e3o da Jornada Maranhense de Super-8.<\/p>\n<p>Antes de 1978 j\u00e1 havia quem fizesse cinema por aqui. Podemos citar a TV Difusora e a TV Educativa como celeiros dos primeiros cineastas de nossa terra. Nelas trabalharam alguns dos homens que desenvolveriam o nosso audiovisual, como Lindenberg Leite, Murilo Campelo e Mauro Bezerra. Mais tarde, proveniente da TVE, surgiria Murilo Santos. Um pouco mais adiante seria a vez de Euclides Moreira, Jo\u00e3o Ubaldo de Moraes, Ivan Sarney, Newton L\u00edlio, Nerine Lob\u00e3o, Luis Carlos Cintra, Cl\u00e1udio Farias, dentre outros.<\/p>\n<p>O cinema como ocupa\u00e7\u00e3o era dif\u00edcil e caro. Poucos podiam se dedicar a ele. Com o avan\u00e7o tecnol\u00f3gico e a populariza\u00e7\u00e3o dessa tecnologia, o cinema foi ficando mais acess\u00edvel.<\/p>\n<p>Se a Jornada de Super-8 marca o nascimento do nosso movimento cinematogr\u00e1fico organizado, a sua mudan\u00e7a de nome para Festival Guarnic\u00ea de Cinema em 1990, marca a nossa primeira tentativa de emancipa\u00e7\u00e3o, logo amansada pelos afazeres pessoais de cada um.<\/p>\n<p>Em meados da d\u00e9cada de 90, Jos\u00e9 Louzeiro tentou arregimentar for\u00e7as para estabelecer aqui um polo organizado de realiza\u00e7\u00e3o cinematogr\u00e1fica. N\u00e3o conseguiu, mas a ideia ficou.<\/p>\n<p>O Maranh\u00e3o sempre teve excelentes ag\u00eancias de publicidade. Elas, em todo lugar do mundo, s\u00e3o os ber\u00e7os da produ\u00e7\u00e3o cinematografica. Vide Fernando Meireles e outros grandes cineastas que sairam da publicidade.<\/p>\n<p>As universidades colocam anualmente no mercado profissionais dos setores de comunica\u00e7\u00e3o, propaganda e marketing, desejosos de trabalhar no setor audiovisual. Massa de modelar, combustivel para essa ind\u00fastria.<\/p>\n<p>A cria\u00e7\u00e3o da seccional local da Associa\u00e7\u00e3o Brasileira de Documentaristas &#8211; ABD tamb\u00e9m foi um bom avan\u00e7o.<\/p>\n<p>Mais recentemente tivemos a implanta\u00e7\u00e3o do Museu da Mem\u00f3ria Audiovisual do Maranh\u00e3o da Funda\u00e7\u00e3o Nagib Haickel que vem ao encontro do anseio de muitos que acreditam que se deva ter um polo de apoio ao cinema, para auxiliar quem deseja produzir obras audiovisuais em que a nossa cultura e a nossa mem\u00f3ria, de alguma forma, estejam retratadas.<\/p>\n<p>Mais uma vez aconteceu uma outra grande onda de avan\u00e7o tecnol\u00f3gico que possibilitou a maior democratiza\u00e7\u00e3o dos meios e um efetivo desenvolvimento de aptid\u00f5es relativas ao setor audiovisual.<\/p>\n<p>Aparecem entre outros, cineastas como C\u00edcero Filho que realiza a partir de Po\u00e7\u00e3o de Pedras, o longametragem \u201cAi que vida!&#8230;\u201d, onde apresenta hist\u00f3rias de pessoas comuns do interior do Maranh\u00e3o, do interior do Brasil. Ele faz isso de maneira alegre e descontra\u00edda. A produ\u00e7\u00e3o de seu filme conta com pouqu\u00edssimo recurso financeiro e com quase nenhum recurso t\u00e9cnico, mas o resultado \u00e9 retumbante.<\/p>\n<p>Apesar dos cr\u00edticos cinematogr\u00e1ficos o acharem \u201ctrash\u201d, seu filme conquista grande audi\u00eancia atrav\u00e9s de c\u00f3pias de DVDs vendidos por cam\u00ealos em feiras e pela disponibiliza\u00e7\u00e3o dele na internet.<\/p>\n<p>S\u00e3o do Maranh\u00e3o duas das maiores e melhores distrbuidoras de filmes independentes de nosso pa\u00eds. Uma \u00e9 a Petrini Filmes, que pertence a um italiano filho de maranhense que desde 2010 distribui daqui para o resto do Brasil, filmes de diversos pa\u00edses do mundo. A outra \u00e9 a Lume Filmes de Frederico Machado, que apostou na distribui\u00e7ao de um g\u00eanero jamais tentado antes por nenhuma empresa do ramo, alcan\u00e7ando grande sucesso.<\/p>\n<p>Apartir de 2011, a Lume passou a promover um festival internacional de cinema em nossa capital, atraindo para c\u00e1 o olhar de boa parte do mercado cinematografico em seu nicho.<\/p>\n<p>Enquanto uns exploram um tipo de cinema, outros buscam setores distintos dessa arte. Nesse contexto temos Arturo Sab\u00f3ia, Francisco Colombo, Ione Coelho, Breno Ferreira, Beto Matuk, C\u00edcero Silva, J\u00fanior Balby, Jos\u00e9 Maria E\u00e7a de Queiroz, Luis Fernando Baima, Jo\u00e3o Paulo Furtado, Denis Carlos, Gleizer Azevedo, M\u00e1rcio e Vin\u00edcius Vasconcelos&#8230;<\/p>\n<p>V\u00eam de Imperatriz dois outros realizadores de longametragens. Gild\u00e1sio Amorim com \u201cRen\u00fancia\u201d e Nilson Takashi com \u201cMarilha\u201d.<\/p>\n<p>Os dois, cada um a seu modo, realizam obras \u00fanicas. O primeiro com um tema evang\u00e9lico e o segundo realizando um folhetim que muito pouco deixa a desejar se comparado a produ\u00e7\u00f5es semelhantes realizadas no sul do pa\u00eds.<\/p>\n<p>Takashi em homenagem a S\u00e3o Lu\u00eds, batiza os personagens de seu filme com os nomes de bairros e praias de nossa cidade. S\u00e3o pessoas comuns com quem convivemos no dia a dia, que prenchem um enredo que prende a aten\u00e7\u00e3o e emociona o expectador.<\/p>\n<p>Temos tamb\u00e9m a nosso favor a exist\u00eancia dos maravilhosos cen\u00e1rios arquitet\u00f4nicos e ecol\u00f3gicos, o que nos previlegia imensamente quando da escolha de loca\u00e7\u00f5es para grandes produ\u00e7\u00f5es como foi o caso de Carlota Joaquina e Casa de Areia.<\/p>\n<p>Que fique registrado nos anais da hist\u00f3ria jornal\u00edstica de nosso estado que no dia de hoje, foi dito pela primeira vez que no Maranh\u00e3o tem cinema, que pela primeira vez se afirma que j\u00e1 podemos dizer que temos em nossa terra uma embrion\u00e1ria, mas promissora ind\u00fastria cinematogr\u00e1fica.<\/p>\n<p>Parab\u00e9ns aos pioneiros dessa nova industria.<\/p>\n<p>PS: Os mais novos cineastas maranhenses s\u00e3o Marcos Pontes, Vander Ferraz e Laila Farias Haickel, que tem em fase de pr\u00e9-produ\u00e7\u00e3o um filme inspirado num conto do acad\u00eamico Jos\u00e9 Ewerton Neto.<\/p>\n<\/div>\n","protected":false},"excerpt":{"rendered":"<p>De uns tempos pra c\u00e1 a atividade audiovisual em todo nosso estado, e n\u00e3o s\u00f3 em S\u00e3o Lu\u00eds, tem se [&hellip;]<\/p>\n","protected":false},"author":7,"featured_media":0,"comment_status":"open","ping_status":"open","sticky":false,"template":"","format":"standard","meta":{"site-sidebar-layout":"default","site-content-layout":"","ast-site-content-layout":"default","site-content-style":"default","site-sidebar-style":"default","ast-global-header-display":"","ast-banner-title-visibility":"","ast-main-header-display":"","ast-hfb-above-header-display":"","ast-hfb-below-header-display":"","ast-hfb-mobile-header-display":"","site-post-title":"","ast-breadcrumbs-content":"","ast-featured-img":"","footer-sml-layout":"","ast-disable-related-posts":"","theme-transparent-header-meta":"","adv-header-id-meta":"","stick-header-meta":"","header-above-stick-meta":"","header-main-stick-meta":"","header-below-stick-meta":"","astra-migrate-meta-layouts":"default","ast-page-background-enabled":"default","ast-page-background-meta":{"desktop":{"background-color":"var(--ast-global-color-5)","background-image":"","background-repeat":"repeat","background-position":"center center","background-size":"auto","background-attachment":"scroll","background-type":"","background-media":"","overlay-type":"","overlay-color":"","overlay-opacity":"","overlay-gradient":""},"tablet":{"background-color":"","background-image":"","background-repeat":"repeat","background-position":"center center","background-size":"auto","background-attachment":"scroll","background-type":"","background-media":"","overlay-type":"","overlay-color":"","overlay-opacity":"","overlay-gradient":""},"mobile":{"background-color":"","background-image":"","background-repeat":"repeat","background-position":"center center","background-size":"auto","background-attachment":"scroll","background-type":"","background-media":"","overlay-type":"","overlay-color":"","overlay-opacity":"","overlay-gradient":""}},"ast-content-background-meta":{"desktop":{"background-color":"var(--ast-global-color-4)","background-image":"","background-repeat":"repeat","background-position":"center center","background-size":"auto","background-attachment":"scroll","background-type":"","background-media":"","overlay-type":"","overlay-color":"","overlay-opacity":"","overlay-gradient":""},"tablet":{"background-color":"var(--ast-global-color-4)","background-image":"","background-repeat":"repeat","background-position":"center center","background-size":"auto","background-attachment":"scroll","background-type":"","background-media":"","overlay-type":"","overlay-color":"","overlay-opacity":"","overlay-gradient":""},"mobile":{"background-color":"var(--ast-global-color-4)","background-image":"","background-repeat":"repeat","background-position":"center center","background-size":"auto","background-attachment":"scroll","background-type":"","background-media":"","overlay-type":"","overlay-color":"","overlay-opacity":"","overlay-gradient":""}},"footnotes":""},"categories":[1],"tags":[],"class_list":["post-770","post","type-post","status-publish","format-standard","hentry","category-sem-categoria"],"yoast_head":"<!-- This site is optimized with the Yoast SEO plugin v26.6 - https:\/\/yoast.com\/wordpress\/plugins\/seo\/ -->\n<title>A Ind\u00fastria Cinematogr\u00e1fica do Maranh\u00e3o - Joaquim Haickel<\/title>\n<meta name=\"robots\" content=\"index, follow, max-snippet:-1, max-image-preview:large, max-video-preview:-1\" \/>\n<link rel=\"canonical\" href=\"https:\/\/www.blogsoestado.com\/joaquimhaickel\/2012\/07\/08\/a-industria-cinematografica-do-maranhao\/\" \/>\n<meta property=\"og:locale\" content=\"pt_BR\" \/>\n<meta property=\"og:type\" content=\"article\" \/>\n<meta property=\"og:title\" content=\"A Ind\u00fastria Cinematogr\u00e1fica do Maranh\u00e3o - Joaquim Haickel\" \/>\n<meta property=\"og:description\" content=\"De uns tempos pra c\u00e1 a atividade audiovisual em todo nosso estado, e n\u00e3o s\u00f3 em S\u00e3o Lu\u00eds, tem se [&hellip;]\" \/>\n<meta property=\"og:url\" content=\"https:\/\/www.blogsoestado.com\/joaquimhaickel\/2012\/07\/08\/a-industria-cinematografica-do-maranhao\/\" \/>\n<meta property=\"og:site_name\" content=\"Joaquim Haickel\" \/>\n<meta property=\"article:published_time\" content=\"2012-07-08T12:04:21+00:00\" \/>\n<meta name=\"author\" content=\"Joaquim Haickel\" \/>\n<meta name=\"twitter:card\" content=\"summary_large_image\" \/>\n<meta name=\"twitter:label1\" content=\"Escrito por\" \/>\n\t<meta name=\"twitter:data1\" content=\"Joaquim Haickel\" \/>\n\t<meta name=\"twitter:label2\" content=\"Est. tempo de leitura\" \/>\n\t<meta name=\"twitter:data2\" content=\"5 minutos\" \/>\n<script type=\"application\/ld+json\" class=\"yoast-schema-graph\">{\"@context\":\"https:\/\/schema.org\",\"@graph\":[{\"@type\":\"WebPage\",\"@id\":\"https:\/\/www.blogsoestado.com\/joaquimhaickel\/2012\/07\/08\/a-industria-cinematografica-do-maranhao\/\",\"url\":\"https:\/\/www.blogsoestado.com\/joaquimhaickel\/2012\/07\/08\/a-industria-cinematografica-do-maranhao\/\",\"name\":\"A Ind\u00fastria Cinematogr\u00e1fica do Maranh\u00e3o - Joaquim Haickel\",\"isPartOf\":{\"@id\":\"https:\/\/www.blogsoestado.com\/joaquimhaickel\/#website\"},\"datePublished\":\"2012-07-08T12:04:21+00:00\",\"author\":{\"@id\":\"https:\/\/www.blogsoestado.com\/joaquimhaickel\/#\/schema\/person\/4a711644aff28245c6c2c3452d66d325\"},\"breadcrumb\":{\"@id\":\"https:\/\/www.blogsoestado.com\/joaquimhaickel\/2012\/07\/08\/a-industria-cinematografica-do-maranhao\/#breadcrumb\"},\"inLanguage\":\"pt-BR\",\"potentialAction\":[{\"@type\":\"ReadAction\",\"target\":[\"https:\/\/www.blogsoestado.com\/joaquimhaickel\/2012\/07\/08\/a-industria-cinematografica-do-maranhao\/\"]}]},{\"@type\":\"BreadcrumbList\",\"@id\":\"https:\/\/www.blogsoestado.com\/joaquimhaickel\/2012\/07\/08\/a-industria-cinematografica-do-maranhao\/#breadcrumb\",\"itemListElement\":[{\"@type\":\"ListItem\",\"position\":1,\"name\":\"In\u00edcio\",\"item\":\"https:\/\/www.blogsoestado.com\/joaquimhaickel\/\"},{\"@type\":\"ListItem\",\"position\":2,\"name\":\"A Ind\u00fastria Cinematogr\u00e1fica do Maranh\u00e3o\"}]},{\"@type\":\"WebSite\",\"@id\":\"https:\/\/www.blogsoestado.com\/joaquimhaickel\/#website\",\"url\":\"https:\/\/www.blogsoestado.com\/joaquimhaickel\/\",\"name\":\"Joaquim Haickel\",\"description\":\"\",\"potentialAction\":[{\"@type\":\"SearchAction\",\"target\":{\"@type\":\"EntryPoint\",\"urlTemplate\":\"https:\/\/www.blogsoestado.com\/joaquimhaickel\/?s={search_term_string}\"},\"query-input\":{\"@type\":\"PropertyValueSpecification\",\"valueRequired\":true,\"valueName\":\"search_term_string\"}}],\"inLanguage\":\"pt-BR\"},{\"@type\":\"Person\",\"@id\":\"https:\/\/www.blogsoestado.com\/joaquimhaickel\/#\/schema\/person\/4a711644aff28245c6c2c3452d66d325\",\"name\":\"Joaquim Haickel\",\"image\":{\"@type\":\"ImageObject\",\"inLanguage\":\"pt-BR\",\"@id\":\"https:\/\/www.blogsoestado.com\/joaquimhaickel\/#\/schema\/person\/image\/\",\"url\":\"https:\/\/secure.gravatar.com\/avatar\/473d89339b9f8ec089adb8d5778363eb5a2ba2319956bcf0298bfd8cca04684a?s=96&d=mm&r=g\",\"contentUrl\":\"https:\/\/secure.gravatar.com\/avatar\/473d89339b9f8ec089adb8d5778363eb5a2ba2319956bcf0298bfd8cca04684a?s=96&d=mm&r=g\",\"caption\":\"Joaquim Haickel\"},\"url\":\"https:\/\/www.blogsoestado.com\/joaquimhaickel\/author\/joaquimhaickel\/\"}]}<\/script>\n<!-- \/ Yoast SEO plugin. -->","yoast_head_json":{"title":"A Ind\u00fastria Cinematogr\u00e1fica do Maranh\u00e3o - Joaquim Haickel","robots":{"index":"index","follow":"follow","max-snippet":"max-snippet:-1","max-image-preview":"max-image-preview:large","max-video-preview":"max-video-preview:-1"},"canonical":"https:\/\/www.blogsoestado.com\/joaquimhaickel\/2012\/07\/08\/a-industria-cinematografica-do-maranhao\/","og_locale":"pt_BR","og_type":"article","og_title":"A Ind\u00fastria Cinematogr\u00e1fica do Maranh\u00e3o - Joaquim Haickel","og_description":"De uns tempos pra c\u00e1 a atividade audiovisual em todo nosso estado, e n\u00e3o s\u00f3 em S\u00e3o Lu\u00eds, tem se [&hellip;]","og_url":"https:\/\/www.blogsoestado.com\/joaquimhaickel\/2012\/07\/08\/a-industria-cinematografica-do-maranhao\/","og_site_name":"Joaquim Haickel","article_published_time":"2012-07-08T12:04:21+00:00","author":"Joaquim Haickel","twitter_card":"summary_large_image","twitter_misc":{"Escrito por":"Joaquim Haickel","Est. tempo de leitura":"5 minutos"},"schema":{"@context":"https:\/\/schema.org","@graph":[{"@type":"WebPage","@id":"https:\/\/www.blogsoestado.com\/joaquimhaickel\/2012\/07\/08\/a-industria-cinematografica-do-maranhao\/","url":"https:\/\/www.blogsoestado.com\/joaquimhaickel\/2012\/07\/08\/a-industria-cinematografica-do-maranhao\/","name":"A Ind\u00fastria Cinematogr\u00e1fica do Maranh\u00e3o - Joaquim Haickel","isPartOf":{"@id":"https:\/\/www.blogsoestado.com\/joaquimhaickel\/#website"},"datePublished":"2012-07-08T12:04:21+00:00","author":{"@id":"https:\/\/www.blogsoestado.com\/joaquimhaickel\/#\/schema\/person\/4a711644aff28245c6c2c3452d66d325"},"breadcrumb":{"@id":"https:\/\/www.blogsoestado.com\/joaquimhaickel\/2012\/07\/08\/a-industria-cinematografica-do-maranhao\/#breadcrumb"},"inLanguage":"pt-BR","potentialAction":[{"@type":"ReadAction","target":["https:\/\/www.blogsoestado.com\/joaquimhaickel\/2012\/07\/08\/a-industria-cinematografica-do-maranhao\/"]}]},{"@type":"BreadcrumbList","@id":"https:\/\/www.blogsoestado.com\/joaquimhaickel\/2012\/07\/08\/a-industria-cinematografica-do-maranhao\/#breadcrumb","itemListElement":[{"@type":"ListItem","position":1,"name":"In\u00edcio","item":"https:\/\/www.blogsoestado.com\/joaquimhaickel\/"},{"@type":"ListItem","position":2,"name":"A Ind\u00fastria Cinematogr\u00e1fica do Maranh\u00e3o"}]},{"@type":"WebSite","@id":"https:\/\/www.blogsoestado.com\/joaquimhaickel\/#website","url":"https:\/\/www.blogsoestado.com\/joaquimhaickel\/","name":"Joaquim Haickel","description":"","potentialAction":[{"@type":"SearchAction","target":{"@type":"EntryPoint","urlTemplate":"https:\/\/www.blogsoestado.com\/joaquimhaickel\/?s={search_term_string}"},"query-input":{"@type":"PropertyValueSpecification","valueRequired":true,"valueName":"search_term_string"}}],"inLanguage":"pt-BR"},{"@type":"Person","@id":"https:\/\/www.blogsoestado.com\/joaquimhaickel\/#\/schema\/person\/4a711644aff28245c6c2c3452d66d325","name":"Joaquim Haickel","image":{"@type":"ImageObject","inLanguage":"pt-BR","@id":"https:\/\/www.blogsoestado.com\/joaquimhaickel\/#\/schema\/person\/image\/","url":"https:\/\/secure.gravatar.com\/avatar\/473d89339b9f8ec089adb8d5778363eb5a2ba2319956bcf0298bfd8cca04684a?s=96&d=mm&r=g","contentUrl":"https:\/\/secure.gravatar.com\/avatar\/473d89339b9f8ec089adb8d5778363eb5a2ba2319956bcf0298bfd8cca04684a?s=96&d=mm&r=g","caption":"Joaquim Haickel"},"url":"https:\/\/www.blogsoestado.com\/joaquimhaickel\/author\/joaquimhaickel\/"}]}},"jetpack_featured_media_url":"","_links":{"self":[{"href":"https:\/\/www.blogsoestado.com\/joaquimhaickel\/wp-json\/wp\/v2\/posts\/770","targetHints":{"allow":["GET"]}}],"collection":[{"href":"https:\/\/www.blogsoestado.com\/joaquimhaickel\/wp-json\/wp\/v2\/posts"}],"about":[{"href":"https:\/\/www.blogsoestado.com\/joaquimhaickel\/wp-json\/wp\/v2\/types\/post"}],"author":[{"embeddable":true,"href":"https:\/\/www.blogsoestado.com\/joaquimhaickel\/wp-json\/wp\/v2\/users\/7"}],"replies":[{"embeddable":true,"href":"https:\/\/www.blogsoestado.com\/joaquimhaickel\/wp-json\/wp\/v2\/comments?post=770"}],"version-history":[{"count":0,"href":"https:\/\/www.blogsoestado.com\/joaquimhaickel\/wp-json\/wp\/v2\/posts\/770\/revisions"}],"wp:attachment":[{"href":"https:\/\/www.blogsoestado.com\/joaquimhaickel\/wp-json\/wp\/v2\/media?parent=770"}],"wp:term":[{"taxonomy":"category","embeddable":true,"href":"https:\/\/www.blogsoestado.com\/joaquimhaickel\/wp-json\/wp\/v2\/categories?post=770"},{"taxonomy":"post_tag","embeddable":true,"href":"https:\/\/www.blogsoestado.com\/joaquimhaickel\/wp-json\/wp\/v2\/tags?post=770"}],"curies":[{"name":"wp","href":"https:\/\/api.w.org\/{rel}","templated":true}]}}