{"id":779,"date":"2012-08-05T19:05:10","date_gmt":"2012-08-05T22:05:10","guid":{"rendered":"https:\/\/www.blogsoestado.com\/joaquimhaickel\/?p=779"},"modified":"2012-08-05T19:05:10","modified_gmt":"2012-08-05T22:05:10","slug":"contos-cronicas-poemas-outras-palavras","status":"publish","type":"post","link":"https:\/\/www.blogsoestado.com\/joaquimhaickel\/2012\/08\/05\/contos-cronicas-poemas-outras-palavras\/","title":{"rendered":"Contos, Cr\u00f4nicas, Poemas &#038; Outras Palavras"},"content":{"rendered":"<p>Na pr\u00f3xima quinta-feira, dia 9 de agosto, \u00e0s 19 horas, na sede da Academia Maranhense de Letras, localizada \u00e0 Rua da Paz, 84, lan\u00e7arei o livro intitulado \u201c<em>Contos, Cr\u00f4nicas, Poemas &amp; Outras Palavras<\/em>\u201d, evento para o qual voc\u00ea que me l\u00ea agora est\u00e1 desde j\u00e1 convidado.<\/p>\n<p>Trata-se de uma obra que deveria ter sido lan\u00e7ada em 2010, quando comemoraria 30 anos do lan\u00e7amento de meu primeiro livro. Naquela ocasi\u00e3o n\u00e3o comemorei com um lan\u00e7amento de livro, preferi comemorar a data aprovando na Assembl\u00e9ia Legislativa, em meus \u00faltimos meses como deputado estadual, as leis de incentivo \u00e0 cultura e ao esporte, encerrando assim minha carreira pol\u00edtica eleitoral. Fiz isso como preconizava meu pai que se mirava em Pel\u00e9, que segundo ele soube a hora de parar de jogar futebol. Parou no apogeu, quando ainda fazia uns golzinhos. Eu acredito que fui mais al\u00e9m. Parei quando fiz o \u00fanico gol de placa em toda minha carreira pol\u00edtica, que n\u00e3o foi curta, come\u00e7ou em 1983 e acabou em 2011.<\/p>\n<p>Pensei que pararia definitivamente com a pol\u00edtica e me dedicaria apenas a minha fam\u00edlia, aos neg\u00f3cios, \u00e0 literatura, ao cinema, \u00e0s viagens. Pensei que poderia ent\u00e3o me dedicar a finalmente dirigir a Funda\u00e7\u00e3o Nagib Haickel, entidade que idealizei em meados dos anos 90 e a qual jamais pude dar a devida aten\u00e7\u00e3o. N\u00e3o consegui. Tentei ficar totalmente fora da pol\u00edtica, mas n\u00e3o resisti \u00e0s press\u00f5es e acabei aceitando o cargo de secret\u00e1rio de Esporte e Lazer do estado.<\/p>\n<p>Como em tudo que fa\u00e7o, fa\u00e7o de forma total e completa, os projetos que tinha para essa fase de minha vida foram adiados temporariamente. Alguns, inadi\u00e1veis, v\u00eam sendo desenvolvidos de forma mais lenta. Mas o lan\u00e7amento de meu livro n\u00e3o. S\u00f3 faltava achar uma boa oportunidade para faz\u00ea-lo. Essa ocasi\u00e3o \u00e9 agora.<\/p>\n<p>Trabalhei recolhendo alguns de meus textos in\u00e9ditos, contos e poemas, pois as cr\u00f4nicas que constam desse livro j\u00e1 foram publicadas no jornal O Estado do Maranh\u00e3o.<\/p>\n<p>O restante do t\u00edtulo do livro, \u201c<em>&amp; Outras Palavras<\/em>\u201d, bem que poderia ser o t\u00edtulo todo, mas poderia parecer para alguns que plagiasse Caetano&#8230; Preferi dar preced\u00eancia, hierarquia, no que acredito ser a sequ\u00eancia decrescente de minha compet\u00eancia liter\u00e1ria.<\/p>\n<p>Acredito ser melhor contista que cronista, e melhor cronista que poeta, ent\u00e3o coloquei essa ordem no frontisp\u00edcio do livro.<\/p>\n<p>O \u201c<em>&amp;<\/em>\u201d (e comercial) representa e significa a import\u00e2ncia que dou aos coadjuvantes, personagens sem os quais, n\u00e3o podem existir, em toda a sua plenitude e grandeza, os atores principais.<\/p>\n<p>Vejo-me muitas vezes como coadjuvante, mesmo quando desempenho o papel principal. Esse exerc\u00edcio me coloca em uma situa\u00e7\u00e3o bem mais confort\u00e1vel e privilegiada para analisar tudo que ocorre na cena, como est\u00e1 disposto o cen\u00e1rio, como os personagens se apresentam.<\/p>\n<p>No cap\u00edtulo \u201c<em>Outras Palavras<\/em>\u201d re\u00fano tudo o que n\u00e3o sejam contos, cr\u00f4nicas ou poemas. L\u00e1 est\u00e3o alguns discursos pol\u00edticos al\u00e9m de meus discursos de posse na AIL, na AML e no IHGM. Est\u00e3o algumas <em>frases<\/em>, que ultimamente perdi a vergonha de colocar no papel. Elas foram a minha primeira forma de manifesta\u00e7\u00e3o liter\u00e1ria. Ainda garoto tinha cadernos cheios delas. Gra\u00e7as a Deus estas n\u00e3o s\u00e3o aquelas.<\/p>\n<p>Coloquei neste livro alguns de meus roteiros cinematogr\u00e1ficos e tamb\u00e9m est\u00e3o nele alguns de meus contos antigos transformados em hist\u00f3rias em quadrinhos, verdadeiros <em>storyboards<\/em> para futuros filmes. As HQs foram desenhadas por Beto Nic\u00e1cio e Iramir Ara\u00fajo, companheiros da Dupla Cria\u00e7\u00e3o. Senti-me o pr\u00f3prio Stan Lee.<\/p>\n<p>A capa nasceu de uma ideia minha e foi realizada por Edgar Rocha e Nazareno Almeida. S\u00e3o fotografias de tr\u00eas janelas e uma porta de casar\u00f5es antigos. Uma alegoria que acredito ser perfeita para o t\u00edtulo: os contos, as cr\u00f4nicas e os poemas est\u00e3o debru\u00e7ados nas janelas, \u00e0 mostra, acess\u00edveis, enquanto para alcan\u00e7ar as outras palavras o leitor deve ir porta adentro.<\/p>\n<p>A sele\u00e7\u00e3o do material publicado, o editor respons\u00e1vel pelo livro, \u00e9 meu amigo e mestre Sebasti\u00e3o Moreira Duarte, que apresenta a obra e dir\u00e1 algumas poucas palavras antes do lan\u00e7amento. Tamb\u00e9m avalizam a publica\u00e7\u00e3o os escritores Jomar Moraes e Am\u00e9rico Azevedo Neto.<\/p>\n<p>A revis\u00e3o ficou ao cargo de Reydner de Carvalho, o projeto gr\u00e1fico \u00e9 do velho parceiro Paulinho Coelho e a impress\u00e3o foi feita na Gr\u00e1fica Minerva de meu amigo e irm\u00e3o de alma Antonio Carlos Barbosa.<\/p>\n<p>Dito isso, s\u00f3 espero que depois de 32 anos tentando ser um escritor razo\u00e1vel, os meus cr\u00edticos mais cru\u00e9is concordem que pelo menos estou no caminho.<\/p>\n","protected":false},"excerpt":{"rendered":"<p>Na pr\u00f3xima quinta-feira, dia 9 de agosto, \u00e0s 19 horas, na sede da Academia Maranhense de Letras, localizada \u00e0 Rua [&hellip;]<\/p>\n","protected":false},"author":7,"featured_media":0,"comment_status":"open","ping_status":"open","sticky":false,"template":"","format":"standard","meta":{"site-sidebar-layout":"default","site-content-layout":"","ast-site-content-layout":"default","site-content-style":"default","site-sidebar-style":"default","ast-global-header-display":"","ast-banner-title-visibility":"","ast-main-header-display":"","ast-hfb-above-header-display":"","ast-hfb-below-header-display":"","ast-hfb-mobile-header-display":"","site-post-title":"","ast-breadcrumbs-content":"","ast-featured-img":"","footer-sml-layout":"","ast-disable-related-posts":"","theme-transparent-header-meta":"","adv-header-id-meta":"","stick-header-meta":"","header-above-stick-meta":"","header-main-stick-meta":"","header-below-stick-meta":"","astra-migrate-meta-layouts":"default","ast-page-background-enabled":"default","ast-page-background-meta":{"desktop":{"background-color":"var(--ast-global-color-5)","background-image":"","background-repeat":"repeat","background-position":"center center","background-size":"auto","background-attachment":"scroll","background-type":"","background-media":"","overlay-type":"","overlay-color":"","overlay-opacity":"","overlay-gradient":""},"tablet":{"background-color":"","background-image":"","background-repeat":"repeat","background-position":"center center","background-size":"auto","background-attachment":"scroll","background-type":"","background-media":"","overlay-type":"","overlay-color":"","overlay-opacity":"","overlay-gradient":""},"mobile":{"background-color":"","background-image":"","background-repeat":"repeat","background-position":"center center","background-size":"auto","background-attachment":"scroll","background-type":"","background-media":"","overlay-type":"","overlay-color":"","overlay-opacity":"","overlay-gradient":""}},"ast-content-background-meta":{"desktop":{"background-color":"var(--ast-global-color-4)","background-image":"","background-repeat":"repeat","background-position":"center center","background-size":"auto","background-attachment":"scroll","background-type":"","background-media":"","overlay-type":"","overlay-color":"","overlay-opacity":"","overlay-gradient":""},"tablet":{"background-color":"var(--ast-global-color-4)","background-image":"","background-repeat":"repeat","background-position":"center center","background-size":"auto","background-attachment":"scroll","background-type":"","background-media":"","overlay-type":"","overlay-color":"","overlay-opacity":"","overlay-gradient":""},"mobile":{"background-color":"var(--ast-global-color-4)","background-image":"","background-repeat":"repeat","background-position":"center center","background-size":"auto","background-attachment":"scroll","background-type":"","background-media":"","overlay-type":"","overlay-color":"","overlay-opacity":"","overlay-gradient":""}},"footnotes":""},"categories":[1],"tags":[],"class_list":["post-779","post","type-post","status-publish","format-standard","hentry","category-sem-categoria"],"yoast_head":"<!-- This site is optimized with the Yoast SEO plugin v26.6 - https:\/\/yoast.com\/wordpress\/plugins\/seo\/ -->\n<title>Contos, Cr\u00f4nicas, Poemas &amp; Outras Palavras - Joaquim Haickel<\/title>\n<meta name=\"robots\" content=\"index, follow, max-snippet:-1, max-image-preview:large, max-video-preview:-1\" \/>\n<link rel=\"canonical\" href=\"https:\/\/www.blogsoestado.com\/joaquimhaickel\/2012\/08\/05\/contos-cronicas-poemas-outras-palavras\/\" \/>\n<meta property=\"og:locale\" content=\"pt_BR\" \/>\n<meta property=\"og:type\" content=\"article\" \/>\n<meta property=\"og:title\" content=\"Contos, Cr\u00f4nicas, Poemas &amp; Outras Palavras - Joaquim Haickel\" \/>\n<meta property=\"og:description\" content=\"Na pr\u00f3xima quinta-feira, dia 9 de agosto, \u00e0s 19 horas, na sede da Academia Maranhense de Letras, localizada \u00e0 Rua [&hellip;]\" \/>\n<meta property=\"og:url\" content=\"https:\/\/www.blogsoestado.com\/joaquimhaickel\/2012\/08\/05\/contos-cronicas-poemas-outras-palavras\/\" \/>\n<meta property=\"og:site_name\" content=\"Joaquim Haickel\" \/>\n<meta property=\"article:published_time\" content=\"2012-08-05T22:05:10+00:00\" \/>\n<meta name=\"author\" content=\"Joaquim Haickel\" \/>\n<meta name=\"twitter:card\" content=\"summary_large_image\" \/>\n<meta name=\"twitter:label1\" content=\"Escrito por\" \/>\n\t<meta name=\"twitter:data1\" content=\"Joaquim Haickel\" \/>\n\t<meta name=\"twitter:label2\" content=\"Est. tempo de leitura\" \/>\n\t<meta name=\"twitter:data2\" content=\"4 minutos\" \/>\n<script type=\"application\/ld+json\" class=\"yoast-schema-graph\">{\"@context\":\"https:\/\/schema.org\",\"@graph\":[{\"@type\":\"WebPage\",\"@id\":\"https:\/\/www.blogsoestado.com\/joaquimhaickel\/2012\/08\/05\/contos-cronicas-poemas-outras-palavras\/\",\"url\":\"https:\/\/www.blogsoestado.com\/joaquimhaickel\/2012\/08\/05\/contos-cronicas-poemas-outras-palavras\/\",\"name\":\"Contos, Cr\u00f4nicas, Poemas & Outras Palavras - Joaquim Haickel\",\"isPartOf\":{\"@id\":\"https:\/\/www.blogsoestado.com\/joaquimhaickel\/#website\"},\"datePublished\":\"2012-08-05T22:05:10+00:00\",\"author\":{\"@id\":\"https:\/\/www.blogsoestado.com\/joaquimhaickel\/#\/schema\/person\/4a711644aff28245c6c2c3452d66d325\"},\"breadcrumb\":{\"@id\":\"https:\/\/www.blogsoestado.com\/joaquimhaickel\/2012\/08\/05\/contos-cronicas-poemas-outras-palavras\/#breadcrumb\"},\"inLanguage\":\"pt-BR\",\"potentialAction\":[{\"@type\":\"ReadAction\",\"target\":[\"https:\/\/www.blogsoestado.com\/joaquimhaickel\/2012\/08\/05\/contos-cronicas-poemas-outras-palavras\/\"]}]},{\"@type\":\"BreadcrumbList\",\"@id\":\"https:\/\/www.blogsoestado.com\/joaquimhaickel\/2012\/08\/05\/contos-cronicas-poemas-outras-palavras\/#breadcrumb\",\"itemListElement\":[{\"@type\":\"ListItem\",\"position\":1,\"name\":\"In\u00edcio\",\"item\":\"https:\/\/www.blogsoestado.com\/joaquimhaickel\/\"},{\"@type\":\"ListItem\",\"position\":2,\"name\":\"Contos, Cr\u00f4nicas, Poemas &#038; Outras Palavras\"}]},{\"@type\":\"WebSite\",\"@id\":\"https:\/\/www.blogsoestado.com\/joaquimhaickel\/#website\",\"url\":\"https:\/\/www.blogsoestado.com\/joaquimhaickel\/\",\"name\":\"Joaquim Haickel\",\"description\":\"\",\"potentialAction\":[{\"@type\":\"SearchAction\",\"target\":{\"@type\":\"EntryPoint\",\"urlTemplate\":\"https:\/\/www.blogsoestado.com\/joaquimhaickel\/?s={search_term_string}\"},\"query-input\":{\"@type\":\"PropertyValueSpecification\",\"valueRequired\":true,\"valueName\":\"search_term_string\"}}],\"inLanguage\":\"pt-BR\"},{\"@type\":\"Person\",\"@id\":\"https:\/\/www.blogsoestado.com\/joaquimhaickel\/#\/schema\/person\/4a711644aff28245c6c2c3452d66d325\",\"name\":\"Joaquim Haickel\",\"image\":{\"@type\":\"ImageObject\",\"inLanguage\":\"pt-BR\",\"@id\":\"https:\/\/www.blogsoestado.com\/joaquimhaickel\/#\/schema\/person\/image\/\",\"url\":\"https:\/\/secure.gravatar.com\/avatar\/473d89339b9f8ec089adb8d5778363eb5a2ba2319956bcf0298bfd8cca04684a?s=96&d=mm&r=g\",\"contentUrl\":\"https:\/\/secure.gravatar.com\/avatar\/473d89339b9f8ec089adb8d5778363eb5a2ba2319956bcf0298bfd8cca04684a?s=96&d=mm&r=g\",\"caption\":\"Joaquim Haickel\"},\"url\":\"https:\/\/www.blogsoestado.com\/joaquimhaickel\/author\/joaquimhaickel\/\"}]}<\/script>\n<!-- \/ Yoast SEO plugin. -->","yoast_head_json":{"title":"Contos, Cr\u00f4nicas, Poemas & Outras Palavras - Joaquim Haickel","robots":{"index":"index","follow":"follow","max-snippet":"max-snippet:-1","max-image-preview":"max-image-preview:large","max-video-preview":"max-video-preview:-1"},"canonical":"https:\/\/www.blogsoestado.com\/joaquimhaickel\/2012\/08\/05\/contos-cronicas-poemas-outras-palavras\/","og_locale":"pt_BR","og_type":"article","og_title":"Contos, Cr\u00f4nicas, Poemas & Outras Palavras - Joaquim Haickel","og_description":"Na pr\u00f3xima quinta-feira, dia 9 de agosto, \u00e0s 19 horas, na sede da Academia Maranhense de Letras, localizada \u00e0 Rua [&hellip;]","og_url":"https:\/\/www.blogsoestado.com\/joaquimhaickel\/2012\/08\/05\/contos-cronicas-poemas-outras-palavras\/","og_site_name":"Joaquim Haickel","article_published_time":"2012-08-05T22:05:10+00:00","author":"Joaquim Haickel","twitter_card":"summary_large_image","twitter_misc":{"Escrito por":"Joaquim Haickel","Est. tempo de leitura":"4 minutos"},"schema":{"@context":"https:\/\/schema.org","@graph":[{"@type":"WebPage","@id":"https:\/\/www.blogsoestado.com\/joaquimhaickel\/2012\/08\/05\/contos-cronicas-poemas-outras-palavras\/","url":"https:\/\/www.blogsoestado.com\/joaquimhaickel\/2012\/08\/05\/contos-cronicas-poemas-outras-palavras\/","name":"Contos, Cr\u00f4nicas, Poemas & Outras Palavras - Joaquim Haickel","isPartOf":{"@id":"https:\/\/www.blogsoestado.com\/joaquimhaickel\/#website"},"datePublished":"2012-08-05T22:05:10+00:00","author":{"@id":"https:\/\/www.blogsoestado.com\/joaquimhaickel\/#\/schema\/person\/4a711644aff28245c6c2c3452d66d325"},"breadcrumb":{"@id":"https:\/\/www.blogsoestado.com\/joaquimhaickel\/2012\/08\/05\/contos-cronicas-poemas-outras-palavras\/#breadcrumb"},"inLanguage":"pt-BR","potentialAction":[{"@type":"ReadAction","target":["https:\/\/www.blogsoestado.com\/joaquimhaickel\/2012\/08\/05\/contos-cronicas-poemas-outras-palavras\/"]}]},{"@type":"BreadcrumbList","@id":"https:\/\/www.blogsoestado.com\/joaquimhaickel\/2012\/08\/05\/contos-cronicas-poemas-outras-palavras\/#breadcrumb","itemListElement":[{"@type":"ListItem","position":1,"name":"In\u00edcio","item":"https:\/\/www.blogsoestado.com\/joaquimhaickel\/"},{"@type":"ListItem","position":2,"name":"Contos, Cr\u00f4nicas, Poemas &#038; Outras Palavras"}]},{"@type":"WebSite","@id":"https:\/\/www.blogsoestado.com\/joaquimhaickel\/#website","url":"https:\/\/www.blogsoestado.com\/joaquimhaickel\/","name":"Joaquim Haickel","description":"","potentialAction":[{"@type":"SearchAction","target":{"@type":"EntryPoint","urlTemplate":"https:\/\/www.blogsoestado.com\/joaquimhaickel\/?s={search_term_string}"},"query-input":{"@type":"PropertyValueSpecification","valueRequired":true,"valueName":"search_term_string"}}],"inLanguage":"pt-BR"},{"@type":"Person","@id":"https:\/\/www.blogsoestado.com\/joaquimhaickel\/#\/schema\/person\/4a711644aff28245c6c2c3452d66d325","name":"Joaquim Haickel","image":{"@type":"ImageObject","inLanguage":"pt-BR","@id":"https:\/\/www.blogsoestado.com\/joaquimhaickel\/#\/schema\/person\/image\/","url":"https:\/\/secure.gravatar.com\/avatar\/473d89339b9f8ec089adb8d5778363eb5a2ba2319956bcf0298bfd8cca04684a?s=96&d=mm&r=g","contentUrl":"https:\/\/secure.gravatar.com\/avatar\/473d89339b9f8ec089adb8d5778363eb5a2ba2319956bcf0298bfd8cca04684a?s=96&d=mm&r=g","caption":"Joaquim Haickel"},"url":"https:\/\/www.blogsoestado.com\/joaquimhaickel\/author\/joaquimhaickel\/"}]}},"jetpack_featured_media_url":"","_links":{"self":[{"href":"https:\/\/www.blogsoestado.com\/joaquimhaickel\/wp-json\/wp\/v2\/posts\/779","targetHints":{"allow":["GET"]}}],"collection":[{"href":"https:\/\/www.blogsoestado.com\/joaquimhaickel\/wp-json\/wp\/v2\/posts"}],"about":[{"href":"https:\/\/www.blogsoestado.com\/joaquimhaickel\/wp-json\/wp\/v2\/types\/post"}],"author":[{"embeddable":true,"href":"https:\/\/www.blogsoestado.com\/joaquimhaickel\/wp-json\/wp\/v2\/users\/7"}],"replies":[{"embeddable":true,"href":"https:\/\/www.blogsoestado.com\/joaquimhaickel\/wp-json\/wp\/v2\/comments?post=779"}],"version-history":[{"count":0,"href":"https:\/\/www.blogsoestado.com\/joaquimhaickel\/wp-json\/wp\/v2\/posts\/779\/revisions"}],"wp:attachment":[{"href":"https:\/\/www.blogsoestado.com\/joaquimhaickel\/wp-json\/wp\/v2\/media?parent=779"}],"wp:term":[{"taxonomy":"category","embeddable":true,"href":"https:\/\/www.blogsoestado.com\/joaquimhaickel\/wp-json\/wp\/v2\/categories?post=779"},{"taxonomy":"post_tag","embeddable":true,"href":"https:\/\/www.blogsoestado.com\/joaquimhaickel\/wp-json\/wp\/v2\/tags?post=779"}],"curies":[{"name":"wp","href":"https:\/\/api.w.org\/{rel}","templated":true}]}}