{"id":782,"date":"2012-08-12T01:57:11","date_gmt":"2012-08-12T04:57:11","guid":{"rendered":"https:\/\/www.blogsoestado.com\/joaquimhaickel\/?p=782"},"modified":"2012-08-12T01:57:11","modified_gmt":"2012-08-12T04:57:11","slug":"tres-assuntos","status":"publish","type":"post","link":"https:\/\/www.blogsoestado.com\/joaquimhaickel\/2012\/08\/12\/tres-assuntos\/","title":{"rendered":"Tr\u00eas assuntos"},"content":{"rendered":"<p><em>O primeiro, r\u00e1pido, a respeito do lan\u00e7amento de meu livro \u201cContos, Cr\u00f4nicas, Poemas e Outras Palavras\u201d, na \u00faltima quinta-feira, dia 9, na Academia Maranhense de Letras, cuja solenidade foi bastante prestigiada por amigos de todas as \u00e1reas<\/em>: Devo al\u00e9m de agradecer a presen\u00e7a, dizer que, n\u00e3o pela grande quantidade de exemplares autografados, 157, mas pela satisfa\u00e7\u00e3o dos presentes, aquela noite foi um sucesso. Espero que todos tenham gostado tanto quanto eu.<\/p>\n<p><em>O segundo, mais demorado, sobre literatura e outras artes<\/em>: acredito que o frescor do trabalho de um escritor se deve ao fato dele saber manter, mesmo depois de muitos anos nessa lida, a capacidade de pratic\u00e1-la com o mesmo prazer juvenil, com os mesmos ares do in\u00edcio, juntando a estes a maturidade do tempo, espelhando-se o mais poss\u00edvel no menino eterno que havia em Machado de Assis.<\/p>\n<p>Para mim est\u00e1 claro, j\u00e1 faz algum tempo, que em termos de literatura, sou melhor contista do que cronista e melhor cronista do que poeta. Devo ressaltar que de tudo, o que mais gosto de fazer \u00e9 cinema, pois nele junto em um \u00fanico meio de express\u00e3o todas as artes que eu tanto aprecio, e onde posso exercitar mais livremente toda essa minha alma inquieta e multifacetada.<\/p>\n<p>Se por um lado acredito que h\u00e1 uma por\u00e7\u00e3o consider\u00e1vel de autobiografia em quase tudo que produz um artista, principalmente um escritor, no que diz respeito a mim, esse fato tamb\u00e9m \u00e9 marcado pela ocorr\u00eancia de hist\u00f3rias curtas que, muitas vezes desenrolam-se na inquietante fronteira entre a cr\u00f4nica e o conto, frutos da simples observa\u00e7\u00e3o dos acontecimentos, dos quais, mesmo que distante, sou personagem. Para mim e acredito que seria o mesmo para qualquer escritor, escrever desta maneira d\u00e1 muita satisfa\u00e7\u00e3o, o texto apropria-se de uma narrativa cinematogr\u00e1fica, tem um ritmo visual, h\u00edbrido de \u201c<em>causo<\/em>\u201d e reportagem.<\/p>\n<p>Pensando bem, talvez eu me identifique realmente muito mais com o que h\u00e1 na fronteira entre a cr\u00f4nica e o conto. Lugar onde a cr\u00f4nica passa a ser uma hist\u00f3ria contada de forma resumida e o conto torne-se uma simples linha de tempo. A fus\u00e3o da cr\u00f4nica e do conto \u00e9 talvez o marco da minha literatura. A forma com que escrevo reduz o tamanho das hist\u00f3rias. Consigo concatenar uma ideia, uma narra\u00e7\u00e3o de forma precisa. Se por um lado isso \u00e9 bom, por outro nem tanto, pois tendo boas ideias para hist\u00f3rias, bons argumentos que poderiam virar novelas ou at\u00e9 mesmo romances, acabo transformo-os em simples contos.<\/p>\n<p>Talvez minha paix\u00e3o pelas hist\u00f3rias curtas e pelo cinema seja consequ\u00eancia de minha dislexia, dificuldade de leitura e aprendizado da qual sou v\u00edtima e que uso de forma a aprimorar minha maneira de escrever e produzir filmes. Convivo com esta caracter\u00edstica peculiar h\u00e1 algum tempo, o que n\u00e3o me impediu de produzir minhas obras liter\u00e1rias e cinematogr\u00e1ficas, gra\u00e7as \u00e0 forma com que transformo a defici\u00eancia dessa disfun\u00e7\u00e3o em arma contra seus efeitos.<\/p>\n<p>\u00c9 que para escrever mais e melhor, desenvolvi uma \u201cliteratura auditiva\u201d que vai al\u00e9m das palavras escritas. Para que consiga o resultado esperado, uso minha mulher como voz, como eco do que escrevo.<\/p>\n<p>Tenho extrema dificuldade de leitura, o que com o tempo foi acarretando muitos aborrecimentos e pregui\u00e7a. Ent\u00e3o desenvolvi um m\u00e9todo que me ajuda bastante. Sempre escrevia e lia em voz alta. O som do que escuto \u00e9 que estabelece o conte\u00fado do que venho a escrever. Tenho feito isso desde sempre, mas de uns quatro anos para c\u00e1, escrevo e pe\u00e7o para Jacira ler pra mim. \u00c9 a leitura dela que faz com que eu mude preposi\u00e7\u00f5es, artigos, v\u00edrgulas, ou mesmo express\u00f5es inteiras. A minha literatura \u00e9 muito aud\u00edvel, afinal o mundo nos vem em primeiro lugar pelo ouvido.<\/p>\n<p>Recentemente tornei-me um usu\u00e1rio compulsivo de um tipo diferente de literatura, a auditiva: ouvir em \u00e1udio livros obras como \u201c<em>O Pr\u00edncipe<\/em>\u201d de Maquiavel, \u201c<em>Utopia<\/em>\u201d de Thomas More, \u201c<em>Dom Casmurro<\/em>\u201d de Machado de Assis, \u201c<em>Contos Escolhidos<\/em>\u201d de Artur Azevedo, e \u201c<em>A Vida Como Ela \u00c9<\/em>\u201d de Nelson Rodrigues, entre outros, me traz uma dimens\u00e3o que n\u00e3o consigo alcan\u00e7ar quando simplesmente leio esses mesmos livros.<\/p>\n<p><em>O terceiro, curto, mas t\u00e3o ou mais relevante<\/em>: Apesar de hoje ser Dia dos Pais tenho que falar de um assunto delicado. Estive presente em algumas das partidas finais dos Jogos Escolares Maranhenses, categoria infantil, e pude, para minha tristeza, observar que alguns pais n\u00e3o est\u00e3o preparados ou para serem pais ou pelo menos para torcerem por seus filhos.<\/p>\n<p>Em mais de uma oportunidade vi homens e at\u00e9 mesmo mulheres perdendo a compostura e insultando os atletas e as equipes advers\u00e1rias de seus rebentos, todos imensos, apesar da ainda pouca idade.<\/p>\n<p>Na hora fiquei horrorizado, mas dei um desconto, pelo fato de estarem no calor da disputa. Depois, pensando melhor, cheguei \u00e0 conclus\u00e3o de que \u00e9 exatamente por causa desse calor, que o exemplo que os pais devem dar aos filhos tem muito mais import\u00e2ncia. Deveriam se comportar de maneira completamente diversa daquela. Mostrarem o \u201cfair play\u201d necess\u00e1rio para todo atleta e para todo ser humano, pressuposto b\u00e1sico para se encarar tanto o jogo quanto a vida.<\/p>\n<p>O esporte deve, antes de qualquer coisa, ensinar os jovens que a competi\u00e7\u00e3o traz em si, antes e de forma mais importante, o esp\u00edrito nobre, a eleg\u00e2ncia e a honra. Depois \u00e9 que v\u00eam as qualidades atl\u00e9ticas, t\u00e9cnicas e t\u00e1ticas inerentes a cada modalidade.<\/p>\n<p>&nbsp;<\/p>\n","protected":false},"excerpt":{"rendered":"<p>O primeiro, r\u00e1pido, a respeito do lan\u00e7amento de meu livro \u201cContos, Cr\u00f4nicas, Poemas e Outras Palavras\u201d, na \u00faltima quinta-feira, dia [&hellip;]<\/p>\n","protected":false},"author":7,"featured_media":0,"comment_status":"open","ping_status":"open","sticky":false,"template":"","format":"standard","meta":{"site-sidebar-layout":"default","site-content-layout":"","ast-site-content-layout":"default","site-content-style":"default","site-sidebar-style":"default","ast-global-header-display":"","ast-banner-title-visibility":"","ast-main-header-display":"","ast-hfb-above-header-display":"","ast-hfb-below-header-display":"","ast-hfb-mobile-header-display":"","site-post-title":"","ast-breadcrumbs-content":"","ast-featured-img":"","footer-sml-layout":"","ast-disable-related-posts":"","theme-transparent-header-meta":"","adv-header-id-meta":"","stick-header-meta":"","header-above-stick-meta":"","header-main-stick-meta":"","header-below-stick-meta":"","astra-migrate-meta-layouts":"default","ast-page-background-enabled":"default","ast-page-background-meta":{"desktop":{"background-color":"var(--ast-global-color-5)","background-image":"","background-repeat":"repeat","background-position":"center center","background-size":"auto","background-attachment":"scroll","background-type":"","background-media":"","overlay-type":"","overlay-color":"","overlay-opacity":"","overlay-gradient":""},"tablet":{"background-color":"","background-image":"","background-repeat":"repeat","background-position":"center center","background-size":"auto","background-attachment":"scroll","background-type":"","background-media":"","overlay-type":"","overlay-color":"","overlay-opacity":"","overlay-gradient":""},"mobile":{"background-color":"","background-image":"","background-repeat":"repeat","background-position":"center center","background-size":"auto","background-attachment":"scroll","background-type":"","background-media":"","overlay-type":"","overlay-color":"","overlay-opacity":"","overlay-gradient":""}},"ast-content-background-meta":{"desktop":{"background-color":"var(--ast-global-color-4)","background-image":"","background-repeat":"repeat","background-position":"center center","background-size":"auto","background-attachment":"scroll","background-type":"","background-media":"","overlay-type":"","overlay-color":"","overlay-opacity":"","overlay-gradient":""},"tablet":{"background-color":"var(--ast-global-color-4)","background-image":"","background-repeat":"repeat","background-position":"center center","background-size":"auto","background-attachment":"scroll","background-type":"","background-media":"","overlay-type":"","overlay-color":"","overlay-opacity":"","overlay-gradient":""},"mobile":{"background-color":"var(--ast-global-color-4)","background-image":"","background-repeat":"repeat","background-position":"center center","background-size":"auto","background-attachment":"scroll","background-type":"","background-media":"","overlay-type":"","overlay-color":"","overlay-opacity":"","overlay-gradient":""}},"footnotes":""},"categories":[1],"tags":[],"class_list":["post-782","post","type-post","status-publish","format-standard","hentry","category-sem-categoria"],"yoast_head":"<!-- This site is optimized with the Yoast SEO plugin v26.6 - https:\/\/yoast.com\/wordpress\/plugins\/seo\/ -->\n<title>Tr\u00eas assuntos - Joaquim Haickel<\/title>\n<meta name=\"robots\" content=\"index, follow, max-snippet:-1, max-image-preview:large, max-video-preview:-1\" \/>\n<link rel=\"canonical\" href=\"https:\/\/www.blogsoestado.com\/joaquimhaickel\/2012\/08\/12\/tres-assuntos\/\" \/>\n<meta property=\"og:locale\" content=\"pt_BR\" \/>\n<meta property=\"og:type\" content=\"article\" \/>\n<meta property=\"og:title\" content=\"Tr\u00eas assuntos - Joaquim Haickel\" \/>\n<meta property=\"og:description\" content=\"O primeiro, r\u00e1pido, a respeito do lan\u00e7amento de meu livro \u201cContos, Cr\u00f4nicas, Poemas e Outras Palavras\u201d, na \u00faltima quinta-feira, dia [&hellip;]\" \/>\n<meta property=\"og:url\" content=\"https:\/\/www.blogsoestado.com\/joaquimhaickel\/2012\/08\/12\/tres-assuntos\/\" \/>\n<meta property=\"og:site_name\" content=\"Joaquim Haickel\" \/>\n<meta property=\"article:published_time\" content=\"2012-08-12T04:57:11+00:00\" \/>\n<meta name=\"author\" content=\"Joaquim Haickel\" \/>\n<meta name=\"twitter:card\" content=\"summary_large_image\" \/>\n<meta name=\"twitter:label1\" content=\"Escrito por\" \/>\n\t<meta name=\"twitter:data1\" content=\"Joaquim Haickel\" \/>\n\t<meta name=\"twitter:label2\" content=\"Est. tempo de leitura\" \/>\n\t<meta name=\"twitter:data2\" content=\"5 minutos\" \/>\n<script type=\"application\/ld+json\" class=\"yoast-schema-graph\">{\"@context\":\"https:\/\/schema.org\",\"@graph\":[{\"@type\":\"WebPage\",\"@id\":\"https:\/\/www.blogsoestado.com\/joaquimhaickel\/2012\/08\/12\/tres-assuntos\/\",\"url\":\"https:\/\/www.blogsoestado.com\/joaquimhaickel\/2012\/08\/12\/tres-assuntos\/\",\"name\":\"Tr\u00eas assuntos - Joaquim Haickel\",\"isPartOf\":{\"@id\":\"https:\/\/www.blogsoestado.com\/joaquimhaickel\/#website\"},\"datePublished\":\"2012-08-12T04:57:11+00:00\",\"author\":{\"@id\":\"https:\/\/www.blogsoestado.com\/joaquimhaickel\/#\/schema\/person\/4a711644aff28245c6c2c3452d66d325\"},\"breadcrumb\":{\"@id\":\"https:\/\/www.blogsoestado.com\/joaquimhaickel\/2012\/08\/12\/tres-assuntos\/#breadcrumb\"},\"inLanguage\":\"pt-BR\",\"potentialAction\":[{\"@type\":\"ReadAction\",\"target\":[\"https:\/\/www.blogsoestado.com\/joaquimhaickel\/2012\/08\/12\/tres-assuntos\/\"]}]},{\"@type\":\"BreadcrumbList\",\"@id\":\"https:\/\/www.blogsoestado.com\/joaquimhaickel\/2012\/08\/12\/tres-assuntos\/#breadcrumb\",\"itemListElement\":[{\"@type\":\"ListItem\",\"position\":1,\"name\":\"In\u00edcio\",\"item\":\"https:\/\/www.blogsoestado.com\/joaquimhaickel\/\"},{\"@type\":\"ListItem\",\"position\":2,\"name\":\"Tr\u00eas assuntos\"}]},{\"@type\":\"WebSite\",\"@id\":\"https:\/\/www.blogsoestado.com\/joaquimhaickel\/#website\",\"url\":\"https:\/\/www.blogsoestado.com\/joaquimhaickel\/\",\"name\":\"Joaquim Haickel\",\"description\":\"\",\"potentialAction\":[{\"@type\":\"SearchAction\",\"target\":{\"@type\":\"EntryPoint\",\"urlTemplate\":\"https:\/\/www.blogsoestado.com\/joaquimhaickel\/?s={search_term_string}\"},\"query-input\":{\"@type\":\"PropertyValueSpecification\",\"valueRequired\":true,\"valueName\":\"search_term_string\"}}],\"inLanguage\":\"pt-BR\"},{\"@type\":\"Person\",\"@id\":\"https:\/\/www.blogsoestado.com\/joaquimhaickel\/#\/schema\/person\/4a711644aff28245c6c2c3452d66d325\",\"name\":\"Joaquim Haickel\",\"image\":{\"@type\":\"ImageObject\",\"inLanguage\":\"pt-BR\",\"@id\":\"https:\/\/www.blogsoestado.com\/joaquimhaickel\/#\/schema\/person\/image\/\",\"url\":\"https:\/\/secure.gravatar.com\/avatar\/473d89339b9f8ec089adb8d5778363eb5a2ba2319956bcf0298bfd8cca04684a?s=96&d=mm&r=g\",\"contentUrl\":\"https:\/\/secure.gravatar.com\/avatar\/473d89339b9f8ec089adb8d5778363eb5a2ba2319956bcf0298bfd8cca04684a?s=96&d=mm&r=g\",\"caption\":\"Joaquim Haickel\"},\"url\":\"https:\/\/www.blogsoestado.com\/joaquimhaickel\/author\/joaquimhaickel\/\"}]}<\/script>\n<!-- \/ Yoast SEO plugin. -->","yoast_head_json":{"title":"Tr\u00eas assuntos - Joaquim Haickel","robots":{"index":"index","follow":"follow","max-snippet":"max-snippet:-1","max-image-preview":"max-image-preview:large","max-video-preview":"max-video-preview:-1"},"canonical":"https:\/\/www.blogsoestado.com\/joaquimhaickel\/2012\/08\/12\/tres-assuntos\/","og_locale":"pt_BR","og_type":"article","og_title":"Tr\u00eas assuntos - Joaquim Haickel","og_description":"O primeiro, r\u00e1pido, a respeito do lan\u00e7amento de meu livro \u201cContos, Cr\u00f4nicas, Poemas e Outras Palavras\u201d, na \u00faltima quinta-feira, dia [&hellip;]","og_url":"https:\/\/www.blogsoestado.com\/joaquimhaickel\/2012\/08\/12\/tres-assuntos\/","og_site_name":"Joaquim Haickel","article_published_time":"2012-08-12T04:57:11+00:00","author":"Joaquim Haickel","twitter_card":"summary_large_image","twitter_misc":{"Escrito por":"Joaquim Haickel","Est. tempo de leitura":"5 minutos"},"schema":{"@context":"https:\/\/schema.org","@graph":[{"@type":"WebPage","@id":"https:\/\/www.blogsoestado.com\/joaquimhaickel\/2012\/08\/12\/tres-assuntos\/","url":"https:\/\/www.blogsoestado.com\/joaquimhaickel\/2012\/08\/12\/tres-assuntos\/","name":"Tr\u00eas assuntos - Joaquim Haickel","isPartOf":{"@id":"https:\/\/www.blogsoestado.com\/joaquimhaickel\/#website"},"datePublished":"2012-08-12T04:57:11+00:00","author":{"@id":"https:\/\/www.blogsoestado.com\/joaquimhaickel\/#\/schema\/person\/4a711644aff28245c6c2c3452d66d325"},"breadcrumb":{"@id":"https:\/\/www.blogsoestado.com\/joaquimhaickel\/2012\/08\/12\/tres-assuntos\/#breadcrumb"},"inLanguage":"pt-BR","potentialAction":[{"@type":"ReadAction","target":["https:\/\/www.blogsoestado.com\/joaquimhaickel\/2012\/08\/12\/tres-assuntos\/"]}]},{"@type":"BreadcrumbList","@id":"https:\/\/www.blogsoestado.com\/joaquimhaickel\/2012\/08\/12\/tres-assuntos\/#breadcrumb","itemListElement":[{"@type":"ListItem","position":1,"name":"In\u00edcio","item":"https:\/\/www.blogsoestado.com\/joaquimhaickel\/"},{"@type":"ListItem","position":2,"name":"Tr\u00eas assuntos"}]},{"@type":"WebSite","@id":"https:\/\/www.blogsoestado.com\/joaquimhaickel\/#website","url":"https:\/\/www.blogsoestado.com\/joaquimhaickel\/","name":"Joaquim Haickel","description":"","potentialAction":[{"@type":"SearchAction","target":{"@type":"EntryPoint","urlTemplate":"https:\/\/www.blogsoestado.com\/joaquimhaickel\/?s={search_term_string}"},"query-input":{"@type":"PropertyValueSpecification","valueRequired":true,"valueName":"search_term_string"}}],"inLanguage":"pt-BR"},{"@type":"Person","@id":"https:\/\/www.blogsoestado.com\/joaquimhaickel\/#\/schema\/person\/4a711644aff28245c6c2c3452d66d325","name":"Joaquim Haickel","image":{"@type":"ImageObject","inLanguage":"pt-BR","@id":"https:\/\/www.blogsoestado.com\/joaquimhaickel\/#\/schema\/person\/image\/","url":"https:\/\/secure.gravatar.com\/avatar\/473d89339b9f8ec089adb8d5778363eb5a2ba2319956bcf0298bfd8cca04684a?s=96&d=mm&r=g","contentUrl":"https:\/\/secure.gravatar.com\/avatar\/473d89339b9f8ec089adb8d5778363eb5a2ba2319956bcf0298bfd8cca04684a?s=96&d=mm&r=g","caption":"Joaquim Haickel"},"url":"https:\/\/www.blogsoestado.com\/joaquimhaickel\/author\/joaquimhaickel\/"}]}},"jetpack_featured_media_url":"","_links":{"self":[{"href":"https:\/\/www.blogsoestado.com\/joaquimhaickel\/wp-json\/wp\/v2\/posts\/782","targetHints":{"allow":["GET"]}}],"collection":[{"href":"https:\/\/www.blogsoestado.com\/joaquimhaickel\/wp-json\/wp\/v2\/posts"}],"about":[{"href":"https:\/\/www.blogsoestado.com\/joaquimhaickel\/wp-json\/wp\/v2\/types\/post"}],"author":[{"embeddable":true,"href":"https:\/\/www.blogsoestado.com\/joaquimhaickel\/wp-json\/wp\/v2\/users\/7"}],"replies":[{"embeddable":true,"href":"https:\/\/www.blogsoestado.com\/joaquimhaickel\/wp-json\/wp\/v2\/comments?post=782"}],"version-history":[{"count":0,"href":"https:\/\/www.blogsoestado.com\/joaquimhaickel\/wp-json\/wp\/v2\/posts\/782\/revisions"}],"wp:attachment":[{"href":"https:\/\/www.blogsoestado.com\/joaquimhaickel\/wp-json\/wp\/v2\/media?parent=782"}],"wp:term":[{"taxonomy":"category","embeddable":true,"href":"https:\/\/www.blogsoestado.com\/joaquimhaickel\/wp-json\/wp\/v2\/categories?post=782"},{"taxonomy":"post_tag","embeddable":true,"href":"https:\/\/www.blogsoestado.com\/joaquimhaickel\/wp-json\/wp\/v2\/tags?post=782"}],"curies":[{"name":"wp","href":"https:\/\/api.w.org\/{rel}","templated":true}]}}