{"id":787,"date":"2012-08-19T04:26:47","date_gmt":"2012-08-19T07:26:47","guid":{"rendered":"https:\/\/www.blogsoestado.com\/joaquimhaickel\/?p=787"},"modified":"2012-08-19T04:26:47","modified_gmt":"2012-08-19T07:26:47","slug":"pra-nao-dizer-que-nao-falei-de-eleicao","status":"publish","type":"post","link":"https:\/\/www.blogsoestado.com\/joaquimhaickel\/2012\/08\/19\/pra-nao-dizer-que-nao-falei-de-eleicao\/","title":{"rendered":"Pra n\u00e3o dizer que n\u00e3o falei de elei\u00e7\u00e3o"},"content":{"rendered":"<p>H\u00e1 muito n\u00e3o comento sobre pol\u00edtica. \u00c9 que o fato de ter resolvido n\u00e3o mais me candidatar a deputado, fun\u00e7\u00e3o que exerci recorrentemente entre 1983 e 2011, me distanciou automaticamente da maioria das a\u00e7\u00f5es pol\u00edticas que antes eram t\u00e3o comuns em minha vida.<\/p>\n<p>Espanto-me cada vez que enumero para algu\u00e9m os motivos que me fizeram n\u00e3o disputar a reelei\u00e7\u00e3o em 2010. Sempre que fa\u00e7o isso aparecem mais um ou dois motivos novos, sinal de que havia mais deles que aqueles que relacionei inicialmente para me convencer que a atitude que tomava era a mais acertada.<\/p>\n<p>Mas conversemos um pouco sobre o momento pol\u00edtico. Agora n\u00e3o h\u00e1 nada mais importante que as elei\u00e7\u00f5es municipais.<\/p>\n<p>Prefeitos e vereadores ser\u00e3o escolhidos para exercer os poderes Executivos e Legislativos na c\u00e9lula mater do estado. Gostaria de lembrar que o cidad\u00e3o n\u00e3o vive no estado e muito menos no pa\u00eds, ele vive \u00e9 no munic\u00edpio e \u00e9 l\u00e1 onde ele em primeiro lugar deve exercer seus deveres e usufruir de seus direitos, portanto, essa deveria ser a elei\u00e7\u00e3o mais importante para o eleitor. Mas n\u00e3o \u00e9.<\/p>\n<p>Tenho visto campanhas eleitorais em alguns munic\u00edpios e constato mais uma vez que fiz a coisa certa em n\u00e3o mais disputar elei\u00e7\u00e3o. Que coisa mais chata \u00e9 uma campanha eleitoral! Essa \u00e9 a pior parte da pol\u00edtica. \u00c9 nela que pode vir a acontecer toda sorte de irregularidades. Ainda mais sob a \u00f3tica da lei eleitoral em vigor, que se por um lado \u00e9 muito ruim, por outro seria muito pior sem ela.<\/p>\n<p>Num domingo desses passei mais de vinte minutos em um dos retornos de nossa capital, esperando que passasse a carreata de certo candidato a vereador. Todos os carros que participavam estavam \u201cenvelopados\u201d, termo usado para designar os imensos adesivos que envolvem as latarias dos autom\u00f3veis. De tantos em tantos ve\u00edculos apareciam os carros de som, cujo volume era enlouquecedor. Todos traziam bandeiras de tecido com nome e n\u00famero do candidato.<\/p>\n<p>Fico imaginando! Como \u00e9 que se presta conta de um evento daqueles? Se colocar na presta\u00e7\u00e3o de contas todos os valores realizados para que acontecessem eventos como aquele, o candidato n\u00e3o teria como justificar tamanho investimento. Na mesma situa\u00e7\u00e3o se encontrar\u00e3o todos ou pelo menos aqueles que agirem de igual modo.<\/p>\n<p>Deixando o lado mais pr\u00e1tico, vejamos o lado mais filos\u00f3fico.<\/p>\n<p>Em S\u00e3o Lu\u00eds, o PSTU apresenta mais uma vez o mesmo candidato que vem sendo apresentado em todas as elei\u00e7\u00f5es de prefeito e governador. Ser\u00e1 que nesse partido n\u00e3o existe outro candidato, outro nome que possa igualmente representar a sigla, defender as ideias da agremia\u00e7\u00e3o? Depois eles reclamam de perpetua\u00e7\u00e3o no poder, de oligarquia. E o que \u00e9 isso se n\u00e3o uma outra oligarquia, poder de poucos, dos pouqu\u00edssimos desse partido?<\/p>\n<p>Por outro lado, mas nem por isso menos curioso, o PRTB apresenta um candidato que s\u00f3 soube estar na disputa ao ouvi-lo numa r\u00e1dio local. Tanto o partido quanto o candidato s\u00e3o corajosos, pois dificilmente descolar\u00e3o percentualmente da primeira unidade num\u00e9rica. Mas voc\u00ea pode esperar, caro leitor eleitor, esse candidato voltar\u00e1 daqui a dois anos concorrendo a deputado.<\/p>\n<p>Da mesma maneira muitos dos atuais candidatos, tanto a prefeito quanto a vereador, est\u00e3o apenas mostrando a cara, esquentando os motores para as elei\u00e7\u00f5es de daqui a dois anos ou se candidatando a um cargo na futura administra\u00e7\u00e3o municipal de quem sonham ser pr\u00f3ximos.<\/p>\n<p>Outro dia ouvi algu\u00e9m dizer que a elei\u00e7\u00e3o em S\u00e3o Lu\u00eds seria decidida no primeiro turno. N\u00e3o creio nessa hip\u00f3tese. S\u00e3o muitos candidatos com percentuais que indicam uma disputa acirrada pelo privil\u00e9gio de enfrentar o prefeito Jo\u00e3o Castelo num eventual segundo turno.<\/p>\n<p>Tadeu Pal\u00e1cio e Edivaldo J\u00fanior lutam abertamente pelo segundo lugar, enquanto meu amigo Washington Lu\u00eds espera o in\u00edcio da campanha no r\u00e1dio e na TV para deslanchar. Acredito que os demais candidatos est\u00e3o apenas cumprindo tabela.<\/p>\n<p>No entanto, uma boa cr\u00f4nica pol\u00edtica pede pelo menos uma pequena pol\u00eamica e aqui vai a dessa: se contra Castelo, no segundo turno, for Tadeu! Com quem ir\u00e1 Edivaldo J\u00fanior, ou melhor, Fl\u00e1vio Dino? Se depender dos correligion\u00e1rios do candidato, eles devem ir com Castelo. Dino far\u00e1 o mesmo?<\/p>\n<p>E se acontecer de para o segundo turno contra Castelo ir Edivaldo, com quem ir\u00e1 Tadeu, Washington e principalmente o grupo ligado ao governo do estado?<\/p>\n<p>Para o governo, estou certo, o melhor \u00e9 fazer seu candidato passar para a pr\u00f3xima fase da disputa, sen\u00e3o a solu\u00e7\u00e3o ser\u00e1 sempre um remendo.<\/p>\n<p>Caso seja Washington a disputar o segundo turno, Tadeu poder\u00e1 acompanh\u00e1-lo, mas e Edivaldo? E Fl\u00e1vio? Far\u00e3o isso?<\/p>\n<p>Para mim o que fica claro \u00e9 que ainda hoje se faz elei\u00e7\u00e3o, e aqui falo de todos os grupos, sem comando, apelando-se para a improvisa\u00e7\u00e3o, aquela coisa antiga do \u201cna hora se v\u00ea o que se faz\u201d.<\/p>\n<p>Talvez dessa vez isso acabe por nos apresentar uma realidade ins\u00f3lita, fazendo com que no segundo turno, advers\u00e1rios azedos tenham que mostrar ao eleitor e ao povo em geral que entre uns e outros h\u00e1 realmente muito pouca diferen\u00e7a.<\/p>\n<p>Que ven\u00e7am aqueles que melhor forem tratar a minha terra e a minha gente.<\/p>\n","protected":false},"excerpt":{"rendered":"<p>H\u00e1 muito n\u00e3o comento sobre pol\u00edtica. \u00c9 que o fato de ter resolvido n\u00e3o mais me candidatar a deputado, fun\u00e7\u00e3o [&hellip;]<\/p>\n","protected":false},"author":7,"featured_media":0,"comment_status":"open","ping_status":"open","sticky":false,"template":"","format":"standard","meta":{"site-sidebar-layout":"default","site-content-layout":"","ast-site-content-layout":"default","site-content-style":"default","site-sidebar-style":"default","ast-global-header-display":"","ast-banner-title-visibility":"","ast-main-header-display":"","ast-hfb-above-header-display":"","ast-hfb-below-header-display":"","ast-hfb-mobile-header-display":"","site-post-title":"","ast-breadcrumbs-content":"","ast-featured-img":"","footer-sml-layout":"","ast-disable-related-posts":"","theme-transparent-header-meta":"","adv-header-id-meta":"","stick-header-meta":"","header-above-stick-meta":"","header-main-stick-meta":"","header-below-stick-meta":"","astra-migrate-meta-layouts":"default","ast-page-background-enabled":"default","ast-page-background-meta":{"desktop":{"background-color":"var(--ast-global-color-5)","background-image":"","background-repeat":"repeat","background-position":"center center","background-size":"auto","background-attachment":"scroll","background-type":"","background-media":"","overlay-type":"","overlay-color":"","overlay-opacity":"","overlay-gradient":""},"tablet":{"background-color":"","background-image":"","background-repeat":"repeat","background-position":"center center","background-size":"auto","background-attachment":"scroll","background-type":"","background-media":"","overlay-type":"","overlay-color":"","overlay-opacity":"","overlay-gradient":""},"mobile":{"background-color":"","background-image":"","background-repeat":"repeat","background-position":"center center","background-size":"auto","background-attachment":"scroll","background-type":"","background-media":"","overlay-type":"","overlay-color":"","overlay-opacity":"","overlay-gradient":""}},"ast-content-background-meta":{"desktop":{"background-color":"var(--ast-global-color-4)","background-image":"","background-repeat":"repeat","background-position":"center center","background-size":"auto","background-attachment":"scroll","background-type":"","background-media":"","overlay-type":"","overlay-color":"","overlay-opacity":"","overlay-gradient":""},"tablet":{"background-color":"var(--ast-global-color-4)","background-image":"","background-repeat":"repeat","background-position":"center center","background-size":"auto","background-attachment":"scroll","background-type":"","background-media":"","overlay-type":"","overlay-color":"","overlay-opacity":"","overlay-gradient":""},"mobile":{"background-color":"var(--ast-global-color-4)","background-image":"","background-repeat":"repeat","background-position":"center center","background-size":"auto","background-attachment":"scroll","background-type":"","background-media":"","overlay-type":"","overlay-color":"","overlay-opacity":"","overlay-gradient":""}},"footnotes":""},"categories":[1],"tags":[],"class_list":["post-787","post","type-post","status-publish","format-standard","hentry","category-sem-categoria"],"yoast_head":"<!-- This site is optimized with the Yoast SEO plugin v26.6 - https:\/\/yoast.com\/wordpress\/plugins\/seo\/ -->\n<title>Pra n\u00e3o dizer que n\u00e3o falei de elei\u00e7\u00e3o - Joaquim Haickel<\/title>\n<meta name=\"robots\" content=\"index, follow, max-snippet:-1, max-image-preview:large, max-video-preview:-1\" \/>\n<link rel=\"canonical\" href=\"https:\/\/www.blogsoestado.com\/joaquimhaickel\/2012\/08\/19\/pra-nao-dizer-que-nao-falei-de-eleicao\/\" \/>\n<meta property=\"og:locale\" content=\"pt_BR\" \/>\n<meta property=\"og:type\" content=\"article\" \/>\n<meta property=\"og:title\" content=\"Pra n\u00e3o dizer que n\u00e3o falei de elei\u00e7\u00e3o - Joaquim Haickel\" \/>\n<meta property=\"og:description\" content=\"H\u00e1 muito n\u00e3o comento sobre pol\u00edtica. \u00c9 que o fato de ter resolvido n\u00e3o mais me candidatar a deputado, fun\u00e7\u00e3o [&hellip;]\" \/>\n<meta property=\"og:url\" content=\"https:\/\/www.blogsoestado.com\/joaquimhaickel\/2012\/08\/19\/pra-nao-dizer-que-nao-falei-de-eleicao\/\" \/>\n<meta property=\"og:site_name\" content=\"Joaquim Haickel\" \/>\n<meta property=\"article:published_time\" content=\"2012-08-19T07:26:47+00:00\" \/>\n<meta name=\"author\" content=\"Joaquim Haickel\" \/>\n<meta name=\"twitter:card\" content=\"summary_large_image\" \/>\n<meta name=\"twitter:label1\" content=\"Escrito por\" \/>\n\t<meta name=\"twitter:data1\" content=\"Joaquim Haickel\" \/>\n\t<meta name=\"twitter:label2\" content=\"Est. tempo de leitura\" \/>\n\t<meta name=\"twitter:data2\" content=\"5 minutos\" \/>\n<script type=\"application\/ld+json\" class=\"yoast-schema-graph\">{\"@context\":\"https:\/\/schema.org\",\"@graph\":[{\"@type\":\"WebPage\",\"@id\":\"https:\/\/www.blogsoestado.com\/joaquimhaickel\/2012\/08\/19\/pra-nao-dizer-que-nao-falei-de-eleicao\/\",\"url\":\"https:\/\/www.blogsoestado.com\/joaquimhaickel\/2012\/08\/19\/pra-nao-dizer-que-nao-falei-de-eleicao\/\",\"name\":\"Pra n\u00e3o dizer que n\u00e3o falei de elei\u00e7\u00e3o - Joaquim Haickel\",\"isPartOf\":{\"@id\":\"https:\/\/www.blogsoestado.com\/joaquimhaickel\/#website\"},\"datePublished\":\"2012-08-19T07:26:47+00:00\",\"author\":{\"@id\":\"https:\/\/www.blogsoestado.com\/joaquimhaickel\/#\/schema\/person\/4a711644aff28245c6c2c3452d66d325\"},\"breadcrumb\":{\"@id\":\"https:\/\/www.blogsoestado.com\/joaquimhaickel\/2012\/08\/19\/pra-nao-dizer-que-nao-falei-de-eleicao\/#breadcrumb\"},\"inLanguage\":\"pt-BR\",\"potentialAction\":[{\"@type\":\"ReadAction\",\"target\":[\"https:\/\/www.blogsoestado.com\/joaquimhaickel\/2012\/08\/19\/pra-nao-dizer-que-nao-falei-de-eleicao\/\"]}]},{\"@type\":\"BreadcrumbList\",\"@id\":\"https:\/\/www.blogsoestado.com\/joaquimhaickel\/2012\/08\/19\/pra-nao-dizer-que-nao-falei-de-eleicao\/#breadcrumb\",\"itemListElement\":[{\"@type\":\"ListItem\",\"position\":1,\"name\":\"In\u00edcio\",\"item\":\"https:\/\/www.blogsoestado.com\/joaquimhaickel\/\"},{\"@type\":\"ListItem\",\"position\":2,\"name\":\"Pra n\u00e3o dizer que n\u00e3o falei de elei\u00e7\u00e3o\"}]},{\"@type\":\"WebSite\",\"@id\":\"https:\/\/www.blogsoestado.com\/joaquimhaickel\/#website\",\"url\":\"https:\/\/www.blogsoestado.com\/joaquimhaickel\/\",\"name\":\"Joaquim Haickel\",\"description\":\"\",\"potentialAction\":[{\"@type\":\"SearchAction\",\"target\":{\"@type\":\"EntryPoint\",\"urlTemplate\":\"https:\/\/www.blogsoestado.com\/joaquimhaickel\/?s={search_term_string}\"},\"query-input\":{\"@type\":\"PropertyValueSpecification\",\"valueRequired\":true,\"valueName\":\"search_term_string\"}}],\"inLanguage\":\"pt-BR\"},{\"@type\":\"Person\",\"@id\":\"https:\/\/www.blogsoestado.com\/joaquimhaickel\/#\/schema\/person\/4a711644aff28245c6c2c3452d66d325\",\"name\":\"Joaquim Haickel\",\"image\":{\"@type\":\"ImageObject\",\"inLanguage\":\"pt-BR\",\"@id\":\"https:\/\/www.blogsoestado.com\/joaquimhaickel\/#\/schema\/person\/image\/\",\"url\":\"https:\/\/secure.gravatar.com\/avatar\/473d89339b9f8ec089adb8d5778363eb5a2ba2319956bcf0298bfd8cca04684a?s=96&d=mm&r=g\",\"contentUrl\":\"https:\/\/secure.gravatar.com\/avatar\/473d89339b9f8ec089adb8d5778363eb5a2ba2319956bcf0298bfd8cca04684a?s=96&d=mm&r=g\",\"caption\":\"Joaquim Haickel\"},\"url\":\"https:\/\/www.blogsoestado.com\/joaquimhaickel\/author\/joaquimhaickel\/\"}]}<\/script>\n<!-- \/ Yoast SEO plugin. -->","yoast_head_json":{"title":"Pra n\u00e3o dizer que n\u00e3o falei de elei\u00e7\u00e3o - Joaquim Haickel","robots":{"index":"index","follow":"follow","max-snippet":"max-snippet:-1","max-image-preview":"max-image-preview:large","max-video-preview":"max-video-preview:-1"},"canonical":"https:\/\/www.blogsoestado.com\/joaquimhaickel\/2012\/08\/19\/pra-nao-dizer-que-nao-falei-de-eleicao\/","og_locale":"pt_BR","og_type":"article","og_title":"Pra n\u00e3o dizer que n\u00e3o falei de elei\u00e7\u00e3o - Joaquim Haickel","og_description":"H\u00e1 muito n\u00e3o comento sobre pol\u00edtica. \u00c9 que o fato de ter resolvido n\u00e3o mais me candidatar a deputado, fun\u00e7\u00e3o [&hellip;]","og_url":"https:\/\/www.blogsoestado.com\/joaquimhaickel\/2012\/08\/19\/pra-nao-dizer-que-nao-falei-de-eleicao\/","og_site_name":"Joaquim Haickel","article_published_time":"2012-08-19T07:26:47+00:00","author":"Joaquim Haickel","twitter_card":"summary_large_image","twitter_misc":{"Escrito por":"Joaquim Haickel","Est. tempo de leitura":"5 minutos"},"schema":{"@context":"https:\/\/schema.org","@graph":[{"@type":"WebPage","@id":"https:\/\/www.blogsoestado.com\/joaquimhaickel\/2012\/08\/19\/pra-nao-dizer-que-nao-falei-de-eleicao\/","url":"https:\/\/www.blogsoestado.com\/joaquimhaickel\/2012\/08\/19\/pra-nao-dizer-que-nao-falei-de-eleicao\/","name":"Pra n\u00e3o dizer que n\u00e3o falei de elei\u00e7\u00e3o - Joaquim Haickel","isPartOf":{"@id":"https:\/\/www.blogsoestado.com\/joaquimhaickel\/#website"},"datePublished":"2012-08-19T07:26:47+00:00","author":{"@id":"https:\/\/www.blogsoestado.com\/joaquimhaickel\/#\/schema\/person\/4a711644aff28245c6c2c3452d66d325"},"breadcrumb":{"@id":"https:\/\/www.blogsoestado.com\/joaquimhaickel\/2012\/08\/19\/pra-nao-dizer-que-nao-falei-de-eleicao\/#breadcrumb"},"inLanguage":"pt-BR","potentialAction":[{"@type":"ReadAction","target":["https:\/\/www.blogsoestado.com\/joaquimhaickel\/2012\/08\/19\/pra-nao-dizer-que-nao-falei-de-eleicao\/"]}]},{"@type":"BreadcrumbList","@id":"https:\/\/www.blogsoestado.com\/joaquimhaickel\/2012\/08\/19\/pra-nao-dizer-que-nao-falei-de-eleicao\/#breadcrumb","itemListElement":[{"@type":"ListItem","position":1,"name":"In\u00edcio","item":"https:\/\/www.blogsoestado.com\/joaquimhaickel\/"},{"@type":"ListItem","position":2,"name":"Pra n\u00e3o dizer que n\u00e3o falei de elei\u00e7\u00e3o"}]},{"@type":"WebSite","@id":"https:\/\/www.blogsoestado.com\/joaquimhaickel\/#website","url":"https:\/\/www.blogsoestado.com\/joaquimhaickel\/","name":"Joaquim Haickel","description":"","potentialAction":[{"@type":"SearchAction","target":{"@type":"EntryPoint","urlTemplate":"https:\/\/www.blogsoestado.com\/joaquimhaickel\/?s={search_term_string}"},"query-input":{"@type":"PropertyValueSpecification","valueRequired":true,"valueName":"search_term_string"}}],"inLanguage":"pt-BR"},{"@type":"Person","@id":"https:\/\/www.blogsoestado.com\/joaquimhaickel\/#\/schema\/person\/4a711644aff28245c6c2c3452d66d325","name":"Joaquim Haickel","image":{"@type":"ImageObject","inLanguage":"pt-BR","@id":"https:\/\/www.blogsoestado.com\/joaquimhaickel\/#\/schema\/person\/image\/","url":"https:\/\/secure.gravatar.com\/avatar\/473d89339b9f8ec089adb8d5778363eb5a2ba2319956bcf0298bfd8cca04684a?s=96&d=mm&r=g","contentUrl":"https:\/\/secure.gravatar.com\/avatar\/473d89339b9f8ec089adb8d5778363eb5a2ba2319956bcf0298bfd8cca04684a?s=96&d=mm&r=g","caption":"Joaquim Haickel"},"url":"https:\/\/www.blogsoestado.com\/joaquimhaickel\/author\/joaquimhaickel\/"}]}},"jetpack_featured_media_url":"","_links":{"self":[{"href":"https:\/\/www.blogsoestado.com\/joaquimhaickel\/wp-json\/wp\/v2\/posts\/787","targetHints":{"allow":["GET"]}}],"collection":[{"href":"https:\/\/www.blogsoestado.com\/joaquimhaickel\/wp-json\/wp\/v2\/posts"}],"about":[{"href":"https:\/\/www.blogsoestado.com\/joaquimhaickel\/wp-json\/wp\/v2\/types\/post"}],"author":[{"embeddable":true,"href":"https:\/\/www.blogsoestado.com\/joaquimhaickel\/wp-json\/wp\/v2\/users\/7"}],"replies":[{"embeddable":true,"href":"https:\/\/www.blogsoestado.com\/joaquimhaickel\/wp-json\/wp\/v2\/comments?post=787"}],"version-history":[{"count":0,"href":"https:\/\/www.blogsoestado.com\/joaquimhaickel\/wp-json\/wp\/v2\/posts\/787\/revisions"}],"wp:attachment":[{"href":"https:\/\/www.blogsoestado.com\/joaquimhaickel\/wp-json\/wp\/v2\/media?parent=787"}],"wp:term":[{"taxonomy":"category","embeddable":true,"href":"https:\/\/www.blogsoestado.com\/joaquimhaickel\/wp-json\/wp\/v2\/categories?post=787"},{"taxonomy":"post_tag","embeddable":true,"href":"https:\/\/www.blogsoestado.com\/joaquimhaickel\/wp-json\/wp\/v2\/tags?post=787"}],"curies":[{"name":"wp","href":"https:\/\/api.w.org\/{rel}","templated":true}]}}