{"id":798,"date":"2012-08-20T22:21:16","date_gmt":"2012-08-21T01:21:16","guid":{"rendered":"https:\/\/www.blogsoestado.com\/joaquimhaickel\/?p=798"},"modified":"2012-08-20T22:21:16","modified_gmt":"2012-08-21T01:21:16","slug":"eleicao-para-vereadores-de-sao-luis-2012-estudo-i","status":"publish","type":"post","link":"https:\/\/www.blogsoestado.com\/joaquimhaickel\/2012\/08\/20\/eleicao-para-vereadores-de-sao-luis-2012-estudo-i\/","title":{"rendered":"Elei\u00e7\u00e3o para Vereadores de S\u00e3o Lu\u00eds (2012) &#8211; Estudo I"},"content":{"rendered":"<p>Muitas pessoas tem me perguntado sobre as possibilidades de vit\u00f3ria de seu candidato a vereador na pr\u00f3xima elei\u00e7\u00e3o em S\u00e3o Lu\u00eds. Eu que at\u00e9 agora resistia em fazer o estudo que fa\u00e7o antes de cada elei\u00e7\u00e3o proporcional, j\u00e1 faz alguns anos, resolvi ceder e me debru\u00e7ar\u00a0sobre as\u00a0listas de coliga\u00e7\u00f5es e partidos para realizar um trabalho que alguns acham ser mera advinha\u00e7\u00e3o, outros puro palpite, por\u00e9m\u00a0nada mais \u00e9 que uma simples an\u00e1lise pol\u00edtica e eleitoral, baseada em informa\u00e7\u00f5es confi\u00e1veis e dados estat\u00edsticos, como quantidade de eleitores, absten\u00e7\u00e3o, votos brancos e nulos&#8230;<\/p>\n<p>Abaixo, voc\u00ea ver\u00e1 o primeiro desses estudos, pois com o decorrer da campanha e com o aprofundamento da an\u00e1lise e o acesso a mais e melhores informa\u00e7\u00f5es outros ser\u00e3o publicados, na tentativa de mostrar as possibilidades de cada coliga\u00e7\u00e3o ou partido eleger um determinado n\u00famero de vereadores.<\/p>\n<p>N\u00e3o \u00e9 e nunca foi minha inten\u00e7\u00e3o, com esses estudos que fa\u00e7o, prever quem vai ganhar a elei\u00e7\u00e3o. Os nomes aqui relacionados est\u00e3o citados de forma aleat\u00f3ria, de mem\u00f3ria, ou por informa\u00e7\u00f5es dos partidos, sem obedecer nenhuma ordem de preced\u00eancia.<\/p>\n<p>S\u00e3o 16 coliga\u00e7\u00f5es ou partidos em disputa. Estes devem eleger de forma direta 26 dos 31 vereadores, ficando 5 vagas para serem preenchidas pelos c\u00e1lculos das sobras. 2 dos 16 grupos na disputa n\u00e3o dever\u00e3o atingir a quantidade de votos suficientes para eleger um vereador. Os 14 grupos restantes eleger\u00e3o pelo menos um vereador e disputar\u00e3o as 5 sobras, segundo o crit\u00e9rio proporcional. A cor verde na coluna total indica maior probabilidade de sucesso na obten\u00e7\u00e3o das sobras, seguida da cor amarela e posteriormente da cor vermelha.<\/p>\n<p>A previs\u00e3o de renova\u00e7\u00e3o dos membros da C\u00e2mara de Vereadores de S\u00e3o Lu\u00eds \u00e9 de algo em torno de 50%.<\/p>\n<p style=\"text-align: center;\"><a href=\"https:\/\/www.blogsoestado.com\/joaquimhaickel\/wp-content\/uploads\/sites\/6\/2012\/08\/Captura-de-tela-2012-08-21-as-10.12.361.png\"><img fetchpriority=\"high\" decoding=\"async\" class=\"aligncenter  wp-image-812\" title=\"Captura de tela 2012-08-21 \u00e0s 10.12.36\" src=\"https:\/\/www.blogsoestado.com\/joaquimhaickel\/wp-content\/uploads\/sites\/6\/2012\/08\/Captura-de-tela-2012-08-21-as-10.12.361.png\" alt=\"\" width=\"699\" height=\"255\" srcset=\"https:\/\/www.blogsoestado.com\/joaquimhaickel\/wp-content\/uploads\/sites\/6\/2012\/08\/Captura-de-tela-2012-08-21-as-10.12.361.png 777w, https:\/\/www.blogsoestado.com\/joaquimhaickel\/wp-content\/uploads\/sites\/6\/2012\/08\/Captura-de-tela-2012-08-21-as-10.12.361-300x109.png 300w, https:\/\/www.blogsoestado.com\/joaquimhaickel\/wp-content\/uploads\/sites\/6\/2012\/08\/Captura-de-tela-2012-08-21-as-10.12.361-768x280.png 768w\" sizes=\"(max-width: 699px) 100vw, 699px\" \/><\/a><\/p>\n","protected":false},"excerpt":{"rendered":"<p>Muitas pessoas tem me perguntado sobre as possibilidades de vit\u00f3ria de seu candidato a vereador na pr\u00f3xima elei\u00e7\u00e3o em S\u00e3o [&hellip;]<\/p>\n","protected":false},"author":7,"featured_media":0,"comment_status":"open","ping_status":"open","sticky":false,"template":"","format":"standard","meta":{"site-sidebar-layout":"default","site-content-layout":"","ast-site-content-layout":"default","site-content-style":"default","site-sidebar-style":"default","ast-global-header-display":"","ast-banner-title-visibility":"","ast-main-header-display":"","ast-hfb-above-header-display":"","ast-hfb-below-header-display":"","ast-hfb-mobile-header-display":"","site-post-title":"","ast-breadcrumbs-content":"","ast-featured-img":"","footer-sml-layout":"","ast-disable-related-posts":"","theme-transparent-header-meta":"","adv-header-id-meta":"","stick-header-meta":"","header-above-stick-meta":"","header-main-stick-meta":"","header-below-stick-meta":"","astra-migrate-meta-layouts":"default","ast-page-background-enabled":"default","ast-page-background-meta":{"desktop":{"background-color":"var(--ast-global-color-5)","background-image":"","background-repeat":"repeat","background-position":"center center","background-size":"auto","background-attachment":"scroll","background-type":"","background-media":"","overlay-type":"","overlay-color":"","overlay-opacity":"","overlay-gradient":""},"tablet":{"background-color":"","background-image":"","background-repeat":"repeat","background-position":"center center","background-size":"auto","background-attachment":"scroll","background-type":"","background-media":"","overlay-type":"","overlay-color":"","overlay-opacity":"","overlay-gradient":""},"mobile":{"background-color":"","background-image":"","background-repeat":"repeat","background-position":"center center","background-size":"auto","background-attachment":"scroll","background-type":"","background-media":"","overlay-type":"","overlay-color":"","overlay-opacity":"","overlay-gradient":""}},"ast-content-background-meta":{"desktop":{"background-color":"var(--ast-global-color-4)","background-image":"","background-repeat":"repeat","background-position":"center center","background-size":"auto","background-attachment":"scroll","background-type":"","background-media":"","overlay-type":"","overlay-color":"","overlay-opacity":"","overlay-gradient":""},"tablet":{"background-color":"var(--ast-global-color-4)","background-image":"","background-repeat":"repeat","background-position":"center center","background-size":"auto","background-attachment":"scroll","background-type":"","background-media":"","overlay-type":"","overlay-color":"","overlay-opacity":"","overlay-gradient":""},"mobile":{"background-color":"var(--ast-global-color-4)","background-image":"","background-repeat":"repeat","background-position":"center center","background-size":"auto","background-attachment":"scroll","background-type":"","background-media":"","overlay-type":"","overlay-color":"","overlay-opacity":"","overlay-gradient":""}},"footnotes":""},"categories":[1],"tags":[],"class_list":["post-798","post","type-post","status-publish","format-standard","hentry","category-sem-categoria"],"yoast_head":"<!-- This site is optimized with the Yoast SEO plugin v26.6 - https:\/\/yoast.com\/wordpress\/plugins\/seo\/ -->\n<title>Elei\u00e7\u00e3o para Vereadores de S\u00e3o Lu\u00eds (2012) - Estudo I - Joaquim Haickel<\/title>\n<meta name=\"robots\" content=\"index, follow, max-snippet:-1, max-image-preview:large, max-video-preview:-1\" \/>\n<link rel=\"canonical\" href=\"https:\/\/www.blogsoestado.com\/joaquimhaickel\/2012\/08\/20\/eleicao-para-vereadores-de-sao-luis-2012-estudo-i\/\" \/>\n<meta property=\"og:locale\" content=\"pt_BR\" \/>\n<meta property=\"og:type\" content=\"article\" \/>\n<meta property=\"og:title\" content=\"Elei\u00e7\u00e3o para Vereadores de S\u00e3o Lu\u00eds (2012) - Estudo I - Joaquim Haickel\" \/>\n<meta property=\"og:description\" content=\"Muitas pessoas tem me perguntado sobre as possibilidades de vit\u00f3ria de seu candidato a vereador na pr\u00f3xima elei\u00e7\u00e3o em S\u00e3o [&hellip;]\" \/>\n<meta property=\"og:url\" content=\"https:\/\/www.blogsoestado.com\/joaquimhaickel\/2012\/08\/20\/eleicao-para-vereadores-de-sao-luis-2012-estudo-i\/\" \/>\n<meta property=\"og:site_name\" content=\"Joaquim Haickel\" \/>\n<meta property=\"article:published_time\" content=\"2012-08-21T01:21:16+00:00\" \/>\n<meta property=\"og:image\" content=\"https:\/\/www.blogsoestado.com\/joaquimhaickel\/wp-content\/uploads\/sites\/6\/2012\/08\/Captura-de-tela-2012-08-21-as-10.12.361.png\" \/>\n<meta name=\"author\" content=\"Joaquim Haickel\" \/>\n<meta name=\"twitter:card\" content=\"summary_large_image\" \/>\n<meta name=\"twitter:label1\" content=\"Escrito por\" \/>\n\t<meta name=\"twitter:data1\" content=\"Joaquim Haickel\" \/>\n\t<meta name=\"twitter:label2\" content=\"Est. tempo de leitura\" \/>\n\t<meta name=\"twitter:data2\" content=\"2 minutos\" \/>\n<script type=\"application\/ld+json\" class=\"yoast-schema-graph\">{\"@context\":\"https:\/\/schema.org\",\"@graph\":[{\"@type\":\"WebPage\",\"@id\":\"https:\/\/www.blogsoestado.com\/joaquimhaickel\/2012\/08\/20\/eleicao-para-vereadores-de-sao-luis-2012-estudo-i\/\",\"url\":\"https:\/\/www.blogsoestado.com\/joaquimhaickel\/2012\/08\/20\/eleicao-para-vereadores-de-sao-luis-2012-estudo-i\/\",\"name\":\"Elei\u00e7\u00e3o para Vereadores de S\u00e3o Lu\u00eds (2012) - Estudo I - Joaquim Haickel\",\"isPartOf\":{\"@id\":\"https:\/\/www.blogsoestado.com\/joaquimhaickel\/#website\"},\"primaryImageOfPage\":{\"@id\":\"https:\/\/www.blogsoestado.com\/joaquimhaickel\/2012\/08\/20\/eleicao-para-vereadores-de-sao-luis-2012-estudo-i\/#primaryimage\"},\"image\":{\"@id\":\"https:\/\/www.blogsoestado.com\/joaquimhaickel\/2012\/08\/20\/eleicao-para-vereadores-de-sao-luis-2012-estudo-i\/#primaryimage\"},\"thumbnailUrl\":\"https:\/\/www.blogsoestado.com\/joaquimhaickel\/wp-content\/uploads\/sites\/6\/2012\/08\/Captura-de-tela-2012-08-21-as-10.12.361.png\",\"datePublished\":\"2012-08-21T01:21:16+00:00\",\"author\":{\"@id\":\"https:\/\/www.blogsoestado.com\/joaquimhaickel\/#\/schema\/person\/4a711644aff28245c6c2c3452d66d325\"},\"breadcrumb\":{\"@id\":\"https:\/\/www.blogsoestado.com\/joaquimhaickel\/2012\/08\/20\/eleicao-para-vereadores-de-sao-luis-2012-estudo-i\/#breadcrumb\"},\"inLanguage\":\"pt-BR\",\"potentialAction\":[{\"@type\":\"ReadAction\",\"target\":[\"https:\/\/www.blogsoestado.com\/joaquimhaickel\/2012\/08\/20\/eleicao-para-vereadores-de-sao-luis-2012-estudo-i\/\"]}]},{\"@type\":\"ImageObject\",\"inLanguage\":\"pt-BR\",\"@id\":\"https:\/\/www.blogsoestado.com\/joaquimhaickel\/2012\/08\/20\/eleicao-para-vereadores-de-sao-luis-2012-estudo-i\/#primaryimage\",\"url\":\"https:\/\/www.blogsoestado.com\/joaquimhaickel\/wp-content\/uploads\/sites\/6\/2012\/08\/Captura-de-tela-2012-08-21-as-10.12.361.png\",\"contentUrl\":\"https:\/\/www.blogsoestado.com\/joaquimhaickel\/wp-content\/uploads\/sites\/6\/2012\/08\/Captura-de-tela-2012-08-21-as-10.12.361.png\",\"width\":777,\"height\":283},{\"@type\":\"BreadcrumbList\",\"@id\":\"https:\/\/www.blogsoestado.com\/joaquimhaickel\/2012\/08\/20\/eleicao-para-vereadores-de-sao-luis-2012-estudo-i\/#breadcrumb\",\"itemListElement\":[{\"@type\":\"ListItem\",\"position\":1,\"name\":\"In\u00edcio\",\"item\":\"https:\/\/www.blogsoestado.com\/joaquimhaickel\/\"},{\"@type\":\"ListItem\",\"position\":2,\"name\":\"Elei\u00e7\u00e3o para Vereadores de S\u00e3o Lu\u00eds (2012) &#8211; Estudo I\"}]},{\"@type\":\"WebSite\",\"@id\":\"https:\/\/www.blogsoestado.com\/joaquimhaickel\/#website\",\"url\":\"https:\/\/www.blogsoestado.com\/joaquimhaickel\/\",\"name\":\"Joaquim Haickel\",\"description\":\"\",\"potentialAction\":[{\"@type\":\"SearchAction\",\"target\":{\"@type\":\"EntryPoint\",\"urlTemplate\":\"https:\/\/www.blogsoestado.com\/joaquimhaickel\/?s={search_term_string}\"},\"query-input\":{\"@type\":\"PropertyValueSpecification\",\"valueRequired\":true,\"valueName\":\"search_term_string\"}}],\"inLanguage\":\"pt-BR\"},{\"@type\":\"Person\",\"@id\":\"https:\/\/www.blogsoestado.com\/joaquimhaickel\/#\/schema\/person\/4a711644aff28245c6c2c3452d66d325\",\"name\":\"Joaquim Haickel\",\"image\":{\"@type\":\"ImageObject\",\"inLanguage\":\"pt-BR\",\"@id\":\"https:\/\/www.blogsoestado.com\/joaquimhaickel\/#\/schema\/person\/image\/\",\"url\":\"https:\/\/secure.gravatar.com\/avatar\/473d89339b9f8ec089adb8d5778363eb5a2ba2319956bcf0298bfd8cca04684a?s=96&d=mm&r=g\",\"contentUrl\":\"https:\/\/secure.gravatar.com\/avatar\/473d89339b9f8ec089adb8d5778363eb5a2ba2319956bcf0298bfd8cca04684a?s=96&d=mm&r=g\",\"caption\":\"Joaquim Haickel\"},\"url\":\"https:\/\/www.blogsoestado.com\/joaquimhaickel\/author\/joaquimhaickel\/\"}]}<\/script>\n<!-- \/ Yoast SEO plugin. -->","yoast_head_json":{"title":"Elei\u00e7\u00e3o para Vereadores de S\u00e3o Lu\u00eds (2012) - Estudo I - Joaquim Haickel","robots":{"index":"index","follow":"follow","max-snippet":"max-snippet:-1","max-image-preview":"max-image-preview:large","max-video-preview":"max-video-preview:-1"},"canonical":"https:\/\/www.blogsoestado.com\/joaquimhaickel\/2012\/08\/20\/eleicao-para-vereadores-de-sao-luis-2012-estudo-i\/","og_locale":"pt_BR","og_type":"article","og_title":"Elei\u00e7\u00e3o para Vereadores de S\u00e3o Lu\u00eds (2012) - Estudo I - Joaquim Haickel","og_description":"Muitas pessoas tem me perguntado sobre as possibilidades de vit\u00f3ria de seu candidato a vereador na pr\u00f3xima elei\u00e7\u00e3o em S\u00e3o [&hellip;]","og_url":"https:\/\/www.blogsoestado.com\/joaquimhaickel\/2012\/08\/20\/eleicao-para-vereadores-de-sao-luis-2012-estudo-i\/","og_site_name":"Joaquim Haickel","article_published_time":"2012-08-21T01:21:16+00:00","og_image":[{"url":"https:\/\/www.blogsoestado.com\/joaquimhaickel\/wp-content\/uploads\/sites\/6\/2012\/08\/Captura-de-tela-2012-08-21-as-10.12.361.png","type":"","width":"","height":""}],"author":"Joaquim Haickel","twitter_card":"summary_large_image","twitter_misc":{"Escrito por":"Joaquim Haickel","Est. tempo de leitura":"2 minutos"},"schema":{"@context":"https:\/\/schema.org","@graph":[{"@type":"WebPage","@id":"https:\/\/www.blogsoestado.com\/joaquimhaickel\/2012\/08\/20\/eleicao-para-vereadores-de-sao-luis-2012-estudo-i\/","url":"https:\/\/www.blogsoestado.com\/joaquimhaickel\/2012\/08\/20\/eleicao-para-vereadores-de-sao-luis-2012-estudo-i\/","name":"Elei\u00e7\u00e3o para Vereadores de S\u00e3o Lu\u00eds (2012) - Estudo I - Joaquim Haickel","isPartOf":{"@id":"https:\/\/www.blogsoestado.com\/joaquimhaickel\/#website"},"primaryImageOfPage":{"@id":"https:\/\/www.blogsoestado.com\/joaquimhaickel\/2012\/08\/20\/eleicao-para-vereadores-de-sao-luis-2012-estudo-i\/#primaryimage"},"image":{"@id":"https:\/\/www.blogsoestado.com\/joaquimhaickel\/2012\/08\/20\/eleicao-para-vereadores-de-sao-luis-2012-estudo-i\/#primaryimage"},"thumbnailUrl":"https:\/\/www.blogsoestado.com\/joaquimhaickel\/wp-content\/uploads\/sites\/6\/2012\/08\/Captura-de-tela-2012-08-21-as-10.12.361.png","datePublished":"2012-08-21T01:21:16+00:00","author":{"@id":"https:\/\/www.blogsoestado.com\/joaquimhaickel\/#\/schema\/person\/4a711644aff28245c6c2c3452d66d325"},"breadcrumb":{"@id":"https:\/\/www.blogsoestado.com\/joaquimhaickel\/2012\/08\/20\/eleicao-para-vereadores-de-sao-luis-2012-estudo-i\/#breadcrumb"},"inLanguage":"pt-BR","potentialAction":[{"@type":"ReadAction","target":["https:\/\/www.blogsoestado.com\/joaquimhaickel\/2012\/08\/20\/eleicao-para-vereadores-de-sao-luis-2012-estudo-i\/"]}]},{"@type":"ImageObject","inLanguage":"pt-BR","@id":"https:\/\/www.blogsoestado.com\/joaquimhaickel\/2012\/08\/20\/eleicao-para-vereadores-de-sao-luis-2012-estudo-i\/#primaryimage","url":"https:\/\/www.blogsoestado.com\/joaquimhaickel\/wp-content\/uploads\/sites\/6\/2012\/08\/Captura-de-tela-2012-08-21-as-10.12.361.png","contentUrl":"https:\/\/www.blogsoestado.com\/joaquimhaickel\/wp-content\/uploads\/sites\/6\/2012\/08\/Captura-de-tela-2012-08-21-as-10.12.361.png","width":777,"height":283},{"@type":"BreadcrumbList","@id":"https:\/\/www.blogsoestado.com\/joaquimhaickel\/2012\/08\/20\/eleicao-para-vereadores-de-sao-luis-2012-estudo-i\/#breadcrumb","itemListElement":[{"@type":"ListItem","position":1,"name":"In\u00edcio","item":"https:\/\/www.blogsoestado.com\/joaquimhaickel\/"},{"@type":"ListItem","position":2,"name":"Elei\u00e7\u00e3o para Vereadores de S\u00e3o Lu\u00eds (2012) &#8211; Estudo I"}]},{"@type":"WebSite","@id":"https:\/\/www.blogsoestado.com\/joaquimhaickel\/#website","url":"https:\/\/www.blogsoestado.com\/joaquimhaickel\/","name":"Joaquim Haickel","description":"","potentialAction":[{"@type":"SearchAction","target":{"@type":"EntryPoint","urlTemplate":"https:\/\/www.blogsoestado.com\/joaquimhaickel\/?s={search_term_string}"},"query-input":{"@type":"PropertyValueSpecification","valueRequired":true,"valueName":"search_term_string"}}],"inLanguage":"pt-BR"},{"@type":"Person","@id":"https:\/\/www.blogsoestado.com\/joaquimhaickel\/#\/schema\/person\/4a711644aff28245c6c2c3452d66d325","name":"Joaquim Haickel","image":{"@type":"ImageObject","inLanguage":"pt-BR","@id":"https:\/\/www.blogsoestado.com\/joaquimhaickel\/#\/schema\/person\/image\/","url":"https:\/\/secure.gravatar.com\/avatar\/473d89339b9f8ec089adb8d5778363eb5a2ba2319956bcf0298bfd8cca04684a?s=96&d=mm&r=g","contentUrl":"https:\/\/secure.gravatar.com\/avatar\/473d89339b9f8ec089adb8d5778363eb5a2ba2319956bcf0298bfd8cca04684a?s=96&d=mm&r=g","caption":"Joaquim Haickel"},"url":"https:\/\/www.blogsoestado.com\/joaquimhaickel\/author\/joaquimhaickel\/"}]}},"jetpack_featured_media_url":"","_links":{"self":[{"href":"https:\/\/www.blogsoestado.com\/joaquimhaickel\/wp-json\/wp\/v2\/posts\/798","targetHints":{"allow":["GET"]}}],"collection":[{"href":"https:\/\/www.blogsoestado.com\/joaquimhaickel\/wp-json\/wp\/v2\/posts"}],"about":[{"href":"https:\/\/www.blogsoestado.com\/joaquimhaickel\/wp-json\/wp\/v2\/types\/post"}],"author":[{"embeddable":true,"href":"https:\/\/www.blogsoestado.com\/joaquimhaickel\/wp-json\/wp\/v2\/users\/7"}],"replies":[{"embeddable":true,"href":"https:\/\/www.blogsoestado.com\/joaquimhaickel\/wp-json\/wp\/v2\/comments?post=798"}],"version-history":[{"count":0,"href":"https:\/\/www.blogsoestado.com\/joaquimhaickel\/wp-json\/wp\/v2\/posts\/798\/revisions"}],"wp:attachment":[{"href":"https:\/\/www.blogsoestado.com\/joaquimhaickel\/wp-json\/wp\/v2\/media?parent=798"}],"wp:term":[{"taxonomy":"category","embeddable":true,"href":"https:\/\/www.blogsoestado.com\/joaquimhaickel\/wp-json\/wp\/v2\/categories?post=798"},{"taxonomy":"post_tag","embeddable":true,"href":"https:\/\/www.blogsoestado.com\/joaquimhaickel\/wp-json\/wp\/v2\/tags?post=798"}],"curies":[{"name":"wp","href":"https:\/\/api.w.org\/{rel}","templated":true}]}}