{"id":815,"date":"2012-08-25T19:15:36","date_gmt":"2012-08-25T22:15:36","guid":{"rendered":"https:\/\/www.blogsoestado.com\/joaquimhaickel\/?p=815"},"modified":"2012-08-25T19:15:36","modified_gmt":"2012-08-25T22:15:36","slug":"o-gabinete-maranhense-de-leitura","status":"publish","type":"post","link":"https:\/\/www.blogsoestado.com\/joaquimhaickel\/2012\/08\/25\/o-gabinete-maranhense-de-leitura\/","title":{"rendered":"O Gabinete Maranhense de Leitura"},"content":{"rendered":"<p>No in\u00edcio deste ano, estava eu aguardando na ante-sala da governadora, quando de l\u00e1 saiu um grupo de empres\u00e1rios, dirigentes da Algar Agro, empresa mineira que no Maranh\u00e3o estabeleceu-se no munic\u00edpio de Porto Franco, onde se dedica \u00e0 industrializa\u00e7\u00e3o de derivados de soja, plantada em grande parte no sul de nosso estado.<\/p>\n<p>Fui apresentado a eles pelo secretario de Ind\u00fastria e Com\u00e9rcio, Mauricio Macedo, que ao faz\u00ea-lo comentou que eu poderia dar alguma ideia sobre um dos assuntos que a governadora tratara com eles.<\/p>\n<p>A princ\u00edpio, fiquei sem saber do que se tratava, at\u00e9 que me foi dito que a governadora havia sugerido que a Algar comprasse um pr\u00e9dio no centro hist\u00f3rico de S\u00e3o Luis e ali implantasse a sede de sua empresa ou ent\u00e3o, em parceria com uma institui\u00e7\u00e3o local, como por exemplo, a Academia Maranhense de Letras, o Instituto Hist\u00f3rico e Geogr\u00e1fico, o IPHAN, a UFMA, a UEMA, o IFMA ou com qualquer outra institui\u00e7\u00e3o respeit\u00e1vel, desenvolvesse um projeto onde se pudesse preservar n\u00e3o apenas as nossas tradi\u00e7\u00f5es art\u00edsticas e culturais, mas principalmente o nosso patrim\u00f4nio arquitet\u00f4nico.<\/p>\n<p>Vibrei com a genial ideia da governadora. Fazendo isso ela mostra a essas empresas, que normalmente investem imensas quantias na constru\u00e7\u00e3o de escrit\u00f3rios suntuosos, em bairros cujo metro quadrado supera em centenas de vezes os pre\u00e7os do centro hist\u00f3rico, que eles podem fazer algo muito mais barato e ainda por cima com uma fun\u00e7\u00e3o social important\u00edssima para nossa terra.<\/p>\n<p>Na hora pensei s\u00f3 comigo: s\u00e3o a\u00e7\u00f5es como essa que diferenciam um simples governante de um estadista. Se por um lado fiquei orgulhoso da atitude da governadora, por outro fiquei satisfeito, por estar ali, sozinho na pequena \u00e1rea, de frente pro gol, com a bola no p\u00e9 e o goleiro amarrado na trave do lado oposto. Tinha que fazer aquele gol!<\/p>\n<p>Falei com secretario Mauricio Macedo para que ele servisse de ponte e ajudasse a sacramentar o que aparentemente ficou ali acertado: A Algar iria adquirir um pr\u00e9dio indicado pela Academia Maranhense de Letras, o doaria para a institui\u00e7\u00e3o que por sua vez providenciaria, respaldada nas leis de incentivo, tanto do governo federal quanto do governo estadual, os recursos para a reforma do im\u00f3vel e para a implanta\u00e7\u00e3o nele, do projeto que se chamaria Gabinete Maranhense de Leitura.<\/p>\n<p>Passado algum tempo, a ideia foi discutida e aprimorada, tendo sido apresentada em uma reuni\u00e3o da Academia Maranhense de Letras, onde comuniquei que dois de nossos maiores colecionadores de livros, raros e importantes, se comprometeram em doar seus preciosos acervos para a Casa, se o projeto do Gabinete Maranhense de Leitura sair do \u00e2mbito dos planos e passar ao da realidade.<\/p>\n<p>Os acad\u00eamicos Jomar Moraes e Sebasti\u00e3o Moreira Duarte ser\u00e3o os primeiros a terem suas bibliotecas incorporadas a esse projeto.<\/p>\n<p>Deixe-me passar ent\u00e3o aos detalhes, assim voc\u00ea poder\u00e1 entender melhor como funcionar\u00e1 na pr\u00e1tica tal id\u00e9ia.<\/p>\n<p>Uma empresa que pode ser a Algar, a Suzano, a Alumar, a Vale, a Ra\u00edzen, a Petrobras, a Ambev, a Cemar, a EBX, a Votorantim, dentre tantas outras, adquire um pr\u00e9dio; sacramenta-se a doa\u00e7\u00e3o para a AML; a institui\u00e7\u00e3o manda elaborar um projeto para pleitear os ben\u00e9ficos das leis de incentivo, incluindo nele o projeto de reforma do im\u00f3vel; aprovam-se os projetos; conseguem-se os patrocinadores, que poder\u00e3o ser os mesmos j\u00e1 citados ou ainda os governos federal, estadual e municipal, atrav\u00e9s diretamente de seus or\u00e7amentos, de emendas parlamentares ou de recursos especiais; feito isso, reforma-se e adequa-se o pr\u00e9dio para o fim que se destina, reservando os sal\u00f5es onde ser\u00e3o colocadas as bibliotecas daqueles que doarem seus livros para esse fim.<\/p>\n<p>Estaremos assim garantindo e preservando dois patrim\u00f4nios de valores incalcul\u00e1veis, um pr\u00e9dio hist\u00f3rico e livros preciosos. Preservaremos o trabalho de uma vida inteira de homens como Jomar e Sebasti\u00e3o, que se dedicaram em buscar e proteger esses livros para si e que agora os oferecem a todos n\u00f3s.<\/p>\n<p>\u00c9 importante que se ressalte que o Gabinete Maranhense de Leitura da AML estar\u00e1 aberto a receber o acervo n\u00e3o s\u00f3 de seus membros, mas de toda aquela pessoa que desejar doar seus livros, filmes, quadros, obras de arte em geral para esse projeto, que ter\u00e1 visita\u00e7\u00e3o aberta e gratuita a todo p\u00fablico e ser\u00e1 administrado de forma moderna e competente. Para isso faremos parcerias com as universidades aqui instaladas, que queiram desse projeto participar.<\/p>\n<p>A iniciativa da governadora em convocar as empresas que no nosso estado trabalhem e desejam engrandec\u00ea-lo ajudando a proteger nosso patrim\u00f4nio cultural e arquitet\u00f4nico, a disposi\u00e7\u00e3o da AML em ser parceira nesse projeto, o despojamento de figuras como Jomar Moraes e Sebasti\u00e3o Duarte em doarem seus acervos, a imprescind\u00edvel parceria de nossas institui\u00e7\u00f5es universit\u00e1rias, tudo isso nos faz crer que este ser\u00e1 um projeto de grande sucesso, a exemplo do Museu da L\u00edngua Portuguesa, em nossa cidade patrocinado pela Vale.<\/p>\n","protected":false},"excerpt":{"rendered":"<p>No in\u00edcio deste ano, estava eu aguardando na ante-sala da governadora, quando de l\u00e1 saiu um grupo de empres\u00e1rios, dirigentes [&hellip;]<\/p>\n","protected":false},"author":7,"featured_media":0,"comment_status":"open","ping_status":"open","sticky":false,"template":"","format":"standard","meta":{"site-sidebar-layout":"default","site-content-layout":"","ast-site-content-layout":"default","site-content-style":"default","site-sidebar-style":"default","ast-global-header-display":"","ast-banner-title-visibility":"","ast-main-header-display":"","ast-hfb-above-header-display":"","ast-hfb-below-header-display":"","ast-hfb-mobile-header-display":"","site-post-title":"","ast-breadcrumbs-content":"","ast-featured-img":"","footer-sml-layout":"","ast-disable-related-posts":"","theme-transparent-header-meta":"","adv-header-id-meta":"","stick-header-meta":"","header-above-stick-meta":"","header-main-stick-meta":"","header-below-stick-meta":"","astra-migrate-meta-layouts":"default","ast-page-background-enabled":"default","ast-page-background-meta":{"desktop":{"background-color":"var(--ast-global-color-5)","background-image":"","background-repeat":"repeat","background-position":"center center","background-size":"auto","background-attachment":"scroll","background-type":"","background-media":"","overlay-type":"","overlay-color":"","overlay-opacity":"","overlay-gradient":""},"tablet":{"background-color":"","background-image":"","background-repeat":"repeat","background-position":"center center","background-size":"auto","background-attachment":"scroll","background-type":"","background-media":"","overlay-type":"","overlay-color":"","overlay-opacity":"","overlay-gradient":""},"mobile":{"background-color":"","background-image":"","background-repeat":"repeat","background-position":"center center","background-size":"auto","background-attachment":"scroll","background-type":"","background-media":"","overlay-type":"","overlay-color":"","overlay-opacity":"","overlay-gradient":""}},"ast-content-background-meta":{"desktop":{"background-color":"var(--ast-global-color-4)","background-image":"","background-repeat":"repeat","background-position":"center center","background-size":"auto","background-attachment":"scroll","background-type":"","background-media":"","overlay-type":"","overlay-color":"","overlay-opacity":"","overlay-gradient":""},"tablet":{"background-color":"var(--ast-global-color-4)","background-image":"","background-repeat":"repeat","background-position":"center center","background-size":"auto","background-attachment":"scroll","background-type":"","background-media":"","overlay-type":"","overlay-color":"","overlay-opacity":"","overlay-gradient":""},"mobile":{"background-color":"var(--ast-global-color-4)","background-image":"","background-repeat":"repeat","background-position":"center center","background-size":"auto","background-attachment":"scroll","background-type":"","background-media":"","overlay-type":"","overlay-color":"","overlay-opacity":"","overlay-gradient":""}},"footnotes":""},"categories":[1],"tags":[],"class_list":["post-815","post","type-post","status-publish","format-standard","hentry","category-sem-categoria"],"yoast_head":"<!-- This site is optimized with the Yoast SEO plugin v26.6 - https:\/\/yoast.com\/wordpress\/plugins\/seo\/ -->\n<title>O Gabinete Maranhense de Leitura - Joaquim Haickel<\/title>\n<meta name=\"robots\" content=\"index, follow, max-snippet:-1, max-image-preview:large, max-video-preview:-1\" \/>\n<link rel=\"canonical\" href=\"https:\/\/www.blogsoestado.com\/joaquimhaickel\/2012\/08\/25\/o-gabinete-maranhense-de-leitura\/\" \/>\n<meta property=\"og:locale\" content=\"pt_BR\" \/>\n<meta property=\"og:type\" content=\"article\" \/>\n<meta property=\"og:title\" content=\"O Gabinete Maranhense de Leitura - Joaquim Haickel\" \/>\n<meta property=\"og:description\" content=\"No in\u00edcio deste ano, estava eu aguardando na ante-sala da governadora, quando de l\u00e1 saiu um grupo de empres\u00e1rios, dirigentes [&hellip;]\" \/>\n<meta property=\"og:url\" content=\"https:\/\/www.blogsoestado.com\/joaquimhaickel\/2012\/08\/25\/o-gabinete-maranhense-de-leitura\/\" \/>\n<meta property=\"og:site_name\" content=\"Joaquim Haickel\" \/>\n<meta property=\"article:published_time\" content=\"2012-08-25T22:15:36+00:00\" \/>\n<meta name=\"author\" content=\"Joaquim Haickel\" \/>\n<meta name=\"twitter:card\" content=\"summary_large_image\" \/>\n<meta name=\"twitter:label1\" content=\"Escrito por\" \/>\n\t<meta name=\"twitter:data1\" content=\"Joaquim Haickel\" \/>\n\t<meta name=\"twitter:label2\" content=\"Est. tempo de leitura\" \/>\n\t<meta name=\"twitter:data2\" content=\"4 minutos\" \/>\n<script type=\"application\/ld+json\" class=\"yoast-schema-graph\">{\"@context\":\"https:\/\/schema.org\",\"@graph\":[{\"@type\":\"WebPage\",\"@id\":\"https:\/\/www.blogsoestado.com\/joaquimhaickel\/2012\/08\/25\/o-gabinete-maranhense-de-leitura\/\",\"url\":\"https:\/\/www.blogsoestado.com\/joaquimhaickel\/2012\/08\/25\/o-gabinete-maranhense-de-leitura\/\",\"name\":\"O Gabinete Maranhense de Leitura - Joaquim Haickel\",\"isPartOf\":{\"@id\":\"https:\/\/www.blogsoestado.com\/joaquimhaickel\/#website\"},\"datePublished\":\"2012-08-25T22:15:36+00:00\",\"author\":{\"@id\":\"https:\/\/www.blogsoestado.com\/joaquimhaickel\/#\/schema\/person\/4a711644aff28245c6c2c3452d66d325\"},\"breadcrumb\":{\"@id\":\"https:\/\/www.blogsoestado.com\/joaquimhaickel\/2012\/08\/25\/o-gabinete-maranhense-de-leitura\/#breadcrumb\"},\"inLanguage\":\"pt-BR\",\"potentialAction\":[{\"@type\":\"ReadAction\",\"target\":[\"https:\/\/www.blogsoestado.com\/joaquimhaickel\/2012\/08\/25\/o-gabinete-maranhense-de-leitura\/\"]}]},{\"@type\":\"BreadcrumbList\",\"@id\":\"https:\/\/www.blogsoestado.com\/joaquimhaickel\/2012\/08\/25\/o-gabinete-maranhense-de-leitura\/#breadcrumb\",\"itemListElement\":[{\"@type\":\"ListItem\",\"position\":1,\"name\":\"In\u00edcio\",\"item\":\"https:\/\/www.blogsoestado.com\/joaquimhaickel\/\"},{\"@type\":\"ListItem\",\"position\":2,\"name\":\"O Gabinete Maranhense de Leitura\"}]},{\"@type\":\"WebSite\",\"@id\":\"https:\/\/www.blogsoestado.com\/joaquimhaickel\/#website\",\"url\":\"https:\/\/www.blogsoestado.com\/joaquimhaickel\/\",\"name\":\"Joaquim Haickel\",\"description\":\"\",\"potentialAction\":[{\"@type\":\"SearchAction\",\"target\":{\"@type\":\"EntryPoint\",\"urlTemplate\":\"https:\/\/www.blogsoestado.com\/joaquimhaickel\/?s={search_term_string}\"},\"query-input\":{\"@type\":\"PropertyValueSpecification\",\"valueRequired\":true,\"valueName\":\"search_term_string\"}}],\"inLanguage\":\"pt-BR\"},{\"@type\":\"Person\",\"@id\":\"https:\/\/www.blogsoestado.com\/joaquimhaickel\/#\/schema\/person\/4a711644aff28245c6c2c3452d66d325\",\"name\":\"Joaquim Haickel\",\"image\":{\"@type\":\"ImageObject\",\"inLanguage\":\"pt-BR\",\"@id\":\"https:\/\/www.blogsoestado.com\/joaquimhaickel\/#\/schema\/person\/image\/\",\"url\":\"https:\/\/secure.gravatar.com\/avatar\/473d89339b9f8ec089adb8d5778363eb5a2ba2319956bcf0298bfd8cca04684a?s=96&d=mm&r=g\",\"contentUrl\":\"https:\/\/secure.gravatar.com\/avatar\/473d89339b9f8ec089adb8d5778363eb5a2ba2319956bcf0298bfd8cca04684a?s=96&d=mm&r=g\",\"caption\":\"Joaquim Haickel\"},\"url\":\"https:\/\/www.blogsoestado.com\/joaquimhaickel\/author\/joaquimhaickel\/\"}]}<\/script>\n<!-- \/ Yoast SEO plugin. -->","yoast_head_json":{"title":"O Gabinete Maranhense de Leitura - Joaquim Haickel","robots":{"index":"index","follow":"follow","max-snippet":"max-snippet:-1","max-image-preview":"max-image-preview:large","max-video-preview":"max-video-preview:-1"},"canonical":"https:\/\/www.blogsoestado.com\/joaquimhaickel\/2012\/08\/25\/o-gabinete-maranhense-de-leitura\/","og_locale":"pt_BR","og_type":"article","og_title":"O Gabinete Maranhense de Leitura - Joaquim Haickel","og_description":"No in\u00edcio deste ano, estava eu aguardando na ante-sala da governadora, quando de l\u00e1 saiu um grupo de empres\u00e1rios, dirigentes [&hellip;]","og_url":"https:\/\/www.blogsoestado.com\/joaquimhaickel\/2012\/08\/25\/o-gabinete-maranhense-de-leitura\/","og_site_name":"Joaquim Haickel","article_published_time":"2012-08-25T22:15:36+00:00","author":"Joaquim Haickel","twitter_card":"summary_large_image","twitter_misc":{"Escrito por":"Joaquim Haickel","Est. tempo de leitura":"4 minutos"},"schema":{"@context":"https:\/\/schema.org","@graph":[{"@type":"WebPage","@id":"https:\/\/www.blogsoestado.com\/joaquimhaickel\/2012\/08\/25\/o-gabinete-maranhense-de-leitura\/","url":"https:\/\/www.blogsoestado.com\/joaquimhaickel\/2012\/08\/25\/o-gabinete-maranhense-de-leitura\/","name":"O Gabinete Maranhense de Leitura - Joaquim Haickel","isPartOf":{"@id":"https:\/\/www.blogsoestado.com\/joaquimhaickel\/#website"},"datePublished":"2012-08-25T22:15:36+00:00","author":{"@id":"https:\/\/www.blogsoestado.com\/joaquimhaickel\/#\/schema\/person\/4a711644aff28245c6c2c3452d66d325"},"breadcrumb":{"@id":"https:\/\/www.blogsoestado.com\/joaquimhaickel\/2012\/08\/25\/o-gabinete-maranhense-de-leitura\/#breadcrumb"},"inLanguage":"pt-BR","potentialAction":[{"@type":"ReadAction","target":["https:\/\/www.blogsoestado.com\/joaquimhaickel\/2012\/08\/25\/o-gabinete-maranhense-de-leitura\/"]}]},{"@type":"BreadcrumbList","@id":"https:\/\/www.blogsoestado.com\/joaquimhaickel\/2012\/08\/25\/o-gabinete-maranhense-de-leitura\/#breadcrumb","itemListElement":[{"@type":"ListItem","position":1,"name":"In\u00edcio","item":"https:\/\/www.blogsoestado.com\/joaquimhaickel\/"},{"@type":"ListItem","position":2,"name":"O Gabinete Maranhense de Leitura"}]},{"@type":"WebSite","@id":"https:\/\/www.blogsoestado.com\/joaquimhaickel\/#website","url":"https:\/\/www.blogsoestado.com\/joaquimhaickel\/","name":"Joaquim Haickel","description":"","potentialAction":[{"@type":"SearchAction","target":{"@type":"EntryPoint","urlTemplate":"https:\/\/www.blogsoestado.com\/joaquimhaickel\/?s={search_term_string}"},"query-input":{"@type":"PropertyValueSpecification","valueRequired":true,"valueName":"search_term_string"}}],"inLanguage":"pt-BR"},{"@type":"Person","@id":"https:\/\/www.blogsoestado.com\/joaquimhaickel\/#\/schema\/person\/4a711644aff28245c6c2c3452d66d325","name":"Joaquim Haickel","image":{"@type":"ImageObject","inLanguage":"pt-BR","@id":"https:\/\/www.blogsoestado.com\/joaquimhaickel\/#\/schema\/person\/image\/","url":"https:\/\/secure.gravatar.com\/avatar\/473d89339b9f8ec089adb8d5778363eb5a2ba2319956bcf0298bfd8cca04684a?s=96&d=mm&r=g","contentUrl":"https:\/\/secure.gravatar.com\/avatar\/473d89339b9f8ec089adb8d5778363eb5a2ba2319956bcf0298bfd8cca04684a?s=96&d=mm&r=g","caption":"Joaquim Haickel"},"url":"https:\/\/www.blogsoestado.com\/joaquimhaickel\/author\/joaquimhaickel\/"}]}},"jetpack_featured_media_url":"","_links":{"self":[{"href":"https:\/\/www.blogsoestado.com\/joaquimhaickel\/wp-json\/wp\/v2\/posts\/815","targetHints":{"allow":["GET"]}}],"collection":[{"href":"https:\/\/www.blogsoestado.com\/joaquimhaickel\/wp-json\/wp\/v2\/posts"}],"about":[{"href":"https:\/\/www.blogsoestado.com\/joaquimhaickel\/wp-json\/wp\/v2\/types\/post"}],"author":[{"embeddable":true,"href":"https:\/\/www.blogsoestado.com\/joaquimhaickel\/wp-json\/wp\/v2\/users\/7"}],"replies":[{"embeddable":true,"href":"https:\/\/www.blogsoestado.com\/joaquimhaickel\/wp-json\/wp\/v2\/comments?post=815"}],"version-history":[{"count":0,"href":"https:\/\/www.blogsoestado.com\/joaquimhaickel\/wp-json\/wp\/v2\/posts\/815\/revisions"}],"wp:attachment":[{"href":"https:\/\/www.blogsoestado.com\/joaquimhaickel\/wp-json\/wp\/v2\/media?parent=815"}],"wp:term":[{"taxonomy":"category","embeddable":true,"href":"https:\/\/www.blogsoestado.com\/joaquimhaickel\/wp-json\/wp\/v2\/categories?post=815"},{"taxonomy":"post_tag","embeddable":true,"href":"https:\/\/www.blogsoestado.com\/joaquimhaickel\/wp-json\/wp\/v2\/tags?post=815"}],"curies":[{"name":"wp","href":"https:\/\/api.w.org\/{rel}","templated":true}]}}