{"id":875,"date":"2012-10-07T06:15:32","date_gmt":"2012-10-07T09:15:32","guid":{"rendered":"https:\/\/www.blogsoestado.com\/joaquimhaickel\/?p=875"},"modified":"2012-10-07T06:15:32","modified_gmt":"2012-10-07T09:15:32","slug":"o-comeco-do-futuro","status":"publish","type":"post","link":"https:\/\/www.blogsoestado.com\/joaquimhaickel\/2012\/10\/07\/o-comeco-do-futuro\/","title":{"rendered":"O come\u00e7o do futuro"},"content":{"rendered":"<p>Participo ativamente de campanhas pol\u00edticas h\u00e1 quase 40 anos. Excetuando-se as duas primeiras, quando eu ainda era muito jovem, foi esta, a de 2012, a que eu me envolvi menos.<\/p>\n<p>O fato de eu n\u00e3o mais querer ser candidato a mandato eletivo me d\u00e1 uma imensa liberdade, uma sensa\u00e7\u00e3o que na verdade nunca havia experimentado antes. Posso dizer o que penso e fazer o que quero sem me preocupar em ferir alguma suscetibilidade, sem me preocupar em desagradar esse chefe pol\u00edtico ou aquele cabo eleitoral.<\/p>\n<p>Mas apesar de bastante afastado, \u00e9 imposs\u00edvel n\u00e3o participar de alguma forma, ajudando de alguma maneira, pessoas com quem durante toda a vida dividi os palanques e me ombreei nas batalhas eleitorais.<\/p>\n<p>Nasci em S\u00e3o Lu\u00eds e era eleitor da primeira zona da capital at\u00e9 transferir meu domic\u00edlio eleitoral para Santa In\u00eas, lugar que pretendi um dia administrar, cidade na qual instalei algumas de minhas emissoras de r\u00e1dio e televis\u00e3o. O plano passou a ser sonho que de tanto ser adiado, virou apenas uma fugaz quimera. Hoje isso \u00e9 impens\u00e1vel.<\/p>\n<p>Nessa elei\u00e7\u00e3o n\u00e3o estive em Santa In\u00eas, cidade administrada pelo competente Robert Bringel que durante oito anos a manteve entre as mais bem dirigidas do Maranh\u00e3o.<\/p>\n<p>Dividido eleitoralmente, o grupo de Bringel e Cabral, ex-prefeito e igualmente bom administrador, abriu a possibilidade de crescimento e de vit\u00f3ria ao grupo liderado pelo deputado Ribamar Alves, que tenta h\u00e1 muitos anos comandar a cidade. A disputa est\u00e1 acirrada.<\/p>\n<p>Localizada a 8 Km de Santa In\u00eas, Pindar\u00e9-Mirim \u00e9 a cidade em que meu pai nasceu e meu tio Z\u00e9 Antonio Haickel foi prefeito duas vezes. L\u00e1 tamb\u00e9m n\u00e3o fui, mas estive presente de v\u00e1rias formas, inclusive atrav\u00e9s dos amigos que apoiam o dr. Valber, que pelo que indicam as pesquisas dever\u00e1 ser o pr\u00f3ximo prefeito.<\/p>\n<p>Pessoalmente estive apenas em Buriti Bravo, com o futuro prefeito Cid Costa e em S\u00e3o Domingos, com meus queridos amigos do grupo Folha: Z\u00e9, Dim, Nogueira e tantos outros.<\/p>\n<p>S\u00e3o Domingos \u00e9 um capitulo \u00e0 parte em minha trajet\u00f3ria pol\u00edtica. L\u00e1 sinto claramente o carinho e o amor que as pessoas de meu grupo pol\u00edtico dedicam a mim. Mesmo n\u00e3o sendo mais o seu representante no Legislativo eles mant\u00e9m comigo v\u00ednculos que chegam a me emocionar. L\u00e1 tamb\u00e9m acontece um fen\u00f4meno curioso. Nossos advers\u00e1rios, tanto os chefes quanto as pessoas do povo mesmo, tem por mim grande respeito, sentimento que me faz ainda crer na boa pol\u00edtica.<\/p>\n<p>Em Buriti Bravo eu e o ministro Gast\u00e3o Vieira fizemos Hist\u00f3ria. Conseguimos unir dois grupos advers\u00e1rios em torno de uma candidatura que certamente sair\u00e1 vitoriosa das urnas.<\/p>\n<p>A pol\u00edtica quando \u00e9 feita dessa maneira me fascina e me faz acreditar que ela \u00e9 mesmo fator positivo de transforma\u00e7\u00e3o da sociedade. Mas por sentir que ela muito mais frequentemente tem sido praticada de forma incoerente e irrespons\u00e1vel, \u00e9 que resolvi distanciar-me um pouco dela. Pelo menos de sua vertente eleitoral.<\/p>\n<p>Outros amigos meus continuam na lide pol\u00edtica. S\u00e9rgio Albuquerque deve se reeleger prefeito de Primeira Cruz, onde faz uma excelente administra\u00e7\u00e3o. O mesmo ocorre com Surama Soares em S\u00e3o Jo\u00e3o Batista. J\u00e1 na pequenina Satubinha, dr. Fl\u00e1vio tenta eleger-se, enquanto tr\u00eas amigos meus, Rodrigo, Alex e Lucinho disputam em Olho D\u2019\u00e1gua das Cunh\u00e3s.<\/p>\n<p>Zuca Viana luta contra for\u00e7as enormes em Buriti de In\u00e1cia Vaz e Queiroz deve vencer sem maiores dificuldades em Mon\u00e7\u00e3o.<\/p>\n<p>Zeca Br\u00e1s, um de meus amigos mais antigos e leais juntou-se com o prefeito de Altamira, coisa com a qual n\u00e3o concordei, mas uma das regras b\u00e1sicas da pol\u00edtica municipal \u00e9 o deputado n\u00e3o se meter nas decis\u00f5es internas dos grupos. Cada um sabe onde mais lhe aperta o sapato.<\/p>\n<p>H\u00e1 ainda Afonso que tenta se eleger em Presidente Juscelino e outros, inclusive alguns que eram \u201cEsperan\u00e7a\u201d, mas se transformaram em decep\u00e7\u00e3o por meio da trai\u00e7\u00e3o.<\/p>\n<p>Tenho ainda amigos que s\u00e3o candidatos a prefeitos e vereadores pelos quais tor\u00e7o, apoio e ajudo de diversas maneiras.<\/p>\n<p>Em S\u00e3o Lu\u00eds muitos destes disputam uma vaga na C\u00e2mara de Vereadores, inclusive meu primo Marco Aur\u00e9lio.<\/p>\n<p>Para prefeito da capital apoio e trabalho para Washington Oliveira, amigo que tem me ajudado bastante, acompanhando-me a Bras\u00edlia na tentativa de liberar os recursos federais destinados ao setor esportivo de nosso Estado. Homem correto e leal.<\/p>\n<p>Bem, amigos!!!&#8230; Hoje \u00e9 domingo&#8230; Do p\u00e9 de cachimbo&#8230; Mas \u00e9 tamb\u00e9m dia de elei\u00e7\u00e3o! Hora dessas deve todo mundo est\u00e1 indo votar! N\u00e3o sei se usando o direito de escolher quem vai dirigir os destinos de nossas cidades, e por isso indiretamente os nossos, ou se agindo pelo dever de optar por uma ou por outra proposta, por um ou por outro candidato, que nos pr\u00f3ximos quatro anos vai ser o respons\u00e1vel por gerir nossas cidades.<\/p>\n<p>Tenhamos muita responsabilidade nessa hora. Seu voto deve durar 30 segundos, mas as consequ\u00eancias dele ser\u00e3o sentidas nos pr\u00f3ximos quatro anos.<\/p>\n<p>&nbsp;<\/p>\n<p>PS: Este texto j\u00e1 estava pronto e eu j\u00e1 havia criado la\u00e7os afetivos com ele, se n\u00e3o fosse por isso eu iria comentar sobre o debate entre os candidatos a prefeito de S\u00e3o Lu\u00eds que acabo de assistir na televis\u00e3o. Meeeeu Deeeus!<\/p>\n<p>&nbsp;<\/p>\n","protected":false},"excerpt":{"rendered":"<p>Participo ativamente de campanhas pol\u00edticas h\u00e1 quase 40 anos. Excetuando-se as duas primeiras, quando eu ainda era muito jovem, foi [&hellip;]<\/p>\n","protected":false},"author":7,"featured_media":0,"comment_status":"open","ping_status":"open","sticky":false,"template":"","format":"standard","meta":{"site-sidebar-layout":"default","site-content-layout":"","ast-site-content-layout":"default","site-content-style":"default","site-sidebar-style":"default","ast-global-header-display":"","ast-banner-title-visibility":"","ast-main-header-display":"","ast-hfb-above-header-display":"","ast-hfb-below-header-display":"","ast-hfb-mobile-header-display":"","site-post-title":"","ast-breadcrumbs-content":"","ast-featured-img":"","footer-sml-layout":"","ast-disable-related-posts":"","theme-transparent-header-meta":"","adv-header-id-meta":"","stick-header-meta":"","header-above-stick-meta":"","header-main-stick-meta":"","header-below-stick-meta":"","astra-migrate-meta-layouts":"default","ast-page-background-enabled":"default","ast-page-background-meta":{"desktop":{"background-color":"var(--ast-global-color-5)","background-image":"","background-repeat":"repeat","background-position":"center center","background-size":"auto","background-attachment":"scroll","background-type":"","background-media":"","overlay-type":"","overlay-color":"","overlay-opacity":"","overlay-gradient":""},"tablet":{"background-color":"","background-image":"","background-repeat":"repeat","background-position":"center center","background-size":"auto","background-attachment":"scroll","background-type":"","background-media":"","overlay-type":"","overlay-color":"","overlay-opacity":"","overlay-gradient":""},"mobile":{"background-color":"","background-image":"","background-repeat":"repeat","background-position":"center center","background-size":"auto","background-attachment":"scroll","background-type":"","background-media":"","overlay-type":"","overlay-color":"","overlay-opacity":"","overlay-gradient":""}},"ast-content-background-meta":{"desktop":{"background-color":"var(--ast-global-color-4)","background-image":"","background-repeat":"repeat","background-position":"center center","background-size":"auto","background-attachment":"scroll","background-type":"","background-media":"","overlay-type":"","overlay-color":"","overlay-opacity":"","overlay-gradient":""},"tablet":{"background-color":"var(--ast-global-color-4)","background-image":"","background-repeat":"repeat","background-position":"center center","background-size":"auto","background-attachment":"scroll","background-type":"","background-media":"","overlay-type":"","overlay-color":"","overlay-opacity":"","overlay-gradient":""},"mobile":{"background-color":"var(--ast-global-color-4)","background-image":"","background-repeat":"repeat","background-position":"center center","background-size":"auto","background-attachment":"scroll","background-type":"","background-media":"","overlay-type":"","overlay-color":"","overlay-opacity":"","overlay-gradient":""}},"footnotes":""},"categories":[1],"tags":[],"class_list":["post-875","post","type-post","status-publish","format-standard","hentry","category-sem-categoria"],"yoast_head":"<!-- This site is optimized with the Yoast SEO plugin v26.6 - https:\/\/yoast.com\/wordpress\/plugins\/seo\/ -->\n<title>O come\u00e7o do futuro - Joaquim Haickel<\/title>\n<meta name=\"robots\" content=\"index, follow, max-snippet:-1, max-image-preview:large, max-video-preview:-1\" \/>\n<link rel=\"canonical\" href=\"https:\/\/www.blogsoestado.com\/joaquimhaickel\/2012\/10\/07\/o-comeco-do-futuro\/\" \/>\n<meta property=\"og:locale\" content=\"pt_BR\" \/>\n<meta property=\"og:type\" content=\"article\" \/>\n<meta property=\"og:title\" content=\"O come\u00e7o do futuro - Joaquim Haickel\" \/>\n<meta property=\"og:description\" content=\"Participo ativamente de campanhas pol\u00edticas h\u00e1 quase 40 anos. Excetuando-se as duas primeiras, quando eu ainda era muito jovem, foi [&hellip;]\" \/>\n<meta property=\"og:url\" content=\"https:\/\/www.blogsoestado.com\/joaquimhaickel\/2012\/10\/07\/o-comeco-do-futuro\/\" \/>\n<meta property=\"og:site_name\" content=\"Joaquim Haickel\" \/>\n<meta property=\"article:published_time\" content=\"2012-10-07T09:15:32+00:00\" \/>\n<meta name=\"author\" content=\"Joaquim Haickel\" \/>\n<meta name=\"twitter:card\" content=\"summary_large_image\" \/>\n<meta name=\"twitter:label1\" content=\"Escrito por\" \/>\n\t<meta name=\"twitter:data1\" content=\"Joaquim Haickel\" \/>\n\t<meta name=\"twitter:label2\" content=\"Est. tempo de leitura\" \/>\n\t<meta name=\"twitter:data2\" content=\"5 minutos\" \/>\n<script type=\"application\/ld+json\" class=\"yoast-schema-graph\">{\"@context\":\"https:\/\/schema.org\",\"@graph\":[{\"@type\":\"WebPage\",\"@id\":\"https:\/\/www.blogsoestado.com\/joaquimhaickel\/2012\/10\/07\/o-comeco-do-futuro\/\",\"url\":\"https:\/\/www.blogsoestado.com\/joaquimhaickel\/2012\/10\/07\/o-comeco-do-futuro\/\",\"name\":\"O come\u00e7o do futuro - Joaquim Haickel\",\"isPartOf\":{\"@id\":\"https:\/\/www.blogsoestado.com\/joaquimhaickel\/#website\"},\"datePublished\":\"2012-10-07T09:15:32+00:00\",\"author\":{\"@id\":\"https:\/\/www.blogsoestado.com\/joaquimhaickel\/#\/schema\/person\/4a711644aff28245c6c2c3452d66d325\"},\"breadcrumb\":{\"@id\":\"https:\/\/www.blogsoestado.com\/joaquimhaickel\/2012\/10\/07\/o-comeco-do-futuro\/#breadcrumb\"},\"inLanguage\":\"pt-BR\",\"potentialAction\":[{\"@type\":\"ReadAction\",\"target\":[\"https:\/\/www.blogsoestado.com\/joaquimhaickel\/2012\/10\/07\/o-comeco-do-futuro\/\"]}]},{\"@type\":\"BreadcrumbList\",\"@id\":\"https:\/\/www.blogsoestado.com\/joaquimhaickel\/2012\/10\/07\/o-comeco-do-futuro\/#breadcrumb\",\"itemListElement\":[{\"@type\":\"ListItem\",\"position\":1,\"name\":\"In\u00edcio\",\"item\":\"https:\/\/www.blogsoestado.com\/joaquimhaickel\/\"},{\"@type\":\"ListItem\",\"position\":2,\"name\":\"O come\u00e7o do futuro\"}]},{\"@type\":\"WebSite\",\"@id\":\"https:\/\/www.blogsoestado.com\/joaquimhaickel\/#website\",\"url\":\"https:\/\/www.blogsoestado.com\/joaquimhaickel\/\",\"name\":\"Joaquim Haickel\",\"description\":\"\",\"potentialAction\":[{\"@type\":\"SearchAction\",\"target\":{\"@type\":\"EntryPoint\",\"urlTemplate\":\"https:\/\/www.blogsoestado.com\/joaquimhaickel\/?s={search_term_string}\"},\"query-input\":{\"@type\":\"PropertyValueSpecification\",\"valueRequired\":true,\"valueName\":\"search_term_string\"}}],\"inLanguage\":\"pt-BR\"},{\"@type\":\"Person\",\"@id\":\"https:\/\/www.blogsoestado.com\/joaquimhaickel\/#\/schema\/person\/4a711644aff28245c6c2c3452d66d325\",\"name\":\"Joaquim Haickel\",\"image\":{\"@type\":\"ImageObject\",\"inLanguage\":\"pt-BR\",\"@id\":\"https:\/\/www.blogsoestado.com\/joaquimhaickel\/#\/schema\/person\/image\/\",\"url\":\"https:\/\/secure.gravatar.com\/avatar\/473d89339b9f8ec089adb8d5778363eb5a2ba2319956bcf0298bfd8cca04684a?s=96&d=mm&r=g\",\"contentUrl\":\"https:\/\/secure.gravatar.com\/avatar\/473d89339b9f8ec089adb8d5778363eb5a2ba2319956bcf0298bfd8cca04684a?s=96&d=mm&r=g\",\"caption\":\"Joaquim Haickel\"},\"url\":\"https:\/\/www.blogsoestado.com\/joaquimhaickel\/author\/joaquimhaickel\/\"}]}<\/script>\n<!-- \/ Yoast SEO plugin. -->","yoast_head_json":{"title":"O come\u00e7o do futuro - Joaquim Haickel","robots":{"index":"index","follow":"follow","max-snippet":"max-snippet:-1","max-image-preview":"max-image-preview:large","max-video-preview":"max-video-preview:-1"},"canonical":"https:\/\/www.blogsoestado.com\/joaquimhaickel\/2012\/10\/07\/o-comeco-do-futuro\/","og_locale":"pt_BR","og_type":"article","og_title":"O come\u00e7o do futuro - Joaquim Haickel","og_description":"Participo ativamente de campanhas pol\u00edticas h\u00e1 quase 40 anos. Excetuando-se as duas primeiras, quando eu ainda era muito jovem, foi [&hellip;]","og_url":"https:\/\/www.blogsoestado.com\/joaquimhaickel\/2012\/10\/07\/o-comeco-do-futuro\/","og_site_name":"Joaquim Haickel","article_published_time":"2012-10-07T09:15:32+00:00","author":"Joaquim Haickel","twitter_card":"summary_large_image","twitter_misc":{"Escrito por":"Joaquim Haickel","Est. tempo de leitura":"5 minutos"},"schema":{"@context":"https:\/\/schema.org","@graph":[{"@type":"WebPage","@id":"https:\/\/www.blogsoestado.com\/joaquimhaickel\/2012\/10\/07\/o-comeco-do-futuro\/","url":"https:\/\/www.blogsoestado.com\/joaquimhaickel\/2012\/10\/07\/o-comeco-do-futuro\/","name":"O come\u00e7o do futuro - Joaquim Haickel","isPartOf":{"@id":"https:\/\/www.blogsoestado.com\/joaquimhaickel\/#website"},"datePublished":"2012-10-07T09:15:32+00:00","author":{"@id":"https:\/\/www.blogsoestado.com\/joaquimhaickel\/#\/schema\/person\/4a711644aff28245c6c2c3452d66d325"},"breadcrumb":{"@id":"https:\/\/www.blogsoestado.com\/joaquimhaickel\/2012\/10\/07\/o-comeco-do-futuro\/#breadcrumb"},"inLanguage":"pt-BR","potentialAction":[{"@type":"ReadAction","target":["https:\/\/www.blogsoestado.com\/joaquimhaickel\/2012\/10\/07\/o-comeco-do-futuro\/"]}]},{"@type":"BreadcrumbList","@id":"https:\/\/www.blogsoestado.com\/joaquimhaickel\/2012\/10\/07\/o-comeco-do-futuro\/#breadcrumb","itemListElement":[{"@type":"ListItem","position":1,"name":"In\u00edcio","item":"https:\/\/www.blogsoestado.com\/joaquimhaickel\/"},{"@type":"ListItem","position":2,"name":"O come\u00e7o do futuro"}]},{"@type":"WebSite","@id":"https:\/\/www.blogsoestado.com\/joaquimhaickel\/#website","url":"https:\/\/www.blogsoestado.com\/joaquimhaickel\/","name":"Joaquim Haickel","description":"","potentialAction":[{"@type":"SearchAction","target":{"@type":"EntryPoint","urlTemplate":"https:\/\/www.blogsoestado.com\/joaquimhaickel\/?s={search_term_string}"},"query-input":{"@type":"PropertyValueSpecification","valueRequired":true,"valueName":"search_term_string"}}],"inLanguage":"pt-BR"},{"@type":"Person","@id":"https:\/\/www.blogsoestado.com\/joaquimhaickel\/#\/schema\/person\/4a711644aff28245c6c2c3452d66d325","name":"Joaquim Haickel","image":{"@type":"ImageObject","inLanguage":"pt-BR","@id":"https:\/\/www.blogsoestado.com\/joaquimhaickel\/#\/schema\/person\/image\/","url":"https:\/\/secure.gravatar.com\/avatar\/473d89339b9f8ec089adb8d5778363eb5a2ba2319956bcf0298bfd8cca04684a?s=96&d=mm&r=g","contentUrl":"https:\/\/secure.gravatar.com\/avatar\/473d89339b9f8ec089adb8d5778363eb5a2ba2319956bcf0298bfd8cca04684a?s=96&d=mm&r=g","caption":"Joaquim Haickel"},"url":"https:\/\/www.blogsoestado.com\/joaquimhaickel\/author\/joaquimhaickel\/"}]}},"jetpack_featured_media_url":"","_links":{"self":[{"href":"https:\/\/www.blogsoestado.com\/joaquimhaickel\/wp-json\/wp\/v2\/posts\/875","targetHints":{"allow":["GET"]}}],"collection":[{"href":"https:\/\/www.blogsoestado.com\/joaquimhaickel\/wp-json\/wp\/v2\/posts"}],"about":[{"href":"https:\/\/www.blogsoestado.com\/joaquimhaickel\/wp-json\/wp\/v2\/types\/post"}],"author":[{"embeddable":true,"href":"https:\/\/www.blogsoestado.com\/joaquimhaickel\/wp-json\/wp\/v2\/users\/7"}],"replies":[{"embeddable":true,"href":"https:\/\/www.blogsoestado.com\/joaquimhaickel\/wp-json\/wp\/v2\/comments?post=875"}],"version-history":[{"count":0,"href":"https:\/\/www.blogsoestado.com\/joaquimhaickel\/wp-json\/wp\/v2\/posts\/875\/revisions"}],"wp:attachment":[{"href":"https:\/\/www.blogsoestado.com\/joaquimhaickel\/wp-json\/wp\/v2\/media?parent=875"}],"wp:term":[{"taxonomy":"category","embeddable":true,"href":"https:\/\/www.blogsoestado.com\/joaquimhaickel\/wp-json\/wp\/v2\/categories?post=875"},{"taxonomy":"post_tag","embeddable":true,"href":"https:\/\/www.blogsoestado.com\/joaquimhaickel\/wp-json\/wp\/v2\/tags?post=875"}],"curies":[{"name":"wp","href":"https:\/\/api.w.org\/{rel}","templated":true}]}}