{"id":894,"date":"2012-10-13T21:15:58","date_gmt":"2012-10-14T00:15:58","guid":{"rendered":"https:\/\/www.blogsoestado.com\/joaquimhaickel\/?p=894"},"modified":"2012-10-13T21:15:58","modified_gmt":"2012-10-14T00:15:58","slug":"quarenta-anos-de-jems","status":"publish","type":"post","link":"https:\/\/www.blogsoestado.com\/joaquimhaickel\/2012\/10\/13\/quarenta-anos-de-jems\/","title":{"rendered":"Quarenta anos de JEMs"},"content":{"rendered":"<p>A realiza\u00e7\u00e3o de um sonho n\u00e3o tem pre\u00e7o. N\u00e3o h\u00e1 nada mais gratificante do que alcan\u00e7ar nossos objetivos, superar obst\u00e1culos, nos tornarmos vencedores.<\/p>\n<p>Foi isso que eu e os de minha gera\u00e7\u00e3o fizemos e \u00e9 isso que os que vieram depois de n\u00f3s tem feito ao participarem dos Jogos Escolares Maranhenses.<\/p>\n<p>Essa hist\u00f3ria que come\u00e7ou em 1972 acaba de completar agora 40 anos.<\/p>\n<p>Assim como foi para n\u00f3s, para os nossos alunos atletas, o fato de apenas participar dos Jogos Escolares Maranhenses, j\u00e1 \u00e9 a realiza\u00e7\u00e3o de um sonho. Vencer uma competi\u00e7\u00e3o e levar para casa a t\u00e3o desejada medalha, isso ent\u00e3o, \u00e9 uma imensa conquista.<\/p>\n<p>A realiza\u00e7\u00e3o dos jogos \u00e9 um momento \u00fanico, que se prolonga e \u00e9 apreciado e vivido intensamente a cada segundo por todos aqueles que, direta ou indiretamente, durante o ano inteiro, trabalham para consolidar a maior competi\u00e7\u00e3o esportiva estudantil do Maranh\u00e3o.<\/p>\n<p>Em 2012, esses sonhos ganharam uma propor\u00e7\u00e3o ainda maior, nunca antes vista. N\u00e3o apenas porque chegou \u00e0 sua hist\u00f3rica quadrag\u00e9sima edi\u00e7\u00e3o, mas porque foi o maior de todos os tempos.<\/p>\n<p>Os n\u00fameros foram expressivos. Mais de 60 mil pessoas envolvidas na competi\u00e7\u00e3o. Atletas, t\u00e9cnicos, dirigentes, \u00e1rbitros e equipe de apoio nas mais diversas \u00e1reas. Mais de 600 institui\u00e7\u00f5es de ensino, entre p\u00fablicas e particulares, 49 munic\u00edpios empenhados na luta pelo desenvolvimento do esporte no Maranh\u00e3o.<\/p>\n<p>Atletas, de 12 a 17 anos, mostraram que o esporte maranhense \u00e9 forte e tem futuro.<\/p>\n<p>Para a Secretaria de Estado do Esporte e Lazer, \u00e9 gratificante poder proporcionar alegrias a esses jovens. Alegria como a que estava vis\u00edvel no sorriso e nas l\u00e1grimas dos meninos das cidades de Imperatriz e S\u00e3o Domingos do Maranh\u00e3o que, pela primeira vez, pisaram no gramado do Est\u00e1dio Castel\u00e3o para decidirem a medalha de ouro do futebol.<\/p>\n<p>O melhor \u00e9 que, o bom trabalho desses jogos refletiu-se imediatamente no resultado alcan\u00e7ado pelas equipes que representaram o nosso estado nos Jogos Escolares Brasileiros, na categoria infantil, disputados em Po\u00e7os de Caldas. Pela primeira vez disputamos quatro finais dos<a name=\"_GoBack\" target=\"_blank\"><\/a> JEBs. Este ano trouxemos medalhas de prata no voleibol masculino e feminino, no handebol masculino e feminino, al\u00e9m de outra prata no jud\u00f4 masculino, um bronze no jud\u00f4 feminino e outro bronze no badminton masculino.<\/p>\n<p>O sucesso \u00e9 tanto que acabamos de ser informados pela Confedera\u00e7\u00e3o Brasileira de Voleibol que tr\u00eas atletas maranhenses, uma mo\u00e7a, Neyane Costa, do Upaon-A\u00e7u, e dois rapazes, Andr\u00e9 Santos, do Upaon-A\u00e7u e Get\u00falio J\u00fanior, do Rui Barbosa de Imperatriz, foram convocados para a sele\u00e7\u00e3o brasileira de voleibol escolar.<\/p>\n<p>No encerramento dos jogos demos destaque aos melhores atletas, de ambos os sexos, nas duas categorias e em todas as modalidades disputadas.<\/p>\n<p>Ainda naquela noite entregamos os trof\u00e9us de campe\u00e3o \u00e0s escolas que somaram mais pontos em cada uma das categorias. No infantil a escola vencedora foi o Col\u00e9gio Dom Bosco de Imperatriz. Esse fato, que acontece pela primeira vez, \u00e9 motivo de muita alegria para n\u00f3s, pois prova que o trabalho da Sedel, no sentido de interiorizar suas a\u00e7\u00f5es, tem surtido efeito positivo.<\/p>\n<p>Na categoria infanto a escola campe\u00e3 foi a Upaon-A\u00e7u de S\u00e3o Lu\u00eds que, tamb\u00e9m por trazer o nome primitivo da ilha em que est\u00e1 nossa cidade, fecha com chave de ouro o nosso calend\u00e1rio comemorativo de seus 400 anos.<\/p>\n<p>\u00c9 important\u00edssimo ressaltar que as escolas vencedoras dessa edi\u00e7\u00e3o dos JEMs levaram trof\u00e9us com os nomes de dois dos maiores respons\u00e1veis pela exist\u00eancia e o sucesso do esporte maranhense. Trata-se de Cl\u00e1udio Vaz e do professor Dimas, de quem s\u00f3 vou citar os nomes, porque se for falar deles precisaria de duas ou tr\u00eas paginas inteiras desse jornal.<\/p>\n<p>Ainda naquela noite homenageamos atletas, professores, dirigentes e jornalistas que participaram da realiza\u00e7\u00e3o dos primeiros JEMs. Como foram muitos n\u00e3o vou aqui nome\u00e1-los.<\/p>\n<p>Sinto que boa parte de minha miss\u00e3o est\u00e1 cumprida. Fortalecer os JEMs, interiorizar as a\u00e7\u00f5es da Sedel, reformar o Castel\u00e3o e consolidar a lei de incentivo ao esporte.<\/p>\n<p>Ainda falta recuperar algumas de nossas pra\u00e7as esportivas mais importantes como o Costa Rodrigues e o Rubem Goulart, que se encontram em obras, e o parque aqu\u00e1tico que estamos buscando recursos. Restabelecer as escolinhas que tantos talentos esportivos nos deram e ajudar o soerguimento do futebol maranhense.<\/p>\n<p>Tenho certeza que todas essas metas ser\u00e3o alcan\u00e7adas. Essas e muitas outras que s\u00e3o consequ\u00eancia direta e a\u00e7\u00f5es secund\u00e1rias provenientes das aqui enumeradas.<\/p>\n<p>Eu que n\u00e3o queria aceitar o convite da governadora para assumir a Secretaria de Esporte, talvez achando que ela fosse pequena demais para mim, sabendo que ela tinha um or\u00e7amento irris\u00f3rio destinado a realizar um trabalho que para muitos parece ser irrelevante, confesso que estou feliz e realizado.<\/p>\n<p>Nosso trabalho pode parecer pequeno e f\u00e1cil, mas n\u00e3o \u00e9 nem uma coisa nem outra. Pode parecer irrelevante e sup\u00e9rfluo. Longe disso. Ele \u00e9 necess\u00e1rio e important\u00edssimo, e eu n\u00e3o poderia realizar esse trabalho a contento se n\u00e3o tivesse a colabora\u00e7\u00e3o de pessoas que muito contribuem para isso, como Alim Neto, Monica, Vadeco e Clineu, passando por Fernando Lins, Mesquita, Arag\u00e3o e N\u00fabia at\u00e9 chegar \u00e0 dona Aparecida, seu Dad\u00e1, Nazareno e Dona F\u00e1tima. Muito obrigado a todos que trabalham para fortalecer o esporte do Maranh\u00e3o.<\/p>\n","protected":false},"excerpt":{"rendered":"<p>A realiza\u00e7\u00e3o de um sonho n\u00e3o tem pre\u00e7o. N\u00e3o h\u00e1 nada mais gratificante do que alcan\u00e7ar nossos objetivos, superar obst\u00e1culos, [&hellip;]<\/p>\n","protected":false},"author":7,"featured_media":0,"comment_status":"open","ping_status":"open","sticky":false,"template":"","format":"standard","meta":{"site-sidebar-layout":"default","site-content-layout":"","ast-site-content-layout":"default","site-content-style":"default","site-sidebar-style":"default","ast-global-header-display":"","ast-banner-title-visibility":"","ast-main-header-display":"","ast-hfb-above-header-display":"","ast-hfb-below-header-display":"","ast-hfb-mobile-header-display":"","site-post-title":"","ast-breadcrumbs-content":"","ast-featured-img":"","footer-sml-layout":"","ast-disable-related-posts":"","theme-transparent-header-meta":"","adv-header-id-meta":"","stick-header-meta":"","header-above-stick-meta":"","header-main-stick-meta":"","header-below-stick-meta":"","astra-migrate-meta-layouts":"default","ast-page-background-enabled":"default","ast-page-background-meta":{"desktop":{"background-color":"var(--ast-global-color-5)","background-image":"","background-repeat":"repeat","background-position":"center center","background-size":"auto","background-attachment":"scroll","background-type":"","background-media":"","overlay-type":"","overlay-color":"","overlay-opacity":"","overlay-gradient":""},"tablet":{"background-color":"","background-image":"","background-repeat":"repeat","background-position":"center center","background-size":"auto","background-attachment":"scroll","background-type":"","background-media":"","overlay-type":"","overlay-color":"","overlay-opacity":"","overlay-gradient":""},"mobile":{"background-color":"","background-image":"","background-repeat":"repeat","background-position":"center center","background-size":"auto","background-attachment":"scroll","background-type":"","background-media":"","overlay-type":"","overlay-color":"","overlay-opacity":"","overlay-gradient":""}},"ast-content-background-meta":{"desktop":{"background-color":"var(--ast-global-color-4)","background-image":"","background-repeat":"repeat","background-position":"center center","background-size":"auto","background-attachment":"scroll","background-type":"","background-media":"","overlay-type":"","overlay-color":"","overlay-opacity":"","overlay-gradient":""},"tablet":{"background-color":"var(--ast-global-color-4)","background-image":"","background-repeat":"repeat","background-position":"center center","background-size":"auto","background-attachment":"scroll","background-type":"","background-media":"","overlay-type":"","overlay-color":"","overlay-opacity":"","overlay-gradient":""},"mobile":{"background-color":"var(--ast-global-color-4)","background-image":"","background-repeat":"repeat","background-position":"center center","background-size":"auto","background-attachment":"scroll","background-type":"","background-media":"","overlay-type":"","overlay-color":"","overlay-opacity":"","overlay-gradient":""}},"footnotes":""},"categories":[1],"tags":[],"class_list":["post-894","post","type-post","status-publish","format-standard","hentry","category-sem-categoria"],"yoast_head":"<!-- This site is optimized with the Yoast SEO plugin v26.6 - https:\/\/yoast.com\/wordpress\/plugins\/seo\/ -->\n<title>Quarenta anos de JEMs - Joaquim Haickel<\/title>\n<meta name=\"robots\" content=\"index, follow, max-snippet:-1, max-image-preview:large, max-video-preview:-1\" \/>\n<link rel=\"canonical\" href=\"https:\/\/www.blogsoestado.com\/joaquimhaickel\/2012\/10\/13\/quarenta-anos-de-jems\/\" \/>\n<meta property=\"og:locale\" content=\"pt_BR\" \/>\n<meta property=\"og:type\" content=\"article\" \/>\n<meta property=\"og:title\" content=\"Quarenta anos de JEMs - Joaquim Haickel\" \/>\n<meta property=\"og:description\" content=\"A realiza\u00e7\u00e3o de um sonho n\u00e3o tem pre\u00e7o. N\u00e3o h\u00e1 nada mais gratificante do que alcan\u00e7ar nossos objetivos, superar obst\u00e1culos, [&hellip;]\" \/>\n<meta property=\"og:url\" content=\"https:\/\/www.blogsoestado.com\/joaquimhaickel\/2012\/10\/13\/quarenta-anos-de-jems\/\" \/>\n<meta property=\"og:site_name\" content=\"Joaquim Haickel\" \/>\n<meta property=\"article:published_time\" content=\"2012-10-14T00:15:58+00:00\" \/>\n<meta name=\"author\" content=\"Joaquim Haickel\" \/>\n<meta name=\"twitter:card\" content=\"summary_large_image\" \/>\n<meta name=\"twitter:label1\" content=\"Escrito por\" \/>\n\t<meta name=\"twitter:data1\" content=\"Joaquim Haickel\" \/>\n\t<meta name=\"twitter:label2\" content=\"Est. tempo de leitura\" \/>\n\t<meta name=\"twitter:data2\" content=\"5 minutos\" \/>\n<script type=\"application\/ld+json\" class=\"yoast-schema-graph\">{\"@context\":\"https:\/\/schema.org\",\"@graph\":[{\"@type\":\"WebPage\",\"@id\":\"https:\/\/www.blogsoestado.com\/joaquimhaickel\/2012\/10\/13\/quarenta-anos-de-jems\/\",\"url\":\"https:\/\/www.blogsoestado.com\/joaquimhaickel\/2012\/10\/13\/quarenta-anos-de-jems\/\",\"name\":\"Quarenta anos de JEMs - Joaquim Haickel\",\"isPartOf\":{\"@id\":\"https:\/\/www.blogsoestado.com\/joaquimhaickel\/#website\"},\"datePublished\":\"2012-10-14T00:15:58+00:00\",\"author\":{\"@id\":\"https:\/\/www.blogsoestado.com\/joaquimhaickel\/#\/schema\/person\/4a711644aff28245c6c2c3452d66d325\"},\"breadcrumb\":{\"@id\":\"https:\/\/www.blogsoestado.com\/joaquimhaickel\/2012\/10\/13\/quarenta-anos-de-jems\/#breadcrumb\"},\"inLanguage\":\"pt-BR\",\"potentialAction\":[{\"@type\":\"ReadAction\",\"target\":[\"https:\/\/www.blogsoestado.com\/joaquimhaickel\/2012\/10\/13\/quarenta-anos-de-jems\/\"]}]},{\"@type\":\"BreadcrumbList\",\"@id\":\"https:\/\/www.blogsoestado.com\/joaquimhaickel\/2012\/10\/13\/quarenta-anos-de-jems\/#breadcrumb\",\"itemListElement\":[{\"@type\":\"ListItem\",\"position\":1,\"name\":\"In\u00edcio\",\"item\":\"https:\/\/www.blogsoestado.com\/joaquimhaickel\/\"},{\"@type\":\"ListItem\",\"position\":2,\"name\":\"Quarenta anos de JEMs\"}]},{\"@type\":\"WebSite\",\"@id\":\"https:\/\/www.blogsoestado.com\/joaquimhaickel\/#website\",\"url\":\"https:\/\/www.blogsoestado.com\/joaquimhaickel\/\",\"name\":\"Joaquim Haickel\",\"description\":\"\",\"potentialAction\":[{\"@type\":\"SearchAction\",\"target\":{\"@type\":\"EntryPoint\",\"urlTemplate\":\"https:\/\/www.blogsoestado.com\/joaquimhaickel\/?s={search_term_string}\"},\"query-input\":{\"@type\":\"PropertyValueSpecification\",\"valueRequired\":true,\"valueName\":\"search_term_string\"}}],\"inLanguage\":\"pt-BR\"},{\"@type\":\"Person\",\"@id\":\"https:\/\/www.blogsoestado.com\/joaquimhaickel\/#\/schema\/person\/4a711644aff28245c6c2c3452d66d325\",\"name\":\"Joaquim Haickel\",\"image\":{\"@type\":\"ImageObject\",\"inLanguage\":\"pt-BR\",\"@id\":\"https:\/\/www.blogsoestado.com\/joaquimhaickel\/#\/schema\/person\/image\/\",\"url\":\"https:\/\/secure.gravatar.com\/avatar\/473d89339b9f8ec089adb8d5778363eb5a2ba2319956bcf0298bfd8cca04684a?s=96&d=mm&r=g\",\"contentUrl\":\"https:\/\/secure.gravatar.com\/avatar\/473d89339b9f8ec089adb8d5778363eb5a2ba2319956bcf0298bfd8cca04684a?s=96&d=mm&r=g\",\"caption\":\"Joaquim Haickel\"},\"url\":\"https:\/\/www.blogsoestado.com\/joaquimhaickel\/author\/joaquimhaickel\/\"}]}<\/script>\n<!-- \/ Yoast SEO plugin. -->","yoast_head_json":{"title":"Quarenta anos de JEMs - Joaquim Haickel","robots":{"index":"index","follow":"follow","max-snippet":"max-snippet:-1","max-image-preview":"max-image-preview:large","max-video-preview":"max-video-preview:-1"},"canonical":"https:\/\/www.blogsoestado.com\/joaquimhaickel\/2012\/10\/13\/quarenta-anos-de-jems\/","og_locale":"pt_BR","og_type":"article","og_title":"Quarenta anos de JEMs - Joaquim Haickel","og_description":"A realiza\u00e7\u00e3o de um sonho n\u00e3o tem pre\u00e7o. N\u00e3o h\u00e1 nada mais gratificante do que alcan\u00e7ar nossos objetivos, superar obst\u00e1culos, [&hellip;]","og_url":"https:\/\/www.blogsoestado.com\/joaquimhaickel\/2012\/10\/13\/quarenta-anos-de-jems\/","og_site_name":"Joaquim Haickel","article_published_time":"2012-10-14T00:15:58+00:00","author":"Joaquim Haickel","twitter_card":"summary_large_image","twitter_misc":{"Escrito por":"Joaquim Haickel","Est. tempo de leitura":"5 minutos"},"schema":{"@context":"https:\/\/schema.org","@graph":[{"@type":"WebPage","@id":"https:\/\/www.blogsoestado.com\/joaquimhaickel\/2012\/10\/13\/quarenta-anos-de-jems\/","url":"https:\/\/www.blogsoestado.com\/joaquimhaickel\/2012\/10\/13\/quarenta-anos-de-jems\/","name":"Quarenta anos de JEMs - Joaquim Haickel","isPartOf":{"@id":"https:\/\/www.blogsoestado.com\/joaquimhaickel\/#website"},"datePublished":"2012-10-14T00:15:58+00:00","author":{"@id":"https:\/\/www.blogsoestado.com\/joaquimhaickel\/#\/schema\/person\/4a711644aff28245c6c2c3452d66d325"},"breadcrumb":{"@id":"https:\/\/www.blogsoestado.com\/joaquimhaickel\/2012\/10\/13\/quarenta-anos-de-jems\/#breadcrumb"},"inLanguage":"pt-BR","potentialAction":[{"@type":"ReadAction","target":["https:\/\/www.blogsoestado.com\/joaquimhaickel\/2012\/10\/13\/quarenta-anos-de-jems\/"]}]},{"@type":"BreadcrumbList","@id":"https:\/\/www.blogsoestado.com\/joaquimhaickel\/2012\/10\/13\/quarenta-anos-de-jems\/#breadcrumb","itemListElement":[{"@type":"ListItem","position":1,"name":"In\u00edcio","item":"https:\/\/www.blogsoestado.com\/joaquimhaickel\/"},{"@type":"ListItem","position":2,"name":"Quarenta anos de JEMs"}]},{"@type":"WebSite","@id":"https:\/\/www.blogsoestado.com\/joaquimhaickel\/#website","url":"https:\/\/www.blogsoestado.com\/joaquimhaickel\/","name":"Joaquim Haickel","description":"","potentialAction":[{"@type":"SearchAction","target":{"@type":"EntryPoint","urlTemplate":"https:\/\/www.blogsoestado.com\/joaquimhaickel\/?s={search_term_string}"},"query-input":{"@type":"PropertyValueSpecification","valueRequired":true,"valueName":"search_term_string"}}],"inLanguage":"pt-BR"},{"@type":"Person","@id":"https:\/\/www.blogsoestado.com\/joaquimhaickel\/#\/schema\/person\/4a711644aff28245c6c2c3452d66d325","name":"Joaquim Haickel","image":{"@type":"ImageObject","inLanguage":"pt-BR","@id":"https:\/\/www.blogsoestado.com\/joaquimhaickel\/#\/schema\/person\/image\/","url":"https:\/\/secure.gravatar.com\/avatar\/473d89339b9f8ec089adb8d5778363eb5a2ba2319956bcf0298bfd8cca04684a?s=96&d=mm&r=g","contentUrl":"https:\/\/secure.gravatar.com\/avatar\/473d89339b9f8ec089adb8d5778363eb5a2ba2319956bcf0298bfd8cca04684a?s=96&d=mm&r=g","caption":"Joaquim Haickel"},"url":"https:\/\/www.blogsoestado.com\/joaquimhaickel\/author\/joaquimhaickel\/"}]}},"jetpack_featured_media_url":"","_links":{"self":[{"href":"https:\/\/www.blogsoestado.com\/joaquimhaickel\/wp-json\/wp\/v2\/posts\/894","targetHints":{"allow":["GET"]}}],"collection":[{"href":"https:\/\/www.blogsoestado.com\/joaquimhaickel\/wp-json\/wp\/v2\/posts"}],"about":[{"href":"https:\/\/www.blogsoestado.com\/joaquimhaickel\/wp-json\/wp\/v2\/types\/post"}],"author":[{"embeddable":true,"href":"https:\/\/www.blogsoestado.com\/joaquimhaickel\/wp-json\/wp\/v2\/users\/7"}],"replies":[{"embeddable":true,"href":"https:\/\/www.blogsoestado.com\/joaquimhaickel\/wp-json\/wp\/v2\/comments?post=894"}],"version-history":[{"count":0,"href":"https:\/\/www.blogsoestado.com\/joaquimhaickel\/wp-json\/wp\/v2\/posts\/894\/revisions"}],"wp:attachment":[{"href":"https:\/\/www.blogsoestado.com\/joaquimhaickel\/wp-json\/wp\/v2\/media?parent=894"}],"wp:term":[{"taxonomy":"category","embeddable":true,"href":"https:\/\/www.blogsoestado.com\/joaquimhaickel\/wp-json\/wp\/v2\/categories?post=894"},{"taxonomy":"post_tag","embeddable":true,"href":"https:\/\/www.blogsoestado.com\/joaquimhaickel\/wp-json\/wp\/v2\/tags?post=894"}],"curies":[{"name":"wp","href":"https:\/\/api.w.org\/{rel}","templated":true}]}}