{"id":907,"date":"2012-11-11T08:49:17","date_gmt":"2012-11-11T11:49:17","guid":{"rendered":"https:\/\/www.blogsoestado.com\/joaquimhaickel\/?p=907"},"modified":"2012-11-11T08:49:17","modified_gmt":"2012-11-11T11:49:17","slug":"reeleicao","status":"publish","type":"post","link":"https:\/\/www.blogsoestado.com\/joaquimhaickel\/2012\/11\/11\/reeleicao\/","title":{"rendered":"Reelei\u00e7\u00e3o."},"content":{"rendered":"<p>Vencer uma elei\u00e7\u00e3o para um cargo legislativo n\u00e3o \u00e9 assim t\u00e3o dif\u00edcil. Mesmo que essa elei\u00e7\u00e3o seja por meio do confuso e de certa forma injusto voto proporcional.<\/p>\n<p>Eleger-se deputado ou vereador s\u00f3 depende de alguns fatores b\u00e1sicos: o desejo verdadeiro de dedicar-se \u00e0 vida p\u00fablica e encarar uma extenuante campanha eleitoral; conhecimento pol\u00edtico na hora de filiar-se a um partido e escolher uma coliga\u00e7\u00e3o que lhe d\u00ea condi\u00e7\u00f5es de concorrer de forma justa; recursos financeiros para custear todos os poss\u00edveis gastos de uma campanha pol\u00edtica, que n\u00e3o s\u00e3o poucos; e por fim e n\u00e3o menos importante, um s\u00f3lido e competente grupo de apoio.<\/p>\n<p>Como disse n\u00e3o \u00e9 dif\u00edcil eleger-se para vereador ou deputado, o dif\u00edcil \u00e9 reeleger-se e continuar se reelegendo com o passar do tempo, tr\u00eas, quatro, cinco vezes&#8230;<\/p>\n<p>Deputados e vereadores sabem muito bem do que estou falando.<\/p>\n<p>Existem at\u00e9 alguns deputados, que a cada elei\u00e7\u00e3o mudam de \u00e1rea de atua\u00e7\u00e3o, deslocam-se de uma regi\u00e3o para outra do estado, buscando apoio na tentativa de reeleger-se, pois na maioria dos casos depois de algum tempo as rela\u00e7\u00f5es se desgastam, e os la\u00e7os que unem representantes e representados, afrouxam ou se rompem.<\/p>\n<p>Essa f\u00e1cil mobilidade geopol\u00edtica \u00e9 praticamente imposs\u00edvel para vereadores devido o tamanho, em geral muito reduzido dos munic\u00edpios, e o tipo de liga\u00e7\u00e3o mais direta que o edil tem com o mun\u00edcipe.<\/p>\n<p>Existe tamb\u00e9m aquele deputado que \u00e9 t\u00e3o pr\u00f3ximo do eleitor, que age quase como um vereador, o que \u00e9 bom por um lado, mas muito inconveniente por outro, pois as atividades e fun\u00e7\u00f5es do parlamentar estadual passam a se confundir com as do municipal.<\/p>\n<p>Abordo hoje este assunto primeiramente pelo fato de ter havido uma grande renova\u00e7\u00e3o nas representa\u00e7\u00f5es municipais, pelo grande n\u00famero de mandatos de vereadores n\u00e3o renovados pelo pa\u00eds afora. Segundamente, relembrando Odorico Paragua\u00e7u, eterno prefeito da fict\u00edcia Sucupira do imortal Dias Gomes, falo pelo grande n\u00famero de prefeitos que tentaram a reelei\u00e7\u00e3o e n\u00e3o conseguiram. Um fato sintom\u00e1tico que precisa ser mais bem avaliado. Terceiramente, falo da dificuldade de uma determinada reelei\u00e7\u00e3o. Refiro-me a recente elei\u00e7\u00e3o ocorrida no mais poderoso pa\u00eds do mundo, os Estados Unidos da Am\u00e9rica.<\/p>\n<p>O fantasma da derrota tamb\u00e9m pairou sobre a cabe\u00e7a do ocupante do mais alto posto daquela na\u00e7\u00e3o. Cargo esse que tem influ\u00eancia direta nos destinos de toda a humanidade.<\/p>\n<p>O que vimos foi o presidente Barack Obama passando toda a campanha pol\u00edtica acossado pelo milion\u00e1rio ex-governador de Massachusettes, Mitt Romney, que por pouco n\u00e3o o venceu.<\/p>\n<p>Esse assunto \u00e9 t\u00e3o eletrizante que tanto pol\u00edticos experientes quanto minha m\u00e3e, meu motorista e at\u00e9 mesmo um picolezeiro, comentaram comigo sobre esse pleito.<\/p>\n<p>Segundo o Twitter esse foi at\u00e9 hoje o evento mais comentado de sua hist\u00f3ria.<\/p>\n<p>O interesse por essa elei\u00e7\u00e3o, para saber quem seria o presidente norte-americano pelos pr\u00f3ximos quatro anos \u00e9 de f\u00e1cil compreens\u00e3o: \u00e9 not\u00edcia, e uma not\u00edcia que influencia a vida de todo o mundo.<\/p>\n<p>Incr\u00edvel \u00e9 que algu\u00e9m que detenha tamanho poder por quatro anos corra o risco de perd\u00ea-lo, assim, num estalar de dedos. A\u00ed reside grande parte da beleza e do charme da democracia.<\/p>\n<p>Mais incr\u00edvel ainda \u00e9 que esse povo t\u00e3o igual, seja t\u00e3o diferente. Que pequenas nuances aparentemente t\u00e3o semelhantes transformem-se em desigualdades t\u00e3o gritantes, e ainda mais, o fato de que, caso Romney tivesse vencido a elei\u00e7\u00e3o, as coisas que mudariam bastante na Am\u00e9rica, n\u00e3o chegariam a ser percebidas claramente, pelas pessoas comuns, em outros pa\u00edses. Tudo continuaria igual. Aparentemente.<\/p>\n<p>\u00c9 verdade que h\u00e1 diferen\u00e7as fundamentais entre democratas e republicanos. Eles pensam e agem de forma diferente no que diz respeito a subs\u00eddios \u00e0 agricultura e \u00e0 ind\u00fastria, no que se refere \u00e0 pol\u00edtica social, previdenci\u00e1ria e de sa\u00fade, e principalmente no que tange a diplomacia e a pol\u00edtica externa. No mais eles s\u00e3o todos iguais: s\u00e3o americanos.<\/p>\n<p>No que diz respeito \u00e0s posi\u00e7\u00f5es de situa\u00e7\u00e3o e oposi\u00e7\u00e3o, l\u00e1, aqui ou em qualquer lugar do mundo, os pol\u00edticos agem de maneira igual: quando na oposi\u00e7\u00e3o tendem aos extremos, seja de esquerda, seja de direita. No governo o movimento natural lhes leva ao centro, \u00e0 contemporiza\u00e7\u00e3o.<\/p>\n<p>O susto que Obama levou serviu para nos lembrar de que s\u00f3 desce quem est\u00e1 em cima e s\u00f3 pode subir quem est\u00e1 em baixo. Isso j\u00e1 havia nos sido dito de maneira sutil pelos fil\u00f3sofos e matem\u00e1ticos gregos e por Galileu e depois nos foi explicado e provado por Newton e por Einstein. Mas nossos pol\u00edticos teimam em n\u00e3o estudar! Muito menos f\u00edsica ou filosofia.<\/p>\n<p>Outro dia est\u00e1vamos conversando sobre o que um pol\u00edtico precisa fazer para se manter no poder? Confesso que especificamente eu n\u00e3o sei! S\u00f3 imagino!<\/p>\n<p>O que eu sei, e s\u00f3 descobri isso muito recentemente, \u00e9 que no que diz respeito ao jogo da pol\u00edtica, o vencedor, no final das contas, n\u00e3o \u00e9 aquele que acerta, mas sim aquele que erra menos. Digo isso para n\u00e3o dizer que o pol\u00edtico para ser um vencedor deveria aliar equilibradamente uma quantidade m\u00ednima de sabedoria e compet\u00eancia, um arguto senso de oportunidade e uma boa dose de sorte.<\/p>\n<p>&nbsp;<\/p>\n","protected":false},"excerpt":{"rendered":"<p>Vencer uma elei\u00e7\u00e3o para um cargo legislativo n\u00e3o \u00e9 assim t\u00e3o dif\u00edcil. Mesmo que essa elei\u00e7\u00e3o seja por meio do [&hellip;]<\/p>\n","protected":false},"author":7,"featured_media":0,"comment_status":"open","ping_status":"open","sticky":false,"template":"","format":"standard","meta":{"site-sidebar-layout":"default","site-content-layout":"","ast-site-content-layout":"default","site-content-style":"default","site-sidebar-style":"default","ast-global-header-display":"","ast-banner-title-visibility":"","ast-main-header-display":"","ast-hfb-above-header-display":"","ast-hfb-below-header-display":"","ast-hfb-mobile-header-display":"","site-post-title":"","ast-breadcrumbs-content":"","ast-featured-img":"","footer-sml-layout":"","ast-disable-related-posts":"","theme-transparent-header-meta":"","adv-header-id-meta":"","stick-header-meta":"","header-above-stick-meta":"","header-main-stick-meta":"","header-below-stick-meta":"","astra-migrate-meta-layouts":"default","ast-page-background-enabled":"default","ast-page-background-meta":{"desktop":{"background-color":"var(--ast-global-color-5)","background-image":"","background-repeat":"repeat","background-position":"center center","background-size":"auto","background-attachment":"scroll","background-type":"","background-media":"","overlay-type":"","overlay-color":"","overlay-opacity":"","overlay-gradient":""},"tablet":{"background-color":"","background-image":"","background-repeat":"repeat","background-position":"center center","background-size":"auto","background-attachment":"scroll","background-type":"","background-media":"","overlay-type":"","overlay-color":"","overlay-opacity":"","overlay-gradient":""},"mobile":{"background-color":"","background-image":"","background-repeat":"repeat","background-position":"center center","background-size":"auto","background-attachment":"scroll","background-type":"","background-media":"","overlay-type":"","overlay-color":"","overlay-opacity":"","overlay-gradient":""}},"ast-content-background-meta":{"desktop":{"background-color":"var(--ast-global-color-4)","background-image":"","background-repeat":"repeat","background-position":"center center","background-size":"auto","background-attachment":"scroll","background-type":"","background-media":"","overlay-type":"","overlay-color":"","overlay-opacity":"","overlay-gradient":""},"tablet":{"background-color":"var(--ast-global-color-4)","background-image":"","background-repeat":"repeat","background-position":"center center","background-size":"auto","background-attachment":"scroll","background-type":"","background-media":"","overlay-type":"","overlay-color":"","overlay-opacity":"","overlay-gradient":""},"mobile":{"background-color":"var(--ast-global-color-4)","background-image":"","background-repeat":"repeat","background-position":"center center","background-size":"auto","background-attachment":"scroll","background-type":"","background-media":"","overlay-type":"","overlay-color":"","overlay-opacity":"","overlay-gradient":""}},"footnotes":""},"categories":[1],"tags":[],"class_list":["post-907","post","type-post","status-publish","format-standard","hentry","category-sem-categoria"],"yoast_head":"<!-- This site is optimized with the Yoast SEO plugin v26.6 - https:\/\/yoast.com\/wordpress\/plugins\/seo\/ -->\n<title>Reelei\u00e7\u00e3o. - Joaquim Haickel<\/title>\n<meta name=\"robots\" content=\"index, follow, max-snippet:-1, max-image-preview:large, max-video-preview:-1\" \/>\n<link rel=\"canonical\" href=\"https:\/\/www.blogsoestado.com\/joaquimhaickel\/2012\/11\/11\/reeleicao\/\" \/>\n<meta property=\"og:locale\" content=\"pt_BR\" \/>\n<meta property=\"og:type\" content=\"article\" \/>\n<meta property=\"og:title\" content=\"Reelei\u00e7\u00e3o. - Joaquim Haickel\" \/>\n<meta property=\"og:description\" content=\"Vencer uma elei\u00e7\u00e3o para um cargo legislativo n\u00e3o \u00e9 assim t\u00e3o dif\u00edcil. Mesmo que essa elei\u00e7\u00e3o seja por meio do [&hellip;]\" \/>\n<meta property=\"og:url\" content=\"https:\/\/www.blogsoestado.com\/joaquimhaickel\/2012\/11\/11\/reeleicao\/\" \/>\n<meta property=\"og:site_name\" content=\"Joaquim Haickel\" \/>\n<meta property=\"article:published_time\" content=\"2012-11-11T11:49:17+00:00\" \/>\n<meta name=\"author\" content=\"Joaquim Haickel\" \/>\n<meta name=\"twitter:card\" content=\"summary_large_image\" \/>\n<meta name=\"twitter:label1\" content=\"Escrito por\" \/>\n\t<meta name=\"twitter:data1\" content=\"Joaquim Haickel\" \/>\n\t<meta name=\"twitter:label2\" content=\"Est. tempo de leitura\" \/>\n\t<meta name=\"twitter:data2\" content=\"5 minutos\" \/>\n<script type=\"application\/ld+json\" class=\"yoast-schema-graph\">{\"@context\":\"https:\/\/schema.org\",\"@graph\":[{\"@type\":\"WebPage\",\"@id\":\"https:\/\/www.blogsoestado.com\/joaquimhaickel\/2012\/11\/11\/reeleicao\/\",\"url\":\"https:\/\/www.blogsoestado.com\/joaquimhaickel\/2012\/11\/11\/reeleicao\/\",\"name\":\"Reelei\u00e7\u00e3o. - Joaquim Haickel\",\"isPartOf\":{\"@id\":\"https:\/\/www.blogsoestado.com\/joaquimhaickel\/#website\"},\"datePublished\":\"2012-11-11T11:49:17+00:00\",\"author\":{\"@id\":\"https:\/\/www.blogsoestado.com\/joaquimhaickel\/#\/schema\/person\/4a711644aff28245c6c2c3452d66d325\"},\"breadcrumb\":{\"@id\":\"https:\/\/www.blogsoestado.com\/joaquimhaickel\/2012\/11\/11\/reeleicao\/#breadcrumb\"},\"inLanguage\":\"pt-BR\",\"potentialAction\":[{\"@type\":\"ReadAction\",\"target\":[\"https:\/\/www.blogsoestado.com\/joaquimhaickel\/2012\/11\/11\/reeleicao\/\"]}]},{\"@type\":\"BreadcrumbList\",\"@id\":\"https:\/\/www.blogsoestado.com\/joaquimhaickel\/2012\/11\/11\/reeleicao\/#breadcrumb\",\"itemListElement\":[{\"@type\":\"ListItem\",\"position\":1,\"name\":\"In\u00edcio\",\"item\":\"https:\/\/www.blogsoestado.com\/joaquimhaickel\/\"},{\"@type\":\"ListItem\",\"position\":2,\"name\":\"Reelei\u00e7\u00e3o.\"}]},{\"@type\":\"WebSite\",\"@id\":\"https:\/\/www.blogsoestado.com\/joaquimhaickel\/#website\",\"url\":\"https:\/\/www.blogsoestado.com\/joaquimhaickel\/\",\"name\":\"Joaquim Haickel\",\"description\":\"\",\"potentialAction\":[{\"@type\":\"SearchAction\",\"target\":{\"@type\":\"EntryPoint\",\"urlTemplate\":\"https:\/\/www.blogsoestado.com\/joaquimhaickel\/?s={search_term_string}\"},\"query-input\":{\"@type\":\"PropertyValueSpecification\",\"valueRequired\":true,\"valueName\":\"search_term_string\"}}],\"inLanguage\":\"pt-BR\"},{\"@type\":\"Person\",\"@id\":\"https:\/\/www.blogsoestado.com\/joaquimhaickel\/#\/schema\/person\/4a711644aff28245c6c2c3452d66d325\",\"name\":\"Joaquim Haickel\",\"image\":{\"@type\":\"ImageObject\",\"inLanguage\":\"pt-BR\",\"@id\":\"https:\/\/www.blogsoestado.com\/joaquimhaickel\/#\/schema\/person\/image\/\",\"url\":\"https:\/\/secure.gravatar.com\/avatar\/473d89339b9f8ec089adb8d5778363eb5a2ba2319956bcf0298bfd8cca04684a?s=96&d=mm&r=g\",\"contentUrl\":\"https:\/\/secure.gravatar.com\/avatar\/473d89339b9f8ec089adb8d5778363eb5a2ba2319956bcf0298bfd8cca04684a?s=96&d=mm&r=g\",\"caption\":\"Joaquim Haickel\"},\"url\":\"https:\/\/www.blogsoestado.com\/joaquimhaickel\/author\/joaquimhaickel\/\"}]}<\/script>\n<!-- \/ Yoast SEO plugin. -->","yoast_head_json":{"title":"Reelei\u00e7\u00e3o. - Joaquim Haickel","robots":{"index":"index","follow":"follow","max-snippet":"max-snippet:-1","max-image-preview":"max-image-preview:large","max-video-preview":"max-video-preview:-1"},"canonical":"https:\/\/www.blogsoestado.com\/joaquimhaickel\/2012\/11\/11\/reeleicao\/","og_locale":"pt_BR","og_type":"article","og_title":"Reelei\u00e7\u00e3o. - Joaquim Haickel","og_description":"Vencer uma elei\u00e7\u00e3o para um cargo legislativo n\u00e3o \u00e9 assim t\u00e3o dif\u00edcil. Mesmo que essa elei\u00e7\u00e3o seja por meio do [&hellip;]","og_url":"https:\/\/www.blogsoestado.com\/joaquimhaickel\/2012\/11\/11\/reeleicao\/","og_site_name":"Joaquim Haickel","article_published_time":"2012-11-11T11:49:17+00:00","author":"Joaquim Haickel","twitter_card":"summary_large_image","twitter_misc":{"Escrito por":"Joaquim Haickel","Est. tempo de leitura":"5 minutos"},"schema":{"@context":"https:\/\/schema.org","@graph":[{"@type":"WebPage","@id":"https:\/\/www.blogsoestado.com\/joaquimhaickel\/2012\/11\/11\/reeleicao\/","url":"https:\/\/www.blogsoestado.com\/joaquimhaickel\/2012\/11\/11\/reeleicao\/","name":"Reelei\u00e7\u00e3o. - Joaquim Haickel","isPartOf":{"@id":"https:\/\/www.blogsoestado.com\/joaquimhaickel\/#website"},"datePublished":"2012-11-11T11:49:17+00:00","author":{"@id":"https:\/\/www.blogsoestado.com\/joaquimhaickel\/#\/schema\/person\/4a711644aff28245c6c2c3452d66d325"},"breadcrumb":{"@id":"https:\/\/www.blogsoestado.com\/joaquimhaickel\/2012\/11\/11\/reeleicao\/#breadcrumb"},"inLanguage":"pt-BR","potentialAction":[{"@type":"ReadAction","target":["https:\/\/www.blogsoestado.com\/joaquimhaickel\/2012\/11\/11\/reeleicao\/"]}]},{"@type":"BreadcrumbList","@id":"https:\/\/www.blogsoestado.com\/joaquimhaickel\/2012\/11\/11\/reeleicao\/#breadcrumb","itemListElement":[{"@type":"ListItem","position":1,"name":"In\u00edcio","item":"https:\/\/www.blogsoestado.com\/joaquimhaickel\/"},{"@type":"ListItem","position":2,"name":"Reelei\u00e7\u00e3o."}]},{"@type":"WebSite","@id":"https:\/\/www.blogsoestado.com\/joaquimhaickel\/#website","url":"https:\/\/www.blogsoestado.com\/joaquimhaickel\/","name":"Joaquim Haickel","description":"","potentialAction":[{"@type":"SearchAction","target":{"@type":"EntryPoint","urlTemplate":"https:\/\/www.blogsoestado.com\/joaquimhaickel\/?s={search_term_string}"},"query-input":{"@type":"PropertyValueSpecification","valueRequired":true,"valueName":"search_term_string"}}],"inLanguage":"pt-BR"},{"@type":"Person","@id":"https:\/\/www.blogsoestado.com\/joaquimhaickel\/#\/schema\/person\/4a711644aff28245c6c2c3452d66d325","name":"Joaquim Haickel","image":{"@type":"ImageObject","inLanguage":"pt-BR","@id":"https:\/\/www.blogsoestado.com\/joaquimhaickel\/#\/schema\/person\/image\/","url":"https:\/\/secure.gravatar.com\/avatar\/473d89339b9f8ec089adb8d5778363eb5a2ba2319956bcf0298bfd8cca04684a?s=96&d=mm&r=g","contentUrl":"https:\/\/secure.gravatar.com\/avatar\/473d89339b9f8ec089adb8d5778363eb5a2ba2319956bcf0298bfd8cca04684a?s=96&d=mm&r=g","caption":"Joaquim Haickel"},"url":"https:\/\/www.blogsoestado.com\/joaquimhaickel\/author\/joaquimhaickel\/"}]}},"jetpack_featured_media_url":"","_links":{"self":[{"href":"https:\/\/www.blogsoestado.com\/joaquimhaickel\/wp-json\/wp\/v2\/posts\/907","targetHints":{"allow":["GET"]}}],"collection":[{"href":"https:\/\/www.blogsoestado.com\/joaquimhaickel\/wp-json\/wp\/v2\/posts"}],"about":[{"href":"https:\/\/www.blogsoestado.com\/joaquimhaickel\/wp-json\/wp\/v2\/types\/post"}],"author":[{"embeddable":true,"href":"https:\/\/www.blogsoestado.com\/joaquimhaickel\/wp-json\/wp\/v2\/users\/7"}],"replies":[{"embeddable":true,"href":"https:\/\/www.blogsoestado.com\/joaquimhaickel\/wp-json\/wp\/v2\/comments?post=907"}],"version-history":[{"count":0,"href":"https:\/\/www.blogsoestado.com\/joaquimhaickel\/wp-json\/wp\/v2\/posts\/907\/revisions"}],"wp:attachment":[{"href":"https:\/\/www.blogsoestado.com\/joaquimhaickel\/wp-json\/wp\/v2\/media?parent=907"}],"wp:term":[{"taxonomy":"category","embeddable":true,"href":"https:\/\/www.blogsoestado.com\/joaquimhaickel\/wp-json\/wp\/v2\/categories?post=907"},{"taxonomy":"post_tag","embeddable":true,"href":"https:\/\/www.blogsoestado.com\/joaquimhaickel\/wp-json\/wp\/v2\/tags?post=907"}],"curies":[{"name":"wp","href":"https:\/\/api.w.org\/{rel}","templated":true}]}}