{"id":998,"date":"2013-07-06T21:07:02","date_gmt":"2013-07-07T00:07:02","guid":{"rendered":"https:\/\/www.blogsoestado.com\/joaquimhaickel\/?p=998"},"modified":"2013-07-06T21:07:02","modified_gmt":"2013-07-07T00:07:02","slug":"sobre-a-reforma-politica-2","status":"publish","type":"post","link":"https:\/\/www.blogsoestado.com\/joaquimhaickel\/2013\/07\/06\/sobre-a-reforma-politica-2\/","title":{"rendered":"Sobre a Reforma Pol\u00edtica"},"content":{"rendered":"<p>J\u00e1 faz bastante tempo que muita gente boa vem dizendo que precis\u00e1vamos urgentemente de uma reforma pol\u00edtica. Ela, entre outras coisas, nos garantiria mais seguran\u00e7a e legitimidade no que diz respeito ao sistema de escolha e de regula\u00e7\u00e3o de nossa representa\u00e7\u00e3o parlamentar e executiva.<\/p>\n<p>Fico feliz de ter sido um dos primeiros a levantar essa bandeira e mais ainda por v\u00ea-la agora desfraldada por muitos daqueles que quando eu conclamava a todos para essa empreitada, se faziam de surdos.<\/p>\n<p>Agora quase todos concordam que precisamos redefinir os par\u00e2metros pol\u00edticos de nosso pa\u00eds. Para isso temos que discutir e pautar uma extensa e complexa agenda.<\/p>\n<p>Qual deve ser o perfil de nossos mandat\u00e1rios? Qual deve ser a import\u00e2ncia dos partidos pol\u00edticos nesse sistema? Pode haver candidatos avulsos? Qual deve ser o tipo de financiamento das campanhas eleitorais? Qual \u00e9 o tipo de governo queremos? Quais responsabilidades devem ter aqueles que forem nos dirigir? Qual o tempo de dura\u00e7\u00e3o dos mandatos? O voto deve ser facultativo? Devemos fazer elei\u00e7\u00f5es gerais, fazendo com que haja coincid\u00eancia entre os mandatos de prefeitos, governadores, presidente, senadores, deputados e vereadores? Deve haver reelei\u00e7\u00e3o para cargos majorit\u00e1rios? Os senadores suplentes devem ser os segundos e terceiros colocados nas elei\u00e7\u00f5es, ou devemos, para efeito de substitui\u00e7\u00e3o destes cargos, obedecermos \u00e0 chapa partid\u00e1ria?<\/p>\n<p>S\u00e3o muitas quest\u00f5es. Muitas, delicadas e complicadas. Acredito que ao Congresso que ai est\u00e1 n\u00e3o se deva dar a tarefa de emendar nossa Constitui\u00e7\u00e3o. Devemos eleger um novo Congresso ordin\u00e1rio e dar-lhe incumb\u00eancia para tanto.<\/p>\n<p>Mesmo n\u00e3o sendo uma Assembleia Nacional Constituinte o pr\u00f3ximo Congresso Nacional dever\u00e1 ser formado por parlamentares que tenham o pensamento num patamar mais elevado, que sejam donos de uma vis\u00e3o mais abrangente e de uma consci\u00eancia comprometida com a cidadania.<\/p>\n<p>O mais grave nessa hist\u00f3ria toda \u00e9 querer-se fazer reforma de qualquer coisa atrav\u00e9s de plebiscito. Este dispositivo deve ser usado pontual e topicamente. Em um plebiscito n\u00e3o pode haver mais de duas ou no m\u00e1ximo tr\u00eas perguntas e ainda assim que elas sejam totalmente conexas, sob pena de se perder a seguran\u00e7a e a objetividade.<\/p>\n<p>Voc\u00ea acredita que a popula\u00e7\u00e3o brasileira seria capaz de responder de forma verdadeira em um plebiscito, com o m\u00ednimo de conhecimento das causas e de seus efeitos, sem sofrer coa\u00e7\u00e3o irresist\u00edvel por parte da m\u00eddia, dos partidos, dos grupos de press\u00e3o, das redes sociais, \u00e0s perguntas que constam no quarto par\u00e1grafo deste texto? Voc\u00ea sabe sobre todos os assuntos constantes daquele par\u00e1grafo? Se voc\u00ea sente alguma dificuldade para entender o que est\u00e1 contido ali, como voc\u00ea acha que se sentir\u00e1 o eleitor m\u00e9dio brasileiro quando essas perguntas forem feitas para ele, colocando diretamente sobre os ombros dele, a responsabilidade da decis\u00e3o de uma coisa que ele n\u00e3o conhece nem entende?<\/p>\n<p>Um pol\u00edtico com mandato ou que estivesse almejando um, jamais diria o que acabo de dizer. Isso seria suic\u00eddio pol\u00edtico e eleitoral. Como n\u00e3o sou candidato a nada e como ocupei cargos no Legislativo por muitos anos, sei do que estou falando e falo mais. S\u00e3o poucos, mesmo dentre vereadores, prefeitos, deputados estaduais e federais, senadores, governadores, e at\u00e9 a presidente, que sabem sobre essas coisas de maneira clara. Imagine o eleitor m\u00e9dio, o caboclo do meu Pindar\u00e9 ou do meu S\u00e3o Domingos!? Eles est\u00e3o mais preocupados \u00e9 com o dia a dia. Eles n\u00e3o t\u00eam tempo para essas coisas. Depositam suas esperan\u00e7as em homens de sua confian\u00e7a e os mandam para Bras\u00edlia para represent\u00e1-los. E \u00e9 isso mesmo que eles devem fazer. Escolher bem seus representantes, com crit\u00e9rios s\u00e9rios, sem venalidade.<\/p>\n<p>Voc\u00ea acredita que esses manifestantes pac\u00edficos que pedem por melhorias pelas ruas de nossas cidades, sabem realmente o que \u00e9 isso? Eles sabem \u00e9 que tem muita coisa errada, que a corrup\u00e7\u00e3o campeia, que n\u00e3o h\u00e1 sa\u00fade, que a educa\u00e7\u00e3o \u00e9 fraca, que o pre\u00e7o do transporte p\u00fablico \u00e9 impag\u00e1vel.<\/p>\n<p>E os v\u00e2ndalos? Voc\u00ea acha que eles sabem algo sobre isso? Ser\u00e1 que eles est\u00e3o pelo menos interessados em saber?<\/p>\n<p>Por favor, n\u00e3o vamos usar os anseios de nossa boa gente, de nosso povo valoroso, contra eles mesmos.<\/p>\n<p>Ano que vem, al\u00e9m de ser ano de Copa do Mundo, ser\u00e1 tamb\u00e9m tempo de se eleger uma nova bancada para o Congresso Nacional. A nossa Constitui\u00e7\u00e3o prev\u00ea que ele, o CN, pode alterar seus dispositivos desde que sejam obedecidas as precau\u00e7\u00f5es nela previstas: tr\u00eas quintos de votos favor\u00e1veis em duas vota\u00e7\u00f5es consecutivas na C\u00e2mara dos Deputados e depois no Senado Federal.<\/p>\n<p>Fazendo isso teremos a vantagem de sabermos antecipadamente que vamos eleger um Congresso que ir\u00e1 fazer mudan\u00e7as importantes para nossas vidas, e por isso mesmo, poderemos procurar escolher melhor os nossos representantes do que normalmente temos feito ultimamente.<\/p>\n<p>Os que agora est\u00e3o apressados em fazer alguma coisa para agradar a massa, podem cometer um erro tremendo querendo reformar a CF antes de 3 de outubro de 2013, em um prazo de menos de 120 dias. Esse tempo \u00e9 insuficiente para isso. E como todos sabem, a pressa \u00e9 inimiga da perfei\u00e7\u00e3o.<\/p>\n<p>Os gritos das ruas n\u00e3o v\u00e3o mudar s\u00f3 porque resolveram fazer uma reforma que j\u00e1 podia ter sido feita h\u00e1 muito tempo. Ruim ser\u00e1 fazermos uma emenda pior que o soneto, usando de um lado o medo e de outro a press\u00e3o como desculpa para encobrir nossos erros e fugirmos de nossas responsabilidades.<\/p>\n<p>S\u00e3o muitas as coisas sobre as quais devemos nos aprofundar para que possamos realizar uma reforma pol\u00edtica t\u00e3o boa, que se passem muitos anos at\u00e9 que os avan\u00e7os da sociedade nos exija uma outra.<\/p>\n<p>Uma coisa \u00e9 certa. Esse neg\u00f3cio de plebiscito \u00e9 conversa pra boi dormir. Vivemos em uma democracia representativa. O povo tem que eleger seus representantes e estes devem resolver por eles qual o melhor caminho para se seguir. Fazer diferente disso \u00e9 golpe contra o sistema constitucional e democr\u00e1tico que est\u00e1 em vigor em nosso pa\u00eds desde 1988. O mesmo sistema que elegeu e cassou Collor e que fez Itamar Franco substitu\u00ed-lo; o sistema que elegeu duas vezes Fernando Henrique Cardoso e levou para o governo Sergio Mota e os seus; o mesmo sistema que criou o Plano Real e colocou a infla\u00e7\u00e3o sob controle, fazendo com que o Brasil figurasse entre as grandes economias do mundo; o mesmo sistema que elegeu duas vezes Lula e implantou as \u201cBolsas\u201d; o mesmo que elegeu Dilma, a primeira mulher a nos governar.<\/p>\n<p>O problema n\u00e3o est\u00e1 no sistema democr\u00e1tico, republicano e constitucional vigente. O problema \u00e9 de controle, de afina\u00e7\u00e3o, de detalhes.<\/p>\n<p>N\u00e3o me venham mexer onde n\u00e3o devem. Fa\u00e7am o que tem que ser feito e nada al\u00e9m disso. E fa\u00e7am isso da forma correta, pois de nada ir\u00e1 adiantar fazer o certo da forma errada. \u00c9 indispens\u00e1vel que o certo seja feito da forma correta. \u00c9 isso que garante a sua legitimidade.<\/p>\n<p>N\u00e3o me matem a vaca mocha na inten\u00e7\u00e3o de acabar com a praga de carrapato!<\/p>\n<p>&nbsp;<\/p>\n","protected":false},"excerpt":{"rendered":"<p>J\u00e1 faz bastante tempo que muita gente boa vem dizendo que precis\u00e1vamos urgentemente de uma reforma pol\u00edtica. Ela, entre outras [&hellip;]<\/p>\n","protected":false},"author":7,"featured_media":0,"comment_status":"open","ping_status":"open","sticky":false,"template":"","format":"standard","meta":{"site-sidebar-layout":"default","site-content-layout":"","ast-site-content-layout":"default","site-content-style":"default","site-sidebar-style":"default","ast-global-header-display":"","ast-banner-title-visibility":"","ast-main-header-display":"","ast-hfb-above-header-display":"","ast-hfb-below-header-display":"","ast-hfb-mobile-header-display":"","site-post-title":"","ast-breadcrumbs-content":"","ast-featured-img":"","footer-sml-layout":"","ast-disable-related-posts":"","theme-transparent-header-meta":"","adv-header-id-meta":"","stick-header-meta":"","header-above-stick-meta":"","header-main-stick-meta":"","header-below-stick-meta":"","astra-migrate-meta-layouts":"default","ast-page-background-enabled":"default","ast-page-background-meta":{"desktop":{"background-color":"var(--ast-global-color-5)","background-image":"","background-repeat":"repeat","background-position":"center center","background-size":"auto","background-attachment":"scroll","background-type":"","background-media":"","overlay-type":"","overlay-color":"","overlay-opacity":"","overlay-gradient":""},"tablet":{"background-color":"","background-image":"","background-repeat":"repeat","background-position":"center center","background-size":"auto","background-attachment":"scroll","background-type":"","background-media":"","overlay-type":"","overlay-color":"","overlay-opacity":"","overlay-gradient":""},"mobile":{"background-color":"","background-image":"","background-repeat":"repeat","background-position":"center center","background-size":"auto","background-attachment":"scroll","background-type":"","background-media":"","overlay-type":"","overlay-color":"","overlay-opacity":"","overlay-gradient":""}},"ast-content-background-meta":{"desktop":{"background-color":"var(--ast-global-color-4)","background-image":"","background-repeat":"repeat","background-position":"center center","background-size":"auto","background-attachment":"scroll","background-type":"","background-media":"","overlay-type":"","overlay-color":"","overlay-opacity":"","overlay-gradient":""},"tablet":{"background-color":"var(--ast-global-color-4)","background-image":"","background-repeat":"repeat","background-position":"center center","background-size":"auto","background-attachment":"scroll","background-type":"","background-media":"","overlay-type":"","overlay-color":"","overlay-opacity":"","overlay-gradient":""},"mobile":{"background-color":"var(--ast-global-color-4)","background-image":"","background-repeat":"repeat","background-position":"center center","background-size":"auto","background-attachment":"scroll","background-type":"","background-media":"","overlay-type":"","overlay-color":"","overlay-opacity":"","overlay-gradient":""}},"footnotes":""},"categories":[1],"tags":[],"class_list":["post-998","post","type-post","status-publish","format-standard","hentry","category-sem-categoria"],"yoast_head":"<!-- This site is optimized with the Yoast SEO plugin v26.6 - https:\/\/yoast.com\/wordpress\/plugins\/seo\/ -->\n<title>Sobre a Reforma Pol\u00edtica - Joaquim Haickel<\/title>\n<meta name=\"robots\" content=\"index, follow, max-snippet:-1, max-image-preview:large, max-video-preview:-1\" \/>\n<link rel=\"canonical\" href=\"https:\/\/www.blogsoestado.com\/joaquimhaickel\/2013\/07\/06\/sobre-a-reforma-politica-2\/\" \/>\n<meta property=\"og:locale\" content=\"pt_BR\" \/>\n<meta property=\"og:type\" content=\"article\" \/>\n<meta property=\"og:title\" content=\"Sobre a Reforma Pol\u00edtica - Joaquim Haickel\" \/>\n<meta property=\"og:description\" content=\"J\u00e1 faz bastante tempo que muita gente boa vem dizendo que precis\u00e1vamos urgentemente de uma reforma pol\u00edtica. Ela, entre outras [&hellip;]\" \/>\n<meta property=\"og:url\" content=\"https:\/\/www.blogsoestado.com\/joaquimhaickel\/2013\/07\/06\/sobre-a-reforma-politica-2\/\" \/>\n<meta property=\"og:site_name\" content=\"Joaquim Haickel\" \/>\n<meta property=\"article:published_time\" content=\"2013-07-07T00:07:02+00:00\" \/>\n<meta name=\"author\" content=\"Joaquim Haickel\" \/>\n<meta name=\"twitter:card\" content=\"summary_large_image\" \/>\n<meta name=\"twitter:label1\" content=\"Escrito por\" \/>\n\t<meta name=\"twitter:data1\" content=\"Joaquim Haickel\" \/>\n\t<meta name=\"twitter:label2\" content=\"Est. tempo de leitura\" \/>\n\t<meta name=\"twitter:data2\" content=\"6 minutos\" \/>\n<script type=\"application\/ld+json\" class=\"yoast-schema-graph\">{\"@context\":\"https:\/\/schema.org\",\"@graph\":[{\"@type\":\"WebPage\",\"@id\":\"https:\/\/www.blogsoestado.com\/joaquimhaickel\/2013\/07\/06\/sobre-a-reforma-politica-2\/\",\"url\":\"https:\/\/www.blogsoestado.com\/joaquimhaickel\/2013\/07\/06\/sobre-a-reforma-politica-2\/\",\"name\":\"Sobre a Reforma Pol\u00edtica - Joaquim Haickel\",\"isPartOf\":{\"@id\":\"https:\/\/www.blogsoestado.com\/joaquimhaickel\/#website\"},\"datePublished\":\"2013-07-07T00:07:02+00:00\",\"author\":{\"@id\":\"https:\/\/www.blogsoestado.com\/joaquimhaickel\/#\/schema\/person\/4a711644aff28245c6c2c3452d66d325\"},\"breadcrumb\":{\"@id\":\"https:\/\/www.blogsoestado.com\/joaquimhaickel\/2013\/07\/06\/sobre-a-reforma-politica-2\/#breadcrumb\"},\"inLanguage\":\"pt-BR\",\"potentialAction\":[{\"@type\":\"ReadAction\",\"target\":[\"https:\/\/www.blogsoestado.com\/joaquimhaickel\/2013\/07\/06\/sobre-a-reforma-politica-2\/\"]}]},{\"@type\":\"BreadcrumbList\",\"@id\":\"https:\/\/www.blogsoestado.com\/joaquimhaickel\/2013\/07\/06\/sobre-a-reforma-politica-2\/#breadcrumb\",\"itemListElement\":[{\"@type\":\"ListItem\",\"position\":1,\"name\":\"In\u00edcio\",\"item\":\"https:\/\/www.blogsoestado.com\/joaquimhaickel\/\"},{\"@type\":\"ListItem\",\"position\":2,\"name\":\"Sobre a Reforma Pol\u00edtica\"}]},{\"@type\":\"WebSite\",\"@id\":\"https:\/\/www.blogsoestado.com\/joaquimhaickel\/#website\",\"url\":\"https:\/\/www.blogsoestado.com\/joaquimhaickel\/\",\"name\":\"Joaquim Haickel\",\"description\":\"\",\"potentialAction\":[{\"@type\":\"SearchAction\",\"target\":{\"@type\":\"EntryPoint\",\"urlTemplate\":\"https:\/\/www.blogsoestado.com\/joaquimhaickel\/?s={search_term_string}\"},\"query-input\":{\"@type\":\"PropertyValueSpecification\",\"valueRequired\":true,\"valueName\":\"search_term_string\"}}],\"inLanguage\":\"pt-BR\"},{\"@type\":\"Person\",\"@id\":\"https:\/\/www.blogsoestado.com\/joaquimhaickel\/#\/schema\/person\/4a711644aff28245c6c2c3452d66d325\",\"name\":\"Joaquim Haickel\",\"image\":{\"@type\":\"ImageObject\",\"inLanguage\":\"pt-BR\",\"@id\":\"https:\/\/www.blogsoestado.com\/joaquimhaickel\/#\/schema\/person\/image\/\",\"url\":\"https:\/\/secure.gravatar.com\/avatar\/473d89339b9f8ec089adb8d5778363eb5a2ba2319956bcf0298bfd8cca04684a?s=96&d=mm&r=g\",\"contentUrl\":\"https:\/\/secure.gravatar.com\/avatar\/473d89339b9f8ec089adb8d5778363eb5a2ba2319956bcf0298bfd8cca04684a?s=96&d=mm&r=g\",\"caption\":\"Joaquim Haickel\"},\"url\":\"https:\/\/www.blogsoestado.com\/joaquimhaickel\/author\/joaquimhaickel\/\"}]}<\/script>\n<!-- \/ Yoast SEO plugin. -->","yoast_head_json":{"title":"Sobre a Reforma Pol\u00edtica - Joaquim Haickel","robots":{"index":"index","follow":"follow","max-snippet":"max-snippet:-1","max-image-preview":"max-image-preview:large","max-video-preview":"max-video-preview:-1"},"canonical":"https:\/\/www.blogsoestado.com\/joaquimhaickel\/2013\/07\/06\/sobre-a-reforma-politica-2\/","og_locale":"pt_BR","og_type":"article","og_title":"Sobre a Reforma Pol\u00edtica - Joaquim Haickel","og_description":"J\u00e1 faz bastante tempo que muita gente boa vem dizendo que precis\u00e1vamos urgentemente de uma reforma pol\u00edtica. Ela, entre outras [&hellip;]","og_url":"https:\/\/www.blogsoestado.com\/joaquimhaickel\/2013\/07\/06\/sobre-a-reforma-politica-2\/","og_site_name":"Joaquim Haickel","article_published_time":"2013-07-07T00:07:02+00:00","author":"Joaquim Haickel","twitter_card":"summary_large_image","twitter_misc":{"Escrito por":"Joaquim Haickel","Est. tempo de leitura":"6 minutos"},"schema":{"@context":"https:\/\/schema.org","@graph":[{"@type":"WebPage","@id":"https:\/\/www.blogsoestado.com\/joaquimhaickel\/2013\/07\/06\/sobre-a-reforma-politica-2\/","url":"https:\/\/www.blogsoestado.com\/joaquimhaickel\/2013\/07\/06\/sobre-a-reforma-politica-2\/","name":"Sobre a Reforma Pol\u00edtica - Joaquim Haickel","isPartOf":{"@id":"https:\/\/www.blogsoestado.com\/joaquimhaickel\/#website"},"datePublished":"2013-07-07T00:07:02+00:00","author":{"@id":"https:\/\/www.blogsoestado.com\/joaquimhaickel\/#\/schema\/person\/4a711644aff28245c6c2c3452d66d325"},"breadcrumb":{"@id":"https:\/\/www.blogsoestado.com\/joaquimhaickel\/2013\/07\/06\/sobre-a-reforma-politica-2\/#breadcrumb"},"inLanguage":"pt-BR","potentialAction":[{"@type":"ReadAction","target":["https:\/\/www.blogsoestado.com\/joaquimhaickel\/2013\/07\/06\/sobre-a-reforma-politica-2\/"]}]},{"@type":"BreadcrumbList","@id":"https:\/\/www.blogsoestado.com\/joaquimhaickel\/2013\/07\/06\/sobre-a-reforma-politica-2\/#breadcrumb","itemListElement":[{"@type":"ListItem","position":1,"name":"In\u00edcio","item":"https:\/\/www.blogsoestado.com\/joaquimhaickel\/"},{"@type":"ListItem","position":2,"name":"Sobre a Reforma Pol\u00edtica"}]},{"@type":"WebSite","@id":"https:\/\/www.blogsoestado.com\/joaquimhaickel\/#website","url":"https:\/\/www.blogsoestado.com\/joaquimhaickel\/","name":"Joaquim Haickel","description":"","potentialAction":[{"@type":"SearchAction","target":{"@type":"EntryPoint","urlTemplate":"https:\/\/www.blogsoestado.com\/joaquimhaickel\/?s={search_term_string}"},"query-input":{"@type":"PropertyValueSpecification","valueRequired":true,"valueName":"search_term_string"}}],"inLanguage":"pt-BR"},{"@type":"Person","@id":"https:\/\/www.blogsoestado.com\/joaquimhaickel\/#\/schema\/person\/4a711644aff28245c6c2c3452d66d325","name":"Joaquim Haickel","image":{"@type":"ImageObject","inLanguage":"pt-BR","@id":"https:\/\/www.blogsoestado.com\/joaquimhaickel\/#\/schema\/person\/image\/","url":"https:\/\/secure.gravatar.com\/avatar\/473d89339b9f8ec089adb8d5778363eb5a2ba2319956bcf0298bfd8cca04684a?s=96&d=mm&r=g","contentUrl":"https:\/\/secure.gravatar.com\/avatar\/473d89339b9f8ec089adb8d5778363eb5a2ba2319956bcf0298bfd8cca04684a?s=96&d=mm&r=g","caption":"Joaquim Haickel"},"url":"https:\/\/www.blogsoestado.com\/joaquimhaickel\/author\/joaquimhaickel\/"}]}},"jetpack_featured_media_url":"","_links":{"self":[{"href":"https:\/\/www.blogsoestado.com\/joaquimhaickel\/wp-json\/wp\/v2\/posts\/998","targetHints":{"allow":["GET"]}}],"collection":[{"href":"https:\/\/www.blogsoestado.com\/joaquimhaickel\/wp-json\/wp\/v2\/posts"}],"about":[{"href":"https:\/\/www.blogsoestado.com\/joaquimhaickel\/wp-json\/wp\/v2\/types\/post"}],"author":[{"embeddable":true,"href":"https:\/\/www.blogsoestado.com\/joaquimhaickel\/wp-json\/wp\/v2\/users\/7"}],"replies":[{"embeddable":true,"href":"https:\/\/www.blogsoestado.com\/joaquimhaickel\/wp-json\/wp\/v2\/comments?post=998"}],"version-history":[{"count":0,"href":"https:\/\/www.blogsoestado.com\/joaquimhaickel\/wp-json\/wp\/v2\/posts\/998\/revisions"}],"wp:attachment":[{"href":"https:\/\/www.blogsoestado.com\/joaquimhaickel\/wp-json\/wp\/v2\/media?parent=998"}],"wp:term":[{"taxonomy":"category","embeddable":true,"href":"https:\/\/www.blogsoestado.com\/joaquimhaickel\/wp-json\/wp\/v2\/categories?post=998"},{"taxonomy":"post_tag","embeddable":true,"href":"https:\/\/www.blogsoestado.com\/joaquimhaickel\/wp-json\/wp\/v2\/tags?post=998"}],"curies":[{"name":"wp","href":"https:\/\/api.w.org\/{rel}","templated":true}]}}