{"id":2444,"date":"2012-07-30T19:06:35","date_gmt":"2012-07-30T22:06:35","guid":{"rendered":"https:\/\/www.blogsoestado.com\/reggaepoint\/?p=2444"},"modified":"2012-07-30T19:06:35","modified_gmt":"2012-07-30T22:06:35","slug":"v-r-editoras-lanca-bob-marley-o-guerreiro-rasta","status":"publish","type":"post","link":"https:\/\/www.blogsoestado.com\/reggaepoint\/2012\/07\/30\/v-r-editoras-lanca-bob-marley-o-guerreiro-rasta\/","title":{"rendered":"V &#038; R Editoras lan\u00e7a Bob Marley &#8211; O Guerreiro Rasta"},"content":{"rendered":"<p><a href=\"https:\/\/www.blogsoestado.com\/wp-content\/uploads\/sites\/11\/2012\/07\/guerreiro-rasta-gibi.jpg\"><img fetchpriority=\"high\" decoding=\"async\" class=\"alignnone size-full wp-image-2445\" title=\"guerreiro-rasta-gibi.jpg\" src=\"https:\/\/www.blogsoestado.com\/wp-content\/uploads\/sites\/11\/2012\/07\/guerreiro-rasta-gibi.jpg\" alt=\"\" width=\"394\" height=\"400\" \/><\/a><\/p>\n<p>Neste m\u00eas de julho, a V&amp;R Editoras lan\u00e7a Bob Marley &#8211; O Guerreiro Rasta (formato 21 x 29,7 cm, 64 p\u00e1ginas, R$ 34,90), graphic novel da s\u00e9rie Figuras do Rock em Quadrinhos, dos autores argentinos Diego Agrimbau e Dante Ginevra.<\/p>\n<p>Fruto da uni\u00e3o de uma afro-jamaicana com um brit\u00e2nico, Bob cresceu na pobreza de uma Jamaica que buscava se libertar do dom\u00ednio ingl\u00eas, enquanto constru\u00eda sua pr\u00f3pria identidade social e racial.<\/p>\n<p>O talento, somado a sua coragem e f\u00e9, permitiu que Bob Marley se tornasse uma lenda do reggae \u00edcone dos valores rastaf\u00e1ri. Suas mensagens de amor e paz s\u00e3o at\u00e9 hoje multiplicadas entre seus f\u00e3s, mesmo ap\u00f3s 30 anos de sua morte.<\/p>\n<p>A obra ser\u00e1 um dos destaques da editora na 22\u00aa Bienal Internacional do Livro de S\u00e3o Paulo, que acontecer\u00e1 no per\u00edodo de 9 a 19 de agosto, no pavilh\u00e3o de exposi\u00e7\u00f5es do Anhembi.<\/p>\n<p><a href=\"http:\/\/rquadrinhos.blogspot.com.br\/2012\/07\/v-editoras-lanca-bob-marley-o-guerreiro.html\">RQ<\/a><\/p>\n","protected":false},"excerpt":{"rendered":"<p>Neste m\u00eas de julho, a V&amp;R Editoras lan\u00e7a Bob Marley &#8211; O Guerreiro Rasta (formato 21 x 29,7 cm, 64 [&hellip;]<\/p>\n","protected":false},"author":12,"featured_media":0,"comment_status":"open","ping_status":"open","sticky":false,"template":"","format":"standard","meta":{"site-sidebar-layout":"default","site-content-layout":"","ast-site-content-layout":"default","site-content-style":"default","site-sidebar-style":"default","ast-global-header-display":"","ast-banner-title-visibility":"","ast-main-header-display":"","ast-hfb-above-header-display":"","ast-hfb-below-header-display":"","ast-hfb-mobile-header-display":"","site-post-title":"","ast-breadcrumbs-content":"","ast-featured-img":"","footer-sml-layout":"","ast-disable-related-posts":"","theme-transparent-header-meta":"","adv-header-id-meta":"","stick-header-meta":"","header-above-stick-meta":"","header-main-stick-meta":"","header-below-stick-meta":"","astra-migrate-meta-layouts":"default","ast-page-background-enabled":"default","ast-page-background-meta":{"desktop":{"background-color":"var(--ast-global-color-5)","background-image":"","background-repeat":"repeat","background-position":"center center","background-size":"auto","background-attachment":"scroll","background-type":"","background-media":"","overlay-type":"","overlay-color":"","overlay-opacity":"","overlay-gradient":""},"tablet":{"background-color":"","background-image":"","background-repeat":"repeat","background-position":"center center","background-size":"auto","background-attachment":"scroll","background-type":"","background-media":"","overlay-type":"","overlay-color":"","overlay-opacity":"","overlay-gradient":""},"mobile":{"background-color":"","background-image":"","background-repeat":"repeat","background-position":"center center","background-size":"auto","background-attachment":"scroll","background-type":"","background-media":"","overlay-type":"","overlay-color":"","overlay-opacity":"","overlay-gradient":""}},"ast-content-background-meta":{"desktop":{"background-color":"var(--ast-global-color-4)","background-image":"","background-repeat":"repeat","background-position":"center center","background-size":"auto","background-attachment":"scroll","background-type":"","background-media":"","overlay-type":"","overlay-color":"","overlay-opacity":"","overlay-gradient":""},"tablet":{"background-color":"var(--ast-global-color-4)","background-image":"","background-repeat":"repeat","background-position":"center center","background-size":"auto","background-attachment":"scroll","background-type":"","background-media":"","overlay-type":"","overlay-color":"","overlay-opacity":"","overlay-gradient":""},"mobile":{"background-color":"var(--ast-global-color-4)","background-image":"","background-repeat":"repeat","background-position":"center center","background-size":"auto","background-attachment":"scroll","background-type":"","background-media":"","overlay-type":"","overlay-color":"","overlay-opacity":"","overlay-gradient":""}},"footnotes":""},"categories":[9],"tags":[],"class_list":["post-2444","post","type-post","status-publish","format-standard","hentry","category-noticias"],"yoast_head":"<!-- This site is optimized with the Yoast SEO plugin v26.6 - https:\/\/yoast.com\/wordpress\/plugins\/seo\/ -->\n<title>V &amp; R Editoras lan\u00e7a Bob Marley - O Guerreiro Rasta - Reggae Point<\/title>\n<meta name=\"robots\" content=\"index, follow, max-snippet:-1, max-image-preview:large, max-video-preview:-1\" \/>\n<link rel=\"canonical\" href=\"https:\/\/www.blogsoestado.com\/reggaepoint\/2012\/07\/30\/v-r-editoras-lanca-bob-marley-o-guerreiro-rasta\/\" \/>\n<meta property=\"og:locale\" content=\"pt_BR\" \/>\n<meta property=\"og:type\" content=\"article\" \/>\n<meta property=\"og:title\" content=\"V &amp; R Editoras lan\u00e7a Bob Marley - O Guerreiro Rasta - Reggae Point\" \/>\n<meta property=\"og:description\" content=\"Neste m\u00eas de julho, a V&amp;R Editoras lan\u00e7a Bob Marley &#8211; O Guerreiro Rasta (formato 21 x 29,7 cm, 64 [&hellip;]\" \/>\n<meta property=\"og:url\" content=\"https:\/\/www.blogsoestado.com\/reggaepoint\/2012\/07\/30\/v-r-editoras-lanca-bob-marley-o-guerreiro-rasta\/\" \/>\n<meta property=\"og:site_name\" content=\"Reggae Point\" \/>\n<meta property=\"article:published_time\" content=\"2012-07-30T22:06:35+00:00\" \/>\n<meta property=\"og:image\" content=\"https:\/\/www.blogsoestado.com\/reggaepoint\/files\/2012\/07\/guerreiro-rasta-gibi.jpg\" \/>\n<meta name=\"author\" content=\"Reggae Point\" \/>\n<meta name=\"twitter:card\" content=\"summary_large_image\" \/>\n<meta name=\"twitter:label1\" content=\"Escrito por\" \/>\n\t<meta name=\"twitter:data1\" content=\"Reggae Point\" \/>\n\t<meta name=\"twitter:label2\" content=\"Est. tempo de leitura\" \/>\n\t<meta name=\"twitter:data2\" content=\"1 minuto\" \/>\n<script type=\"application\/ld+json\" class=\"yoast-schema-graph\">{\"@context\":\"https:\/\/schema.org\",\"@graph\":[{\"@type\":\"WebPage\",\"@id\":\"https:\/\/www.blogsoestado.com\/reggaepoint\/2012\/07\/30\/v-r-editoras-lanca-bob-marley-o-guerreiro-rasta\/\",\"url\":\"https:\/\/www.blogsoestado.com\/reggaepoint\/2012\/07\/30\/v-r-editoras-lanca-bob-marley-o-guerreiro-rasta\/\",\"name\":\"V & R Editoras lan\u00e7a Bob Marley - O Guerreiro Rasta - Reggae Point\",\"isPartOf\":{\"@id\":\"https:\/\/www.blogsoestado.com\/reggaepoint\/#website\"},\"primaryImageOfPage\":{\"@id\":\"https:\/\/www.blogsoestado.com\/reggaepoint\/2012\/07\/30\/v-r-editoras-lanca-bob-marley-o-guerreiro-rasta\/#primaryimage\"},\"image\":{\"@id\":\"https:\/\/www.blogsoestado.com\/reggaepoint\/2012\/07\/30\/v-r-editoras-lanca-bob-marley-o-guerreiro-rasta\/#primaryimage\"},\"thumbnailUrl\":\"https:\/\/www.blogsoestado.com\/wp-content\/uploads\/sites\/11\/2012\/07\/guerreiro-rasta-gibi.jpg\",\"datePublished\":\"2012-07-30T22:06:35+00:00\",\"author\":{\"@id\":\"https:\/\/www.blogsoestado.com\/reggaepoint\/#\/schema\/person\/3829d170cd0b190b48d008ae2bd64925\"},\"breadcrumb\":{\"@id\":\"https:\/\/www.blogsoestado.com\/reggaepoint\/2012\/07\/30\/v-r-editoras-lanca-bob-marley-o-guerreiro-rasta\/#breadcrumb\"},\"inLanguage\":\"pt-BR\",\"potentialAction\":[{\"@type\":\"ReadAction\",\"target\":[\"https:\/\/www.blogsoestado.com\/reggaepoint\/2012\/07\/30\/v-r-editoras-lanca-bob-marley-o-guerreiro-rasta\/\"]}]},{\"@type\":\"ImageObject\",\"inLanguage\":\"pt-BR\",\"@id\":\"https:\/\/www.blogsoestado.com\/reggaepoint\/2012\/07\/30\/v-r-editoras-lanca-bob-marley-o-guerreiro-rasta\/#primaryimage\",\"url\":\"https:\/\/www.blogsoestado.com\/wp-content\/uploads\/sites\/11\/2012\/07\/guerreiro-rasta-gibi.jpg\",\"contentUrl\":\"https:\/\/www.blogsoestado.com\/wp-content\/uploads\/sites\/11\/2012\/07\/guerreiro-rasta-gibi.jpg\"},{\"@type\":\"BreadcrumbList\",\"@id\":\"https:\/\/www.blogsoestado.com\/reggaepoint\/2012\/07\/30\/v-r-editoras-lanca-bob-marley-o-guerreiro-rasta\/#breadcrumb\",\"itemListElement\":[{\"@type\":\"ListItem\",\"position\":1,\"name\":\"In\u00edcio\",\"item\":\"https:\/\/www.blogsoestado.com\/reggaepoint\/\"},{\"@type\":\"ListItem\",\"position\":2,\"name\":\"V &#038; R Editoras lan\u00e7a Bob Marley &#8211; O Guerreiro Rasta\"}]},{\"@type\":\"WebSite\",\"@id\":\"https:\/\/www.blogsoestado.com\/reggaepoint\/#website\",\"url\":\"https:\/\/www.blogsoestado.com\/reggaepoint\/\",\"name\":\"Reggae Point\",\"description\":\"DJ Waldiney\",\"potentialAction\":[{\"@type\":\"SearchAction\",\"target\":{\"@type\":\"EntryPoint\",\"urlTemplate\":\"https:\/\/www.blogsoestado.com\/reggaepoint\/?s={search_term_string}\"},\"query-input\":{\"@type\":\"PropertyValueSpecification\",\"valueRequired\":true,\"valueName\":\"search_term_string\"}}],\"inLanguage\":\"pt-BR\"},{\"@type\":\"Person\",\"@id\":\"https:\/\/www.blogsoestado.com\/reggaepoint\/#\/schema\/person\/3829d170cd0b190b48d008ae2bd64925\",\"name\":\"Reggae Point\",\"image\":{\"@type\":\"ImageObject\",\"inLanguage\":\"pt-BR\",\"@id\":\"https:\/\/www.blogsoestado.com\/reggaepoint\/#\/schema\/person\/image\/\",\"url\":\"https:\/\/secure.gravatar.com\/avatar\/745d3aba94f0402f751303165284412ce96cf7c63e616e2f20800974f0f6c298?s=96&d=mm&r=g\",\"contentUrl\":\"https:\/\/secure.gravatar.com\/avatar\/745d3aba94f0402f751303165284412ce96cf7c63e616e2f20800974f0f6c298?s=96&d=mm&r=g\",\"caption\":\"Reggae Point\"},\"url\":\"https:\/\/www.blogsoestado.com\/reggaepoint\/author\/reggaepoint\/\"}]}<\/script>\n<!-- \/ Yoast SEO plugin. -->","yoast_head_json":{"title":"V & R Editoras lan\u00e7a Bob Marley - O Guerreiro Rasta - Reggae Point","robots":{"index":"index","follow":"follow","max-snippet":"max-snippet:-1","max-image-preview":"max-image-preview:large","max-video-preview":"max-video-preview:-1"},"canonical":"https:\/\/www.blogsoestado.com\/reggaepoint\/2012\/07\/30\/v-r-editoras-lanca-bob-marley-o-guerreiro-rasta\/","og_locale":"pt_BR","og_type":"article","og_title":"V & R Editoras lan\u00e7a Bob Marley - O Guerreiro Rasta - Reggae Point","og_description":"Neste m\u00eas de julho, a V&amp;R Editoras lan\u00e7a Bob Marley &#8211; O Guerreiro Rasta (formato 21 x 29,7 cm, 64 [&hellip;]","og_url":"https:\/\/www.blogsoestado.com\/reggaepoint\/2012\/07\/30\/v-r-editoras-lanca-bob-marley-o-guerreiro-rasta\/","og_site_name":"Reggae Point","article_published_time":"2012-07-30T22:06:35+00:00","og_image":[{"url":"https:\/\/www.blogsoestado.com\/reggaepoint\/files\/2012\/07\/guerreiro-rasta-gibi.jpg","type":"","width":"","height":""}],"author":"Reggae Point","twitter_card":"summary_large_image","twitter_misc":{"Escrito por":"Reggae Point","Est. tempo de leitura":"1 minuto"},"schema":{"@context":"https:\/\/schema.org","@graph":[{"@type":"WebPage","@id":"https:\/\/www.blogsoestado.com\/reggaepoint\/2012\/07\/30\/v-r-editoras-lanca-bob-marley-o-guerreiro-rasta\/","url":"https:\/\/www.blogsoestado.com\/reggaepoint\/2012\/07\/30\/v-r-editoras-lanca-bob-marley-o-guerreiro-rasta\/","name":"V & R Editoras lan\u00e7a Bob Marley - O Guerreiro Rasta - Reggae Point","isPartOf":{"@id":"https:\/\/www.blogsoestado.com\/reggaepoint\/#website"},"primaryImageOfPage":{"@id":"https:\/\/www.blogsoestado.com\/reggaepoint\/2012\/07\/30\/v-r-editoras-lanca-bob-marley-o-guerreiro-rasta\/#primaryimage"},"image":{"@id":"https:\/\/www.blogsoestado.com\/reggaepoint\/2012\/07\/30\/v-r-editoras-lanca-bob-marley-o-guerreiro-rasta\/#primaryimage"},"thumbnailUrl":"https:\/\/www.blogsoestado.com\/wp-content\/uploads\/sites\/11\/2012\/07\/guerreiro-rasta-gibi.jpg","datePublished":"2012-07-30T22:06:35+00:00","author":{"@id":"https:\/\/www.blogsoestado.com\/reggaepoint\/#\/schema\/person\/3829d170cd0b190b48d008ae2bd64925"},"breadcrumb":{"@id":"https:\/\/www.blogsoestado.com\/reggaepoint\/2012\/07\/30\/v-r-editoras-lanca-bob-marley-o-guerreiro-rasta\/#breadcrumb"},"inLanguage":"pt-BR","potentialAction":[{"@type":"ReadAction","target":["https:\/\/www.blogsoestado.com\/reggaepoint\/2012\/07\/30\/v-r-editoras-lanca-bob-marley-o-guerreiro-rasta\/"]}]},{"@type":"ImageObject","inLanguage":"pt-BR","@id":"https:\/\/www.blogsoestado.com\/reggaepoint\/2012\/07\/30\/v-r-editoras-lanca-bob-marley-o-guerreiro-rasta\/#primaryimage","url":"https:\/\/www.blogsoestado.com\/wp-content\/uploads\/sites\/11\/2012\/07\/guerreiro-rasta-gibi.jpg","contentUrl":"https:\/\/www.blogsoestado.com\/wp-content\/uploads\/sites\/11\/2012\/07\/guerreiro-rasta-gibi.jpg"},{"@type":"BreadcrumbList","@id":"https:\/\/www.blogsoestado.com\/reggaepoint\/2012\/07\/30\/v-r-editoras-lanca-bob-marley-o-guerreiro-rasta\/#breadcrumb","itemListElement":[{"@type":"ListItem","position":1,"name":"In\u00edcio","item":"https:\/\/www.blogsoestado.com\/reggaepoint\/"},{"@type":"ListItem","position":2,"name":"V &#038; R Editoras lan\u00e7a Bob Marley &#8211; O Guerreiro Rasta"}]},{"@type":"WebSite","@id":"https:\/\/www.blogsoestado.com\/reggaepoint\/#website","url":"https:\/\/www.blogsoestado.com\/reggaepoint\/","name":"Reggae Point","description":"DJ Waldiney","potentialAction":[{"@type":"SearchAction","target":{"@type":"EntryPoint","urlTemplate":"https:\/\/www.blogsoestado.com\/reggaepoint\/?s={search_term_string}"},"query-input":{"@type":"PropertyValueSpecification","valueRequired":true,"valueName":"search_term_string"}}],"inLanguage":"pt-BR"},{"@type":"Person","@id":"https:\/\/www.blogsoestado.com\/reggaepoint\/#\/schema\/person\/3829d170cd0b190b48d008ae2bd64925","name":"Reggae Point","image":{"@type":"ImageObject","inLanguage":"pt-BR","@id":"https:\/\/www.blogsoestado.com\/reggaepoint\/#\/schema\/person\/image\/","url":"https:\/\/secure.gravatar.com\/avatar\/745d3aba94f0402f751303165284412ce96cf7c63e616e2f20800974f0f6c298?s=96&d=mm&r=g","contentUrl":"https:\/\/secure.gravatar.com\/avatar\/745d3aba94f0402f751303165284412ce96cf7c63e616e2f20800974f0f6c298?s=96&d=mm&r=g","caption":"Reggae Point"},"url":"https:\/\/www.blogsoestado.com\/reggaepoint\/author\/reggaepoint\/"}]}},"jetpack_featured_media_url":"","_links":{"self":[{"href":"https:\/\/www.blogsoestado.com\/reggaepoint\/wp-json\/wp\/v2\/posts\/2444","targetHints":{"allow":["GET"]}}],"collection":[{"href":"https:\/\/www.blogsoestado.com\/reggaepoint\/wp-json\/wp\/v2\/posts"}],"about":[{"href":"https:\/\/www.blogsoestado.com\/reggaepoint\/wp-json\/wp\/v2\/types\/post"}],"author":[{"embeddable":true,"href":"https:\/\/www.blogsoestado.com\/reggaepoint\/wp-json\/wp\/v2\/users\/12"}],"replies":[{"embeddable":true,"href":"https:\/\/www.blogsoestado.com\/reggaepoint\/wp-json\/wp\/v2\/comments?post=2444"}],"version-history":[{"count":0,"href":"https:\/\/www.blogsoestado.com\/reggaepoint\/wp-json\/wp\/v2\/posts\/2444\/revisions"}],"wp:attachment":[{"href":"https:\/\/www.blogsoestado.com\/reggaepoint\/wp-json\/wp\/v2\/media?parent=2444"}],"wp:term":[{"taxonomy":"category","embeddable":true,"href":"https:\/\/www.blogsoestado.com\/reggaepoint\/wp-json\/wp\/v2\/categories?post=2444"},{"taxonomy":"post_tag","embeddable":true,"href":"https:\/\/www.blogsoestado.com\/reggaepoint\/wp-json\/wp\/v2\/tags?post=2444"}],"curies":[{"name":"wp","href":"https:\/\/api.w.org\/{rel}","templated":true}]}}