{"id":2930,"date":"2012-10-23T18:41:09","date_gmt":"2012-10-23T21:41:09","guid":{"rendered":"https:\/\/www.blogsoestado.com\/reggaepoint\/?p=2930"},"modified":"2012-10-23T18:41:09","modified_gmt":"2012-10-23T21:41:09","slug":"lloyd-parks-e-sua-we-the-people-band-voltam-a-sao-luis","status":"publish","type":"post","link":"https:\/\/www.blogsoestado.com\/reggaepoint\/2012\/10\/23\/lloyd-parks-e-sua-we-the-people-band-voltam-a-sao-luis\/","title":{"rendered":"Lloyd Parks e sua &#8220;We The People Band&#8221; voltam a S\u00e3o Lu\u00eds"},"content":{"rendered":"<p><a href=\"https:\/\/www.blogsoestado.com\/wp-content\/uploads\/sites\/11\/2012\/10\/Lloyd-Parks-Imagem-DJ-Waldiney.jpg\"><img fetchpriority=\"high\" decoding=\"async\" class=\"alignnone size-full wp-image-2931\" src=\"https:\/\/www.blogsoestado.com\/wp-content\/uploads\/sites\/11\/2012\/10\/Lloyd-Parks-Imagem-DJ-Waldiney.jpg\" alt=\"\" width=\"600\" height=\"386\" \/><\/a><\/p>\n<p>A banda \u201cWe The People Band\u201d ser\u00e1 uma das atra\u00e7\u00f5es do Maranh\u00e3o Roots Reggae Festival. Ela acompanhar\u00e1 as apresenta\u00e7\u00f5es de Ken Boothe, Marcia Griffhts, Bob Andy e Culture durante o evento. Para quem gosta ou tem curiosidade em ver e ouvir uma banda jamaicana ao vivo essa ser\u00e1, com certeza, uma grande oportunidade.<\/p>\n<p>Investigando um pouco sobre a hist\u00f3ria deles, a origem da banda \u00e9 de 1974 e tem como fundador e l\u00edder o veterano Lloyd Parks, o qual guarda no curr\u00edculo apresenta\u00e7\u00f5es em diversos eventos consagrados de reggae, tais como o \u201cSunsplash Reggae Festival\u201d e \u201cSumfest Festivals\u201d.<\/p>\n<p>Parks come\u00e7ou com o grupo \u201cThe Invencibles\u201d \u2013 ao lado de Sly Dumbar, Ansel Collins e Ranchie McClean. Depois migrou para \u201cThe Termites\u201d e \u201cThe Techniques\u201d. Como produtor lan\u00e7ou os seus pr\u00f3prios \u00e1lbuns: Officially (1972), Girl In The Morning (1975), Loving You (1976) e Jeans, Jeans (1985). Al\u00e9m disso, compartilhou experi\u00eancias em mais de 100 \u00e1lbuns, n\u00e3o s\u00f3 como baixista, mas como vocal de apoio tamb\u00e9m, a exemplo do disco &#8220;Natty Rebel&#8221; de U-Roy.<\/p>\n<p>Com toda essa versatilidade que acompanha a vida musical de Parks podemos esperar mais uma grande apresenta\u00e7\u00e3o aqui na ilha.<\/p>\n<p><a href=\"https:\/\/www.facebook.com\/djwaldiney\">DJ Waldiney<\/a><\/p>\n","protected":false},"excerpt":{"rendered":"<p>A banda \u201cWe The People Band\u201d ser\u00e1 uma das atra\u00e7\u00f5es do Maranh\u00e3o Roots Reggae Festival. Ela acompanhar\u00e1 as apresenta\u00e7\u00f5es de [&hellip;]<\/p>\n","protected":false},"author":12,"featured_media":0,"comment_status":"open","ping_status":"open","sticky":false,"template":"","format":"standard","meta":{"site-sidebar-layout":"default","site-content-layout":"","ast-site-content-layout":"default","site-content-style":"default","site-sidebar-style":"default","ast-global-header-display":"","ast-banner-title-visibility":"","ast-main-header-display":"","ast-hfb-above-header-display":"","ast-hfb-below-header-display":"","ast-hfb-mobile-header-display":"","site-post-title":"","ast-breadcrumbs-content":"","ast-featured-img":"","footer-sml-layout":"","ast-disable-related-posts":"","theme-transparent-header-meta":"","adv-header-id-meta":"","stick-header-meta":"","header-above-stick-meta":"","header-main-stick-meta":"","header-below-stick-meta":"","astra-migrate-meta-layouts":"default","ast-page-background-enabled":"default","ast-page-background-meta":{"desktop":{"background-color":"var(--ast-global-color-5)","background-image":"","background-repeat":"repeat","background-position":"center center","background-size":"auto","background-attachment":"scroll","background-type":"","background-media":"","overlay-type":"","overlay-color":"","overlay-opacity":"","overlay-gradient":""},"tablet":{"background-color":"","background-image":"","background-repeat":"repeat","background-position":"center center","background-size":"auto","background-attachment":"scroll","background-type":"","background-media":"","overlay-type":"","overlay-color":"","overlay-opacity":"","overlay-gradient":""},"mobile":{"background-color":"","background-image":"","background-repeat":"repeat","background-position":"center center","background-size":"auto","background-attachment":"scroll","background-type":"","background-media":"","overlay-type":"","overlay-color":"","overlay-opacity":"","overlay-gradient":""}},"ast-content-background-meta":{"desktop":{"background-color":"var(--ast-global-color-4)","background-image":"","background-repeat":"repeat","background-position":"center center","background-size":"auto","background-attachment":"scroll","background-type":"","background-media":"","overlay-type":"","overlay-color":"","overlay-opacity":"","overlay-gradient":""},"tablet":{"background-color":"var(--ast-global-color-4)","background-image":"","background-repeat":"repeat","background-position":"center center","background-size":"auto","background-attachment":"scroll","background-type":"","background-media":"","overlay-type":"","overlay-color":"","overlay-opacity":"","overlay-gradient":""},"mobile":{"background-color":"var(--ast-global-color-4)","background-image":"","background-repeat":"repeat","background-position":"center center","background-size":"auto","background-attachment":"scroll","background-type":"","background-media":"","overlay-type":"","overlay-color":"","overlay-opacity":"","overlay-gradient":""}},"footnotes":""},"categories":[9],"tags":[],"class_list":["post-2930","post","type-post","status-publish","format-standard","hentry","category-noticias"],"yoast_head":"<!-- This site is optimized with the Yoast SEO plugin v26.6 - https:\/\/yoast.com\/wordpress\/plugins\/seo\/ -->\n<title>Lloyd Parks e sua &quot;We The People Band&quot; voltam a S\u00e3o Lu\u00eds - Reggae Point<\/title>\n<meta name=\"robots\" content=\"index, follow, max-snippet:-1, max-image-preview:large, max-video-preview:-1\" \/>\n<link rel=\"canonical\" href=\"https:\/\/www.blogsoestado.com\/reggaepoint\/2012\/10\/23\/lloyd-parks-e-sua-we-the-people-band-voltam-a-sao-luis\/\" \/>\n<meta property=\"og:locale\" content=\"pt_BR\" \/>\n<meta property=\"og:type\" content=\"article\" \/>\n<meta property=\"og:title\" content=\"Lloyd Parks e sua &quot;We The People Band&quot; voltam a S\u00e3o Lu\u00eds - Reggae Point\" \/>\n<meta property=\"og:description\" content=\"A banda \u201cWe The People Band\u201d ser\u00e1 uma das atra\u00e7\u00f5es do Maranh\u00e3o Roots Reggae Festival. Ela acompanhar\u00e1 as apresenta\u00e7\u00f5es de [&hellip;]\" \/>\n<meta property=\"og:url\" content=\"https:\/\/www.blogsoestado.com\/reggaepoint\/2012\/10\/23\/lloyd-parks-e-sua-we-the-people-band-voltam-a-sao-luis\/\" \/>\n<meta property=\"og:site_name\" content=\"Reggae Point\" \/>\n<meta property=\"article:published_time\" content=\"2012-10-23T21:41:09+00:00\" \/>\n<meta property=\"og:image\" content=\"https:\/\/www.blogsoestado.com\/reggaepoint\/files\/2012\/10\/Lloyd-Parks-Imagem-DJ-Waldiney.jpg\" \/>\n<meta name=\"author\" content=\"Reggae Point\" \/>\n<meta name=\"twitter:card\" content=\"summary_large_image\" \/>\n<meta name=\"twitter:label1\" content=\"Escrito por\" \/>\n\t<meta name=\"twitter:data1\" content=\"Reggae Point\" \/>\n\t<meta name=\"twitter:label2\" content=\"Est. tempo de leitura\" \/>\n\t<meta name=\"twitter:data2\" content=\"1 minuto\" \/>\n<script type=\"application\/ld+json\" class=\"yoast-schema-graph\">{\"@context\":\"https:\/\/schema.org\",\"@graph\":[{\"@type\":\"WebPage\",\"@id\":\"https:\/\/www.blogsoestado.com\/reggaepoint\/2012\/10\/23\/lloyd-parks-e-sua-we-the-people-band-voltam-a-sao-luis\/\",\"url\":\"https:\/\/www.blogsoestado.com\/reggaepoint\/2012\/10\/23\/lloyd-parks-e-sua-we-the-people-band-voltam-a-sao-luis\/\",\"name\":\"Lloyd Parks e sua \\\"We The People Band\\\" voltam a S\u00e3o Lu\u00eds - Reggae Point\",\"isPartOf\":{\"@id\":\"https:\/\/www.blogsoestado.com\/reggaepoint\/#website\"},\"primaryImageOfPage\":{\"@id\":\"https:\/\/www.blogsoestado.com\/reggaepoint\/2012\/10\/23\/lloyd-parks-e-sua-we-the-people-band-voltam-a-sao-luis\/#primaryimage\"},\"image\":{\"@id\":\"https:\/\/www.blogsoestado.com\/reggaepoint\/2012\/10\/23\/lloyd-parks-e-sua-we-the-people-band-voltam-a-sao-luis\/#primaryimage\"},\"thumbnailUrl\":\"https:\/\/www.blogsoestado.com\/wp-content\/uploads\/sites\/11\/2012\/10\/Lloyd-Parks-Imagem-DJ-Waldiney.jpg\",\"datePublished\":\"2012-10-23T21:41:09+00:00\",\"author\":{\"@id\":\"https:\/\/www.blogsoestado.com\/reggaepoint\/#\/schema\/person\/3829d170cd0b190b48d008ae2bd64925\"},\"breadcrumb\":{\"@id\":\"https:\/\/www.blogsoestado.com\/reggaepoint\/2012\/10\/23\/lloyd-parks-e-sua-we-the-people-band-voltam-a-sao-luis\/#breadcrumb\"},\"inLanguage\":\"pt-BR\",\"potentialAction\":[{\"@type\":\"ReadAction\",\"target\":[\"https:\/\/www.blogsoestado.com\/reggaepoint\/2012\/10\/23\/lloyd-parks-e-sua-we-the-people-band-voltam-a-sao-luis\/\"]}]},{\"@type\":\"ImageObject\",\"inLanguage\":\"pt-BR\",\"@id\":\"https:\/\/www.blogsoestado.com\/reggaepoint\/2012\/10\/23\/lloyd-parks-e-sua-we-the-people-band-voltam-a-sao-luis\/#primaryimage\",\"url\":\"https:\/\/www.blogsoestado.com\/wp-content\/uploads\/sites\/11\/2012\/10\/Lloyd-Parks-Imagem-DJ-Waldiney.jpg\",\"contentUrl\":\"https:\/\/www.blogsoestado.com\/wp-content\/uploads\/sites\/11\/2012\/10\/Lloyd-Parks-Imagem-DJ-Waldiney.jpg\"},{\"@type\":\"BreadcrumbList\",\"@id\":\"https:\/\/www.blogsoestado.com\/reggaepoint\/2012\/10\/23\/lloyd-parks-e-sua-we-the-people-band-voltam-a-sao-luis\/#breadcrumb\",\"itemListElement\":[{\"@type\":\"ListItem\",\"position\":1,\"name\":\"In\u00edcio\",\"item\":\"https:\/\/www.blogsoestado.com\/reggaepoint\/\"},{\"@type\":\"ListItem\",\"position\":2,\"name\":\"Lloyd Parks e sua &#8220;We The People Band&#8221; voltam a S\u00e3o Lu\u00eds\"}]},{\"@type\":\"WebSite\",\"@id\":\"https:\/\/www.blogsoestado.com\/reggaepoint\/#website\",\"url\":\"https:\/\/www.blogsoestado.com\/reggaepoint\/\",\"name\":\"Reggae Point\",\"description\":\"DJ Waldiney\",\"potentialAction\":[{\"@type\":\"SearchAction\",\"target\":{\"@type\":\"EntryPoint\",\"urlTemplate\":\"https:\/\/www.blogsoestado.com\/reggaepoint\/?s={search_term_string}\"},\"query-input\":{\"@type\":\"PropertyValueSpecification\",\"valueRequired\":true,\"valueName\":\"search_term_string\"}}],\"inLanguage\":\"pt-BR\"},{\"@type\":\"Person\",\"@id\":\"https:\/\/www.blogsoestado.com\/reggaepoint\/#\/schema\/person\/3829d170cd0b190b48d008ae2bd64925\",\"name\":\"Reggae Point\",\"image\":{\"@type\":\"ImageObject\",\"inLanguage\":\"pt-BR\",\"@id\":\"https:\/\/www.blogsoestado.com\/reggaepoint\/#\/schema\/person\/image\/\",\"url\":\"https:\/\/secure.gravatar.com\/avatar\/745d3aba94f0402f751303165284412ce96cf7c63e616e2f20800974f0f6c298?s=96&d=mm&r=g\",\"contentUrl\":\"https:\/\/secure.gravatar.com\/avatar\/745d3aba94f0402f751303165284412ce96cf7c63e616e2f20800974f0f6c298?s=96&d=mm&r=g\",\"caption\":\"Reggae Point\"},\"url\":\"https:\/\/www.blogsoestado.com\/reggaepoint\/author\/reggaepoint\/\"}]}<\/script>\n<!-- \/ Yoast SEO plugin. -->","yoast_head_json":{"title":"Lloyd Parks e sua \"We The People Band\" voltam a S\u00e3o Lu\u00eds - Reggae Point","robots":{"index":"index","follow":"follow","max-snippet":"max-snippet:-1","max-image-preview":"max-image-preview:large","max-video-preview":"max-video-preview:-1"},"canonical":"https:\/\/www.blogsoestado.com\/reggaepoint\/2012\/10\/23\/lloyd-parks-e-sua-we-the-people-band-voltam-a-sao-luis\/","og_locale":"pt_BR","og_type":"article","og_title":"Lloyd Parks e sua \"We The People Band\" voltam a S\u00e3o Lu\u00eds - Reggae Point","og_description":"A banda \u201cWe The People Band\u201d ser\u00e1 uma das atra\u00e7\u00f5es do Maranh\u00e3o Roots Reggae Festival. Ela acompanhar\u00e1 as apresenta\u00e7\u00f5es de [&hellip;]","og_url":"https:\/\/www.blogsoestado.com\/reggaepoint\/2012\/10\/23\/lloyd-parks-e-sua-we-the-people-band-voltam-a-sao-luis\/","og_site_name":"Reggae Point","article_published_time":"2012-10-23T21:41:09+00:00","og_image":[{"url":"https:\/\/www.blogsoestado.com\/reggaepoint\/files\/2012\/10\/Lloyd-Parks-Imagem-DJ-Waldiney.jpg","type":"","width":"","height":""}],"author":"Reggae Point","twitter_card":"summary_large_image","twitter_misc":{"Escrito por":"Reggae Point","Est. tempo de leitura":"1 minuto"},"schema":{"@context":"https:\/\/schema.org","@graph":[{"@type":"WebPage","@id":"https:\/\/www.blogsoestado.com\/reggaepoint\/2012\/10\/23\/lloyd-parks-e-sua-we-the-people-band-voltam-a-sao-luis\/","url":"https:\/\/www.blogsoestado.com\/reggaepoint\/2012\/10\/23\/lloyd-parks-e-sua-we-the-people-band-voltam-a-sao-luis\/","name":"Lloyd Parks e sua \"We The People Band\" voltam a S\u00e3o Lu\u00eds - Reggae Point","isPartOf":{"@id":"https:\/\/www.blogsoestado.com\/reggaepoint\/#website"},"primaryImageOfPage":{"@id":"https:\/\/www.blogsoestado.com\/reggaepoint\/2012\/10\/23\/lloyd-parks-e-sua-we-the-people-band-voltam-a-sao-luis\/#primaryimage"},"image":{"@id":"https:\/\/www.blogsoestado.com\/reggaepoint\/2012\/10\/23\/lloyd-parks-e-sua-we-the-people-band-voltam-a-sao-luis\/#primaryimage"},"thumbnailUrl":"https:\/\/www.blogsoestado.com\/wp-content\/uploads\/sites\/11\/2012\/10\/Lloyd-Parks-Imagem-DJ-Waldiney.jpg","datePublished":"2012-10-23T21:41:09+00:00","author":{"@id":"https:\/\/www.blogsoestado.com\/reggaepoint\/#\/schema\/person\/3829d170cd0b190b48d008ae2bd64925"},"breadcrumb":{"@id":"https:\/\/www.blogsoestado.com\/reggaepoint\/2012\/10\/23\/lloyd-parks-e-sua-we-the-people-band-voltam-a-sao-luis\/#breadcrumb"},"inLanguage":"pt-BR","potentialAction":[{"@type":"ReadAction","target":["https:\/\/www.blogsoestado.com\/reggaepoint\/2012\/10\/23\/lloyd-parks-e-sua-we-the-people-band-voltam-a-sao-luis\/"]}]},{"@type":"ImageObject","inLanguage":"pt-BR","@id":"https:\/\/www.blogsoestado.com\/reggaepoint\/2012\/10\/23\/lloyd-parks-e-sua-we-the-people-band-voltam-a-sao-luis\/#primaryimage","url":"https:\/\/www.blogsoestado.com\/wp-content\/uploads\/sites\/11\/2012\/10\/Lloyd-Parks-Imagem-DJ-Waldiney.jpg","contentUrl":"https:\/\/www.blogsoestado.com\/wp-content\/uploads\/sites\/11\/2012\/10\/Lloyd-Parks-Imagem-DJ-Waldiney.jpg"},{"@type":"BreadcrumbList","@id":"https:\/\/www.blogsoestado.com\/reggaepoint\/2012\/10\/23\/lloyd-parks-e-sua-we-the-people-band-voltam-a-sao-luis\/#breadcrumb","itemListElement":[{"@type":"ListItem","position":1,"name":"In\u00edcio","item":"https:\/\/www.blogsoestado.com\/reggaepoint\/"},{"@type":"ListItem","position":2,"name":"Lloyd Parks e sua &#8220;We The People Band&#8221; voltam a S\u00e3o Lu\u00eds"}]},{"@type":"WebSite","@id":"https:\/\/www.blogsoestado.com\/reggaepoint\/#website","url":"https:\/\/www.blogsoestado.com\/reggaepoint\/","name":"Reggae Point","description":"DJ Waldiney","potentialAction":[{"@type":"SearchAction","target":{"@type":"EntryPoint","urlTemplate":"https:\/\/www.blogsoestado.com\/reggaepoint\/?s={search_term_string}"},"query-input":{"@type":"PropertyValueSpecification","valueRequired":true,"valueName":"search_term_string"}}],"inLanguage":"pt-BR"},{"@type":"Person","@id":"https:\/\/www.blogsoestado.com\/reggaepoint\/#\/schema\/person\/3829d170cd0b190b48d008ae2bd64925","name":"Reggae Point","image":{"@type":"ImageObject","inLanguage":"pt-BR","@id":"https:\/\/www.blogsoestado.com\/reggaepoint\/#\/schema\/person\/image\/","url":"https:\/\/secure.gravatar.com\/avatar\/745d3aba94f0402f751303165284412ce96cf7c63e616e2f20800974f0f6c298?s=96&d=mm&r=g","contentUrl":"https:\/\/secure.gravatar.com\/avatar\/745d3aba94f0402f751303165284412ce96cf7c63e616e2f20800974f0f6c298?s=96&d=mm&r=g","caption":"Reggae Point"},"url":"https:\/\/www.blogsoestado.com\/reggaepoint\/author\/reggaepoint\/"}]}},"jetpack_featured_media_url":"","_links":{"self":[{"href":"https:\/\/www.blogsoestado.com\/reggaepoint\/wp-json\/wp\/v2\/posts\/2930","targetHints":{"allow":["GET"]}}],"collection":[{"href":"https:\/\/www.blogsoestado.com\/reggaepoint\/wp-json\/wp\/v2\/posts"}],"about":[{"href":"https:\/\/www.blogsoestado.com\/reggaepoint\/wp-json\/wp\/v2\/types\/post"}],"author":[{"embeddable":true,"href":"https:\/\/www.blogsoestado.com\/reggaepoint\/wp-json\/wp\/v2\/users\/12"}],"replies":[{"embeddable":true,"href":"https:\/\/www.blogsoestado.com\/reggaepoint\/wp-json\/wp\/v2\/comments?post=2930"}],"version-history":[{"count":0,"href":"https:\/\/www.blogsoestado.com\/reggaepoint\/wp-json\/wp\/v2\/posts\/2930\/revisions"}],"wp:attachment":[{"href":"https:\/\/www.blogsoestado.com\/reggaepoint\/wp-json\/wp\/v2\/media?parent=2930"}],"wp:term":[{"taxonomy":"category","embeddable":true,"href":"https:\/\/www.blogsoestado.com\/reggaepoint\/wp-json\/wp\/v2\/categories?post=2930"},{"taxonomy":"post_tag","embeddable":true,"href":"https:\/\/www.blogsoestado.com\/reggaepoint\/wp-json\/wp\/v2\/tags?post=2930"}],"curies":[{"name":"wp","href":"https:\/\/api.w.org\/{rel}","templated":true}]}}