{"id":5991,"date":"2023-08-16T15:11:07","date_gmt":"2023-08-16T18:11:07","guid":{"rendered":"https:\/\/www.blogsoestado.com\/reggaepoint\/?p=5991"},"modified":"2023-08-16T15:11:07","modified_gmt":"2023-08-16T18:11:07","slug":"reggae-maranhense-perde-um-gigante-falece-junior-black-o-homem-pedra","status":"publish","type":"post","link":"https:\/\/www.blogsoestado.com\/reggaepoint\/2023\/08\/16\/reggae-maranhense-perde-um-gigante-falece-junior-black-o-homem-pedra\/","title":{"rendered":"&#8220;Reggae maranhense perde um gigante: falece Junior Black, o Homem Pedra&#8221;"},"content":{"rendered":"\n<figure class=\"wp-block-image size-large is-resized\"><a href=\"https:\/\/www.blogsoestado.com\/wp-content\/uploads\/sites\/11\/2023\/08\/juniorblack.jpg\"><img fetchpriority=\"high\" decoding=\"async\" src=\"https:\/\/www.blogsoestado.com\/wp-content\/uploads\/sites\/11\/2023\/08\/juniorblack.jpg\" alt=\"\" class=\"wp-image-5992\" width=\"554\" height=\"408\"\/><\/a><\/figure>\n\n\n\n<p>Na manh\u00e3 desta quarta-feira (16), uma not\u00edcia triste abalou os cora\u00e7\u00f5es ligados ao reggae maranhense. Aos 60 anos, perdemos Jos\u00e9 de Ribamar Leite Santos, mais conhecido como Junior Black, uma figura ic\u00f4nica do reggae por aqui. Ele faleceu em casa mesmo, ap\u00f3s enfrentar um per\u00edodo dif\u00edcil com um AVC e tratamentos de di\u00e1lise.<\/p>\n\n\n\n<p>Apesar de tudo, o Junior nunca perdeu o \u00e2nimo. Ele encarava as noites como DJ com um sorriso no rosto, mesmo tendo uma sa\u00fade fr\u00e1gil e sem ajuda financeira. Sempre fez parte do grupo que ama o que faz, n\u00e3o \u00e9 verdade? A paix\u00e3o pela m\u00fasica reggae era t\u00e3o grande que ele dependia dela para viver.<\/p>\n\n\n\n<p>Nascido em 11 de janeiro de 1963, Junior Black iniciou sua jornada musical no final dos anos 70, quando come\u00e7ou a frequentar festas com uma variedade de ritmos, despertando seu interesse pela profiss\u00e3o de DJ e radioleiro. Al\u00e9m disso, Junior j\u00e1 trabalhava em uma oficina consertando aparelhos eletr\u00f4nicos, como amplificadores de som e r\u00e1dios. Embora tenha estudado f\u00edsica, n\u00e3o concluiu o curso, trabalhou na extinta CEMAR e foi propriet\u00e1rio de famosas radiolas de som maranhenses, como Black Power, Sonz\u00e3o do Junior Black, Rebel Lion e at\u00e9 mesmo do famoso clube Kingston 777. O apelido &#8220;Junior Black&#8221; surgiu a partir da radiola Black Power, com a qual ele se destacou no cen\u00e1rio.<\/p>\n\n\n\n<p>Junior, dotado de uma incr\u00edvel sensibilidade para selecionar can\u00e7\u00f5es de reggae que se tornariam sucesso nos sal\u00f5es de reggae de S\u00e3o Lu\u00eds, realizou viagens \u00e0 Jamaica e Londres para cuidadosamente escolher singles e LPs. Durante mais de 30 viagens no passado em busca de raridades em vinil, ele abasteceu seu neg\u00f3cio e negociou com outros empres\u00e1rios do ramo.<\/p>\n\n\n\n<p>No m\u00eas de julho deste ano, ele participou do programa Reggae Point da Mirante FM, onde compartilhou suas hist\u00f3rias e sua contribui\u00e7\u00e3o para a festa Reggae das Antigas. Esse evento, ocorrido no Restaurante Porto Seguro, reconheceu sua influ\u00eancia e dedica\u00e7\u00e3o ao crescimento do movimento reggae no estado, homenageando-o com um trof\u00e9u. Al\u00e9m disso, Junior teve uma passagem r\u00e1pida pelo Reggae Point como locutor em 1991. Ele tamb\u00e9m apresentou v\u00e1rios programas de r\u00e1dio e TV em S\u00e3o Lu\u00eds dedicados ao ritmo jamaicano.<\/p>\n\n\n\n<p>Hoje \u00e0 noite, o &#8220;Homem Pedra&#8221; &#8211; como tamb\u00e9m era conhecido &#8211; ser\u00e1 velado na Pax Uni\u00e3o, no Centro. O enterro est\u00e1 programado para as 10h da manh\u00e3 no Jardim da Paz. A tristeza toma conta daqueles que o conheciam, mas as lembran\u00e7as do sorriso e do amor dele pelo reggae continuar\u00e3o vivas. O Junior Black certamente deixar\u00e1 saudades.<\/p>\n\n\n\n<p><a href=\"https:\/\/www.instagram.com\/djwaldiney\/channel\/\">djwaldiney<\/a><\/p>\n","protected":false},"excerpt":{"rendered":"<p>Na manh\u00e3 desta quarta-feira (16), uma not\u00edcia triste abalou os cora\u00e7\u00f5es ligados ao reggae maranhense. Aos 60 anos, perdemos Jos\u00e9 [&hellip;]<\/p>\n","protected":false},"author":12,"featured_media":0,"comment_status":"open","ping_status":"open","sticky":false,"template":"","format":"standard","meta":{"site-sidebar-layout":"default","site-content-layout":"","ast-site-content-layout":"default","site-content-style":"default","site-sidebar-style":"default","ast-global-header-display":"","ast-banner-title-visibility":"","ast-main-header-display":"","ast-hfb-above-header-display":"","ast-hfb-below-header-display":"","ast-hfb-mobile-header-display":"","site-post-title":"","ast-breadcrumbs-content":"","ast-featured-img":"","footer-sml-layout":"","ast-disable-related-posts":"","theme-transparent-header-meta":"","adv-header-id-meta":"","stick-header-meta":"","header-above-stick-meta":"","header-main-stick-meta":"","header-below-stick-meta":"","astra-migrate-meta-layouts":"default","ast-page-background-enabled":"default","ast-page-background-meta":{"desktop":{"background-color":"var(--ast-global-color-5)","background-image":"","background-repeat":"repeat","background-position":"center center","background-size":"auto","background-attachment":"scroll","background-type":"","background-media":"","overlay-type":"","overlay-color":"","overlay-opacity":"","overlay-gradient":""},"tablet":{"background-color":"","background-image":"","background-repeat":"repeat","background-position":"center center","background-size":"auto","background-attachment":"scroll","background-type":"","background-media":"","overlay-type":"","overlay-color":"","overlay-opacity":"","overlay-gradient":""},"mobile":{"background-color":"","background-image":"","background-repeat":"repeat","background-position":"center center","background-size":"auto","background-attachment":"scroll","background-type":"","background-media":"","overlay-type":"","overlay-color":"","overlay-opacity":"","overlay-gradient":""}},"ast-content-background-meta":{"desktop":{"background-color":"var(--ast-global-color-4)","background-image":"","background-repeat":"repeat","background-position":"center center","background-size":"auto","background-attachment":"scroll","background-type":"","background-media":"","overlay-type":"","overlay-color":"","overlay-opacity":"","overlay-gradient":""},"tablet":{"background-color":"var(--ast-global-color-4)","background-image":"","background-repeat":"repeat","background-position":"center center","background-size":"auto","background-attachment":"scroll","background-type":"","background-media":"","overlay-type":"","overlay-color":"","overlay-opacity":"","overlay-gradient":""},"mobile":{"background-color":"var(--ast-global-color-4)","background-image":"","background-repeat":"repeat","background-position":"center center","background-size":"auto","background-attachment":"scroll","background-type":"","background-media":"","overlay-type":"","overlay-color":"","overlay-opacity":"","overlay-gradient":""}},"footnotes":""},"categories":[9],"tags":[],"class_list":["post-5991","post","type-post","status-publish","format-standard","hentry","category-noticias"],"yoast_head":"<!-- This site is optimized with the Yoast SEO plugin v26.6 - https:\/\/yoast.com\/wordpress\/plugins\/seo\/ -->\n<title>&quot;Reggae maranhense perde um gigante: falece Junior Black, o Homem Pedra&quot; - Reggae Point<\/title>\n<meta name=\"robots\" content=\"index, follow, max-snippet:-1, max-image-preview:large, max-video-preview:-1\" \/>\n<link rel=\"canonical\" href=\"https:\/\/www.blogsoestado.com\/reggaepoint\/2023\/08\/16\/reggae-maranhense-perde-um-gigante-falece-junior-black-o-homem-pedra\/\" \/>\n<meta property=\"og:locale\" content=\"pt_BR\" \/>\n<meta property=\"og:type\" content=\"article\" \/>\n<meta property=\"og:title\" content=\"&quot;Reggae maranhense perde um gigante: falece Junior Black, o Homem Pedra&quot; - Reggae Point\" \/>\n<meta property=\"og:description\" content=\"Na manh\u00e3 desta quarta-feira (16), uma not\u00edcia triste abalou os cora\u00e7\u00f5es ligados ao reggae maranhense. Aos 60 anos, perdemos Jos\u00e9 [&hellip;]\" \/>\n<meta property=\"og:url\" content=\"https:\/\/www.blogsoestado.com\/reggaepoint\/2023\/08\/16\/reggae-maranhense-perde-um-gigante-falece-junior-black-o-homem-pedra\/\" \/>\n<meta property=\"og:site_name\" content=\"Reggae Point\" \/>\n<meta property=\"article:published_time\" content=\"2023-08-16T18:11:07+00:00\" \/>\n<meta property=\"og:image\" content=\"https:\/\/www.blogsoestado.com\/reggaepoint\/files\/2023\/08\/juniorblack.jpg\" \/>\n<meta name=\"author\" content=\"Reggae Point\" \/>\n<meta name=\"twitter:card\" content=\"summary_large_image\" \/>\n<meta name=\"twitter:label1\" content=\"Escrito por\" \/>\n\t<meta name=\"twitter:data1\" content=\"Reggae Point\" \/>\n\t<meta name=\"twitter:label2\" content=\"Est. tempo de leitura\" \/>\n\t<meta name=\"twitter:data2\" content=\"3 minutos\" \/>\n<script type=\"application\/ld+json\" class=\"yoast-schema-graph\">{\"@context\":\"https:\/\/schema.org\",\"@graph\":[{\"@type\":\"WebPage\",\"@id\":\"https:\/\/www.blogsoestado.com\/reggaepoint\/2023\/08\/16\/reggae-maranhense-perde-um-gigante-falece-junior-black-o-homem-pedra\/\",\"url\":\"https:\/\/www.blogsoestado.com\/reggaepoint\/2023\/08\/16\/reggae-maranhense-perde-um-gigante-falece-junior-black-o-homem-pedra\/\",\"name\":\"\\\"Reggae maranhense perde um gigante: falece Junior Black, o Homem Pedra\\\" - Reggae Point\",\"isPartOf\":{\"@id\":\"https:\/\/www.blogsoestado.com\/reggaepoint\/#website\"},\"primaryImageOfPage\":{\"@id\":\"https:\/\/www.blogsoestado.com\/reggaepoint\/2023\/08\/16\/reggae-maranhense-perde-um-gigante-falece-junior-black-o-homem-pedra\/#primaryimage\"},\"image\":{\"@id\":\"https:\/\/www.blogsoestado.com\/reggaepoint\/2023\/08\/16\/reggae-maranhense-perde-um-gigante-falece-junior-black-o-homem-pedra\/#primaryimage\"},\"thumbnailUrl\":\"https:\/\/www.blogsoestado.com\/wp-content\/uploads\/sites\/11\/2023\/08\/juniorblack.jpg\",\"datePublished\":\"2023-08-16T18:11:07+00:00\",\"author\":{\"@id\":\"https:\/\/www.blogsoestado.com\/reggaepoint\/#\/schema\/person\/3829d170cd0b190b48d008ae2bd64925\"},\"breadcrumb\":{\"@id\":\"https:\/\/www.blogsoestado.com\/reggaepoint\/2023\/08\/16\/reggae-maranhense-perde-um-gigante-falece-junior-black-o-homem-pedra\/#breadcrumb\"},\"inLanguage\":\"pt-BR\",\"potentialAction\":[{\"@type\":\"ReadAction\",\"target\":[\"https:\/\/www.blogsoestado.com\/reggaepoint\/2023\/08\/16\/reggae-maranhense-perde-um-gigante-falece-junior-black-o-homem-pedra\/\"]}]},{\"@type\":\"ImageObject\",\"inLanguage\":\"pt-BR\",\"@id\":\"https:\/\/www.blogsoestado.com\/reggaepoint\/2023\/08\/16\/reggae-maranhense-perde-um-gigante-falece-junior-black-o-homem-pedra\/#primaryimage\",\"url\":\"https:\/\/www.blogsoestado.com\/wp-content\/uploads\/sites\/11\/2023\/08\/juniorblack.jpg\",\"contentUrl\":\"https:\/\/www.blogsoestado.com\/wp-content\/uploads\/sites\/11\/2023\/08\/juniorblack.jpg\"},{\"@type\":\"BreadcrumbList\",\"@id\":\"https:\/\/www.blogsoestado.com\/reggaepoint\/2023\/08\/16\/reggae-maranhense-perde-um-gigante-falece-junior-black-o-homem-pedra\/#breadcrumb\",\"itemListElement\":[{\"@type\":\"ListItem\",\"position\":1,\"name\":\"In\u00edcio\",\"item\":\"https:\/\/www.blogsoestado.com\/reggaepoint\/\"},{\"@type\":\"ListItem\",\"position\":2,\"name\":\"&#8220;Reggae maranhense perde um gigante: falece Junior Black, o Homem Pedra&#8221;\"}]},{\"@type\":\"WebSite\",\"@id\":\"https:\/\/www.blogsoestado.com\/reggaepoint\/#website\",\"url\":\"https:\/\/www.blogsoestado.com\/reggaepoint\/\",\"name\":\"Reggae Point\",\"description\":\"DJ Waldiney\",\"potentialAction\":[{\"@type\":\"SearchAction\",\"target\":{\"@type\":\"EntryPoint\",\"urlTemplate\":\"https:\/\/www.blogsoestado.com\/reggaepoint\/?s={search_term_string}\"},\"query-input\":{\"@type\":\"PropertyValueSpecification\",\"valueRequired\":true,\"valueName\":\"search_term_string\"}}],\"inLanguage\":\"pt-BR\"},{\"@type\":\"Person\",\"@id\":\"https:\/\/www.blogsoestado.com\/reggaepoint\/#\/schema\/person\/3829d170cd0b190b48d008ae2bd64925\",\"name\":\"Reggae Point\",\"image\":{\"@type\":\"ImageObject\",\"inLanguage\":\"pt-BR\",\"@id\":\"https:\/\/www.blogsoestado.com\/reggaepoint\/#\/schema\/person\/image\/\",\"url\":\"https:\/\/secure.gravatar.com\/avatar\/745d3aba94f0402f751303165284412ce96cf7c63e616e2f20800974f0f6c298?s=96&d=mm&r=g\",\"contentUrl\":\"https:\/\/secure.gravatar.com\/avatar\/745d3aba94f0402f751303165284412ce96cf7c63e616e2f20800974f0f6c298?s=96&d=mm&r=g\",\"caption\":\"Reggae Point\"},\"url\":\"https:\/\/www.blogsoestado.com\/reggaepoint\/author\/reggaepoint\/\"}]}<\/script>\n<!-- \/ Yoast SEO plugin. -->","yoast_head_json":{"title":"\"Reggae maranhense perde um gigante: falece Junior Black, o Homem Pedra\" - Reggae Point","robots":{"index":"index","follow":"follow","max-snippet":"max-snippet:-1","max-image-preview":"max-image-preview:large","max-video-preview":"max-video-preview:-1"},"canonical":"https:\/\/www.blogsoestado.com\/reggaepoint\/2023\/08\/16\/reggae-maranhense-perde-um-gigante-falece-junior-black-o-homem-pedra\/","og_locale":"pt_BR","og_type":"article","og_title":"\"Reggae maranhense perde um gigante: falece Junior Black, o Homem Pedra\" - Reggae Point","og_description":"Na manh\u00e3 desta quarta-feira (16), uma not\u00edcia triste abalou os cora\u00e7\u00f5es ligados ao reggae maranhense. Aos 60 anos, perdemos Jos\u00e9 [&hellip;]","og_url":"https:\/\/www.blogsoestado.com\/reggaepoint\/2023\/08\/16\/reggae-maranhense-perde-um-gigante-falece-junior-black-o-homem-pedra\/","og_site_name":"Reggae Point","article_published_time":"2023-08-16T18:11:07+00:00","og_image":[{"url":"https:\/\/www.blogsoestado.com\/reggaepoint\/files\/2023\/08\/juniorblack.jpg","type":"","width":"","height":""}],"author":"Reggae Point","twitter_card":"summary_large_image","twitter_misc":{"Escrito por":"Reggae Point","Est. tempo de leitura":"3 minutos"},"schema":{"@context":"https:\/\/schema.org","@graph":[{"@type":"WebPage","@id":"https:\/\/www.blogsoestado.com\/reggaepoint\/2023\/08\/16\/reggae-maranhense-perde-um-gigante-falece-junior-black-o-homem-pedra\/","url":"https:\/\/www.blogsoestado.com\/reggaepoint\/2023\/08\/16\/reggae-maranhense-perde-um-gigante-falece-junior-black-o-homem-pedra\/","name":"\"Reggae maranhense perde um gigante: falece Junior Black, o Homem Pedra\" - Reggae Point","isPartOf":{"@id":"https:\/\/www.blogsoestado.com\/reggaepoint\/#website"},"primaryImageOfPage":{"@id":"https:\/\/www.blogsoestado.com\/reggaepoint\/2023\/08\/16\/reggae-maranhense-perde-um-gigante-falece-junior-black-o-homem-pedra\/#primaryimage"},"image":{"@id":"https:\/\/www.blogsoestado.com\/reggaepoint\/2023\/08\/16\/reggae-maranhense-perde-um-gigante-falece-junior-black-o-homem-pedra\/#primaryimage"},"thumbnailUrl":"https:\/\/www.blogsoestado.com\/wp-content\/uploads\/sites\/11\/2023\/08\/juniorblack.jpg","datePublished":"2023-08-16T18:11:07+00:00","author":{"@id":"https:\/\/www.blogsoestado.com\/reggaepoint\/#\/schema\/person\/3829d170cd0b190b48d008ae2bd64925"},"breadcrumb":{"@id":"https:\/\/www.blogsoestado.com\/reggaepoint\/2023\/08\/16\/reggae-maranhense-perde-um-gigante-falece-junior-black-o-homem-pedra\/#breadcrumb"},"inLanguage":"pt-BR","potentialAction":[{"@type":"ReadAction","target":["https:\/\/www.blogsoestado.com\/reggaepoint\/2023\/08\/16\/reggae-maranhense-perde-um-gigante-falece-junior-black-o-homem-pedra\/"]}]},{"@type":"ImageObject","inLanguage":"pt-BR","@id":"https:\/\/www.blogsoestado.com\/reggaepoint\/2023\/08\/16\/reggae-maranhense-perde-um-gigante-falece-junior-black-o-homem-pedra\/#primaryimage","url":"https:\/\/www.blogsoestado.com\/wp-content\/uploads\/sites\/11\/2023\/08\/juniorblack.jpg","contentUrl":"https:\/\/www.blogsoestado.com\/wp-content\/uploads\/sites\/11\/2023\/08\/juniorblack.jpg"},{"@type":"BreadcrumbList","@id":"https:\/\/www.blogsoestado.com\/reggaepoint\/2023\/08\/16\/reggae-maranhense-perde-um-gigante-falece-junior-black-o-homem-pedra\/#breadcrumb","itemListElement":[{"@type":"ListItem","position":1,"name":"In\u00edcio","item":"https:\/\/www.blogsoestado.com\/reggaepoint\/"},{"@type":"ListItem","position":2,"name":"&#8220;Reggae maranhense perde um gigante: falece Junior Black, o Homem Pedra&#8221;"}]},{"@type":"WebSite","@id":"https:\/\/www.blogsoestado.com\/reggaepoint\/#website","url":"https:\/\/www.blogsoestado.com\/reggaepoint\/","name":"Reggae Point","description":"DJ Waldiney","potentialAction":[{"@type":"SearchAction","target":{"@type":"EntryPoint","urlTemplate":"https:\/\/www.blogsoestado.com\/reggaepoint\/?s={search_term_string}"},"query-input":{"@type":"PropertyValueSpecification","valueRequired":true,"valueName":"search_term_string"}}],"inLanguage":"pt-BR"},{"@type":"Person","@id":"https:\/\/www.blogsoestado.com\/reggaepoint\/#\/schema\/person\/3829d170cd0b190b48d008ae2bd64925","name":"Reggae Point","image":{"@type":"ImageObject","inLanguage":"pt-BR","@id":"https:\/\/www.blogsoestado.com\/reggaepoint\/#\/schema\/person\/image\/","url":"https:\/\/secure.gravatar.com\/avatar\/745d3aba94f0402f751303165284412ce96cf7c63e616e2f20800974f0f6c298?s=96&d=mm&r=g","contentUrl":"https:\/\/secure.gravatar.com\/avatar\/745d3aba94f0402f751303165284412ce96cf7c63e616e2f20800974f0f6c298?s=96&d=mm&r=g","caption":"Reggae Point"},"url":"https:\/\/www.blogsoestado.com\/reggaepoint\/author\/reggaepoint\/"}]}},"jetpack_featured_media_url":"","_links":{"self":[{"href":"https:\/\/www.blogsoestado.com\/reggaepoint\/wp-json\/wp\/v2\/posts\/5991","targetHints":{"allow":["GET"]}}],"collection":[{"href":"https:\/\/www.blogsoestado.com\/reggaepoint\/wp-json\/wp\/v2\/posts"}],"about":[{"href":"https:\/\/www.blogsoestado.com\/reggaepoint\/wp-json\/wp\/v2\/types\/post"}],"author":[{"embeddable":true,"href":"https:\/\/www.blogsoestado.com\/reggaepoint\/wp-json\/wp\/v2\/users\/12"}],"replies":[{"embeddable":true,"href":"https:\/\/www.blogsoestado.com\/reggaepoint\/wp-json\/wp\/v2\/comments?post=5991"}],"version-history":[{"count":0,"href":"https:\/\/www.blogsoestado.com\/reggaepoint\/wp-json\/wp\/v2\/posts\/5991\/revisions"}],"wp:attachment":[{"href":"https:\/\/www.blogsoestado.com\/reggaepoint\/wp-json\/wp\/v2\/media?parent=5991"}],"wp:term":[{"taxonomy":"category","embeddable":true,"href":"https:\/\/www.blogsoestado.com\/reggaepoint\/wp-json\/wp\/v2\/categories?post=5991"},{"taxonomy":"post_tag","embeddable":true,"href":"https:\/\/www.blogsoestado.com\/reggaepoint\/wp-json\/wp\/v2\/tags?post=5991"}],"curies":[{"name":"wp","href":"https:\/\/api.w.org\/{rel}","templated":true}]}}