{"id":6486,"date":"2024-08-21T17:48:23","date_gmt":"2024-08-21T20:48:23","guid":{"rendered":"https:\/\/www.blogsoestado.com\/reggaepoint\/?p=6486"},"modified":"2024-08-21T17:48:23","modified_gmt":"2024-08-21T20:48:23","slug":"visita-do-ministro-da-jamaica-a-sao-luis-fortalece-lacos-culturais-e-turisticos","status":"publish","type":"post","link":"https:\/\/www.blogsoestado.com\/reggaepoint\/2024\/08\/21\/visita-do-ministro-da-jamaica-a-sao-luis-fortalece-lacos-culturais-e-turisticos\/","title":{"rendered":"Visita do Ministro da Jamaica a S\u00e3o Lu\u00eds fortalece la\u00e7os culturais e tur\u00edsticos"},"content":{"rendered":"\n<figure class=\"wp-block-image size-large is-resized\"><a href=\"https:\/\/www.blogsoestado.com\/wp-content\/uploads\/sites\/11\/2024\/08\/Edmund-Bartlett.jpg\"><img fetchpriority=\"high\" decoding=\"async\" src=\"https:\/\/www.blogsoestado.com\/wp-content\/uploads\/sites\/11\/2024\/08\/Edmund-Bartlett-1024x683.jpg\" alt=\"\" class=\"wp-image-6487\" width=\"523\" height=\"349\"\/><\/a><figcaption>Por meio do memorando, o Brasil e a Jamaica ser\u00e3o parceiros para a promo\u00e7\u00e3o de um turismo mais sustent\u00e1vel e resiliente<\/figcaption><\/figure>\n\n\n\n<p>O Ministro do Turismo da Jamaica, Edmund Bartlett, esteve em S\u00e3o Lu\u00eds na segunda-feira, 19, para cumprir uma agenda que ressaltou as profundas conex\u00f5es culturais entre o Maranh\u00e3o e a Jamaica. Acompanhado pelo governador Carlos Brand\u00e3o, o ministro visitou os Len\u00e7\u00f3is Maranhenses, o Museu do Reggae e o Pal\u00e1cio dos Le\u00f5es. Ao t\u00e9rmino da visita, a comitiva realizou uma entrevista coletiva no Museu do Reggae, onde foi refor\u00e7ada a import\u00e2ncia do reggae como um s\u00edmbolo cultural que une as duas regi\u00f5es.<\/p>\n\n\n\n<p>Durante a visita, foi celebrado o Acordo de Coopera\u00e7\u00e3o Brasil-Jamaica para o Turismo Sustent\u00e1vel, uma medida que visa promover o desenvolvimento do turismo de forma sustent\u00e1vel em S\u00e3o Lu\u00eds e fortalecer os la\u00e7os culturais entre os dois pa\u00edses. <\/p>\n\n\n\n<p>O acordo tem como um de seus principais objetivos refor\u00e7ar a conex\u00e3o entre o Maranh\u00e3o e a Jamaica, duas regi\u00f5es com uma rica heran\u00e7a afrodescendente. Essa parceria n\u00e3o s\u00f3 abre novas oportunidades econ\u00f4micas e culturais, mas tamb\u00e9m fortalece o reconhecimento do reggae como patrim\u00f4nio imaterial, tanto no Brasil quanto internacionalmente.<\/p>\n\n\n\n<p>Em entrevista comigo, Ademar Danilo comentou:<\/p>\n\n\n\n<p>&#8220;S\u00e3o Lu\u00eds \u00e9 a capital nacional do reggae. N\u00e3o foi \u00e0 toa que o ministro veio da Jamaica para conhecer nossa cidade. Isso \u00e9 fruto de uma grande luta da na\u00e7\u00e3o regueira, uma luta que tem muitos nomes envolvidos nesse movimento desde sempre. Durante essa visita, foi anunciado um voo Brasil-Jamaica com o HUB, ou seja, com uma grande conex\u00e3o em S\u00e3o Lu\u00eds. Quem quiser ir para a Jamaica, saindo de Porto Alegre, S\u00e3o Paulo, Bras\u00edlia, Campo Grande, Cuiab\u00e1, Recife, ou de qualquer lugar no Brasil, poder\u00e1 passar por S\u00e3o Lu\u00eds e daqui seguir para a Jamaica. Isso \u00e9 uma contribui\u00e7\u00e3o muito grande para o turismo do Maranh\u00e3o, especialmente para o turismo de S\u00e3o Lu\u00eds.<\/p>\n\n\n\n<p>Imagina agora, n\u00f3s passando a associar o reggae com os Len\u00e7\u00f3is Maranhenses, o reggae com a hist\u00f3ria colonial de S\u00e3o Lu\u00eds. Isso \u00e9 extremamente positivo para o Maranh\u00e3o. Como eu digo, o reggae s\u00f3 faz bem para o Maranh\u00e3o.<\/p>\n\n\n\n<p>Al\u00e9m dessa a\u00e7\u00e3o, teremos tamb\u00e9m a doa\u00e7\u00e3o de instrumentos importantes e equipamentos hist\u00f3ricos do reggae na Jamaica, que ser\u00e3o doados ao Museu do Reggae. Al\u00e9m do voo e da doa\u00e7\u00e3o, tamb\u00e9m haver\u00e1 cursos de ingl\u00eas para os regueiros. Olha s\u00f3, o governo do Estado vai oferecer cursos de ingl\u00eas para o povo do reggae do Maranh\u00e3o. Tamb\u00e9m teremos cursos de p\u00f3s-gradua\u00e7\u00e3o, a n\u00edvel universit\u00e1rio, aqui para o povo do reggae.<\/p>\n\n\n\n<p>Essa visita do ministro do Turismo da Jamaica, junto com o ministro do Turismo do Brasil, Celso Sabino, e o governador do Maranh\u00e3o, Carlos Brand\u00e3o, trouxe s\u00f3 boas not\u00edcias para o povo do reggae&#8221;.<\/p>\n\n\n\n<p><a href=\"https:\/\/www.instagram.com\/djwaldiney\/\">djwaldiney<\/a><\/p>\n","protected":false},"excerpt":{"rendered":"<p>O Ministro do Turismo da Jamaica, Edmund Bartlett, esteve em S\u00e3o Lu\u00eds na segunda-feira, 19, para cumprir uma agenda que [&hellip;]<\/p>\n","protected":false},"author":12,"featured_media":0,"comment_status":"open","ping_status":"open","sticky":false,"template":"","format":"standard","meta":{"site-sidebar-layout":"default","site-content-layout":"","ast-site-content-layout":"default","site-content-style":"default","site-sidebar-style":"default","ast-global-header-display":"","ast-banner-title-visibility":"","ast-main-header-display":"","ast-hfb-above-header-display":"","ast-hfb-below-header-display":"","ast-hfb-mobile-header-display":"","site-post-title":"","ast-breadcrumbs-content":"","ast-featured-img":"","footer-sml-layout":"","ast-disable-related-posts":"","theme-transparent-header-meta":"","adv-header-id-meta":"","stick-header-meta":"","header-above-stick-meta":"","header-main-stick-meta":"","header-below-stick-meta":"","astra-migrate-meta-layouts":"default","ast-page-background-enabled":"default","ast-page-background-meta":{"desktop":{"background-color":"var(--ast-global-color-5)","background-image":"","background-repeat":"repeat","background-position":"center center","background-size":"auto","background-attachment":"scroll","background-type":"","background-media":"","overlay-type":"","overlay-color":"","overlay-opacity":"","overlay-gradient":""},"tablet":{"background-color":"","background-image":"","background-repeat":"repeat","background-position":"center center","background-size":"auto","background-attachment":"scroll","background-type":"","background-media":"","overlay-type":"","overlay-color":"","overlay-opacity":"","overlay-gradient":""},"mobile":{"background-color":"","background-image":"","background-repeat":"repeat","background-position":"center center","background-size":"auto","background-attachment":"scroll","background-type":"","background-media":"","overlay-type":"","overlay-color":"","overlay-opacity":"","overlay-gradient":""}},"ast-content-background-meta":{"desktop":{"background-color":"var(--ast-global-color-4)","background-image":"","background-repeat":"repeat","background-position":"center center","background-size":"auto","background-attachment":"scroll","background-type":"","background-media":"","overlay-type":"","overlay-color":"","overlay-opacity":"","overlay-gradient":""},"tablet":{"background-color":"var(--ast-global-color-4)","background-image":"","background-repeat":"repeat","background-position":"center center","background-size":"auto","background-attachment":"scroll","background-type":"","background-media":"","overlay-type":"","overlay-color":"","overlay-opacity":"","overlay-gradient":""},"mobile":{"background-color":"var(--ast-global-color-4)","background-image":"","background-repeat":"repeat","background-position":"center center","background-size":"auto","background-attachment":"scroll","background-type":"","background-media":"","overlay-type":"","overlay-color":"","overlay-opacity":"","overlay-gradient":""}},"footnotes":""},"categories":[9],"tags":[],"class_list":["post-6486","post","type-post","status-publish","format-standard","hentry","category-noticias"],"yoast_head":"<!-- This site is optimized with the Yoast SEO plugin v26.6 - https:\/\/yoast.com\/wordpress\/plugins\/seo\/ -->\n<title>Visita do Ministro da Jamaica a S\u00e3o Lu\u00eds fortalece la\u00e7os culturais e tur\u00edsticos - Reggae Point<\/title>\n<meta name=\"robots\" content=\"index, follow, max-snippet:-1, max-image-preview:large, max-video-preview:-1\" \/>\n<link rel=\"canonical\" href=\"https:\/\/www.blogsoestado.com\/reggaepoint\/2024\/08\/21\/visita-do-ministro-da-jamaica-a-sao-luis-fortalece-lacos-culturais-e-turisticos\/\" \/>\n<meta property=\"og:locale\" content=\"pt_BR\" \/>\n<meta property=\"og:type\" content=\"article\" \/>\n<meta property=\"og:title\" content=\"Visita do Ministro da Jamaica a S\u00e3o Lu\u00eds fortalece la\u00e7os culturais e tur\u00edsticos - Reggae Point\" \/>\n<meta property=\"og:description\" content=\"O Ministro do Turismo da Jamaica, Edmund Bartlett, esteve em S\u00e3o Lu\u00eds na segunda-feira, 19, para cumprir uma agenda que [&hellip;]\" \/>\n<meta property=\"og:url\" content=\"https:\/\/www.blogsoestado.com\/reggaepoint\/2024\/08\/21\/visita-do-ministro-da-jamaica-a-sao-luis-fortalece-lacos-culturais-e-turisticos\/\" \/>\n<meta property=\"og:site_name\" content=\"Reggae Point\" \/>\n<meta property=\"article:published_time\" content=\"2024-08-21T20:48:23+00:00\" \/>\n<meta property=\"og:image\" content=\"https:\/\/www.blogsoestado.com\/reggaepoint\/files\/2024\/08\/Edmund-Bartlett-1024x683.jpg\" \/>\n<meta name=\"author\" content=\"Reggae Point\" \/>\n<meta name=\"twitter:card\" content=\"summary_large_image\" \/>\n<meta name=\"twitter:label1\" content=\"Escrito por\" \/>\n\t<meta name=\"twitter:data1\" content=\"Reggae Point\" \/>\n\t<meta name=\"twitter:label2\" content=\"Est. tempo de leitura\" \/>\n\t<meta name=\"twitter:data2\" content=\"3 minutos\" \/>\n<script type=\"application\/ld+json\" class=\"yoast-schema-graph\">{\"@context\":\"https:\/\/schema.org\",\"@graph\":[{\"@type\":\"WebPage\",\"@id\":\"https:\/\/www.blogsoestado.com\/reggaepoint\/2024\/08\/21\/visita-do-ministro-da-jamaica-a-sao-luis-fortalece-lacos-culturais-e-turisticos\/\",\"url\":\"https:\/\/www.blogsoestado.com\/reggaepoint\/2024\/08\/21\/visita-do-ministro-da-jamaica-a-sao-luis-fortalece-lacos-culturais-e-turisticos\/\",\"name\":\"Visita do Ministro da Jamaica a S\u00e3o Lu\u00eds fortalece la\u00e7os culturais e tur\u00edsticos - Reggae Point\",\"isPartOf\":{\"@id\":\"https:\/\/www.blogsoestado.com\/reggaepoint\/#website\"},\"primaryImageOfPage\":{\"@id\":\"https:\/\/www.blogsoestado.com\/reggaepoint\/2024\/08\/21\/visita-do-ministro-da-jamaica-a-sao-luis-fortalece-lacos-culturais-e-turisticos\/#primaryimage\"},\"image\":{\"@id\":\"https:\/\/www.blogsoestado.com\/reggaepoint\/2024\/08\/21\/visita-do-ministro-da-jamaica-a-sao-luis-fortalece-lacos-culturais-e-turisticos\/#primaryimage\"},\"thumbnailUrl\":\"https:\/\/www.blogsoestado.com\/wp-content\/uploads\/sites\/11\/2024\/08\/Edmund-Bartlett-1024x683.jpg\",\"datePublished\":\"2024-08-21T20:48:23+00:00\",\"author\":{\"@id\":\"https:\/\/www.blogsoestado.com\/reggaepoint\/#\/schema\/person\/3829d170cd0b190b48d008ae2bd64925\"},\"breadcrumb\":{\"@id\":\"https:\/\/www.blogsoestado.com\/reggaepoint\/2024\/08\/21\/visita-do-ministro-da-jamaica-a-sao-luis-fortalece-lacos-culturais-e-turisticos\/#breadcrumb\"},\"inLanguage\":\"pt-BR\",\"potentialAction\":[{\"@type\":\"ReadAction\",\"target\":[\"https:\/\/www.blogsoestado.com\/reggaepoint\/2024\/08\/21\/visita-do-ministro-da-jamaica-a-sao-luis-fortalece-lacos-culturais-e-turisticos\/\"]}]},{\"@type\":\"ImageObject\",\"inLanguage\":\"pt-BR\",\"@id\":\"https:\/\/www.blogsoestado.com\/reggaepoint\/2024\/08\/21\/visita-do-ministro-da-jamaica-a-sao-luis-fortalece-lacos-culturais-e-turisticos\/#primaryimage\",\"url\":\"https:\/\/www.blogsoestado.com\/wp-content\/uploads\/sites\/11\/2024\/08\/Edmund-Bartlett-1024x683.jpg\",\"contentUrl\":\"https:\/\/www.blogsoestado.com\/wp-content\/uploads\/sites\/11\/2024\/08\/Edmund-Bartlett-1024x683.jpg\"},{\"@type\":\"BreadcrumbList\",\"@id\":\"https:\/\/www.blogsoestado.com\/reggaepoint\/2024\/08\/21\/visita-do-ministro-da-jamaica-a-sao-luis-fortalece-lacos-culturais-e-turisticos\/#breadcrumb\",\"itemListElement\":[{\"@type\":\"ListItem\",\"position\":1,\"name\":\"In\u00edcio\",\"item\":\"https:\/\/www.blogsoestado.com\/reggaepoint\/\"},{\"@type\":\"ListItem\",\"position\":2,\"name\":\"Visita do Ministro da Jamaica a S\u00e3o Lu\u00eds fortalece la\u00e7os culturais e tur\u00edsticos\"}]},{\"@type\":\"WebSite\",\"@id\":\"https:\/\/www.blogsoestado.com\/reggaepoint\/#website\",\"url\":\"https:\/\/www.blogsoestado.com\/reggaepoint\/\",\"name\":\"Reggae Point\",\"description\":\"DJ Waldiney\",\"potentialAction\":[{\"@type\":\"SearchAction\",\"target\":{\"@type\":\"EntryPoint\",\"urlTemplate\":\"https:\/\/www.blogsoestado.com\/reggaepoint\/?s={search_term_string}\"},\"query-input\":{\"@type\":\"PropertyValueSpecification\",\"valueRequired\":true,\"valueName\":\"search_term_string\"}}],\"inLanguage\":\"pt-BR\"},{\"@type\":\"Person\",\"@id\":\"https:\/\/www.blogsoestado.com\/reggaepoint\/#\/schema\/person\/3829d170cd0b190b48d008ae2bd64925\",\"name\":\"Reggae Point\",\"image\":{\"@type\":\"ImageObject\",\"inLanguage\":\"pt-BR\",\"@id\":\"https:\/\/www.blogsoestado.com\/reggaepoint\/#\/schema\/person\/image\/\",\"url\":\"https:\/\/secure.gravatar.com\/avatar\/745d3aba94f0402f751303165284412ce96cf7c63e616e2f20800974f0f6c298?s=96&d=mm&r=g\",\"contentUrl\":\"https:\/\/secure.gravatar.com\/avatar\/745d3aba94f0402f751303165284412ce96cf7c63e616e2f20800974f0f6c298?s=96&d=mm&r=g\",\"caption\":\"Reggae Point\"},\"url\":\"https:\/\/www.blogsoestado.com\/reggaepoint\/author\/reggaepoint\/\"}]}<\/script>\n<!-- \/ Yoast SEO plugin. -->","yoast_head_json":{"title":"Visita do Ministro da Jamaica a S\u00e3o Lu\u00eds fortalece la\u00e7os culturais e tur\u00edsticos - Reggae Point","robots":{"index":"index","follow":"follow","max-snippet":"max-snippet:-1","max-image-preview":"max-image-preview:large","max-video-preview":"max-video-preview:-1"},"canonical":"https:\/\/www.blogsoestado.com\/reggaepoint\/2024\/08\/21\/visita-do-ministro-da-jamaica-a-sao-luis-fortalece-lacos-culturais-e-turisticos\/","og_locale":"pt_BR","og_type":"article","og_title":"Visita do Ministro da Jamaica a S\u00e3o Lu\u00eds fortalece la\u00e7os culturais e tur\u00edsticos - Reggae Point","og_description":"O Ministro do Turismo da Jamaica, Edmund Bartlett, esteve em S\u00e3o Lu\u00eds na segunda-feira, 19, para cumprir uma agenda que [&hellip;]","og_url":"https:\/\/www.blogsoestado.com\/reggaepoint\/2024\/08\/21\/visita-do-ministro-da-jamaica-a-sao-luis-fortalece-lacos-culturais-e-turisticos\/","og_site_name":"Reggae Point","article_published_time":"2024-08-21T20:48:23+00:00","og_image":[{"url":"https:\/\/www.blogsoestado.com\/reggaepoint\/files\/2024\/08\/Edmund-Bartlett-1024x683.jpg","type":"","width":"","height":""}],"author":"Reggae Point","twitter_card":"summary_large_image","twitter_misc":{"Escrito por":"Reggae Point","Est. tempo de leitura":"3 minutos"},"schema":{"@context":"https:\/\/schema.org","@graph":[{"@type":"WebPage","@id":"https:\/\/www.blogsoestado.com\/reggaepoint\/2024\/08\/21\/visita-do-ministro-da-jamaica-a-sao-luis-fortalece-lacos-culturais-e-turisticos\/","url":"https:\/\/www.blogsoestado.com\/reggaepoint\/2024\/08\/21\/visita-do-ministro-da-jamaica-a-sao-luis-fortalece-lacos-culturais-e-turisticos\/","name":"Visita do Ministro da Jamaica a S\u00e3o Lu\u00eds fortalece la\u00e7os culturais e tur\u00edsticos - Reggae Point","isPartOf":{"@id":"https:\/\/www.blogsoestado.com\/reggaepoint\/#website"},"primaryImageOfPage":{"@id":"https:\/\/www.blogsoestado.com\/reggaepoint\/2024\/08\/21\/visita-do-ministro-da-jamaica-a-sao-luis-fortalece-lacos-culturais-e-turisticos\/#primaryimage"},"image":{"@id":"https:\/\/www.blogsoestado.com\/reggaepoint\/2024\/08\/21\/visita-do-ministro-da-jamaica-a-sao-luis-fortalece-lacos-culturais-e-turisticos\/#primaryimage"},"thumbnailUrl":"https:\/\/www.blogsoestado.com\/wp-content\/uploads\/sites\/11\/2024\/08\/Edmund-Bartlett-1024x683.jpg","datePublished":"2024-08-21T20:48:23+00:00","author":{"@id":"https:\/\/www.blogsoestado.com\/reggaepoint\/#\/schema\/person\/3829d170cd0b190b48d008ae2bd64925"},"breadcrumb":{"@id":"https:\/\/www.blogsoestado.com\/reggaepoint\/2024\/08\/21\/visita-do-ministro-da-jamaica-a-sao-luis-fortalece-lacos-culturais-e-turisticos\/#breadcrumb"},"inLanguage":"pt-BR","potentialAction":[{"@type":"ReadAction","target":["https:\/\/www.blogsoestado.com\/reggaepoint\/2024\/08\/21\/visita-do-ministro-da-jamaica-a-sao-luis-fortalece-lacos-culturais-e-turisticos\/"]}]},{"@type":"ImageObject","inLanguage":"pt-BR","@id":"https:\/\/www.blogsoestado.com\/reggaepoint\/2024\/08\/21\/visita-do-ministro-da-jamaica-a-sao-luis-fortalece-lacos-culturais-e-turisticos\/#primaryimage","url":"https:\/\/www.blogsoestado.com\/wp-content\/uploads\/sites\/11\/2024\/08\/Edmund-Bartlett-1024x683.jpg","contentUrl":"https:\/\/www.blogsoestado.com\/wp-content\/uploads\/sites\/11\/2024\/08\/Edmund-Bartlett-1024x683.jpg"},{"@type":"BreadcrumbList","@id":"https:\/\/www.blogsoestado.com\/reggaepoint\/2024\/08\/21\/visita-do-ministro-da-jamaica-a-sao-luis-fortalece-lacos-culturais-e-turisticos\/#breadcrumb","itemListElement":[{"@type":"ListItem","position":1,"name":"In\u00edcio","item":"https:\/\/www.blogsoestado.com\/reggaepoint\/"},{"@type":"ListItem","position":2,"name":"Visita do Ministro da Jamaica a S\u00e3o Lu\u00eds fortalece la\u00e7os culturais e tur\u00edsticos"}]},{"@type":"WebSite","@id":"https:\/\/www.blogsoestado.com\/reggaepoint\/#website","url":"https:\/\/www.blogsoestado.com\/reggaepoint\/","name":"Reggae Point","description":"DJ Waldiney","potentialAction":[{"@type":"SearchAction","target":{"@type":"EntryPoint","urlTemplate":"https:\/\/www.blogsoestado.com\/reggaepoint\/?s={search_term_string}"},"query-input":{"@type":"PropertyValueSpecification","valueRequired":true,"valueName":"search_term_string"}}],"inLanguage":"pt-BR"},{"@type":"Person","@id":"https:\/\/www.blogsoestado.com\/reggaepoint\/#\/schema\/person\/3829d170cd0b190b48d008ae2bd64925","name":"Reggae Point","image":{"@type":"ImageObject","inLanguage":"pt-BR","@id":"https:\/\/www.blogsoestado.com\/reggaepoint\/#\/schema\/person\/image\/","url":"https:\/\/secure.gravatar.com\/avatar\/745d3aba94f0402f751303165284412ce96cf7c63e616e2f20800974f0f6c298?s=96&d=mm&r=g","contentUrl":"https:\/\/secure.gravatar.com\/avatar\/745d3aba94f0402f751303165284412ce96cf7c63e616e2f20800974f0f6c298?s=96&d=mm&r=g","caption":"Reggae Point"},"url":"https:\/\/www.blogsoestado.com\/reggaepoint\/author\/reggaepoint\/"}]}},"jetpack_featured_media_url":"","_links":{"self":[{"href":"https:\/\/www.blogsoestado.com\/reggaepoint\/wp-json\/wp\/v2\/posts\/6486","targetHints":{"allow":["GET"]}}],"collection":[{"href":"https:\/\/www.blogsoestado.com\/reggaepoint\/wp-json\/wp\/v2\/posts"}],"about":[{"href":"https:\/\/www.blogsoestado.com\/reggaepoint\/wp-json\/wp\/v2\/types\/post"}],"author":[{"embeddable":true,"href":"https:\/\/www.blogsoestado.com\/reggaepoint\/wp-json\/wp\/v2\/users\/12"}],"replies":[{"embeddable":true,"href":"https:\/\/www.blogsoestado.com\/reggaepoint\/wp-json\/wp\/v2\/comments?post=6486"}],"version-history":[{"count":0,"href":"https:\/\/www.blogsoestado.com\/reggaepoint\/wp-json\/wp\/v2\/posts\/6486\/revisions"}],"wp:attachment":[{"href":"https:\/\/www.blogsoestado.com\/reggaepoint\/wp-json\/wp\/v2\/media?parent=6486"}],"wp:term":[{"taxonomy":"category","embeddable":true,"href":"https:\/\/www.blogsoestado.com\/reggaepoint\/wp-json\/wp\/v2\/categories?post=6486"},{"taxonomy":"post_tag","embeddable":true,"href":"https:\/\/www.blogsoestado.com\/reggaepoint\/wp-json\/wp\/v2\/tags?post=6486"}],"curies":[{"name":"wp","href":"https:\/\/api.w.org\/{rel}","templated":true}]}}