{"id":6663,"date":"2025-01-31T18:16:48","date_gmt":"2025-01-31T21:16:48","guid":{"rendered":"https:\/\/www.blogsoestado.com\/reggaepoint\/?p=6663"},"modified":"2025-01-31T18:16:48","modified_gmt":"2025-01-31T21:16:48","slug":"rasta-reggae-festival-traz-keith-porter-dos-itals-ao-ceprama","status":"publish","type":"post","link":"https:\/\/www.blogsoestado.com\/reggaepoint\/2025\/01\/31\/rasta-reggae-festival-traz-keith-porter-dos-itals-ao-ceprama\/","title":{"rendered":"Rasta Reggae Festival traz Keith Porter, dos Itals, ao Ceprama"},"content":{"rendered":"\n<figure class=\"wp-block-image size-large is-resized\"><a href=\"https:\/\/www.blogsoestado.com\/wp-content\/uploads\/sites\/11\/2025\/01\/keithparter.png\"><img fetchpriority=\"high\" decoding=\"async\" src=\"https:\/\/www.blogsoestado.com\/wp-content\/uploads\/sites\/11\/2025\/01\/keithparter.png\" alt=\"\" class=\"wp-image-6664\" width=\"568\" height=\"379\"\/><\/a><figcaption>Keith Porter<\/figcaption><\/figure>\n\n\n\n<p>Keith Porter, o \u00fanico membro original vivo do grupo jamaicano The Itals, estar\u00e1 em S\u00e3o Lu\u00eds no dia 10 de maio, no Ceprama, durante o Rasta Reggae Festival.<\/p>\n\n\n\n<p>A apresenta\u00e7\u00e3o faz parte da programa\u00e7\u00e3o do festival e ser\u00e1 uma oportunidade para o p\u00fablico ouvir as m\u00fasicas do grupo.<\/p>\n\n\n\n<p>Em 2001, ele esteve em S\u00e3o Lu\u00eds ao lado de David Isaacs e Ronnie Davis, no Maranh\u00e3o Roots Reggae Festival.<\/p>\n\n\n\n<p>Os Itals foram formados em 1976 e tiveram como membros Keith Porter, Lloyd Ricketts, David Isaacs e Ronnie Davis. Ao longo das d\u00e9cadas de 1970 e 1980, o grupo lan\u00e7ou v\u00e1rios \u00e1lbuns.<\/p>\n\n\n\n<p>O single de estreia, In A Dis Ya Time, alcan\u00e7ou o topo das paradas jamaicanas. O \u00e1lbum Rasta Philosophy, de 1987, foi indicado ao Grammy de Melhor \u00c1lbum de Reggae.<\/p>\n\n\n\n<p>Keith Porter interpretar\u00e1 m\u00fasicas como In A Dis Ya Time e Seeing Is Believing, al\u00e9m de outras can\u00e7\u00f5es do repert\u00f3rio dos Itals.No ano passado, ele esteve no Rep\u00fablica do Reggae. Agora, retorna ao Brasil para essa apresenta\u00e7\u00e3o no Rasta Reggae Festival.<\/p>\n\n\n\n<p><a href=\"https:\/\/www.instagram.com\/djwaldiney\/\">djwaldiney<\/a><\/p>\n","protected":false},"excerpt":{"rendered":"<p>Keith Porter, o \u00fanico membro original vivo do grupo jamaicano The Itals, estar\u00e1 em S\u00e3o Lu\u00eds no dia 10 de [&hellip;]<\/p>\n","protected":false},"author":12,"featured_media":0,"comment_status":"open","ping_status":"open","sticky":false,"template":"","format":"standard","meta":{"site-sidebar-layout":"default","site-content-layout":"","ast-site-content-layout":"default","site-content-style":"default","site-sidebar-style":"default","ast-global-header-display":"","ast-banner-title-visibility":"","ast-main-header-display":"","ast-hfb-above-header-display":"","ast-hfb-below-header-display":"","ast-hfb-mobile-header-display":"","site-post-title":"","ast-breadcrumbs-content":"","ast-featured-img":"","footer-sml-layout":"","ast-disable-related-posts":"","theme-transparent-header-meta":"","adv-header-id-meta":"","stick-header-meta":"","header-above-stick-meta":"","header-main-stick-meta":"","header-below-stick-meta":"","astra-migrate-meta-layouts":"default","ast-page-background-enabled":"default","ast-page-background-meta":{"desktop":{"background-color":"var(--ast-global-color-5)","background-image":"","background-repeat":"repeat","background-position":"center center","background-size":"auto","background-attachment":"scroll","background-type":"","background-media":"","overlay-type":"","overlay-color":"","overlay-opacity":"","overlay-gradient":""},"tablet":{"background-color":"","background-image":"","background-repeat":"repeat","background-position":"center center","background-size":"auto","background-attachment":"scroll","background-type":"","background-media":"","overlay-type":"","overlay-color":"","overlay-opacity":"","overlay-gradient":""},"mobile":{"background-color":"","background-image":"","background-repeat":"repeat","background-position":"center center","background-size":"auto","background-attachment":"scroll","background-type":"","background-media":"","overlay-type":"","overlay-color":"","overlay-opacity":"","overlay-gradient":""}},"ast-content-background-meta":{"desktop":{"background-color":"var(--ast-global-color-4)","background-image":"","background-repeat":"repeat","background-position":"center center","background-size":"auto","background-attachment":"scroll","background-type":"","background-media":"","overlay-type":"","overlay-color":"","overlay-opacity":"","overlay-gradient":""},"tablet":{"background-color":"var(--ast-global-color-4)","background-image":"","background-repeat":"repeat","background-position":"center center","background-size":"auto","background-attachment":"scroll","background-type":"","background-media":"","overlay-type":"","overlay-color":"","overlay-opacity":"","overlay-gradient":""},"mobile":{"background-color":"var(--ast-global-color-4)","background-image":"","background-repeat":"repeat","background-position":"center center","background-size":"auto","background-attachment":"scroll","background-type":"","background-media":"","overlay-type":"","overlay-color":"","overlay-opacity":"","overlay-gradient":""}},"footnotes":""},"categories":[9],"tags":[],"class_list":["post-6663","post","type-post","status-publish","format-standard","hentry","category-noticias"],"yoast_head":"<!-- This site is optimized with the Yoast SEO plugin v26.6 - https:\/\/yoast.com\/wordpress\/plugins\/seo\/ -->\n<title>Rasta Reggae Festival traz Keith Porter, dos Itals, ao Ceprama - Reggae Point<\/title>\n<meta name=\"robots\" content=\"index, follow, max-snippet:-1, max-image-preview:large, max-video-preview:-1\" \/>\n<link rel=\"canonical\" href=\"https:\/\/www.blogsoestado.com\/reggaepoint\/2025\/01\/31\/rasta-reggae-festival-traz-keith-porter-dos-itals-ao-ceprama\/\" \/>\n<meta property=\"og:locale\" content=\"pt_BR\" \/>\n<meta property=\"og:type\" content=\"article\" \/>\n<meta property=\"og:title\" content=\"Rasta Reggae Festival traz Keith Porter, dos Itals, ao Ceprama - Reggae Point\" \/>\n<meta property=\"og:description\" content=\"Keith Porter, o \u00fanico membro original vivo do grupo jamaicano The Itals, estar\u00e1 em S\u00e3o Lu\u00eds no dia 10 de [&hellip;]\" \/>\n<meta property=\"og:url\" content=\"https:\/\/www.blogsoestado.com\/reggaepoint\/2025\/01\/31\/rasta-reggae-festival-traz-keith-porter-dos-itals-ao-ceprama\/\" \/>\n<meta property=\"og:site_name\" content=\"Reggae Point\" \/>\n<meta property=\"article:published_time\" content=\"2025-01-31T21:16:48+00:00\" \/>\n<meta property=\"og:image\" content=\"https:\/\/www.blogsoestado.com\/reggaepoint\/files\/2025\/01\/keithparter.png\" \/>\n<meta name=\"author\" content=\"Reggae Point\" \/>\n<meta name=\"twitter:card\" content=\"summary_large_image\" \/>\n<meta name=\"twitter:label1\" content=\"Escrito por\" \/>\n\t<meta name=\"twitter:data1\" content=\"Reggae Point\" \/>\n\t<meta name=\"twitter:label2\" content=\"Est. tempo de leitura\" \/>\n\t<meta name=\"twitter:data2\" content=\"1 minuto\" \/>\n<script type=\"application\/ld+json\" class=\"yoast-schema-graph\">{\"@context\":\"https:\/\/schema.org\",\"@graph\":[{\"@type\":\"WebPage\",\"@id\":\"https:\/\/www.blogsoestado.com\/reggaepoint\/2025\/01\/31\/rasta-reggae-festival-traz-keith-porter-dos-itals-ao-ceprama\/\",\"url\":\"https:\/\/www.blogsoestado.com\/reggaepoint\/2025\/01\/31\/rasta-reggae-festival-traz-keith-porter-dos-itals-ao-ceprama\/\",\"name\":\"Rasta Reggae Festival traz Keith Porter, dos Itals, ao Ceprama - Reggae Point\",\"isPartOf\":{\"@id\":\"https:\/\/www.blogsoestado.com\/reggaepoint\/#website\"},\"primaryImageOfPage\":{\"@id\":\"https:\/\/www.blogsoestado.com\/reggaepoint\/2025\/01\/31\/rasta-reggae-festival-traz-keith-porter-dos-itals-ao-ceprama\/#primaryimage\"},\"image\":{\"@id\":\"https:\/\/www.blogsoestado.com\/reggaepoint\/2025\/01\/31\/rasta-reggae-festival-traz-keith-porter-dos-itals-ao-ceprama\/#primaryimage\"},\"thumbnailUrl\":\"https:\/\/www.blogsoestado.com\/wp-content\/uploads\/sites\/11\/2025\/01\/keithparter.png\",\"datePublished\":\"2025-01-31T21:16:48+00:00\",\"author\":{\"@id\":\"https:\/\/www.blogsoestado.com\/reggaepoint\/#\/schema\/person\/3829d170cd0b190b48d008ae2bd64925\"},\"breadcrumb\":{\"@id\":\"https:\/\/www.blogsoestado.com\/reggaepoint\/2025\/01\/31\/rasta-reggae-festival-traz-keith-porter-dos-itals-ao-ceprama\/#breadcrumb\"},\"inLanguage\":\"pt-BR\",\"potentialAction\":[{\"@type\":\"ReadAction\",\"target\":[\"https:\/\/www.blogsoestado.com\/reggaepoint\/2025\/01\/31\/rasta-reggae-festival-traz-keith-porter-dos-itals-ao-ceprama\/\"]}]},{\"@type\":\"ImageObject\",\"inLanguage\":\"pt-BR\",\"@id\":\"https:\/\/www.blogsoestado.com\/reggaepoint\/2025\/01\/31\/rasta-reggae-festival-traz-keith-porter-dos-itals-ao-ceprama\/#primaryimage\",\"url\":\"https:\/\/www.blogsoestado.com\/wp-content\/uploads\/sites\/11\/2025\/01\/keithparter.png\",\"contentUrl\":\"https:\/\/www.blogsoestado.com\/wp-content\/uploads\/sites\/11\/2025\/01\/keithparter.png\"},{\"@type\":\"BreadcrumbList\",\"@id\":\"https:\/\/www.blogsoestado.com\/reggaepoint\/2025\/01\/31\/rasta-reggae-festival-traz-keith-porter-dos-itals-ao-ceprama\/#breadcrumb\",\"itemListElement\":[{\"@type\":\"ListItem\",\"position\":1,\"name\":\"In\u00edcio\",\"item\":\"https:\/\/www.blogsoestado.com\/reggaepoint\/\"},{\"@type\":\"ListItem\",\"position\":2,\"name\":\"Rasta Reggae Festival traz Keith Porter, dos Itals, ao Ceprama\"}]},{\"@type\":\"WebSite\",\"@id\":\"https:\/\/www.blogsoestado.com\/reggaepoint\/#website\",\"url\":\"https:\/\/www.blogsoestado.com\/reggaepoint\/\",\"name\":\"Reggae Point\",\"description\":\"DJ Waldiney\",\"potentialAction\":[{\"@type\":\"SearchAction\",\"target\":{\"@type\":\"EntryPoint\",\"urlTemplate\":\"https:\/\/www.blogsoestado.com\/reggaepoint\/?s={search_term_string}\"},\"query-input\":{\"@type\":\"PropertyValueSpecification\",\"valueRequired\":true,\"valueName\":\"search_term_string\"}}],\"inLanguage\":\"pt-BR\"},{\"@type\":\"Person\",\"@id\":\"https:\/\/www.blogsoestado.com\/reggaepoint\/#\/schema\/person\/3829d170cd0b190b48d008ae2bd64925\",\"name\":\"Reggae Point\",\"image\":{\"@type\":\"ImageObject\",\"inLanguage\":\"pt-BR\",\"@id\":\"https:\/\/www.blogsoestado.com\/reggaepoint\/#\/schema\/person\/image\/\",\"url\":\"https:\/\/secure.gravatar.com\/avatar\/745d3aba94f0402f751303165284412ce96cf7c63e616e2f20800974f0f6c298?s=96&d=mm&r=g\",\"contentUrl\":\"https:\/\/secure.gravatar.com\/avatar\/745d3aba94f0402f751303165284412ce96cf7c63e616e2f20800974f0f6c298?s=96&d=mm&r=g\",\"caption\":\"Reggae Point\"},\"url\":\"https:\/\/www.blogsoestado.com\/reggaepoint\/author\/reggaepoint\/\"}]}<\/script>\n<!-- \/ Yoast SEO plugin. -->","yoast_head_json":{"title":"Rasta Reggae Festival traz Keith Porter, dos Itals, ao Ceprama - Reggae Point","robots":{"index":"index","follow":"follow","max-snippet":"max-snippet:-1","max-image-preview":"max-image-preview:large","max-video-preview":"max-video-preview:-1"},"canonical":"https:\/\/www.blogsoestado.com\/reggaepoint\/2025\/01\/31\/rasta-reggae-festival-traz-keith-porter-dos-itals-ao-ceprama\/","og_locale":"pt_BR","og_type":"article","og_title":"Rasta Reggae Festival traz Keith Porter, dos Itals, ao Ceprama - Reggae Point","og_description":"Keith Porter, o \u00fanico membro original vivo do grupo jamaicano The Itals, estar\u00e1 em S\u00e3o Lu\u00eds no dia 10 de [&hellip;]","og_url":"https:\/\/www.blogsoestado.com\/reggaepoint\/2025\/01\/31\/rasta-reggae-festival-traz-keith-porter-dos-itals-ao-ceprama\/","og_site_name":"Reggae Point","article_published_time":"2025-01-31T21:16:48+00:00","og_image":[{"url":"https:\/\/www.blogsoestado.com\/reggaepoint\/files\/2025\/01\/keithparter.png","type":"","width":"","height":""}],"author":"Reggae Point","twitter_card":"summary_large_image","twitter_misc":{"Escrito por":"Reggae Point","Est. tempo de leitura":"1 minuto"},"schema":{"@context":"https:\/\/schema.org","@graph":[{"@type":"WebPage","@id":"https:\/\/www.blogsoestado.com\/reggaepoint\/2025\/01\/31\/rasta-reggae-festival-traz-keith-porter-dos-itals-ao-ceprama\/","url":"https:\/\/www.blogsoestado.com\/reggaepoint\/2025\/01\/31\/rasta-reggae-festival-traz-keith-porter-dos-itals-ao-ceprama\/","name":"Rasta Reggae Festival traz Keith Porter, dos Itals, ao Ceprama - Reggae Point","isPartOf":{"@id":"https:\/\/www.blogsoestado.com\/reggaepoint\/#website"},"primaryImageOfPage":{"@id":"https:\/\/www.blogsoestado.com\/reggaepoint\/2025\/01\/31\/rasta-reggae-festival-traz-keith-porter-dos-itals-ao-ceprama\/#primaryimage"},"image":{"@id":"https:\/\/www.blogsoestado.com\/reggaepoint\/2025\/01\/31\/rasta-reggae-festival-traz-keith-porter-dos-itals-ao-ceprama\/#primaryimage"},"thumbnailUrl":"https:\/\/www.blogsoestado.com\/wp-content\/uploads\/sites\/11\/2025\/01\/keithparter.png","datePublished":"2025-01-31T21:16:48+00:00","author":{"@id":"https:\/\/www.blogsoestado.com\/reggaepoint\/#\/schema\/person\/3829d170cd0b190b48d008ae2bd64925"},"breadcrumb":{"@id":"https:\/\/www.blogsoestado.com\/reggaepoint\/2025\/01\/31\/rasta-reggae-festival-traz-keith-porter-dos-itals-ao-ceprama\/#breadcrumb"},"inLanguage":"pt-BR","potentialAction":[{"@type":"ReadAction","target":["https:\/\/www.blogsoestado.com\/reggaepoint\/2025\/01\/31\/rasta-reggae-festival-traz-keith-porter-dos-itals-ao-ceprama\/"]}]},{"@type":"ImageObject","inLanguage":"pt-BR","@id":"https:\/\/www.blogsoestado.com\/reggaepoint\/2025\/01\/31\/rasta-reggae-festival-traz-keith-porter-dos-itals-ao-ceprama\/#primaryimage","url":"https:\/\/www.blogsoestado.com\/wp-content\/uploads\/sites\/11\/2025\/01\/keithparter.png","contentUrl":"https:\/\/www.blogsoestado.com\/wp-content\/uploads\/sites\/11\/2025\/01\/keithparter.png"},{"@type":"BreadcrumbList","@id":"https:\/\/www.blogsoestado.com\/reggaepoint\/2025\/01\/31\/rasta-reggae-festival-traz-keith-porter-dos-itals-ao-ceprama\/#breadcrumb","itemListElement":[{"@type":"ListItem","position":1,"name":"In\u00edcio","item":"https:\/\/www.blogsoestado.com\/reggaepoint\/"},{"@type":"ListItem","position":2,"name":"Rasta Reggae Festival traz Keith Porter, dos Itals, ao Ceprama"}]},{"@type":"WebSite","@id":"https:\/\/www.blogsoestado.com\/reggaepoint\/#website","url":"https:\/\/www.blogsoestado.com\/reggaepoint\/","name":"Reggae Point","description":"DJ Waldiney","potentialAction":[{"@type":"SearchAction","target":{"@type":"EntryPoint","urlTemplate":"https:\/\/www.blogsoestado.com\/reggaepoint\/?s={search_term_string}"},"query-input":{"@type":"PropertyValueSpecification","valueRequired":true,"valueName":"search_term_string"}}],"inLanguage":"pt-BR"},{"@type":"Person","@id":"https:\/\/www.blogsoestado.com\/reggaepoint\/#\/schema\/person\/3829d170cd0b190b48d008ae2bd64925","name":"Reggae Point","image":{"@type":"ImageObject","inLanguage":"pt-BR","@id":"https:\/\/www.blogsoestado.com\/reggaepoint\/#\/schema\/person\/image\/","url":"https:\/\/secure.gravatar.com\/avatar\/745d3aba94f0402f751303165284412ce96cf7c63e616e2f20800974f0f6c298?s=96&d=mm&r=g","contentUrl":"https:\/\/secure.gravatar.com\/avatar\/745d3aba94f0402f751303165284412ce96cf7c63e616e2f20800974f0f6c298?s=96&d=mm&r=g","caption":"Reggae Point"},"url":"https:\/\/www.blogsoestado.com\/reggaepoint\/author\/reggaepoint\/"}]}},"jetpack_featured_media_url":"","_links":{"self":[{"href":"https:\/\/www.blogsoestado.com\/reggaepoint\/wp-json\/wp\/v2\/posts\/6663","targetHints":{"allow":["GET"]}}],"collection":[{"href":"https:\/\/www.blogsoestado.com\/reggaepoint\/wp-json\/wp\/v2\/posts"}],"about":[{"href":"https:\/\/www.blogsoestado.com\/reggaepoint\/wp-json\/wp\/v2\/types\/post"}],"author":[{"embeddable":true,"href":"https:\/\/www.blogsoestado.com\/reggaepoint\/wp-json\/wp\/v2\/users\/12"}],"replies":[{"embeddable":true,"href":"https:\/\/www.blogsoestado.com\/reggaepoint\/wp-json\/wp\/v2\/comments?post=6663"}],"version-history":[{"count":0,"href":"https:\/\/www.blogsoestado.com\/reggaepoint\/wp-json\/wp\/v2\/posts\/6663\/revisions"}],"wp:attachment":[{"href":"https:\/\/www.blogsoestado.com\/reggaepoint\/wp-json\/wp\/v2\/media?parent=6663"}],"wp:term":[{"taxonomy":"category","embeddable":true,"href":"https:\/\/www.blogsoestado.com\/reggaepoint\/wp-json\/wp\/v2\/categories?post=6663"},{"taxonomy":"post_tag","embeddable":true,"href":"https:\/\/www.blogsoestado.com\/reggaepoint\/wp-json\/wp\/v2\/tags?post=6663"}],"curies":[{"name":"wp","href":"https:\/\/api.w.org\/{rel}","templated":true}]}}