{"id":7082,"date":"2025-07-01T16:46:19","date_gmt":"2025-07-01T19:46:19","guid":{"rendered":"https:\/\/www.blogsoestado.com\/reggaepoint\/?p=7082"},"modified":"2025-07-01T16:46:21","modified_gmt":"2025-07-01T19:46:21","slug":"dia-internacional-do-reggae-o-que-temos-para-comemorar-em-sao-luis","status":"publish","type":"post","link":"https:\/\/www.blogsoestado.com\/reggaepoint\/2025\/07\/01\/dia-internacional-do-reggae-o-que-temos-para-comemorar-em-sao-luis\/","title":{"rendered":"Dia Internacional do Reggae: O que temos para comemorar em S\u00e3o Lu\u00eds?"},"content":{"rendered":"\n<figure class=\"wp-block-image size-full is-resized\"><img fetchpriority=\"high\" decoding=\"async\" width=\"720\" height=\"494\" src=\"https:\/\/www.blogsoestado.com\/reggaepoint\/wp-content\/uploads\/sites\/11\/2025\/07\/rastareggaefestival.jpg\" alt=\"\" class=\"wp-image-7083\" style=\"width:518px;height:auto\" srcset=\"https:\/\/www.blogsoestado.com\/reggaepoint\/wp-content\/uploads\/sites\/11\/2025\/07\/rastareggaefestival.jpg 720w, https:\/\/www.blogsoestado.com\/reggaepoint\/wp-content\/uploads\/sites\/11\/2025\/07\/rastareggaefestival-300x206.jpg 300w\" sizes=\"(max-width: 720px) 100vw, 720px\" \/><\/figure>\n\n\n\n<p>Rasta Reggae Festival<\/p>\n\n\n\n<p>Neste Dia Internacional do Reggae, \u00e9 importante refletir sobre os avan\u00e7os e os desafios do movimento em S\u00e3o Lu\u00eds, reconhecida como a Capital Brasileira do Reggae. Ao longo de mais de 50 anos de hist\u00f3ria, o reggae maranhense cresceu, criou uma forte cadeia produtiva e construiu uma identidade pr\u00f3pria que atrai turistas de diversas partes do Brasil e do mundo.<\/p>\n\n\n\n<p>Temos importantes marcos, como o Museu do Reggae, que preserva e divulga nossa hist\u00f3ria. Recentemente, a cidade sediou um festival internacional e recebeu shows de lendas da m\u00fasica jamaicana, como os Heptones. No entanto, os grandes eventos internacionais ainda s\u00e3o poucos e \u00e9 consenso que S\u00e3o Lu\u00eds merece muito mais, considerando a for\u00e7a e a longevidade do movimento.<\/p>\n\n\n\n<p>Bandas, DJs, grupos de dan\u00e7a e casas de reggae seguem resistindo e fazendo a cena pulsar, muitas vezes de forma independente, com esfor\u00e7o e paix\u00e3o de quem realmente acredita na cultura reggae. Ainda h\u00e1 muito a ser feito, principalmente no fortalecimento da infraestrutura cultural e no incentivo a novos festivais que mostrem ao mundo o porqu\u00ea de sermos chamados de Jamaica Brasileira.<\/p>\n\n\n\n<p>Mais que uma comemora\u00e7\u00e3o, o dia de hoje \u00e9 um convite \u00e0 valoriza\u00e7\u00e3o, ao reconhecimento e \u00e0 luta por mais espa\u00e7o, apoio e visibilidade para o reggae em nossa cidade.<\/p>\n\n\n\n<p><a href=\"https:\/\/www.instagram.com\/djwaldiney\/\">djwaldiney<\/a><\/p>\n\n\n\n<p><\/p>\n","protected":false},"excerpt":{"rendered":"<p>Rasta Reggae Festival Neste Dia Internacional do Reggae, \u00e9 importante refletir sobre os avan\u00e7os e os desafios do movimento em [&hellip;]<\/p>\n","protected":false},"author":12,"featured_media":0,"comment_status":"open","ping_status":"open","sticky":false,"template":"","format":"standard","meta":{"site-sidebar-layout":"default","site-content-layout":"","ast-site-content-layout":"default","site-content-style":"default","site-sidebar-style":"default","ast-global-header-display":"","ast-banner-title-visibility":"","ast-main-header-display":"","ast-hfb-above-header-display":"","ast-hfb-below-header-display":"","ast-hfb-mobile-header-display":"","site-post-title":"","ast-breadcrumbs-content":"","ast-featured-img":"","footer-sml-layout":"","ast-disable-related-posts":"","theme-transparent-header-meta":"","adv-header-id-meta":"","stick-header-meta":"","header-above-stick-meta":"","header-main-stick-meta":"","header-below-stick-meta":"","astra-migrate-meta-layouts":"default","ast-page-background-enabled":"default","ast-page-background-meta":{"desktop":{"background-color":"var(--ast-global-color-5)","background-image":"","background-repeat":"repeat","background-position":"center center","background-size":"auto","background-attachment":"scroll","background-type":"","background-media":"","overlay-type":"","overlay-color":"","overlay-opacity":"","overlay-gradient":""},"tablet":{"background-color":"","background-image":"","background-repeat":"repeat","background-position":"center center","background-size":"auto","background-attachment":"scroll","background-type":"","background-media":"","overlay-type":"","overlay-color":"","overlay-opacity":"","overlay-gradient":""},"mobile":{"background-color":"","background-image":"","background-repeat":"repeat","background-position":"center center","background-size":"auto","background-attachment":"scroll","background-type":"","background-media":"","overlay-type":"","overlay-color":"","overlay-opacity":"","overlay-gradient":""}},"ast-content-background-meta":{"desktop":{"background-color":"var(--ast-global-color-4)","background-image":"","background-repeat":"repeat","background-position":"center center","background-size":"auto","background-attachment":"scroll","background-type":"","background-media":"","overlay-type":"","overlay-color":"","overlay-opacity":"","overlay-gradient":""},"tablet":{"background-color":"var(--ast-global-color-4)","background-image":"","background-repeat":"repeat","background-position":"center center","background-size":"auto","background-attachment":"scroll","background-type":"","background-media":"","overlay-type":"","overlay-color":"","overlay-opacity":"","overlay-gradient":""},"mobile":{"background-color":"var(--ast-global-color-4)","background-image":"","background-repeat":"repeat","background-position":"center center","background-size":"auto","background-attachment":"scroll","background-type":"","background-media":"","overlay-type":"","overlay-color":"","overlay-opacity":"","overlay-gradient":""}},"footnotes":""},"categories":[9],"tags":[],"class_list":["post-7082","post","type-post","status-publish","format-standard","hentry","category-noticias"],"yoast_head":"<!-- This site is optimized with the Yoast SEO plugin v26.6 - https:\/\/yoast.com\/wordpress\/plugins\/seo\/ -->\n<title>Dia Internacional do Reggae: O que temos para comemorar em S\u00e3o Lu\u00eds? - Reggae Point<\/title>\n<meta name=\"robots\" content=\"index, follow, max-snippet:-1, max-image-preview:large, max-video-preview:-1\" \/>\n<link rel=\"canonical\" href=\"https:\/\/www.blogsoestado.com\/reggaepoint\/2025\/07\/01\/dia-internacional-do-reggae-o-que-temos-para-comemorar-em-sao-luis\/\" \/>\n<meta property=\"og:locale\" content=\"pt_BR\" \/>\n<meta property=\"og:type\" content=\"article\" \/>\n<meta property=\"og:title\" content=\"Dia Internacional do Reggae: O que temos para comemorar em S\u00e3o Lu\u00eds? - Reggae Point\" \/>\n<meta property=\"og:description\" content=\"Rasta Reggae Festival Neste Dia Internacional do Reggae, \u00e9 importante refletir sobre os avan\u00e7os e os desafios do movimento em [&hellip;]\" \/>\n<meta property=\"og:url\" content=\"https:\/\/www.blogsoestado.com\/reggaepoint\/2025\/07\/01\/dia-internacional-do-reggae-o-que-temos-para-comemorar-em-sao-luis\/\" \/>\n<meta property=\"og:site_name\" content=\"Reggae Point\" \/>\n<meta property=\"article:published_time\" content=\"2025-07-01T19:46:19+00:00\" \/>\n<meta property=\"article:modified_time\" content=\"2025-07-01T19:46:21+00:00\" \/>\n<meta property=\"og:image\" content=\"https:\/\/www.blogsoestado.com\/reggaepoint\/wp-content\/uploads\/sites\/11\/2025\/07\/rastareggaefestival.jpg\" \/>\n\t<meta property=\"og:image:width\" content=\"720\" \/>\n\t<meta property=\"og:image:height\" content=\"494\" \/>\n\t<meta property=\"og:image:type\" content=\"image\/jpeg\" \/>\n<meta name=\"author\" content=\"Reggae Point\" \/>\n<meta name=\"twitter:card\" content=\"summary_large_image\" \/>\n<meta name=\"twitter:label1\" content=\"Escrito por\" \/>\n\t<meta name=\"twitter:data1\" content=\"Reggae Point\" \/>\n\t<meta name=\"twitter:label2\" content=\"Est. tempo de leitura\" \/>\n\t<meta name=\"twitter:data2\" content=\"2 minutos\" \/>\n<script type=\"application\/ld+json\" class=\"yoast-schema-graph\">{\"@context\":\"https:\/\/schema.org\",\"@graph\":[{\"@type\":\"WebPage\",\"@id\":\"https:\/\/www.blogsoestado.com\/reggaepoint\/2025\/07\/01\/dia-internacional-do-reggae-o-que-temos-para-comemorar-em-sao-luis\/\",\"url\":\"https:\/\/www.blogsoestado.com\/reggaepoint\/2025\/07\/01\/dia-internacional-do-reggae-o-que-temos-para-comemorar-em-sao-luis\/\",\"name\":\"Dia Internacional do Reggae: O que temos para comemorar em S\u00e3o Lu\u00eds? - Reggae Point\",\"isPartOf\":{\"@id\":\"https:\/\/www.blogsoestado.com\/reggaepoint\/#website\"},\"primaryImageOfPage\":{\"@id\":\"https:\/\/www.blogsoestado.com\/reggaepoint\/2025\/07\/01\/dia-internacional-do-reggae-o-que-temos-para-comemorar-em-sao-luis\/#primaryimage\"},\"image\":{\"@id\":\"https:\/\/www.blogsoestado.com\/reggaepoint\/2025\/07\/01\/dia-internacional-do-reggae-o-que-temos-para-comemorar-em-sao-luis\/#primaryimage\"},\"thumbnailUrl\":\"https:\/\/www.blogsoestado.com\/reggaepoint\/wp-content\/uploads\/sites\/11\/2025\/07\/rastareggaefestival.jpg\",\"datePublished\":\"2025-07-01T19:46:19+00:00\",\"dateModified\":\"2025-07-01T19:46:21+00:00\",\"author\":{\"@id\":\"https:\/\/www.blogsoestado.com\/reggaepoint\/#\/schema\/person\/3829d170cd0b190b48d008ae2bd64925\"},\"breadcrumb\":{\"@id\":\"https:\/\/www.blogsoestado.com\/reggaepoint\/2025\/07\/01\/dia-internacional-do-reggae-o-que-temos-para-comemorar-em-sao-luis\/#breadcrumb\"},\"inLanguage\":\"pt-BR\",\"potentialAction\":[{\"@type\":\"ReadAction\",\"target\":[\"https:\/\/www.blogsoestado.com\/reggaepoint\/2025\/07\/01\/dia-internacional-do-reggae-o-que-temos-para-comemorar-em-sao-luis\/\"]}]},{\"@type\":\"ImageObject\",\"inLanguage\":\"pt-BR\",\"@id\":\"https:\/\/www.blogsoestado.com\/reggaepoint\/2025\/07\/01\/dia-internacional-do-reggae-o-que-temos-para-comemorar-em-sao-luis\/#primaryimage\",\"url\":\"https:\/\/www.blogsoestado.com\/reggaepoint\/wp-content\/uploads\/sites\/11\/2025\/07\/rastareggaefestival.jpg\",\"contentUrl\":\"https:\/\/www.blogsoestado.com\/reggaepoint\/wp-content\/uploads\/sites\/11\/2025\/07\/rastareggaefestival.jpg\",\"width\":720,\"height\":494},{\"@type\":\"BreadcrumbList\",\"@id\":\"https:\/\/www.blogsoestado.com\/reggaepoint\/2025\/07\/01\/dia-internacional-do-reggae-o-que-temos-para-comemorar-em-sao-luis\/#breadcrumb\",\"itemListElement\":[{\"@type\":\"ListItem\",\"position\":1,\"name\":\"In\u00edcio\",\"item\":\"https:\/\/www.blogsoestado.com\/reggaepoint\/\"},{\"@type\":\"ListItem\",\"position\":2,\"name\":\"Dia Internacional do Reggae: O que temos para comemorar em S\u00e3o Lu\u00eds?\"}]},{\"@type\":\"WebSite\",\"@id\":\"https:\/\/www.blogsoestado.com\/reggaepoint\/#website\",\"url\":\"https:\/\/www.blogsoestado.com\/reggaepoint\/\",\"name\":\"Reggae Point\",\"description\":\"DJ Waldiney\",\"potentialAction\":[{\"@type\":\"SearchAction\",\"target\":{\"@type\":\"EntryPoint\",\"urlTemplate\":\"https:\/\/www.blogsoestado.com\/reggaepoint\/?s={search_term_string}\"},\"query-input\":{\"@type\":\"PropertyValueSpecification\",\"valueRequired\":true,\"valueName\":\"search_term_string\"}}],\"inLanguage\":\"pt-BR\"},{\"@type\":\"Person\",\"@id\":\"https:\/\/www.blogsoestado.com\/reggaepoint\/#\/schema\/person\/3829d170cd0b190b48d008ae2bd64925\",\"name\":\"Reggae Point\",\"image\":{\"@type\":\"ImageObject\",\"inLanguage\":\"pt-BR\",\"@id\":\"https:\/\/www.blogsoestado.com\/reggaepoint\/#\/schema\/person\/image\/\",\"url\":\"https:\/\/secure.gravatar.com\/avatar\/745d3aba94f0402f751303165284412ce96cf7c63e616e2f20800974f0f6c298?s=96&d=mm&r=g\",\"contentUrl\":\"https:\/\/secure.gravatar.com\/avatar\/745d3aba94f0402f751303165284412ce96cf7c63e616e2f20800974f0f6c298?s=96&d=mm&r=g\",\"caption\":\"Reggae Point\"},\"url\":\"https:\/\/www.blogsoestado.com\/reggaepoint\/author\/reggaepoint\/\"}]}<\/script>\n<!-- \/ Yoast SEO plugin. -->","yoast_head_json":{"title":"Dia Internacional do Reggae: O que temos para comemorar em S\u00e3o Lu\u00eds? - Reggae Point","robots":{"index":"index","follow":"follow","max-snippet":"max-snippet:-1","max-image-preview":"max-image-preview:large","max-video-preview":"max-video-preview:-1"},"canonical":"https:\/\/www.blogsoestado.com\/reggaepoint\/2025\/07\/01\/dia-internacional-do-reggae-o-que-temos-para-comemorar-em-sao-luis\/","og_locale":"pt_BR","og_type":"article","og_title":"Dia Internacional do Reggae: O que temos para comemorar em S\u00e3o Lu\u00eds? - Reggae Point","og_description":"Rasta Reggae Festival Neste Dia Internacional do Reggae, \u00e9 importante refletir sobre os avan\u00e7os e os desafios do movimento em [&hellip;]","og_url":"https:\/\/www.blogsoestado.com\/reggaepoint\/2025\/07\/01\/dia-internacional-do-reggae-o-que-temos-para-comemorar-em-sao-luis\/","og_site_name":"Reggae Point","article_published_time":"2025-07-01T19:46:19+00:00","article_modified_time":"2025-07-01T19:46:21+00:00","og_image":[{"width":720,"height":494,"url":"https:\/\/www.blogsoestado.com\/reggaepoint\/wp-content\/uploads\/sites\/11\/2025\/07\/rastareggaefestival.jpg","type":"image\/jpeg"}],"author":"Reggae Point","twitter_card":"summary_large_image","twitter_misc":{"Escrito por":"Reggae Point","Est. tempo de leitura":"2 minutos"},"schema":{"@context":"https:\/\/schema.org","@graph":[{"@type":"WebPage","@id":"https:\/\/www.blogsoestado.com\/reggaepoint\/2025\/07\/01\/dia-internacional-do-reggae-o-que-temos-para-comemorar-em-sao-luis\/","url":"https:\/\/www.blogsoestado.com\/reggaepoint\/2025\/07\/01\/dia-internacional-do-reggae-o-que-temos-para-comemorar-em-sao-luis\/","name":"Dia Internacional do Reggae: O que temos para comemorar em S\u00e3o Lu\u00eds? - Reggae Point","isPartOf":{"@id":"https:\/\/www.blogsoestado.com\/reggaepoint\/#website"},"primaryImageOfPage":{"@id":"https:\/\/www.blogsoestado.com\/reggaepoint\/2025\/07\/01\/dia-internacional-do-reggae-o-que-temos-para-comemorar-em-sao-luis\/#primaryimage"},"image":{"@id":"https:\/\/www.blogsoestado.com\/reggaepoint\/2025\/07\/01\/dia-internacional-do-reggae-o-que-temos-para-comemorar-em-sao-luis\/#primaryimage"},"thumbnailUrl":"https:\/\/www.blogsoestado.com\/reggaepoint\/wp-content\/uploads\/sites\/11\/2025\/07\/rastareggaefestival.jpg","datePublished":"2025-07-01T19:46:19+00:00","dateModified":"2025-07-01T19:46:21+00:00","author":{"@id":"https:\/\/www.blogsoestado.com\/reggaepoint\/#\/schema\/person\/3829d170cd0b190b48d008ae2bd64925"},"breadcrumb":{"@id":"https:\/\/www.blogsoestado.com\/reggaepoint\/2025\/07\/01\/dia-internacional-do-reggae-o-que-temos-para-comemorar-em-sao-luis\/#breadcrumb"},"inLanguage":"pt-BR","potentialAction":[{"@type":"ReadAction","target":["https:\/\/www.blogsoestado.com\/reggaepoint\/2025\/07\/01\/dia-internacional-do-reggae-o-que-temos-para-comemorar-em-sao-luis\/"]}]},{"@type":"ImageObject","inLanguage":"pt-BR","@id":"https:\/\/www.blogsoestado.com\/reggaepoint\/2025\/07\/01\/dia-internacional-do-reggae-o-que-temos-para-comemorar-em-sao-luis\/#primaryimage","url":"https:\/\/www.blogsoestado.com\/reggaepoint\/wp-content\/uploads\/sites\/11\/2025\/07\/rastareggaefestival.jpg","contentUrl":"https:\/\/www.blogsoestado.com\/reggaepoint\/wp-content\/uploads\/sites\/11\/2025\/07\/rastareggaefestival.jpg","width":720,"height":494},{"@type":"BreadcrumbList","@id":"https:\/\/www.blogsoestado.com\/reggaepoint\/2025\/07\/01\/dia-internacional-do-reggae-o-que-temos-para-comemorar-em-sao-luis\/#breadcrumb","itemListElement":[{"@type":"ListItem","position":1,"name":"In\u00edcio","item":"https:\/\/www.blogsoestado.com\/reggaepoint\/"},{"@type":"ListItem","position":2,"name":"Dia Internacional do Reggae: O que temos para comemorar em S\u00e3o Lu\u00eds?"}]},{"@type":"WebSite","@id":"https:\/\/www.blogsoestado.com\/reggaepoint\/#website","url":"https:\/\/www.blogsoestado.com\/reggaepoint\/","name":"Reggae Point","description":"DJ Waldiney","potentialAction":[{"@type":"SearchAction","target":{"@type":"EntryPoint","urlTemplate":"https:\/\/www.blogsoestado.com\/reggaepoint\/?s={search_term_string}"},"query-input":{"@type":"PropertyValueSpecification","valueRequired":true,"valueName":"search_term_string"}}],"inLanguage":"pt-BR"},{"@type":"Person","@id":"https:\/\/www.blogsoestado.com\/reggaepoint\/#\/schema\/person\/3829d170cd0b190b48d008ae2bd64925","name":"Reggae Point","image":{"@type":"ImageObject","inLanguage":"pt-BR","@id":"https:\/\/www.blogsoestado.com\/reggaepoint\/#\/schema\/person\/image\/","url":"https:\/\/secure.gravatar.com\/avatar\/745d3aba94f0402f751303165284412ce96cf7c63e616e2f20800974f0f6c298?s=96&d=mm&r=g","contentUrl":"https:\/\/secure.gravatar.com\/avatar\/745d3aba94f0402f751303165284412ce96cf7c63e616e2f20800974f0f6c298?s=96&d=mm&r=g","caption":"Reggae Point"},"url":"https:\/\/www.blogsoestado.com\/reggaepoint\/author\/reggaepoint\/"}]}},"jetpack_featured_media_url":"","_links":{"self":[{"href":"https:\/\/www.blogsoestado.com\/reggaepoint\/wp-json\/wp\/v2\/posts\/7082","targetHints":{"allow":["GET"]}}],"collection":[{"href":"https:\/\/www.blogsoestado.com\/reggaepoint\/wp-json\/wp\/v2\/posts"}],"about":[{"href":"https:\/\/www.blogsoestado.com\/reggaepoint\/wp-json\/wp\/v2\/types\/post"}],"author":[{"embeddable":true,"href":"https:\/\/www.blogsoestado.com\/reggaepoint\/wp-json\/wp\/v2\/users\/12"}],"replies":[{"embeddable":true,"href":"https:\/\/www.blogsoestado.com\/reggaepoint\/wp-json\/wp\/v2\/comments?post=7082"}],"version-history":[{"count":1,"href":"https:\/\/www.blogsoestado.com\/reggaepoint\/wp-json\/wp\/v2\/posts\/7082\/revisions"}],"predecessor-version":[{"id":7084,"href":"https:\/\/www.blogsoestado.com\/reggaepoint\/wp-json\/wp\/v2\/posts\/7082\/revisions\/7084"}],"wp:attachment":[{"href":"https:\/\/www.blogsoestado.com\/reggaepoint\/wp-json\/wp\/v2\/media?parent=7082"}],"wp:term":[{"taxonomy":"category","embeddable":true,"href":"https:\/\/www.blogsoestado.com\/reggaepoint\/wp-json\/wp\/v2\/categories?post=7082"},{"taxonomy":"post_tag","embeddable":true,"href":"https:\/\/www.blogsoestado.com\/reggaepoint\/wp-json\/wp\/v2\/tags?post=7082"}],"curies":[{"name":"wp","href":"https:\/\/api.w.org\/{rel}","templated":true}]}}