{"id":7116,"date":"2025-07-25T18:23:30","date_gmt":"2025-07-25T21:23:30","guid":{"rendered":"https:\/\/www.blogsoestado.com\/reggaepoint\/?p=7116"},"modified":"2025-07-25T18:35:02","modified_gmt":"2025-07-25T21:35:02","slug":"sobre-a-morte-do-cantor-jamaicano-owen-gray-aos-86-anos","status":"publish","type":"post","link":"https:\/\/www.blogsoestado.com\/reggaepoint\/2025\/07\/25\/sobre-a-morte-do-cantor-jamaicano-owen-gray-aos-86-anos\/","title":{"rendered":"Sobre a morte do cantor jamaicano Owen Gray, aos 86 anos"},"content":{"rendered":"\n<figure class=\"wp-block-image size-large is-resized\"><img fetchpriority=\"high\" decoding=\"async\" width=\"1024\" height=\"797\" src=\"https:\/\/www.blogsoestado.com\/reggaepoint\/wp-content\/uploads\/sites\/11\/2025\/07\/OWENGRAY-1024x797.jpeg\" alt=\"\" class=\"wp-image-7117\" style=\"width:506px;height:auto\" srcset=\"https:\/\/www.blogsoestado.com\/reggaepoint\/wp-content\/uploads\/sites\/11\/2025\/07\/OWENGRAY-1024x797.jpeg 1024w, https:\/\/www.blogsoestado.com\/reggaepoint\/wp-content\/uploads\/sites\/11\/2025\/07\/OWENGRAY-300x234.jpeg 300w, https:\/\/www.blogsoestado.com\/reggaepoint\/wp-content\/uploads\/sites\/11\/2025\/07\/OWENGRAY-768x598.jpeg 768w, https:\/\/www.blogsoestado.com\/reggaepoint\/wp-content\/uploads\/sites\/11\/2025\/07\/OWENGRAY.jpeg 1184w\" sizes=\"(max-width: 1024px) 100vw, 1024px\" \/><\/figure>\n\n\n\n<p>Owen Gray<\/p>\n\n\n\n<p>O cantor e compositor jamaicano Owen Gray faleceu no \u00faltimo dia 20 de julho, aos 86 anos, no interior de Londres, onde residia h\u00e1 alguns anos. A informa\u00e7\u00e3o foi confirmada por pessoas pr\u00f3ximas \u00e0 fam\u00edlia. De acordo com relatos, h\u00e1 a possibilidade de que ele tenha falecido enquanto dormia.<\/p>\n\n\n\n<p>Gray havia sido diagnosticado com c\u00e2ncer de pulm\u00e3o e tamb\u00e9m havia sofrido um acidente vascular cerebral nos \u00faltimos anos. Morava sozinho, mas recebia cuidados m\u00e9dicos domiciliares, com visitas regulares de enfermeiros e acompanhamento das filhas. Mesmo debilitado, o artista continuou gravando m\u00fasicas exclusivas para as tradicionais radiolas de reggae.<\/p>\n\n\n\n<p>O produtor comercial de reggae Pepeto relatou que tomou conhecimento do estado de sa\u00fade de Gray durante uma viagem a Londres, feita para trabalhar com ele: \u201cEu e Rubinho Star alug\u00e1vamos um apartamento e montamos um est\u00fadio improvisado para gravar com ele. Foi nesse per\u00edodo que ele nos contou sobre a doen\u00e7a. Lembro que ele se concentrava muito para gravar, e cheguei a v\u00ea-lo em l\u00e1grimas, tentando fazer o que mais gostava: cantar.\u201d<\/p>\n\n\n\n<figure class=\"wp-block-image size-full is-resized\"><img decoding=\"async\" width=\"960\" height=\"910\" src=\"https:\/\/www.blogsoestado.com\/reggaepoint\/wp-content\/uploads\/sites\/11\/2025\/07\/oweng.jpeg\" alt=\"\" class=\"wp-image-7123\" style=\"width:496px;height:auto\" srcset=\"https:\/\/www.blogsoestado.com\/reggaepoint\/wp-content\/uploads\/sites\/11\/2025\/07\/oweng.jpeg 960w, https:\/\/www.blogsoestado.com\/reggaepoint\/wp-content\/uploads\/sites\/11\/2025\/07\/oweng-300x284.jpeg 300w, https:\/\/www.blogsoestado.com\/reggaepoint\/wp-content\/uploads\/sites\/11\/2025\/07\/oweng-768x728.jpeg 768w\" sizes=\"(max-width: 960px) 100vw, 960px\" \/><\/figure>\n\n\n\n<p>Antonitte Gray, Owen Gray, Rubinho e Pepeto<\/p>\n\n\n\n<p>Pepeto acrescentou que Owen Gray era uma pessoa simples e acolhedora: \u201cSempre nos recebia muito bem. Nos chamava de filhos. Pouco tempo depois, ele sofreu um AVC. Fomos visit\u00e1-lo no interior de Londres. Percebi que ele estava grogue, por conta das medica\u00e7\u00f5es. Eu lamento muito a perda dele.\u201d<\/p>\n\n\n\n<p>Ativo desde a d\u00e9cada de 1950, Owen Gray teve papel importante nas fases iniciais do R&amp;B, ska, rocksteady e reggae. Lan\u00e7ou in\u00fameros discos e singles ao longo de mais de seis d\u00e9cadas de carreira, com grava\u00e7\u00f5es por selos como Studio One, Trojan, Pama, entre outros.<\/p>\n\n\n\n<p>At\u00e9 o momento, n\u00e3o h\u00e1 informa\u00e7\u00f5es confirmadas sobre o funeral. A reda\u00e7\u00e3o segue acompanhando o caso e trar\u00e1 atualiza\u00e7\u00f5es assim que novas informa\u00e7\u00f5es forem divulgadas.<\/p>\n\n\n\n<p><a href=\"https:\/\/www.instagram.com\/djwaldiney\/\">djwaldiney<\/a><\/p>\n\n\n\n<p><\/p>\n","protected":false},"excerpt":{"rendered":"<p>Owen Gray O cantor e compositor jamaicano Owen Gray faleceu no \u00faltimo dia 20 de julho, aos 86 anos, no [&hellip;]<\/p>\n","protected":false},"author":12,"featured_media":0,"comment_status":"open","ping_status":"open","sticky":false,"template":"","format":"standard","meta":{"site-sidebar-layout":"default","site-content-layout":"","ast-site-content-layout":"default","site-content-style":"default","site-sidebar-style":"default","ast-global-header-display":"","ast-banner-title-visibility":"","ast-main-header-display":"","ast-hfb-above-header-display":"","ast-hfb-below-header-display":"","ast-hfb-mobile-header-display":"","site-post-title":"","ast-breadcrumbs-content":"","ast-featured-img":"","footer-sml-layout":"","ast-disable-related-posts":"","theme-transparent-header-meta":"","adv-header-id-meta":"","stick-header-meta":"","header-above-stick-meta":"","header-main-stick-meta":"","header-below-stick-meta":"","astra-migrate-meta-layouts":"default","ast-page-background-enabled":"default","ast-page-background-meta":{"desktop":{"background-color":"var(--ast-global-color-5)","background-image":"","background-repeat":"repeat","background-position":"center center","background-size":"auto","background-attachment":"scroll","background-type":"","background-media":"","overlay-type":"","overlay-color":"","overlay-opacity":"","overlay-gradient":""},"tablet":{"background-color":"","background-image":"","background-repeat":"repeat","background-position":"center center","background-size":"auto","background-attachment":"scroll","background-type":"","background-media":"","overlay-type":"","overlay-color":"","overlay-opacity":"","overlay-gradient":""},"mobile":{"background-color":"","background-image":"","background-repeat":"repeat","background-position":"center center","background-size":"auto","background-attachment":"scroll","background-type":"","background-media":"","overlay-type":"","overlay-color":"","overlay-opacity":"","overlay-gradient":""}},"ast-content-background-meta":{"desktop":{"background-color":"var(--ast-global-color-4)","background-image":"","background-repeat":"repeat","background-position":"center center","background-size":"auto","background-attachment":"scroll","background-type":"","background-media":"","overlay-type":"","overlay-color":"","overlay-opacity":"","overlay-gradient":""},"tablet":{"background-color":"var(--ast-global-color-4)","background-image":"","background-repeat":"repeat","background-position":"center center","background-size":"auto","background-attachment":"scroll","background-type":"","background-media":"","overlay-type":"","overlay-color":"","overlay-opacity":"","overlay-gradient":""},"mobile":{"background-color":"var(--ast-global-color-4)","background-image":"","background-repeat":"repeat","background-position":"center center","background-size":"auto","background-attachment":"scroll","background-type":"","background-media":"","overlay-type":"","overlay-color":"","overlay-opacity":"","overlay-gradient":""}},"footnotes":""},"categories":[9],"tags":[],"class_list":["post-7116","post","type-post","status-publish","format-standard","hentry","category-noticias"],"yoast_head":"<!-- This site is optimized with the Yoast SEO plugin v26.6 - https:\/\/yoast.com\/wordpress\/plugins\/seo\/ -->\n<title>Sobre a morte do cantor jamaicano Owen Gray, aos 86 anos - Reggae Point<\/title>\n<meta name=\"robots\" content=\"index, follow, max-snippet:-1, max-image-preview:large, max-video-preview:-1\" \/>\n<link rel=\"canonical\" href=\"https:\/\/www.blogsoestado.com\/reggaepoint\/2025\/07\/25\/sobre-a-morte-do-cantor-jamaicano-owen-gray-aos-86-anos\/\" \/>\n<meta property=\"og:locale\" content=\"pt_BR\" \/>\n<meta property=\"og:type\" content=\"article\" \/>\n<meta property=\"og:title\" content=\"Sobre a morte do cantor jamaicano Owen Gray, aos 86 anos - Reggae Point\" \/>\n<meta property=\"og:description\" content=\"Owen Gray O cantor e compositor jamaicano Owen Gray faleceu no \u00faltimo dia 20 de julho, aos 86 anos, no [&hellip;]\" \/>\n<meta property=\"og:url\" content=\"https:\/\/www.blogsoestado.com\/reggaepoint\/2025\/07\/25\/sobre-a-morte-do-cantor-jamaicano-owen-gray-aos-86-anos\/\" \/>\n<meta property=\"og:site_name\" content=\"Reggae Point\" \/>\n<meta property=\"article:published_time\" content=\"2025-07-25T21:23:30+00:00\" \/>\n<meta property=\"article:modified_time\" content=\"2025-07-25T21:35:02+00:00\" \/>\n<meta property=\"og:image\" content=\"https:\/\/www.blogsoestado.com\/reggaepoint\/wp-content\/uploads\/sites\/11\/2025\/07\/OWENGRAY.jpeg\" \/>\n\t<meta property=\"og:image:width\" content=\"1184\" \/>\n\t<meta property=\"og:image:height\" content=\"922\" \/>\n\t<meta property=\"og:image:type\" content=\"image\/jpeg\" \/>\n<meta name=\"author\" content=\"Reggae Point\" \/>\n<meta name=\"twitter:card\" content=\"summary_large_image\" \/>\n<meta name=\"twitter:label1\" content=\"Escrito por\" \/>\n\t<meta name=\"twitter:data1\" content=\"Reggae Point\" \/>\n\t<meta name=\"twitter:label2\" content=\"Est. tempo de leitura\" \/>\n\t<meta name=\"twitter:data2\" content=\"3 minutos\" \/>\n<script type=\"application\/ld+json\" class=\"yoast-schema-graph\">{\"@context\":\"https:\/\/schema.org\",\"@graph\":[{\"@type\":\"WebPage\",\"@id\":\"https:\/\/www.blogsoestado.com\/reggaepoint\/2025\/07\/25\/sobre-a-morte-do-cantor-jamaicano-owen-gray-aos-86-anos\/\",\"url\":\"https:\/\/www.blogsoestado.com\/reggaepoint\/2025\/07\/25\/sobre-a-morte-do-cantor-jamaicano-owen-gray-aos-86-anos\/\",\"name\":\"Sobre a morte do cantor jamaicano Owen Gray, aos 86 anos - Reggae Point\",\"isPartOf\":{\"@id\":\"https:\/\/www.blogsoestado.com\/reggaepoint\/#website\"},\"primaryImageOfPage\":{\"@id\":\"https:\/\/www.blogsoestado.com\/reggaepoint\/2025\/07\/25\/sobre-a-morte-do-cantor-jamaicano-owen-gray-aos-86-anos\/#primaryimage\"},\"image\":{\"@id\":\"https:\/\/www.blogsoestado.com\/reggaepoint\/2025\/07\/25\/sobre-a-morte-do-cantor-jamaicano-owen-gray-aos-86-anos\/#primaryimage\"},\"thumbnailUrl\":\"https:\/\/www.blogsoestado.com\/reggaepoint\/wp-content\/uploads\/sites\/11\/2025\/07\/OWENGRAY-1024x797.jpeg\",\"datePublished\":\"2025-07-25T21:23:30+00:00\",\"dateModified\":\"2025-07-25T21:35:02+00:00\",\"author\":{\"@id\":\"https:\/\/www.blogsoestado.com\/reggaepoint\/#\/schema\/person\/3829d170cd0b190b48d008ae2bd64925\"},\"breadcrumb\":{\"@id\":\"https:\/\/www.blogsoestado.com\/reggaepoint\/2025\/07\/25\/sobre-a-morte-do-cantor-jamaicano-owen-gray-aos-86-anos\/#breadcrumb\"},\"inLanguage\":\"pt-BR\",\"potentialAction\":[{\"@type\":\"ReadAction\",\"target\":[\"https:\/\/www.blogsoestado.com\/reggaepoint\/2025\/07\/25\/sobre-a-morte-do-cantor-jamaicano-owen-gray-aos-86-anos\/\"]}]},{\"@type\":\"ImageObject\",\"inLanguage\":\"pt-BR\",\"@id\":\"https:\/\/www.blogsoestado.com\/reggaepoint\/2025\/07\/25\/sobre-a-morte-do-cantor-jamaicano-owen-gray-aos-86-anos\/#primaryimage\",\"url\":\"https:\/\/www.blogsoestado.com\/reggaepoint\/wp-content\/uploads\/sites\/11\/2025\/07\/OWENGRAY.jpeg\",\"contentUrl\":\"https:\/\/www.blogsoestado.com\/reggaepoint\/wp-content\/uploads\/sites\/11\/2025\/07\/OWENGRAY.jpeg\",\"width\":1184,\"height\":922},{\"@type\":\"BreadcrumbList\",\"@id\":\"https:\/\/www.blogsoestado.com\/reggaepoint\/2025\/07\/25\/sobre-a-morte-do-cantor-jamaicano-owen-gray-aos-86-anos\/#breadcrumb\",\"itemListElement\":[{\"@type\":\"ListItem\",\"position\":1,\"name\":\"In\u00edcio\",\"item\":\"https:\/\/www.blogsoestado.com\/reggaepoint\/\"},{\"@type\":\"ListItem\",\"position\":2,\"name\":\"Sobre a morte do cantor jamaicano Owen Gray, aos 86 anos\"}]},{\"@type\":\"WebSite\",\"@id\":\"https:\/\/www.blogsoestado.com\/reggaepoint\/#website\",\"url\":\"https:\/\/www.blogsoestado.com\/reggaepoint\/\",\"name\":\"Reggae Point\",\"description\":\"DJ Waldiney\",\"potentialAction\":[{\"@type\":\"SearchAction\",\"target\":{\"@type\":\"EntryPoint\",\"urlTemplate\":\"https:\/\/www.blogsoestado.com\/reggaepoint\/?s={search_term_string}\"},\"query-input\":{\"@type\":\"PropertyValueSpecification\",\"valueRequired\":true,\"valueName\":\"search_term_string\"}}],\"inLanguage\":\"pt-BR\"},{\"@type\":\"Person\",\"@id\":\"https:\/\/www.blogsoestado.com\/reggaepoint\/#\/schema\/person\/3829d170cd0b190b48d008ae2bd64925\",\"name\":\"Reggae Point\",\"image\":{\"@type\":\"ImageObject\",\"inLanguage\":\"pt-BR\",\"@id\":\"https:\/\/www.blogsoestado.com\/reggaepoint\/#\/schema\/person\/image\/\",\"url\":\"https:\/\/secure.gravatar.com\/avatar\/745d3aba94f0402f751303165284412ce96cf7c63e616e2f20800974f0f6c298?s=96&d=mm&r=g\",\"contentUrl\":\"https:\/\/secure.gravatar.com\/avatar\/745d3aba94f0402f751303165284412ce96cf7c63e616e2f20800974f0f6c298?s=96&d=mm&r=g\",\"caption\":\"Reggae Point\"},\"url\":\"https:\/\/www.blogsoestado.com\/reggaepoint\/author\/reggaepoint\/\"}]}<\/script>\n<!-- \/ Yoast SEO plugin. -->","yoast_head_json":{"title":"Sobre a morte do cantor jamaicano Owen Gray, aos 86 anos - Reggae Point","robots":{"index":"index","follow":"follow","max-snippet":"max-snippet:-1","max-image-preview":"max-image-preview:large","max-video-preview":"max-video-preview:-1"},"canonical":"https:\/\/www.blogsoestado.com\/reggaepoint\/2025\/07\/25\/sobre-a-morte-do-cantor-jamaicano-owen-gray-aos-86-anos\/","og_locale":"pt_BR","og_type":"article","og_title":"Sobre a morte do cantor jamaicano Owen Gray, aos 86 anos - Reggae Point","og_description":"Owen Gray O cantor e compositor jamaicano Owen Gray faleceu no \u00faltimo dia 20 de julho, aos 86 anos, no [&hellip;]","og_url":"https:\/\/www.blogsoestado.com\/reggaepoint\/2025\/07\/25\/sobre-a-morte-do-cantor-jamaicano-owen-gray-aos-86-anos\/","og_site_name":"Reggae Point","article_published_time":"2025-07-25T21:23:30+00:00","article_modified_time":"2025-07-25T21:35:02+00:00","og_image":[{"width":1184,"height":922,"url":"https:\/\/www.blogsoestado.com\/reggaepoint\/wp-content\/uploads\/sites\/11\/2025\/07\/OWENGRAY.jpeg","type":"image\/jpeg"}],"author":"Reggae Point","twitter_card":"summary_large_image","twitter_misc":{"Escrito por":"Reggae Point","Est. tempo de leitura":"3 minutos"},"schema":{"@context":"https:\/\/schema.org","@graph":[{"@type":"WebPage","@id":"https:\/\/www.blogsoestado.com\/reggaepoint\/2025\/07\/25\/sobre-a-morte-do-cantor-jamaicano-owen-gray-aos-86-anos\/","url":"https:\/\/www.blogsoestado.com\/reggaepoint\/2025\/07\/25\/sobre-a-morte-do-cantor-jamaicano-owen-gray-aos-86-anos\/","name":"Sobre a morte do cantor jamaicano Owen Gray, aos 86 anos - Reggae Point","isPartOf":{"@id":"https:\/\/www.blogsoestado.com\/reggaepoint\/#website"},"primaryImageOfPage":{"@id":"https:\/\/www.blogsoestado.com\/reggaepoint\/2025\/07\/25\/sobre-a-morte-do-cantor-jamaicano-owen-gray-aos-86-anos\/#primaryimage"},"image":{"@id":"https:\/\/www.blogsoestado.com\/reggaepoint\/2025\/07\/25\/sobre-a-morte-do-cantor-jamaicano-owen-gray-aos-86-anos\/#primaryimage"},"thumbnailUrl":"https:\/\/www.blogsoestado.com\/reggaepoint\/wp-content\/uploads\/sites\/11\/2025\/07\/OWENGRAY-1024x797.jpeg","datePublished":"2025-07-25T21:23:30+00:00","dateModified":"2025-07-25T21:35:02+00:00","author":{"@id":"https:\/\/www.blogsoestado.com\/reggaepoint\/#\/schema\/person\/3829d170cd0b190b48d008ae2bd64925"},"breadcrumb":{"@id":"https:\/\/www.blogsoestado.com\/reggaepoint\/2025\/07\/25\/sobre-a-morte-do-cantor-jamaicano-owen-gray-aos-86-anos\/#breadcrumb"},"inLanguage":"pt-BR","potentialAction":[{"@type":"ReadAction","target":["https:\/\/www.blogsoestado.com\/reggaepoint\/2025\/07\/25\/sobre-a-morte-do-cantor-jamaicano-owen-gray-aos-86-anos\/"]}]},{"@type":"ImageObject","inLanguage":"pt-BR","@id":"https:\/\/www.blogsoestado.com\/reggaepoint\/2025\/07\/25\/sobre-a-morte-do-cantor-jamaicano-owen-gray-aos-86-anos\/#primaryimage","url":"https:\/\/www.blogsoestado.com\/reggaepoint\/wp-content\/uploads\/sites\/11\/2025\/07\/OWENGRAY.jpeg","contentUrl":"https:\/\/www.blogsoestado.com\/reggaepoint\/wp-content\/uploads\/sites\/11\/2025\/07\/OWENGRAY.jpeg","width":1184,"height":922},{"@type":"BreadcrumbList","@id":"https:\/\/www.blogsoestado.com\/reggaepoint\/2025\/07\/25\/sobre-a-morte-do-cantor-jamaicano-owen-gray-aos-86-anos\/#breadcrumb","itemListElement":[{"@type":"ListItem","position":1,"name":"In\u00edcio","item":"https:\/\/www.blogsoestado.com\/reggaepoint\/"},{"@type":"ListItem","position":2,"name":"Sobre a morte do cantor jamaicano Owen Gray, aos 86 anos"}]},{"@type":"WebSite","@id":"https:\/\/www.blogsoestado.com\/reggaepoint\/#website","url":"https:\/\/www.blogsoestado.com\/reggaepoint\/","name":"Reggae Point","description":"DJ Waldiney","potentialAction":[{"@type":"SearchAction","target":{"@type":"EntryPoint","urlTemplate":"https:\/\/www.blogsoestado.com\/reggaepoint\/?s={search_term_string}"},"query-input":{"@type":"PropertyValueSpecification","valueRequired":true,"valueName":"search_term_string"}}],"inLanguage":"pt-BR"},{"@type":"Person","@id":"https:\/\/www.blogsoestado.com\/reggaepoint\/#\/schema\/person\/3829d170cd0b190b48d008ae2bd64925","name":"Reggae Point","image":{"@type":"ImageObject","inLanguage":"pt-BR","@id":"https:\/\/www.blogsoestado.com\/reggaepoint\/#\/schema\/person\/image\/","url":"https:\/\/secure.gravatar.com\/avatar\/745d3aba94f0402f751303165284412ce96cf7c63e616e2f20800974f0f6c298?s=96&d=mm&r=g","contentUrl":"https:\/\/secure.gravatar.com\/avatar\/745d3aba94f0402f751303165284412ce96cf7c63e616e2f20800974f0f6c298?s=96&d=mm&r=g","caption":"Reggae Point"},"url":"https:\/\/www.blogsoestado.com\/reggaepoint\/author\/reggaepoint\/"}]}},"jetpack_featured_media_url":"","_links":{"self":[{"href":"https:\/\/www.blogsoestado.com\/reggaepoint\/wp-json\/wp\/v2\/posts\/7116","targetHints":{"allow":["GET"]}}],"collection":[{"href":"https:\/\/www.blogsoestado.com\/reggaepoint\/wp-json\/wp\/v2\/posts"}],"about":[{"href":"https:\/\/www.blogsoestado.com\/reggaepoint\/wp-json\/wp\/v2\/types\/post"}],"author":[{"embeddable":true,"href":"https:\/\/www.blogsoestado.com\/reggaepoint\/wp-json\/wp\/v2\/users\/12"}],"replies":[{"embeddable":true,"href":"https:\/\/www.blogsoestado.com\/reggaepoint\/wp-json\/wp\/v2\/comments?post=7116"}],"version-history":[{"count":8,"href":"https:\/\/www.blogsoestado.com\/reggaepoint\/wp-json\/wp\/v2\/posts\/7116\/revisions"}],"predecessor-version":[{"id":7134,"href":"https:\/\/www.blogsoestado.com\/reggaepoint\/wp-json\/wp\/v2\/posts\/7116\/revisions\/7134"}],"wp:attachment":[{"href":"https:\/\/www.blogsoestado.com\/reggaepoint\/wp-json\/wp\/v2\/media?parent=7116"}],"wp:term":[{"taxonomy":"category","embeddable":true,"href":"https:\/\/www.blogsoestado.com\/reggaepoint\/wp-json\/wp\/v2\/categories?post=7116"},{"taxonomy":"post_tag","embeddable":true,"href":"https:\/\/www.blogsoestado.com\/reggaepoint\/wp-json\/wp\/v2\/tags?post=7116"}],"curies":[{"name":"wp","href":"https:\/\/api.w.org\/{rel}","templated":true}]}}