{"id":7212,"date":"2025-10-16T16:07:16","date_gmt":"2025-10-16T19:07:16","guid":{"rendered":"https:\/\/www.blogsoestado.com\/reggaepoint\/?p=7212"},"modified":"2025-10-16T16:07:58","modified_gmt":"2025-10-16T19:07:58","slug":"governador-anuncia-festival-ilha-do-reggae-em-sao-luis","status":"publish","type":"post","link":"https:\/\/www.blogsoestado.com\/reggaepoint\/2025\/10\/16\/governador-anuncia-festival-ilha-do-reggae-em-sao-luis\/","title":{"rendered":"Governador anuncia Festival Ilha do Reggae em S\u00e3o Lu\u00eds"},"content":{"rendered":"\n<figure class=\"wp-block-image size-large is-resized\"><img fetchpriority=\"high\" decoding=\"async\" width=\"683\" height=\"1024\" src=\"https:\/\/www.blogsoestado.com\/reggaepoint\/wp-content\/uploads\/sites\/11\/2025\/10\/CARLOS-BRANDAO-683x1024.jpeg\" alt=\"\" class=\"wp-image-7205\" style=\"width:444px;height:auto\" srcset=\"https:\/\/www.blogsoestado.com\/reggaepoint\/wp-content\/uploads\/sites\/11\/2025\/10\/CARLOS-BRANDAO-683x1024.jpeg 683w, https:\/\/www.blogsoestado.com\/reggaepoint\/wp-content\/uploads\/sites\/11\/2025\/10\/CARLOS-BRANDAO-200x300.jpeg 200w, https:\/\/www.blogsoestado.com\/reggaepoint\/wp-content\/uploads\/sites\/11\/2025\/10\/CARLOS-BRANDAO-768x1152.jpeg 768w, https:\/\/www.blogsoestado.com\/reggaepoint\/wp-content\/uploads\/sites\/11\/2025\/10\/CARLOS-BRANDAO.jpeg 800w\" sizes=\"(max-width: 683px) 100vw, 683px\" \/><\/figure>\n\n\n\n<p>Carlos Brand\u00e3o<\/p>\n\n\n\n<p>O governador do Estado do Maranh\u00e3o, Carlos Brand\u00e3o, anunciou a realiza\u00e7\u00e3o do Festival Ilha do Reggae, que acontecer\u00e1 nos dias 22 e 23 de novembro em S\u00e3o Lu\u00eds. O evento promete agitar a cidade, reunindo grandes nomes da m\u00fasica jamaicana, brasileira e maranhense.<\/p>\n\n\n\n<p>O festival ser\u00e1 realizado na Arena Jamaica Brasileira, localizada na Passarela do Samba, espa\u00e7o refer\u00eancia da cultura reggae na capital. Foram confirmados shows internacionais de peso, como Burning Spear, Dezarie e Israel Vibration, que se apresentam pela primeira vez no estado, al\u00e9m do retorno de Ky-Mani Marley, filho de Bob Marley, e dos jamaicanos residentes em S\u00e3o Lu\u00eds: Sly Foxx, Norris Cole e Honey Boy.<\/p>\n\n\n\n<p>Entre os destaques nacionais est\u00e3o nomes consagrados do reggae brasileiro, como Maneva, Edson Gomes, Ponto de Equil\u00edbrio e Planta e Raiz.<\/p>\n\n\n\n<p>O Maranh\u00e3o tamb\u00e9m ter\u00e1 forte representa\u00e7\u00e3o com artistas e bandas locais, incluindo Tribo de Jah, C\u00e9lia Sampaio, Orquestra Maranhense de Reggae, George Gomes, Banda Guetos, Filhos de Jah, Raiz Tribal, Barba Branca, Capital Roots, Ronnie Green, Emanuelle Paz, al\u00e9m das radiolas Itamaraty e Estrela do Som.<\/p>\n\n\n\n<p>O Blog Reggae Point vai acompanhar todos os detalhes do festival e divulgar as novidades aqui para voc\u00eas.<\/p>\n\n\n\n<p><a href=\"https:\/\/www.instagram.com\/djwaldiney\/\">djwadiney<\/a><\/p>\n\n\n\n<p><\/p>\n","protected":false},"excerpt":{"rendered":"<p>Carlos Brand\u00e3o O governador do Estado do Maranh\u00e3o, Carlos Brand\u00e3o, anunciou a realiza\u00e7\u00e3o do Festival Ilha do Reggae, que acontecer\u00e1 [&hellip;]<\/p>\n","protected":false},"author":12,"featured_media":0,"comment_status":"open","ping_status":"open","sticky":false,"template":"","format":"standard","meta":{"site-sidebar-layout":"default","site-content-layout":"","ast-site-content-layout":"default","site-content-style":"default","site-sidebar-style":"default","ast-global-header-display":"","ast-banner-title-visibility":"","ast-main-header-display":"","ast-hfb-above-header-display":"","ast-hfb-below-header-display":"","ast-hfb-mobile-header-display":"","site-post-title":"","ast-breadcrumbs-content":"","ast-featured-img":"","footer-sml-layout":"","ast-disable-related-posts":"","theme-transparent-header-meta":"","adv-header-id-meta":"","stick-header-meta":"","header-above-stick-meta":"","header-main-stick-meta":"","header-below-stick-meta":"","astra-migrate-meta-layouts":"default","ast-page-background-enabled":"default","ast-page-background-meta":{"desktop":{"background-color":"var(--ast-global-color-5)","background-image":"","background-repeat":"repeat","background-position":"center center","background-size":"auto","background-attachment":"scroll","background-type":"","background-media":"","overlay-type":"","overlay-color":"","overlay-opacity":"","overlay-gradient":""},"tablet":{"background-color":"","background-image":"","background-repeat":"repeat","background-position":"center center","background-size":"auto","background-attachment":"scroll","background-type":"","background-media":"","overlay-type":"","overlay-color":"","overlay-opacity":"","overlay-gradient":""},"mobile":{"background-color":"","background-image":"","background-repeat":"repeat","background-position":"center center","background-size":"auto","background-attachment":"scroll","background-type":"","background-media":"","overlay-type":"","overlay-color":"","overlay-opacity":"","overlay-gradient":""}},"ast-content-background-meta":{"desktop":{"background-color":"var(--ast-global-color-4)","background-image":"","background-repeat":"repeat","background-position":"center center","background-size":"auto","background-attachment":"scroll","background-type":"","background-media":"","overlay-type":"","overlay-color":"","overlay-opacity":"","overlay-gradient":""},"tablet":{"background-color":"var(--ast-global-color-4)","background-image":"","background-repeat":"repeat","background-position":"center center","background-size":"auto","background-attachment":"scroll","background-type":"","background-media":"","overlay-type":"","overlay-color":"","overlay-opacity":"","overlay-gradient":""},"mobile":{"background-color":"var(--ast-global-color-4)","background-image":"","background-repeat":"repeat","background-position":"center center","background-size":"auto","background-attachment":"scroll","background-type":"","background-media":"","overlay-type":"","overlay-color":"","overlay-opacity":"","overlay-gradient":""}},"footnotes":""},"categories":[9],"tags":[],"class_list":["post-7212","post","type-post","status-publish","format-standard","hentry","category-noticias"],"yoast_head":"<!-- This site is optimized with the Yoast SEO plugin v26.6 - https:\/\/yoast.com\/wordpress\/plugins\/seo\/ -->\n<title>Governador anuncia Festival Ilha do Reggae em S\u00e3o Lu\u00eds - Reggae Point<\/title>\n<meta name=\"robots\" content=\"index, follow, max-snippet:-1, max-image-preview:large, max-video-preview:-1\" \/>\n<link rel=\"canonical\" href=\"https:\/\/www.blogsoestado.com\/reggaepoint\/2025\/10\/16\/governador-anuncia-festival-ilha-do-reggae-em-sao-luis\/\" \/>\n<meta property=\"og:locale\" content=\"pt_BR\" \/>\n<meta property=\"og:type\" content=\"article\" \/>\n<meta property=\"og:title\" content=\"Governador anuncia Festival Ilha do Reggae em S\u00e3o Lu\u00eds - Reggae Point\" \/>\n<meta property=\"og:description\" content=\"Carlos Brand\u00e3o O governador do Estado do Maranh\u00e3o, Carlos Brand\u00e3o, anunciou a realiza\u00e7\u00e3o do Festival Ilha do Reggae, que acontecer\u00e1 [&hellip;]\" \/>\n<meta property=\"og:url\" content=\"https:\/\/www.blogsoestado.com\/reggaepoint\/2025\/10\/16\/governador-anuncia-festival-ilha-do-reggae-em-sao-luis\/\" \/>\n<meta property=\"og:site_name\" content=\"Reggae Point\" \/>\n<meta property=\"article:published_time\" content=\"2025-10-16T19:07:16+00:00\" \/>\n<meta property=\"article:modified_time\" content=\"2025-10-16T19:07:58+00:00\" \/>\n<meta property=\"og:image\" content=\"https:\/\/www.blogsoestado.com\/reggaepoint\/wp-content\/uploads\/sites\/11\/2025\/10\/CARLOS-BRANDAO.jpeg\" \/>\n\t<meta property=\"og:image:width\" content=\"800\" \/>\n\t<meta property=\"og:image:height\" content=\"1200\" \/>\n\t<meta property=\"og:image:type\" content=\"image\/jpeg\" \/>\n<meta name=\"author\" content=\"Reggae Point\" \/>\n<meta name=\"twitter:card\" content=\"summary_large_image\" \/>\n<meta name=\"twitter:label1\" content=\"Escrito por\" \/>\n\t<meta name=\"twitter:data1\" content=\"Reggae Point\" \/>\n\t<meta name=\"twitter:label2\" content=\"Est. tempo de leitura\" \/>\n\t<meta name=\"twitter:data2\" content=\"2 minutos\" \/>\n<script type=\"application\/ld+json\" class=\"yoast-schema-graph\">{\"@context\":\"https:\/\/schema.org\",\"@graph\":[{\"@type\":\"WebPage\",\"@id\":\"https:\/\/www.blogsoestado.com\/reggaepoint\/2025\/10\/16\/governador-anuncia-festival-ilha-do-reggae-em-sao-luis\/\",\"url\":\"https:\/\/www.blogsoestado.com\/reggaepoint\/2025\/10\/16\/governador-anuncia-festival-ilha-do-reggae-em-sao-luis\/\",\"name\":\"Governador anuncia Festival Ilha do Reggae em S\u00e3o Lu\u00eds - Reggae Point\",\"isPartOf\":{\"@id\":\"https:\/\/www.blogsoestado.com\/reggaepoint\/#website\"},\"primaryImageOfPage\":{\"@id\":\"https:\/\/www.blogsoestado.com\/reggaepoint\/2025\/10\/16\/governador-anuncia-festival-ilha-do-reggae-em-sao-luis\/#primaryimage\"},\"image\":{\"@id\":\"https:\/\/www.blogsoestado.com\/reggaepoint\/2025\/10\/16\/governador-anuncia-festival-ilha-do-reggae-em-sao-luis\/#primaryimage\"},\"thumbnailUrl\":\"https:\/\/www.blogsoestado.com\/reggaepoint\/wp-content\/uploads\/sites\/11\/2025\/10\/CARLOS-BRANDAO-683x1024.jpeg\",\"datePublished\":\"2025-10-16T19:07:16+00:00\",\"dateModified\":\"2025-10-16T19:07:58+00:00\",\"author\":{\"@id\":\"https:\/\/www.blogsoestado.com\/reggaepoint\/#\/schema\/person\/3829d170cd0b190b48d008ae2bd64925\"},\"breadcrumb\":{\"@id\":\"https:\/\/www.blogsoestado.com\/reggaepoint\/2025\/10\/16\/governador-anuncia-festival-ilha-do-reggae-em-sao-luis\/#breadcrumb\"},\"inLanguage\":\"pt-BR\",\"potentialAction\":[{\"@type\":\"ReadAction\",\"target\":[\"https:\/\/www.blogsoestado.com\/reggaepoint\/2025\/10\/16\/governador-anuncia-festival-ilha-do-reggae-em-sao-luis\/\"]}]},{\"@type\":\"ImageObject\",\"inLanguage\":\"pt-BR\",\"@id\":\"https:\/\/www.blogsoestado.com\/reggaepoint\/2025\/10\/16\/governador-anuncia-festival-ilha-do-reggae-em-sao-luis\/#primaryimage\",\"url\":\"https:\/\/www.blogsoestado.com\/reggaepoint\/wp-content\/uploads\/sites\/11\/2025\/10\/CARLOS-BRANDAO.jpeg\",\"contentUrl\":\"https:\/\/www.blogsoestado.com\/reggaepoint\/wp-content\/uploads\/sites\/11\/2025\/10\/CARLOS-BRANDAO.jpeg\",\"width\":800,\"height\":1200},{\"@type\":\"BreadcrumbList\",\"@id\":\"https:\/\/www.blogsoestado.com\/reggaepoint\/2025\/10\/16\/governador-anuncia-festival-ilha-do-reggae-em-sao-luis\/#breadcrumb\",\"itemListElement\":[{\"@type\":\"ListItem\",\"position\":1,\"name\":\"In\u00edcio\",\"item\":\"https:\/\/www.blogsoestado.com\/reggaepoint\/\"},{\"@type\":\"ListItem\",\"position\":2,\"name\":\"Governador anuncia Festival Ilha do Reggae em S\u00e3o Lu\u00eds\"}]},{\"@type\":\"WebSite\",\"@id\":\"https:\/\/www.blogsoestado.com\/reggaepoint\/#website\",\"url\":\"https:\/\/www.blogsoestado.com\/reggaepoint\/\",\"name\":\"Reggae Point\",\"description\":\"DJ Waldiney\",\"potentialAction\":[{\"@type\":\"SearchAction\",\"target\":{\"@type\":\"EntryPoint\",\"urlTemplate\":\"https:\/\/www.blogsoestado.com\/reggaepoint\/?s={search_term_string}\"},\"query-input\":{\"@type\":\"PropertyValueSpecification\",\"valueRequired\":true,\"valueName\":\"search_term_string\"}}],\"inLanguage\":\"pt-BR\"},{\"@type\":\"Person\",\"@id\":\"https:\/\/www.blogsoestado.com\/reggaepoint\/#\/schema\/person\/3829d170cd0b190b48d008ae2bd64925\",\"name\":\"Reggae Point\",\"image\":{\"@type\":\"ImageObject\",\"inLanguage\":\"pt-BR\",\"@id\":\"https:\/\/www.blogsoestado.com\/reggaepoint\/#\/schema\/person\/image\/\",\"url\":\"https:\/\/secure.gravatar.com\/avatar\/745d3aba94f0402f751303165284412ce96cf7c63e616e2f20800974f0f6c298?s=96&d=mm&r=g\",\"contentUrl\":\"https:\/\/secure.gravatar.com\/avatar\/745d3aba94f0402f751303165284412ce96cf7c63e616e2f20800974f0f6c298?s=96&d=mm&r=g\",\"caption\":\"Reggae Point\"},\"url\":\"https:\/\/www.blogsoestado.com\/reggaepoint\/author\/reggaepoint\/\"}]}<\/script>\n<!-- \/ Yoast SEO plugin. -->","yoast_head_json":{"title":"Governador anuncia Festival Ilha do Reggae em S\u00e3o Lu\u00eds - Reggae Point","robots":{"index":"index","follow":"follow","max-snippet":"max-snippet:-1","max-image-preview":"max-image-preview:large","max-video-preview":"max-video-preview:-1"},"canonical":"https:\/\/www.blogsoestado.com\/reggaepoint\/2025\/10\/16\/governador-anuncia-festival-ilha-do-reggae-em-sao-luis\/","og_locale":"pt_BR","og_type":"article","og_title":"Governador anuncia Festival Ilha do Reggae em S\u00e3o Lu\u00eds - Reggae Point","og_description":"Carlos Brand\u00e3o O governador do Estado do Maranh\u00e3o, Carlos Brand\u00e3o, anunciou a realiza\u00e7\u00e3o do Festival Ilha do Reggae, que acontecer\u00e1 [&hellip;]","og_url":"https:\/\/www.blogsoestado.com\/reggaepoint\/2025\/10\/16\/governador-anuncia-festival-ilha-do-reggae-em-sao-luis\/","og_site_name":"Reggae Point","article_published_time":"2025-10-16T19:07:16+00:00","article_modified_time":"2025-10-16T19:07:58+00:00","og_image":[{"width":800,"height":1200,"url":"https:\/\/www.blogsoestado.com\/reggaepoint\/wp-content\/uploads\/sites\/11\/2025\/10\/CARLOS-BRANDAO.jpeg","type":"image\/jpeg"}],"author":"Reggae Point","twitter_card":"summary_large_image","twitter_misc":{"Escrito por":"Reggae Point","Est. tempo de leitura":"2 minutos"},"schema":{"@context":"https:\/\/schema.org","@graph":[{"@type":"WebPage","@id":"https:\/\/www.blogsoestado.com\/reggaepoint\/2025\/10\/16\/governador-anuncia-festival-ilha-do-reggae-em-sao-luis\/","url":"https:\/\/www.blogsoestado.com\/reggaepoint\/2025\/10\/16\/governador-anuncia-festival-ilha-do-reggae-em-sao-luis\/","name":"Governador anuncia Festival Ilha do Reggae em S\u00e3o Lu\u00eds - Reggae Point","isPartOf":{"@id":"https:\/\/www.blogsoestado.com\/reggaepoint\/#website"},"primaryImageOfPage":{"@id":"https:\/\/www.blogsoestado.com\/reggaepoint\/2025\/10\/16\/governador-anuncia-festival-ilha-do-reggae-em-sao-luis\/#primaryimage"},"image":{"@id":"https:\/\/www.blogsoestado.com\/reggaepoint\/2025\/10\/16\/governador-anuncia-festival-ilha-do-reggae-em-sao-luis\/#primaryimage"},"thumbnailUrl":"https:\/\/www.blogsoestado.com\/reggaepoint\/wp-content\/uploads\/sites\/11\/2025\/10\/CARLOS-BRANDAO-683x1024.jpeg","datePublished":"2025-10-16T19:07:16+00:00","dateModified":"2025-10-16T19:07:58+00:00","author":{"@id":"https:\/\/www.blogsoestado.com\/reggaepoint\/#\/schema\/person\/3829d170cd0b190b48d008ae2bd64925"},"breadcrumb":{"@id":"https:\/\/www.blogsoestado.com\/reggaepoint\/2025\/10\/16\/governador-anuncia-festival-ilha-do-reggae-em-sao-luis\/#breadcrumb"},"inLanguage":"pt-BR","potentialAction":[{"@type":"ReadAction","target":["https:\/\/www.blogsoestado.com\/reggaepoint\/2025\/10\/16\/governador-anuncia-festival-ilha-do-reggae-em-sao-luis\/"]}]},{"@type":"ImageObject","inLanguage":"pt-BR","@id":"https:\/\/www.blogsoestado.com\/reggaepoint\/2025\/10\/16\/governador-anuncia-festival-ilha-do-reggae-em-sao-luis\/#primaryimage","url":"https:\/\/www.blogsoestado.com\/reggaepoint\/wp-content\/uploads\/sites\/11\/2025\/10\/CARLOS-BRANDAO.jpeg","contentUrl":"https:\/\/www.blogsoestado.com\/reggaepoint\/wp-content\/uploads\/sites\/11\/2025\/10\/CARLOS-BRANDAO.jpeg","width":800,"height":1200},{"@type":"BreadcrumbList","@id":"https:\/\/www.blogsoestado.com\/reggaepoint\/2025\/10\/16\/governador-anuncia-festival-ilha-do-reggae-em-sao-luis\/#breadcrumb","itemListElement":[{"@type":"ListItem","position":1,"name":"In\u00edcio","item":"https:\/\/www.blogsoestado.com\/reggaepoint\/"},{"@type":"ListItem","position":2,"name":"Governador anuncia Festival Ilha do Reggae em S\u00e3o Lu\u00eds"}]},{"@type":"WebSite","@id":"https:\/\/www.blogsoestado.com\/reggaepoint\/#website","url":"https:\/\/www.blogsoestado.com\/reggaepoint\/","name":"Reggae Point","description":"DJ Waldiney","potentialAction":[{"@type":"SearchAction","target":{"@type":"EntryPoint","urlTemplate":"https:\/\/www.blogsoestado.com\/reggaepoint\/?s={search_term_string}"},"query-input":{"@type":"PropertyValueSpecification","valueRequired":true,"valueName":"search_term_string"}}],"inLanguage":"pt-BR"},{"@type":"Person","@id":"https:\/\/www.blogsoestado.com\/reggaepoint\/#\/schema\/person\/3829d170cd0b190b48d008ae2bd64925","name":"Reggae Point","image":{"@type":"ImageObject","inLanguage":"pt-BR","@id":"https:\/\/www.blogsoestado.com\/reggaepoint\/#\/schema\/person\/image\/","url":"https:\/\/secure.gravatar.com\/avatar\/745d3aba94f0402f751303165284412ce96cf7c63e616e2f20800974f0f6c298?s=96&d=mm&r=g","contentUrl":"https:\/\/secure.gravatar.com\/avatar\/745d3aba94f0402f751303165284412ce96cf7c63e616e2f20800974f0f6c298?s=96&d=mm&r=g","caption":"Reggae Point"},"url":"https:\/\/www.blogsoestado.com\/reggaepoint\/author\/reggaepoint\/"}]}},"jetpack_featured_media_url":"","_links":{"self":[{"href":"https:\/\/www.blogsoestado.com\/reggaepoint\/wp-json\/wp\/v2\/posts\/7212","targetHints":{"allow":["GET"]}}],"collection":[{"href":"https:\/\/www.blogsoestado.com\/reggaepoint\/wp-json\/wp\/v2\/posts"}],"about":[{"href":"https:\/\/www.blogsoestado.com\/reggaepoint\/wp-json\/wp\/v2\/types\/post"}],"author":[{"embeddable":true,"href":"https:\/\/www.blogsoestado.com\/reggaepoint\/wp-json\/wp\/v2\/users\/12"}],"replies":[{"embeddable":true,"href":"https:\/\/www.blogsoestado.com\/reggaepoint\/wp-json\/wp\/v2\/comments?post=7212"}],"version-history":[{"count":3,"href":"https:\/\/www.blogsoestado.com\/reggaepoint\/wp-json\/wp\/v2\/posts\/7212\/revisions"}],"predecessor-version":[{"id":7215,"href":"https:\/\/www.blogsoestado.com\/reggaepoint\/wp-json\/wp\/v2\/posts\/7212\/revisions\/7215"}],"wp:attachment":[{"href":"https:\/\/www.blogsoestado.com\/reggaepoint\/wp-json\/wp\/v2\/media?parent=7212"}],"wp:term":[{"taxonomy":"category","embeddable":true,"href":"https:\/\/www.blogsoestado.com\/reggaepoint\/wp-json\/wp\/v2\/categories?post=7212"},{"taxonomy":"post_tag","embeddable":true,"href":"https:\/\/www.blogsoestado.com\/reggaepoint\/wp-json\/wp\/v2\/tags?post=7212"}],"curies":[{"name":"wp","href":"https:\/\/api.w.org\/{rel}","templated":true}]}}