{"id":103,"date":"2012-06-25T21:46:10","date_gmt":"2012-06-26T00:46:10","guid":{"rendered":"https:\/\/www.blogsoestado.com\/ruypalhano\/?p=103"},"modified":"2012-06-25T21:46:10","modified_gmt":"2012-06-26T00:46:10","slug":"semana-nacional-sobre-drogas-o-que-temos-que-comemorar","status":"publish","type":"post","link":"https:\/\/www.blogsoestado.com\/ruypalhano\/2012\/06\/25\/semana-nacional-sobre-drogas-o-que-temos-que-comemorar\/","title":{"rendered":"Semana Nacional sobre Drogas, o que temos que comemorar?"},"content":{"rendered":"<p><a href=\"https:\/\/www.blogsoestado.com\/ruypalhano\/2012\/06\/25\/semana-nacional-sobre-drogas-o-que-temos-que-comemorar\/imagescaqx5ljq\/\" rel=\"attachment wp-att-104\"><img decoding=\"async\" class=\"alignleft  wp-image-104\" src=\"https:\/\/www.blogsoestado.com\/ruypalhano\/files\/2012\/06\/imagesCAQX5LJQ.jpg\" alt=\"\" width=\"197\" height=\"213\" \/><\/a>H\u00e1 14 anos, como j\u00e1 \u00e9 de costume, no per\u00edodo de 19 a 26 de junho comemora-se a Semana Nacional sobre Drogas. Esta data comemorativa foi institu\u00edda pela Secretaria Nacional de Pol\u00edtica sobre Drogas &#8211; SENAD, \u00f3rg\u00e3o do Governo Federal encarregado, entre outras coisas, fazer cumprir a delibera\u00e7\u00f5es do Conselho Nacional de Pol\u00edticas sobre Drogas, o \u00f3rg\u00e3o m\u00e1ximo na hierarquia das institui\u00e7\u00f5es p\u00fablicas encarregado de formular a Pol\u00edtica Nacional sobre Drogas.<\/p>\n<p>\u00c9 uma ocasi\u00e3o repleta de eventos pelo Brasil a fora, onde grande parte dos munic\u00edpios brasileiros, especialmente as capitais, realiza uma s\u00e9rie de atividades de diferentes matizes tendo como um dos principais motivos \u00e9 chamar a aten\u00e7\u00e3o da sociedade brasileira sobre as distintas quest\u00f5es relativas ao uso e tr\u00e1fico de drogas.<\/p>\n<p>Ao longo destes quatorze anos houve muitas mudan\u00e7as no trato e nos conceitos sobre o assunto. E, estas mudan\u00e7as modificaram alguns paradigmas que predominavam at\u00e9 ent\u00e3o sobre a quest\u00e3o. Um dos principais que ocorreu foi a mudan\u00e7a que houve sobre a vis\u00e3o repressiva, discriminat\u00f3rias e descriminalizante que havia sobre o uso de drogas ao colocar-se este tema no \u00e2mbito de pol\u00edticas publicas possibilitando entre outras coisas o debate social amplo e democr\u00e1tico deste assunto.<\/p>\n<p>A partir deste ponto abriram-se as portas para debate p\u00fablico, sem restri\u00e7\u00e3o, sem medo, e de forma respons\u00e1vel, concedendo a todos a possibilidade de dele participar em todos os sentidos. Com isto, uma das mais importantes consequ\u00eanias, foi demolir os preconceitos existentes, os quais colocavam os usu\u00e1rios e a pr\u00f3pria tem\u00e1tica na marginalidade.<\/p>\n<p>Muitas coisas ainda dever\u00e3o mudar com a implementa\u00e7\u00e3o deste paradigma para se poder de fato dar um significado especial a este momento. Na \u00e1rea da restri\u00e7\u00e3o da oferta (repress\u00e3o do tr\u00e1fico) de drogas percebe-se que houve o aperfei\u00e7oamento significativo nas a\u00e7\u00f5es de combate as organiza\u00e7\u00f5es criminosas encarregadas de fornecer drogas pra a sociedade muito embora ainda espalhem medo e o terror na popula\u00e7\u00e3o, todavia a situa\u00e7\u00e3o est\u00e1 sendo enfrentada de forma competente pelo trabalho desenvolvido, especialmente pela Pol\u00edcia Federal e as pol\u00edcias estaduais.<\/p>\n<p>Na \u00e1rea da assist\u00eancia houve avan\u00e7os significativos embora seja necess\u00e1rios ajustes em sua operacionalidade e em alguns conceitos sobre tratamento e recupera\u00e7\u00e3o. Estes avan\u00e7os foram mais significativos do momento em que se passou a entender que o problema do uso de drogas n\u00e3o \u00e9 um caso de pol\u00edcia e sim de sa\u00fade p\u00fablica. Da\u00ed pra frente foi sendo alocados equipamentos e ferramentas m\u00e9dicas e psicossociais para assegurar o tratamento e recupera\u00e7\u00e3o de dependentes de drogas, bem como a aloca\u00e7\u00e3o de recursos financeiros para efetivamente bancarmos os custos com estes tratamentos destes enfermos.<\/p>\n<p>No \u00e2mbito da preven\u00e7\u00e3o prim\u00e1ria, por n\u00e3o haver muita consist\u00eancia sobre o que est\u00e1 sendo feito a sociedade permanece perplexa, at\u00f4nita e muitas vezes sem saber o que fazer para impedir que um filho seu, adentre nesta experi\u00eancia catastr\u00f3fica e movedi\u00e7a que \u00e9 a experi\u00eancia com drogas. Falta, portanto medidas mais abrangentes, efetivas e seguras a serem desenvolvidas, sobretudo na \u00e1rea da educa\u00e7\u00e3o para se perceber efetivamente os efeitos destas medidas.<\/p>\n<p>Talvez esta seja a grande atitude que falta desabrochar na mente dos gestores p\u00fablicos e dos governantes, a de entenderem que o problema do tr\u00e1fico e uso de drogas s\u00e3o faces distintas de uma mesma moeda e que este fen\u00f4meno \u00e9 evit\u00e1vel, como o s\u00e3o todos os grandes e graves problemas humanos. A ado\u00e7\u00e3o de medidas consistente, s\u00e9rias, arrojadas e corajosas no \u00e2mbito de pol\u00edticas educacionais, de sa\u00fade, de seguran\u00e7a e sociais corroboraria o cerco que devemos estabelecer sobre este problema. A\u00ed sim, estaremos de fato impedindo que gera\u00e7\u00f5es futuras se protejam destes problemas, o que lamentavelmente n\u00e3o aconteceu com a nossa. Felicidades a todos nesta semana nacional sobre drogas<\/p>\n","protected":false},"excerpt":{"rendered":"<p>H\u00e1 14 anos, como j\u00e1 \u00e9 de costume, no per\u00edodo de 19 a 26 de junho comemora-se a Semana Nacional [&hellip;]<\/p>\n","protected":false},"author":3,"featured_media":0,"comment_status":"open","ping_status":"open","sticky":false,"template":"","format":"standard","meta":{"site-sidebar-layout":"default","site-content-layout":"","ast-site-content-layout":"default","site-content-style":"default","site-sidebar-style":"default","ast-global-header-display":"","ast-banner-title-visibility":"","ast-main-header-display":"","ast-hfb-above-header-display":"","ast-hfb-below-header-display":"","ast-hfb-mobile-header-display":"","site-post-title":"","ast-breadcrumbs-content":"","ast-featured-img":"","footer-sml-layout":"","ast-disable-related-posts":"","theme-transparent-header-meta":"","adv-header-id-meta":"","stick-header-meta":"","header-above-stick-meta":"","header-main-stick-meta":"","header-below-stick-meta":"","astra-migrate-meta-layouts":"default","ast-page-background-enabled":"default","ast-page-background-meta":{"desktop":{"background-color":"var(--ast-global-color-5)","background-image":"","background-repeat":"repeat","background-position":"center center","background-size":"auto","background-attachment":"scroll","background-type":"","background-media":"","overlay-type":"","overlay-color":"","overlay-opacity":"","overlay-gradient":""},"tablet":{"background-color":"","background-image":"","background-repeat":"repeat","background-position":"center center","background-size":"auto","background-attachment":"scroll","background-type":"","background-media":"","overlay-type":"","overlay-color":"","overlay-opacity":"","overlay-gradient":""},"mobile":{"background-color":"","background-image":"","background-repeat":"repeat","background-position":"center center","background-size":"auto","background-attachment":"scroll","background-type":"","background-media":"","overlay-type":"","overlay-color":"","overlay-opacity":"","overlay-gradient":""}},"ast-content-background-meta":{"desktop":{"background-color":"var(--ast-global-color-4)","background-image":"","background-repeat":"repeat","background-position":"center center","background-size":"auto","background-attachment":"scroll","background-type":"","background-media":"","overlay-type":"","overlay-color":"","overlay-opacity":"","overlay-gradient":""},"tablet":{"background-color":"var(--ast-global-color-4)","background-image":"","background-repeat":"repeat","background-position":"center center","background-size":"auto","background-attachment":"scroll","background-type":"","background-media":"","overlay-type":"","overlay-color":"","overlay-opacity":"","overlay-gradient":""},"mobile":{"background-color":"var(--ast-global-color-4)","background-image":"","background-repeat":"repeat","background-position":"center center","background-size":"auto","background-attachment":"scroll","background-type":"","background-media":"","overlay-type":"","overlay-color":"","overlay-opacity":"","overlay-gradient":""}},"footnotes":""},"categories":[4,7],"tags":[],"class_list":["post-103","post","type-post","status-publish","format-standard","hentry","category-dependencia-quimica","category-saude-mental"],"yoast_head":"<!-- This site is optimized with the Yoast SEO plugin v26.6 - https:\/\/yoast.com\/wordpress\/plugins\/seo\/ -->\n<title>Semana Nacional sobre Drogas, o que temos que comemorar? - Ruy Palhano<\/title>\n<meta name=\"robots\" content=\"index, follow, max-snippet:-1, max-image-preview:large, max-video-preview:-1\" \/>\n<link rel=\"canonical\" href=\"https:\/\/www.blogsoestado.com\/ruypalhano\/2012\/06\/25\/semana-nacional-sobre-drogas-o-que-temos-que-comemorar\/\" \/>\n<meta property=\"og:locale\" content=\"pt_BR\" \/>\n<meta property=\"og:type\" content=\"article\" \/>\n<meta property=\"og:title\" content=\"Semana Nacional sobre Drogas, o que temos que comemorar? - Ruy Palhano\" \/>\n<meta property=\"og:description\" content=\"H\u00e1 14 anos, como j\u00e1 \u00e9 de costume, no per\u00edodo de 19 a 26 de junho comemora-se a Semana Nacional [&hellip;]\" \/>\n<meta property=\"og:url\" content=\"https:\/\/www.blogsoestado.com\/ruypalhano\/2012\/06\/25\/semana-nacional-sobre-drogas-o-que-temos-que-comemorar\/\" \/>\n<meta property=\"og:site_name\" content=\"Ruy Palhano\" \/>\n<meta property=\"article:published_time\" content=\"2012-06-26T00:46:10+00:00\" \/>\n<meta property=\"og:image\" content=\"https:\/\/www.blogsoestado.com\/ruypalhano\/files\/2012\/06\/imagesCAQX5LJQ.jpg\" \/>\n<meta name=\"author\" content=\"Ruy Palhano\" \/>\n<meta name=\"twitter:card\" content=\"summary_large_image\" \/>\n<meta name=\"twitter:label1\" content=\"Escrito por\" \/>\n\t<meta name=\"twitter:data1\" content=\"Ruy Palhano\" \/>\n\t<meta name=\"twitter:label2\" content=\"Est. tempo de leitura\" \/>\n\t<meta name=\"twitter:data2\" content=\"3 minutos\" \/>\n<script type=\"application\/ld+json\" class=\"yoast-schema-graph\">{\"@context\":\"https:\/\/schema.org\",\"@graph\":[{\"@type\":\"WebPage\",\"@id\":\"https:\/\/www.blogsoestado.com\/ruypalhano\/2012\/06\/25\/semana-nacional-sobre-drogas-o-que-temos-que-comemorar\/\",\"url\":\"https:\/\/www.blogsoestado.com\/ruypalhano\/2012\/06\/25\/semana-nacional-sobre-drogas-o-que-temos-que-comemorar\/\",\"name\":\"Semana Nacional sobre Drogas, o que temos que comemorar? - Ruy Palhano\",\"isPartOf\":{\"@id\":\"https:\/\/www.blogsoestado.com\/ruypalhano\/#website\"},\"primaryImageOfPage\":{\"@id\":\"https:\/\/www.blogsoestado.com\/ruypalhano\/2012\/06\/25\/semana-nacional-sobre-drogas-o-que-temos-que-comemorar\/#primaryimage\"},\"image\":{\"@id\":\"https:\/\/www.blogsoestado.com\/ruypalhano\/2012\/06\/25\/semana-nacional-sobre-drogas-o-que-temos-que-comemorar\/#primaryimage\"},\"thumbnailUrl\":\"https:\/\/www.blogsoestado.com\/ruypalhano\/files\/2012\/06\/imagesCAQX5LJQ.jpg\",\"datePublished\":\"2012-06-26T00:46:10+00:00\",\"author\":{\"@id\":\"https:\/\/www.blogsoestado.com\/ruypalhano\/#\/schema\/person\/ef49e08ec3e742dec1682f34674f2c84\"},\"breadcrumb\":{\"@id\":\"https:\/\/www.blogsoestado.com\/ruypalhano\/2012\/06\/25\/semana-nacional-sobre-drogas-o-que-temos-que-comemorar\/#breadcrumb\"},\"inLanguage\":\"pt-BR\",\"potentialAction\":[{\"@type\":\"ReadAction\",\"target\":[\"https:\/\/www.blogsoestado.com\/ruypalhano\/2012\/06\/25\/semana-nacional-sobre-drogas-o-que-temos-que-comemorar\/\"]}]},{\"@type\":\"ImageObject\",\"inLanguage\":\"pt-BR\",\"@id\":\"https:\/\/www.blogsoestado.com\/ruypalhano\/2012\/06\/25\/semana-nacional-sobre-drogas-o-que-temos-que-comemorar\/#primaryimage\",\"url\":\"https:\/\/www.blogsoestado.com\/ruypalhano\/files\/2012\/06\/imagesCAQX5LJQ.jpg\",\"contentUrl\":\"https:\/\/www.blogsoestado.com\/ruypalhano\/files\/2012\/06\/imagesCAQX5LJQ.jpg\"},{\"@type\":\"BreadcrumbList\",\"@id\":\"https:\/\/www.blogsoestado.com\/ruypalhano\/2012\/06\/25\/semana-nacional-sobre-drogas-o-que-temos-que-comemorar\/#breadcrumb\",\"itemListElement\":[{\"@type\":\"ListItem\",\"position\":1,\"name\":\"In\u00edcio\",\"item\":\"https:\/\/www.blogsoestado.com\/ruypalhano\/\"},{\"@type\":\"ListItem\",\"position\":2,\"name\":\"Semana Nacional sobre Drogas, o que temos que comemorar?\"}]},{\"@type\":\"WebSite\",\"@id\":\"https:\/\/www.blogsoestado.com\/ruypalhano\/#website\",\"url\":\"https:\/\/www.blogsoestado.com\/ruypalhano\/\",\"name\":\"Ruy Palhano\",\"description\":\"\",\"potentialAction\":[{\"@type\":\"SearchAction\",\"target\":{\"@type\":\"EntryPoint\",\"urlTemplate\":\"https:\/\/www.blogsoestado.com\/ruypalhano\/?s={search_term_string}\"},\"query-input\":{\"@type\":\"PropertyValueSpecification\",\"valueRequired\":true,\"valueName\":\"search_term_string\"}}],\"inLanguage\":\"pt-BR\"},{\"@type\":\"Person\",\"@id\":\"https:\/\/www.blogsoestado.com\/ruypalhano\/#\/schema\/person\/ef49e08ec3e742dec1682f34674f2c84\",\"name\":\"Ruy Palhano\",\"image\":{\"@type\":\"ImageObject\",\"inLanguage\":\"pt-BR\",\"@id\":\"https:\/\/www.blogsoestado.com\/ruypalhano\/#\/schema\/person\/image\/\",\"url\":\"https:\/\/secure.gravatar.com\/avatar\/d08170dc68d65048f069f40789786091e8b070aa02b0d2e514ddd0244c684a5a?s=96&d=mm&r=g\",\"contentUrl\":\"https:\/\/secure.gravatar.com\/avatar\/d08170dc68d65048f069f40789786091e8b070aa02b0d2e514ddd0244c684a5a?s=96&d=mm&r=g\",\"caption\":\"Ruy Palhano\"},\"url\":\"https:\/\/www.blogsoestado.com\/ruypalhano\/author\/ruypalhano\/\"}]}<\/script>\n<!-- \/ Yoast SEO plugin. -->","yoast_head_json":{"title":"Semana Nacional sobre Drogas, o que temos que comemorar? - Ruy Palhano","robots":{"index":"index","follow":"follow","max-snippet":"max-snippet:-1","max-image-preview":"max-image-preview:large","max-video-preview":"max-video-preview:-1"},"canonical":"https:\/\/www.blogsoestado.com\/ruypalhano\/2012\/06\/25\/semana-nacional-sobre-drogas-o-que-temos-que-comemorar\/","og_locale":"pt_BR","og_type":"article","og_title":"Semana Nacional sobre Drogas, o que temos que comemorar? - Ruy Palhano","og_description":"H\u00e1 14 anos, como j\u00e1 \u00e9 de costume, no per\u00edodo de 19 a 26 de junho comemora-se a Semana Nacional [&hellip;]","og_url":"https:\/\/www.blogsoestado.com\/ruypalhano\/2012\/06\/25\/semana-nacional-sobre-drogas-o-que-temos-que-comemorar\/","og_site_name":"Ruy Palhano","article_published_time":"2012-06-26T00:46:10+00:00","og_image":[{"url":"https:\/\/www.blogsoestado.com\/ruypalhano\/files\/2012\/06\/imagesCAQX5LJQ.jpg","type":"","width":"","height":""}],"author":"Ruy Palhano","twitter_card":"summary_large_image","twitter_misc":{"Escrito por":"Ruy Palhano","Est. tempo de leitura":"3 minutos"},"schema":{"@context":"https:\/\/schema.org","@graph":[{"@type":"WebPage","@id":"https:\/\/www.blogsoestado.com\/ruypalhano\/2012\/06\/25\/semana-nacional-sobre-drogas-o-que-temos-que-comemorar\/","url":"https:\/\/www.blogsoestado.com\/ruypalhano\/2012\/06\/25\/semana-nacional-sobre-drogas-o-que-temos-que-comemorar\/","name":"Semana Nacional sobre Drogas, o que temos que comemorar? - Ruy Palhano","isPartOf":{"@id":"https:\/\/www.blogsoestado.com\/ruypalhano\/#website"},"primaryImageOfPage":{"@id":"https:\/\/www.blogsoestado.com\/ruypalhano\/2012\/06\/25\/semana-nacional-sobre-drogas-o-que-temos-que-comemorar\/#primaryimage"},"image":{"@id":"https:\/\/www.blogsoestado.com\/ruypalhano\/2012\/06\/25\/semana-nacional-sobre-drogas-o-que-temos-que-comemorar\/#primaryimage"},"thumbnailUrl":"https:\/\/www.blogsoestado.com\/ruypalhano\/files\/2012\/06\/imagesCAQX5LJQ.jpg","datePublished":"2012-06-26T00:46:10+00:00","author":{"@id":"https:\/\/www.blogsoestado.com\/ruypalhano\/#\/schema\/person\/ef49e08ec3e742dec1682f34674f2c84"},"breadcrumb":{"@id":"https:\/\/www.blogsoestado.com\/ruypalhano\/2012\/06\/25\/semana-nacional-sobre-drogas-o-que-temos-que-comemorar\/#breadcrumb"},"inLanguage":"pt-BR","potentialAction":[{"@type":"ReadAction","target":["https:\/\/www.blogsoestado.com\/ruypalhano\/2012\/06\/25\/semana-nacional-sobre-drogas-o-que-temos-que-comemorar\/"]}]},{"@type":"ImageObject","inLanguage":"pt-BR","@id":"https:\/\/www.blogsoestado.com\/ruypalhano\/2012\/06\/25\/semana-nacional-sobre-drogas-o-que-temos-que-comemorar\/#primaryimage","url":"https:\/\/www.blogsoestado.com\/ruypalhano\/files\/2012\/06\/imagesCAQX5LJQ.jpg","contentUrl":"https:\/\/www.blogsoestado.com\/ruypalhano\/files\/2012\/06\/imagesCAQX5LJQ.jpg"},{"@type":"BreadcrumbList","@id":"https:\/\/www.blogsoestado.com\/ruypalhano\/2012\/06\/25\/semana-nacional-sobre-drogas-o-que-temos-que-comemorar\/#breadcrumb","itemListElement":[{"@type":"ListItem","position":1,"name":"In\u00edcio","item":"https:\/\/www.blogsoestado.com\/ruypalhano\/"},{"@type":"ListItem","position":2,"name":"Semana Nacional sobre Drogas, o que temos que comemorar?"}]},{"@type":"WebSite","@id":"https:\/\/www.blogsoestado.com\/ruypalhano\/#website","url":"https:\/\/www.blogsoestado.com\/ruypalhano\/","name":"Ruy Palhano","description":"","potentialAction":[{"@type":"SearchAction","target":{"@type":"EntryPoint","urlTemplate":"https:\/\/www.blogsoestado.com\/ruypalhano\/?s={search_term_string}"},"query-input":{"@type":"PropertyValueSpecification","valueRequired":true,"valueName":"search_term_string"}}],"inLanguage":"pt-BR"},{"@type":"Person","@id":"https:\/\/www.blogsoestado.com\/ruypalhano\/#\/schema\/person\/ef49e08ec3e742dec1682f34674f2c84","name":"Ruy Palhano","image":{"@type":"ImageObject","inLanguage":"pt-BR","@id":"https:\/\/www.blogsoestado.com\/ruypalhano\/#\/schema\/person\/image\/","url":"https:\/\/secure.gravatar.com\/avatar\/d08170dc68d65048f069f40789786091e8b070aa02b0d2e514ddd0244c684a5a?s=96&d=mm&r=g","contentUrl":"https:\/\/secure.gravatar.com\/avatar\/d08170dc68d65048f069f40789786091e8b070aa02b0d2e514ddd0244c684a5a?s=96&d=mm&r=g","caption":"Ruy Palhano"},"url":"https:\/\/www.blogsoestado.com\/ruypalhano\/author\/ruypalhano\/"}]}},"jetpack_featured_media_url":"","_links":{"self":[{"href":"https:\/\/www.blogsoestado.com\/ruypalhano\/wp-json\/wp\/v2\/posts\/103","targetHints":{"allow":["GET"]}}],"collection":[{"href":"https:\/\/www.blogsoestado.com\/ruypalhano\/wp-json\/wp\/v2\/posts"}],"about":[{"href":"https:\/\/www.blogsoestado.com\/ruypalhano\/wp-json\/wp\/v2\/types\/post"}],"author":[{"embeddable":true,"href":"https:\/\/www.blogsoestado.com\/ruypalhano\/wp-json\/wp\/v2\/users\/3"}],"replies":[{"embeddable":true,"href":"https:\/\/www.blogsoestado.com\/ruypalhano\/wp-json\/wp\/v2\/comments?post=103"}],"version-history":[{"count":0,"href":"https:\/\/www.blogsoestado.com\/ruypalhano\/wp-json\/wp\/v2\/posts\/103\/revisions"}],"wp:attachment":[{"href":"https:\/\/www.blogsoestado.com\/ruypalhano\/wp-json\/wp\/v2\/media?parent=103"}],"wp:term":[{"taxonomy":"category","embeddable":true,"href":"https:\/\/www.blogsoestado.com\/ruypalhano\/wp-json\/wp\/v2\/categories?post=103"},{"taxonomy":"post_tag","embeddable":true,"href":"https:\/\/www.blogsoestado.com\/ruypalhano\/wp-json\/wp\/v2\/tags?post=103"}],"curies":[{"name":"wp","href":"https:\/\/api.w.org\/{rel}","templated":true}]}}