{"id":1182,"date":"2019-04-07T19:12:42","date_gmt":"2019-04-07T22:12:42","guid":{"rendered":"https:\/\/www.blogsoestado.com\/ruypalhano\/?p=1182"},"modified":"2019-04-07T19:12:42","modified_gmt":"2019-04-07T22:12:42","slug":"as-multiplas-facetas-do-descuido-ii","status":"publish","type":"post","link":"https:\/\/www.blogsoestado.com\/ruypalhano\/2019\/04\/07\/as-multiplas-facetas-do-descuido-ii\/","title":{"rendered":"As m\u00faltiplas facetas do descuido \u2013 II"},"content":{"rendered":"\n<p><\/p>\n\n\n\n<p>Semana passada postei aqui, o primeiro de tr\u00eas artigos destinados a examinar as crises que v\u00eam ocorrendo no seio de nossas fam\u00edlias. A ideia foi relacionar uma s\u00e9rie de acontecimentos os quais podem estar contribuindo para graves problemas familiares, especialmente na educa\u00e7\u00e3o dos filhos.<\/p>\n\n\n\n<p>Neste\nsegundo artigo, tratarei sobre os avan\u00e7os tecnol\u00f3gicos, internet, redes\nsociais, entretenimentos (v\u00eddeo games etc), equipamentos tecnol\u00f3gicos e a\nrela\u00e7\u00e3o disso com a a educa\u00e7\u00e3o dos filhos, dentro e fora de casa. <\/p>\n\n\n\n<p>\u00a0\u00a0\u00a0\u00a0\u00a0\u00a0\u00a0\u00a0 Iniciaria, perguntando: algu\u00e9m duvida que os avan\u00e7o tecnol\u00f3gicos, s\u00e3o importantes para a humanidade?  Que sua aplica\u00e7\u00e3o, em todas as \u00e1reas, vem trazendo grandes benef\u00edcios? Como trabalhar\u00edamos, estudar\u00edamos, nos relacionar\u00edamos, ou garantir\u00edamos nossa sobreviv\u00eancia, nos dias atuais, sem os recursos dessas tecnologias? Como avan\u00e7ar\u00edamos no rumo do desenvolvimento social, cient\u00edfico e tecnol\u00f3gico sem a interveni\u00eancia desses recursos? E nossa capacidade produtiva, nossas rela\u00e7\u00f5es sociais, a seguran\u00e7a, a sa\u00fade, as outras \u00e1reas humanas, como seriam sem esses dispositivos? O entretenimento mudou ou n\u00e3o mudou com jogos e outras divers\u00f5es eletr\u00f4nicas?<\/p>\n\n\n\n<p>&nbsp;&nbsp;&nbsp;&nbsp;&nbsp;&nbsp;&nbsp;\nEssas s\u00e3o algumas quest\u00f5es que me parecem relevantes para esclarecer o\nsignificado desses avan\u00e7os tecnol\u00f3gicos na sociedade moderna. O mundo mudou,\ntornou-se pequeno, as rela\u00e7\u00f5es humanas n\u00e3o s\u00e3o as mesmas de 30 anos atr\u00e1s, pois\nbastam alguns cliques em um teclado para vasculhar o mundo e deix\u00e1-lo ao nosso\nalcance. As dist\u00e2ncias se estreitaram em tempo real, estamos vivendo em\nm\u00faltiplos lugares sem sair do lugar e em qualquer lugar alcan\u00e7amos tudo em uma\nvelocidade surpreendente. <\/p>\n\n\n\n<p>&nbsp;&nbsp;&nbsp;&nbsp;&nbsp;&nbsp;\nComo produto dessas inven\u00e7\u00f5es, surgiram as redes sociais, que se\nabastecem, de tudo o que \u00e9 bom e do que n\u00e3o presta.&nbsp; Essas redes virtuais emanam da Sociologia e\nAntropologia Social, no final do s\u00e9culo XX, como um novo paradigma das ci\u00eancias\nsociais, aplicada e desenvolvida em disciplinas como a antropologia, a\nbiologia, os estudos de comunica\u00e7\u00e3o, a economia, a geografia, as ci\u00eancias da\ninforma\u00e7\u00e3o, a psicologia social e, sobretudo, no servi\u00e7o social. Portanto, as\nredes sociais virtuais t\u00eam bases nas ci\u00eancias aplicadas.<\/p>\n\n\n\n<p>&nbsp;&nbsp;&nbsp;&nbsp;&nbsp;&nbsp;&nbsp;&nbsp;&nbsp;&nbsp;&nbsp; Elas\noperam em diferentes n\u00edveis: relacionamentos (<em>facebook, Orkut, Myspace, Twitter, Instagram, WhatsApp, etc.<\/em>),\nprofissionais (como <em>Linkedin<\/em>),\ncomunit\u00e1rias (redes sociais em bairros ou cidades), aplicadas \u00e0 sa\u00fade,\nseguran\u00e7a e em muitas \u00e1reas. Ganham, a cada dia, mais import\u00e2ncia e\nnotoriedade, especialmente devido a sua capacidade de se expandir e\ncompartilhar informa\u00e7\u00f5es, disseminar conhecimentos, fazer amizades, garantir\ninteresses, estudos, neg\u00f3cios, pol\u00edtica, etc.<\/p>\n\n\n\n<p>&nbsp;&nbsp;&nbsp;&nbsp;&nbsp;&nbsp;&nbsp;&nbsp;&nbsp;&nbsp;&nbsp; E\nassim a coisa foi se desenvolvendo. At\u00e9 a\u00ed, confesso que n\u00e3o vejo problemas\nsobre essas redes. Caso as relacionemos com as mazelas sociais e familiares,\nestamos tentando encontrar um bode expiat\u00f3rio para problemas que est\u00e3o muito\nal\u00e9m dessas redes e dessas tecnologias. \u00c9 bom que se diga que redes sociais,\ninternet, equipamentos eletr\u00f4nicos e outros ingredientes tecnol\u00f3gicos s\u00e3o meios\ne n\u00e3o fins em si mesmos. <\/p>\n\n\n\n<p>&nbsp;&nbsp;&nbsp;&nbsp;&nbsp;&nbsp;&nbsp;&nbsp;&nbsp;\nO maior sentido e import\u00e2ncia de cada um desses elementos est\u00e1 em sua\nutiliza\u00e7\u00e3o, de tal forma, que n\u00e3o podemos atribuir a qualquer um deles a\nprerrogativa de fazer bem ou mal \u00e0s pessoas ou \u00e0 sociedade. Aventar que jogos\neletr\u00f4nicos, games, redes sociais, internet s\u00e3o causas disso ou daquilo pode\nser um sofisma, afirmando que s\u00e3o elas os vil\u00f5es desses graves problemas\nfamiliares, incluindo, certamente, o que vem ocorrendo com a educa\u00e7\u00e3o dos\nfilhos. <\/p>\n\n\n\n<p>&nbsp;&nbsp;&nbsp;&nbsp;&nbsp;&nbsp;&nbsp;&nbsp;&nbsp;\nO que est\u00e1 em jogo, ao meu ver, em mat\u00e9ria dos conflitos na educa\u00e7\u00e3o dos\nfilhos, s\u00e3o aspectos muito mais profundos e mais complexos. Ocorre que, devido\naos alcances e aos enormes benef\u00edcios dessas redes, muitas pessoas foram se\nseduzindo, de forma incontrol\u00e1vel e se entregaram a elas de <strong><em>\u201ccorpo\ne alma\u201d,<\/em><\/strong> a ponto de adoecerem, perderem a no\u00e7\u00e3o de adequa\u00e7\u00e3o e\nracionalidade em seu manejo, em suas diferentes \u00e1reas de aplica\u00e7\u00e3o:\nentretenimento, lazer, profissionalismo, neg\u00f3cios, rela\u00e7\u00f5es amorosas,\ncomunica\u00e7\u00e3o, etc.<\/p>\n\n\n\n<p>&nbsp;&nbsp;&nbsp;&nbsp;&nbsp;&nbsp;&nbsp;&nbsp;&nbsp;&nbsp;\nPai e m\u00e3e, filhos, irm\u00e3os, pais e filhos, amigos, marido e mulher, est\u00e3o\nusando esses dispositivos abusivamente, inconsequentemente, obsessiva e\ndescontroladamente, \u00e0s vezes sacrificando muitas ocasi\u00f5es de bons\nrelacionamentos, onde poderiam crescer e se desenvolver com bom di\u00e1logo. Mas,\nmuitos ficam clicando boa parte do tempo em seu smartphone, tablet, etc., de\nforma insubstitu\u00edvel, deixando esses grandes momentos de lado pelos cliques nas\nredes sociais. <\/p>\n\n\n\n<p>&nbsp;&nbsp;&nbsp;&nbsp;&nbsp;&nbsp;&nbsp;&nbsp;&nbsp;&nbsp;\nHoje, dentro e fora de casa, as conversas verdadeiras, afagos, reuni\u00f5es\nfamiliares, entretenimentos, compartilhamentos, em diferentes ocasi\u00f5es, ocorrem\nraramente e parecem ser coisas do passado. As rela\u00e7\u00f5es entre e inter-humanos\nque s\u00e3o reais e verdadeiras est\u00e3o se dando de forma tamb\u00e9m ef\u00eamera e virtual e\ncada vez mais superficiais e quando isso ocorre \u00e9 por pouco tempo, para logo em\nseguida as pessoas se recolherem ao seu anonimato e \u00e0 sua vida solit\u00e1ria. Tem\ngente que quando acorda j\u00e1 pega seu telefone, tablet ou notebook e vai ver o\nque est\u00e1 ocorrendo no mundo e s\u00f3 depois, cumprimentam os outros de casa.\nAcordam os filhos para a escola ou se preparam para o trabalho. Nunca as\npessoas se cumprimentaram tanto na vida. Bom dia, boa tarde e boa noite enchem\nas redes sociais, mas se algu\u00e9m cruzar com algu\u00e9m no elevador, na rua ou em\nqualquer lugar, n\u00e3o abrem a boca, n\u00e3o se cumprimentam, ficam em sil\u00eancio\nclicando nos celulares.<\/p>\n\n\n\n<p>&nbsp;&nbsp;&nbsp;&nbsp;&nbsp;&nbsp;&nbsp;&nbsp;&nbsp;&nbsp;&nbsp;&nbsp;\nQuem usa, o que usa e para que usa definir\u00e3o a utiliza\u00e7\u00e3o dessas\ntecnologias. Sobre jogos eletr\u00f4nicos, esses s\u00e3o brinquedos, s\u00e3o entretenimento\ne lazer, muito embora existam os que n\u00e3o prestam e disseminam o mal. Coisas\nruins que circulam na internet e que podem prejudicar a n\u00f3s e a nossos filhos,\ns\u00e3o criadas por psicopatas, organiza\u00e7\u00f5es criminosas, pessoas insens\u00edveis e\nirrespons\u00e1veis, que n\u00e3o t\u00eam compromissos sociais. <\/p>\n\n\n\n<p>&nbsp;&nbsp;&nbsp;&nbsp;&nbsp;&nbsp;&nbsp;&nbsp; As amea\u00e7as desses bandidos, criminosos\ne aliciadores surgem sob qualquer forma, em qualquer tempo ou em qualquer de\nnossas idades. Tr\u00e1fico de drogas e de seres humanos e outros crimes\ncibern\u00e9ticos dever\u00e3o fazer parte das atividades de controle dos pais. S\u00e3o eles\nque dever\u00e3o controlar esses acessos dos seus filhos. Controlar o tempo de uso,\norient\u00e1-los sobre as ocasi\u00f5es em que podem usar tais equipamentos, denunciar\nbandidos \u00e0s autoridades policiais competentes, tais atitudes s\u00e3o o m\u00ednimo que\npodemos fazer para proteger nossas crian\u00e7as das coisas terr\u00edveis que circulam\nna internet.<\/p>\n","protected":false},"excerpt":{"rendered":"<p>Semana passada postei aqui, o primeiro de tr\u00eas artigos destinados a examinar as crises que v\u00eam ocorrendo no seio de [&hellip;]<\/p>\n","protected":false},"author":3,"featured_media":0,"comment_status":"open","ping_status":"open","sticky":false,"template":"","format":"standard","meta":{"site-sidebar-layout":"default","site-content-layout":"","ast-site-content-layout":"default","site-content-style":"default","site-sidebar-style":"default","ast-global-header-display":"","ast-banner-title-visibility":"","ast-main-header-display":"","ast-hfb-above-header-display":"","ast-hfb-below-header-display":"","ast-hfb-mobile-header-display":"","site-post-title":"","ast-breadcrumbs-content":"","ast-featured-img":"","footer-sml-layout":"","ast-disable-related-posts":"","theme-transparent-header-meta":"","adv-header-id-meta":"","stick-header-meta":"","header-above-stick-meta":"","header-main-stick-meta":"","header-below-stick-meta":"","astra-migrate-meta-layouts":"default","ast-page-background-enabled":"default","ast-page-background-meta":{"desktop":{"background-color":"var(--ast-global-color-5)","background-image":"","background-repeat":"repeat","background-position":"center center","background-size":"auto","background-attachment":"scroll","background-type":"","background-media":"","overlay-type":"","overlay-color":"","overlay-opacity":"","overlay-gradient":""},"tablet":{"background-color":"","background-image":"","background-repeat":"repeat","background-position":"center center","background-size":"auto","background-attachment":"scroll","background-type":"","background-media":"","overlay-type":"","overlay-color":"","overlay-opacity":"","overlay-gradient":""},"mobile":{"background-color":"","background-image":"","background-repeat":"repeat","background-position":"center center","background-size":"auto","background-attachment":"scroll","background-type":"","background-media":"","overlay-type":"","overlay-color":"","overlay-opacity":"","overlay-gradient":""}},"ast-content-background-meta":{"desktop":{"background-color":"var(--ast-global-color-4)","background-image":"","background-repeat":"repeat","background-position":"center center","background-size":"auto","background-attachment":"scroll","background-type":"","background-media":"","overlay-type":"","overlay-color":"","overlay-opacity":"","overlay-gradient":""},"tablet":{"background-color":"var(--ast-global-color-4)","background-image":"","background-repeat":"repeat","background-position":"center center","background-size":"auto","background-attachment":"scroll","background-type":"","background-media":"","overlay-type":"","overlay-color":"","overlay-opacity":"","overlay-gradient":""},"mobile":{"background-color":"var(--ast-global-color-4)","background-image":"","background-repeat":"repeat","background-position":"center center","background-size":"auto","background-attachment":"scroll","background-type":"","background-media":"","overlay-type":"","overlay-color":"","overlay-opacity":"","overlay-gradient":""}},"footnotes":""},"categories":[3,7],"tags":[],"class_list":["post-1182","post","type-post","status-publish","format-standard","hentry","category-comportamento","category-saude-mental"],"yoast_head":"<!-- This site is optimized with the Yoast SEO plugin v26.6 - https:\/\/yoast.com\/wordpress\/plugins\/seo\/ -->\n<title>As m\u00faltiplas facetas do descuido \u2013 II - Ruy Palhano<\/title>\n<meta name=\"robots\" content=\"index, follow, max-snippet:-1, max-image-preview:large, max-video-preview:-1\" \/>\n<link rel=\"canonical\" href=\"https:\/\/www.blogsoestado.com\/ruypalhano\/2019\/04\/07\/as-multiplas-facetas-do-descuido-ii\/\" \/>\n<meta property=\"og:locale\" content=\"pt_BR\" \/>\n<meta property=\"og:type\" content=\"article\" \/>\n<meta property=\"og:title\" content=\"As m\u00faltiplas facetas do descuido \u2013 II - Ruy Palhano\" \/>\n<meta property=\"og:description\" content=\"Semana passada postei aqui, o primeiro de tr\u00eas artigos destinados a examinar as crises que v\u00eam ocorrendo no seio de [&hellip;]\" \/>\n<meta property=\"og:url\" content=\"https:\/\/www.blogsoestado.com\/ruypalhano\/2019\/04\/07\/as-multiplas-facetas-do-descuido-ii\/\" \/>\n<meta property=\"og:site_name\" content=\"Ruy Palhano\" \/>\n<meta property=\"article:published_time\" content=\"2019-04-07T22:12:42+00:00\" \/>\n<meta name=\"author\" content=\"Ruy Palhano\" \/>\n<meta name=\"twitter:card\" content=\"summary_large_image\" \/>\n<meta name=\"twitter:label1\" content=\"Escrito por\" \/>\n\t<meta name=\"twitter:data1\" content=\"Ruy Palhano\" \/>\n\t<meta name=\"twitter:label2\" content=\"Est. tempo de leitura\" \/>\n\t<meta name=\"twitter:data2\" content=\"6 minutos\" \/>\n<script type=\"application\/ld+json\" class=\"yoast-schema-graph\">{\"@context\":\"https:\/\/schema.org\",\"@graph\":[{\"@type\":\"WebPage\",\"@id\":\"https:\/\/www.blogsoestado.com\/ruypalhano\/2019\/04\/07\/as-multiplas-facetas-do-descuido-ii\/\",\"url\":\"https:\/\/www.blogsoestado.com\/ruypalhano\/2019\/04\/07\/as-multiplas-facetas-do-descuido-ii\/\",\"name\":\"As m\u00faltiplas facetas do descuido \u2013 II - Ruy Palhano\",\"isPartOf\":{\"@id\":\"https:\/\/www.blogsoestado.com\/ruypalhano\/#website\"},\"datePublished\":\"2019-04-07T22:12:42+00:00\",\"author\":{\"@id\":\"https:\/\/www.blogsoestado.com\/ruypalhano\/#\/schema\/person\/ef49e08ec3e742dec1682f34674f2c84\"},\"breadcrumb\":{\"@id\":\"https:\/\/www.blogsoestado.com\/ruypalhano\/2019\/04\/07\/as-multiplas-facetas-do-descuido-ii\/#breadcrumb\"},\"inLanguage\":\"pt-BR\",\"potentialAction\":[{\"@type\":\"ReadAction\",\"target\":[\"https:\/\/www.blogsoestado.com\/ruypalhano\/2019\/04\/07\/as-multiplas-facetas-do-descuido-ii\/\"]}]},{\"@type\":\"BreadcrumbList\",\"@id\":\"https:\/\/www.blogsoestado.com\/ruypalhano\/2019\/04\/07\/as-multiplas-facetas-do-descuido-ii\/#breadcrumb\",\"itemListElement\":[{\"@type\":\"ListItem\",\"position\":1,\"name\":\"In\u00edcio\",\"item\":\"https:\/\/www.blogsoestado.com\/ruypalhano\/\"},{\"@type\":\"ListItem\",\"position\":2,\"name\":\"As m\u00faltiplas facetas do descuido \u2013 II\"}]},{\"@type\":\"WebSite\",\"@id\":\"https:\/\/www.blogsoestado.com\/ruypalhano\/#website\",\"url\":\"https:\/\/www.blogsoestado.com\/ruypalhano\/\",\"name\":\"Ruy Palhano\",\"description\":\"\",\"potentialAction\":[{\"@type\":\"SearchAction\",\"target\":{\"@type\":\"EntryPoint\",\"urlTemplate\":\"https:\/\/www.blogsoestado.com\/ruypalhano\/?s={search_term_string}\"},\"query-input\":{\"@type\":\"PropertyValueSpecification\",\"valueRequired\":true,\"valueName\":\"search_term_string\"}}],\"inLanguage\":\"pt-BR\"},{\"@type\":\"Person\",\"@id\":\"https:\/\/www.blogsoestado.com\/ruypalhano\/#\/schema\/person\/ef49e08ec3e742dec1682f34674f2c84\",\"name\":\"Ruy Palhano\",\"image\":{\"@type\":\"ImageObject\",\"inLanguage\":\"pt-BR\",\"@id\":\"https:\/\/www.blogsoestado.com\/ruypalhano\/#\/schema\/person\/image\/\",\"url\":\"https:\/\/secure.gravatar.com\/avatar\/d08170dc68d65048f069f40789786091e8b070aa02b0d2e514ddd0244c684a5a?s=96&d=mm&r=g\",\"contentUrl\":\"https:\/\/secure.gravatar.com\/avatar\/d08170dc68d65048f069f40789786091e8b070aa02b0d2e514ddd0244c684a5a?s=96&d=mm&r=g\",\"caption\":\"Ruy Palhano\"},\"url\":\"https:\/\/www.blogsoestado.com\/ruypalhano\/author\/ruypalhano\/\"}]}<\/script>\n<!-- \/ Yoast SEO plugin. -->","yoast_head_json":{"title":"As m\u00faltiplas facetas do descuido \u2013 II - Ruy Palhano","robots":{"index":"index","follow":"follow","max-snippet":"max-snippet:-1","max-image-preview":"max-image-preview:large","max-video-preview":"max-video-preview:-1"},"canonical":"https:\/\/www.blogsoestado.com\/ruypalhano\/2019\/04\/07\/as-multiplas-facetas-do-descuido-ii\/","og_locale":"pt_BR","og_type":"article","og_title":"As m\u00faltiplas facetas do descuido \u2013 II - Ruy Palhano","og_description":"Semana passada postei aqui, o primeiro de tr\u00eas artigos destinados a examinar as crises que v\u00eam ocorrendo no seio de [&hellip;]","og_url":"https:\/\/www.blogsoestado.com\/ruypalhano\/2019\/04\/07\/as-multiplas-facetas-do-descuido-ii\/","og_site_name":"Ruy Palhano","article_published_time":"2019-04-07T22:12:42+00:00","author":"Ruy Palhano","twitter_card":"summary_large_image","twitter_misc":{"Escrito por":"Ruy Palhano","Est. tempo de leitura":"6 minutos"},"schema":{"@context":"https:\/\/schema.org","@graph":[{"@type":"WebPage","@id":"https:\/\/www.blogsoestado.com\/ruypalhano\/2019\/04\/07\/as-multiplas-facetas-do-descuido-ii\/","url":"https:\/\/www.blogsoestado.com\/ruypalhano\/2019\/04\/07\/as-multiplas-facetas-do-descuido-ii\/","name":"As m\u00faltiplas facetas do descuido \u2013 II - Ruy Palhano","isPartOf":{"@id":"https:\/\/www.blogsoestado.com\/ruypalhano\/#website"},"datePublished":"2019-04-07T22:12:42+00:00","author":{"@id":"https:\/\/www.blogsoestado.com\/ruypalhano\/#\/schema\/person\/ef49e08ec3e742dec1682f34674f2c84"},"breadcrumb":{"@id":"https:\/\/www.blogsoestado.com\/ruypalhano\/2019\/04\/07\/as-multiplas-facetas-do-descuido-ii\/#breadcrumb"},"inLanguage":"pt-BR","potentialAction":[{"@type":"ReadAction","target":["https:\/\/www.blogsoestado.com\/ruypalhano\/2019\/04\/07\/as-multiplas-facetas-do-descuido-ii\/"]}]},{"@type":"BreadcrumbList","@id":"https:\/\/www.blogsoestado.com\/ruypalhano\/2019\/04\/07\/as-multiplas-facetas-do-descuido-ii\/#breadcrumb","itemListElement":[{"@type":"ListItem","position":1,"name":"In\u00edcio","item":"https:\/\/www.blogsoestado.com\/ruypalhano\/"},{"@type":"ListItem","position":2,"name":"As m\u00faltiplas facetas do descuido \u2013 II"}]},{"@type":"WebSite","@id":"https:\/\/www.blogsoestado.com\/ruypalhano\/#website","url":"https:\/\/www.blogsoestado.com\/ruypalhano\/","name":"Ruy Palhano","description":"","potentialAction":[{"@type":"SearchAction","target":{"@type":"EntryPoint","urlTemplate":"https:\/\/www.blogsoestado.com\/ruypalhano\/?s={search_term_string}"},"query-input":{"@type":"PropertyValueSpecification","valueRequired":true,"valueName":"search_term_string"}}],"inLanguage":"pt-BR"},{"@type":"Person","@id":"https:\/\/www.blogsoestado.com\/ruypalhano\/#\/schema\/person\/ef49e08ec3e742dec1682f34674f2c84","name":"Ruy Palhano","image":{"@type":"ImageObject","inLanguage":"pt-BR","@id":"https:\/\/www.blogsoestado.com\/ruypalhano\/#\/schema\/person\/image\/","url":"https:\/\/secure.gravatar.com\/avatar\/d08170dc68d65048f069f40789786091e8b070aa02b0d2e514ddd0244c684a5a?s=96&d=mm&r=g","contentUrl":"https:\/\/secure.gravatar.com\/avatar\/d08170dc68d65048f069f40789786091e8b070aa02b0d2e514ddd0244c684a5a?s=96&d=mm&r=g","caption":"Ruy Palhano"},"url":"https:\/\/www.blogsoestado.com\/ruypalhano\/author\/ruypalhano\/"}]}},"jetpack_featured_media_url":"","_links":{"self":[{"href":"https:\/\/www.blogsoestado.com\/ruypalhano\/wp-json\/wp\/v2\/posts\/1182","targetHints":{"allow":["GET"]}}],"collection":[{"href":"https:\/\/www.blogsoestado.com\/ruypalhano\/wp-json\/wp\/v2\/posts"}],"about":[{"href":"https:\/\/www.blogsoestado.com\/ruypalhano\/wp-json\/wp\/v2\/types\/post"}],"author":[{"embeddable":true,"href":"https:\/\/www.blogsoestado.com\/ruypalhano\/wp-json\/wp\/v2\/users\/3"}],"replies":[{"embeddable":true,"href":"https:\/\/www.blogsoestado.com\/ruypalhano\/wp-json\/wp\/v2\/comments?post=1182"}],"version-history":[{"count":0,"href":"https:\/\/www.blogsoestado.com\/ruypalhano\/wp-json\/wp\/v2\/posts\/1182\/revisions"}],"wp:attachment":[{"href":"https:\/\/www.blogsoestado.com\/ruypalhano\/wp-json\/wp\/v2\/media?parent=1182"}],"wp:term":[{"taxonomy":"category","embeddable":true,"href":"https:\/\/www.blogsoestado.com\/ruypalhano\/wp-json\/wp\/v2\/categories?post=1182"},{"taxonomy":"post_tag","embeddable":true,"href":"https:\/\/www.blogsoestado.com\/ruypalhano\/wp-json\/wp\/v2\/tags?post=1182"}],"curies":[{"name":"wp","href":"https:\/\/api.w.org\/{rel}","templated":true}]}}