{"id":1208,"date":"2019-06-09T19:13:50","date_gmt":"2019-06-09T22:13:50","guid":{"rendered":"https:\/\/www.blogsoestado.com\/ruypalhano\/?p=1208"},"modified":"2019-06-09T19:13:50","modified_gmt":"2019-06-09T22:13:50","slug":"sindrome-do-panico","status":"publish","type":"post","link":"https:\/\/www.blogsoestado.com\/ruypalhano\/2019\/06\/09\/sindrome-do-panico\/","title":{"rendered":"S\u00edndrome do P\u00e2nico \ufeff"},"content":{"rendered":"\n<p><strong>\u00a0\u00a0\u00a0\u00a0\u00a0\u00a0\u00a0\u00a0\u00a0\u00a0\u00a0\u00a0<\/strong><\/p>\n\n\n\n<figure class=\"wp-block-image is-resized\"><img fetchpriority=\"high\" decoding=\"async\" src=\"https:\/\/encrypted-tbn0.gstatic.com\/images?q=tbn:ANd9GcQkgQ1ZtVcDxgJq-UfYnNBxBKRiJFrV40L7ukKhDIDN8hO58Gnt\" alt=\"Resultado de imagem para p\u00c3\u00a2nico\" width=\"618\" height=\"233\"\/><\/figure>\n\n\n\n<p>                Medo e p\u00e2nico s\u00e3o duas palavras que andam em par, deflagradas sobretudo por crises de inseguran\u00e7a e ansiedade. A primeira \u00e9 uma rea\u00e7\u00e3o natural, fundamental para manter a vida e proteg\u00ea-la. A segunda, uma deforma\u00e7\u00e3o da primeira, uma anomalia, uma disfun\u00e7\u00e3o. A sensa\u00e7\u00e3o de ambas, todavia, \u00e9 muito parecida. Deixam o indiv\u00edduo em estado amplo de perplexidade, inseguran\u00e7a geral e sempre acompanhada de um mal-estar profuso e inexplic\u00e1vel. Transtorno do P\u00e2nico, que \u00e9 a nomenclatura correta a ser aplicada a essa condi\u00e7\u00e3o cl\u00ednica, at\u00e9 bem pouco tempo era conhecida como <strong><em>s\u00edndrome do p\u00e2nico.<\/em><\/strong><\/p>\n\n\n\n<p>&nbsp;&nbsp;&nbsp;&nbsp;&nbsp;&nbsp;&nbsp;&nbsp;&nbsp;&nbsp;&nbsp;&nbsp;&nbsp;&nbsp; A palavra \u201cp\u00e2nico\u201d remonta da\nGr\u00e9cia antiga, da figura mitol\u00f3gica do Deus Pan. Segundo a mitologia grega, Pan\nera um Deus extremamente feio (metade homem, metade cabra) vivia isolado entre\nas montanhas da Arc\u00e1dia, para n\u00e3o ser visto pelas pessoas. Quando Pan aparecia na\n\u00c1gora, onde as pessoas se reuniam, elas ficavam horrorizadas e desesperadas com\nsua presen\u00e7a.&nbsp; Sentiam muito medo, pavor e\nmuitos se tornavam desesperados, por isso o nome, p\u00e2nico.<\/p>\n\n\n\n<p>&nbsp;&nbsp;&nbsp;&nbsp;&nbsp;&nbsp;&nbsp;&nbsp;&nbsp;&nbsp;&nbsp;&nbsp;&nbsp; Nos \u00faltimos anos, in\u00fameros\nestudos e pesquisas tem sido desenvolvido, no mundo todo, com o intuito de se\nconhecer melhor a denominada \u201cS\u00edndrome do P\u00e2nico\u201d, tanto nos aspectos cl\u00ednicos,\nquanto os tratamentos psicol\u00f3gicos, biol\u00f3gicos ou psicossociais realizados para\nseu controle.<\/p>\n\n\n\n<p>&nbsp;&nbsp;&nbsp;&nbsp;&nbsp;&nbsp;&nbsp;&nbsp;&nbsp;&nbsp;&nbsp;&nbsp;&nbsp;&nbsp; Historicamente, desde Freud, j\u00e1\nhavia aporta\u00e7\u00f5es sobre a natureza dessa doen\u00e7a. Ele procurava analisar casos\nhoje caracterizados como <strong><em>doen\u00e7a de p\u00e2nico<\/em><\/strong> e j\u00e1 na ocasi\u00e3o\ndescrevia como \u201cataques de ansiedade\u201d, inclu\u00eddas na categoria das chamadas <strong><em>neuroses\natuais.<\/em><\/strong> Em um desses casos, detectou um <strong><em>\u201cretorno de experi\u00eancia traum\u00e1tica\nrelacionadas com algum acontecimento tr\u00e1gico do passado\u201d<\/em><\/strong>. Mas as\nteorias psicanal\u00edticas, mesmo depois de muito aperfei\u00e7oamento, esbarram em\ns\u00e9rias dificuldades para explicar por que os pacientes apresentam tais quadros\ncl\u00ednicos.<\/p>\n\n\n\n<p>&nbsp;&nbsp;&nbsp;&nbsp;&nbsp;&nbsp;&nbsp;&nbsp;&nbsp;&nbsp;&nbsp;&nbsp;&nbsp;&nbsp;&nbsp; Na atualidade, os mais\nimportantes estudos sobre o Transtorno do P\u00e2nico ocorrem na \u00e1rea da Psiquiatria\ne das Neuroci\u00eancias, as quais explicam esse transtorno a partir de\ndisfuncionalidade do sistema nervoso central, do ponto de vista, biol\u00f3gico e\nneuroqu\u00edmico. Haveria, por assim dizer, uma disfun\u00e7\u00e3o acentuada e espec\u00edfica na\nregula\u00e7\u00e3o da ansiedade, em \u00e1reas especiais desse sistema (septo, amigda e\nhipocampo), que, em se alterando, produziria todos os sintomas hoje conhecidos\nque fazem parte da doen\u00e7a do P\u00e2nico.<\/p>\n\n\n\n<p>&nbsp;&nbsp;&nbsp;&nbsp;&nbsp;&nbsp;&nbsp;&nbsp;&nbsp;&nbsp;&nbsp;&nbsp;&nbsp;&nbsp;&nbsp; Outra \u00e1rea muito importante que\nabriu fabulosos caminhos para sua compreens\u00e3o, s\u00e3o os estudos de\npsicofarmacologia cl\u00ednica, um cap\u00edtulo da farmacologia encarregada dos\nmedicamentos psicotr\u00f3picos, ou seja, medicamentos utilizados para o tratamento\ndas doen\u00e7as mentais, emocionais e comportamentais. <\/p>\n\n\n\n<p>&nbsp;&nbsp;&nbsp;&nbsp;&nbsp;&nbsp;&nbsp;&nbsp;&nbsp;&nbsp;&nbsp;&nbsp;&nbsp;&nbsp;&nbsp; Outros avan\u00e7os, importantes\ndessa mat\u00e9ria, se deram na abordagem psicol\u00f3gica no tratamento desses enfermos.\nV\u00e1rias abordagens psicol\u00f3gicas s\u00e3o sugeridas para esse tratamento, no entanto,\no que mais tem gerado melhores resultados \u00e9 a terapia cognitivo-comportamental\n\u2013 TCC, ferramenta muito importante na recupera\u00e7\u00e3o desses enfermos, sobretudo\nquando essa t\u00e9cnica est\u00e1 associada ao tratamento m\u00e9dico. Outras abordagens, como\nas conductivistas ou comportamentais, behavioristas, psicanalistas, embora\ntenham suas import\u00e2ncias n\u00e3o se revelam como as melhores estrat\u00e9gias\nterap\u00eauticas para se tratar do p\u00e2nico.<strong>&nbsp;&nbsp;&nbsp;&nbsp;&nbsp;&nbsp;&nbsp;&nbsp;&nbsp;&nbsp;&nbsp;&nbsp;&nbsp;&nbsp;&nbsp;&nbsp;&nbsp;&nbsp;&nbsp;&nbsp;&nbsp;&nbsp;&nbsp;&nbsp;&nbsp;&nbsp;&nbsp;&nbsp;&nbsp;&nbsp;&nbsp;&nbsp;&nbsp;&nbsp;&nbsp;&nbsp;&nbsp;&nbsp;&nbsp;&nbsp;&nbsp;&nbsp;&nbsp;&nbsp;&nbsp;&nbsp;&nbsp;&nbsp;\n<\/strong><\/p>\n\n\n\n<p>&nbsp;&nbsp;&nbsp;&nbsp;&nbsp;&nbsp;&nbsp;&nbsp;&nbsp;&nbsp;&nbsp; O Transtorno do P\u00e2nico (TP) \u00e9\ndescrito como um per\u00edodo de intenso medo ou ansiedade, acompanhado de sintomas\nsom\u00e1ticos, ps\u00edquicos e comportamentais. Tem um in\u00edcio s\u00fabito e rapidamente\natinge uma intensidade m\u00e1xima em poucos minutos. A ansiedade, caracter\u00edstica de\num ataque de p\u00e2nico, \u00e9 intermitente, de natureza parox\u00edstica. Cada ataque, dura\nem m\u00e9dia entre 25 a 30 minutos e mesmo que n\u00e3o haja uma interven\u00e7\u00e3o, o ataque\nse encerra. O mal-estar \u00e9 crescente, a ponto de, em apenas alguns minutos, o\nmesmo toma conta da pessoa, passando a sentir v\u00e1rios dos sintomas entre os elencados\nabaixo. Outra particularidade, \u00e9 que, para se firmar o diagn\u00f3stico definitivo de\nTranstorno de P\u00e2nico, esses ataques dever\u00e3o ocorrer no m\u00ednimo uma vez por\nsemana associados aos outros requisitos, apontados acima. Eis, alguns dos seus\nsintomas:<\/p>\n\n\n\n<p>1) Falta de ar\n(dispneia) ou sensa\u00e7\u00e3o de asfixia<\/p>\n\n\n\n<p>2) Vertigem,\nsentimentos de instabilidade ou sensa\u00e7\u00e3o de desmaio<\/p>\n\n\n\n<p>3) Palpita\u00e7\u00f5es ou\nritmo card\u00edaco acelerado (taquicardia)<\/p>\n\n\n\n<p>4) Tremor ou\nabalos<\/p>\n\n\n\n<p>5) Sudorese<\/p>\n\n\n\n<p>6) Sufocamento<\/p>\n\n\n\n<p>7) N\u00e1usea ou\ndesconforto abdominal<\/p>\n\n\n\n<p>8)\nDespersonaliza\u00e7\u00e3o ou desrealiza\u00e7\u00e3o<\/p>\n\n\n\n<p>9) Anestesia ou\nformigamento (parestesias)<\/p>\n\n\n\n<p>10) Ondas de calor\nou frio<\/p>\n\n\n\n<p>11) Dor ou\ndesconforto no peito<\/p>\n\n\n\n<p>12) Medo de morrer<\/p>\n\n\n\n<p>13) Medo de\nenlouquecer ou cometer ato descontrolado.<\/p>\n\n\n\n<p>&nbsp;&nbsp;&nbsp;&nbsp;&nbsp;&nbsp; H\u00e1 Transtorno do P\u00e2nico com ou sem\nagorafobia, que \u00e9 um medo de estar\nem espa\u00e7os abertos ou no meio de multid\u00f5es. Agorafobia, muitas das vezes, \u00e9\nconsequ\u00eancia de sucessivos tratamentos malsucedidos ou mal orientados, ou por\nuso inadequado de medica\u00e7\u00f5es, ou pelo fato da pessoa n\u00e3o ter tido a\noportunidade de procurar&nbsp;&nbsp; um\nespecialista precocemente, antes mesmo da doen\u00e7a se cronificar.<\/p>\n\n\n\n<p>&nbsp;&nbsp;&nbsp;&nbsp; &nbsp;Vale a pena lembrar que, para o m\u00e9dico\nformular o diagn\u00f3stico de Transtorno do P\u00e2nico de forma definitiva, faz-se\nnecess\u00e1rio, a realiza\u00e7\u00e3o de exames cl\u00ednicos e laboratoriais, para saber se o\npaciente n\u00e3o \u00e9 portador de outras doen\u00e7as, que podem provocar tamb\u00e9m ataques de\nansiedade aguda.<\/p>\n","protected":false},"excerpt":{"rendered":"<p>\u00a0\u00a0\u00a0\u00a0\u00a0\u00a0\u00a0\u00a0\u00a0\u00a0\u00a0\u00a0 Medo e p\u00e2nico s\u00e3o duas palavras que andam em par, deflagradas sobretudo por crises de inseguran\u00e7a e ansiedade. A [&hellip;]<\/p>\n","protected":false},"author":3,"featured_media":0,"comment_status":"open","ping_status":"open","sticky":false,"template":"","format":"standard","meta":{"site-sidebar-layout":"default","site-content-layout":"","ast-site-content-layout":"default","site-content-style":"default","site-sidebar-style":"default","ast-global-header-display":"","ast-banner-title-visibility":"","ast-main-header-display":"","ast-hfb-above-header-display":"","ast-hfb-below-header-display":"","ast-hfb-mobile-header-display":"","site-post-title":"","ast-breadcrumbs-content":"","ast-featured-img":"","footer-sml-layout":"","ast-disable-related-posts":"","theme-transparent-header-meta":"","adv-header-id-meta":"","stick-header-meta":"","header-above-stick-meta":"","header-main-stick-meta":"","header-below-stick-meta":"","astra-migrate-meta-layouts":"default","ast-page-background-enabled":"default","ast-page-background-meta":{"desktop":{"background-color":"var(--ast-global-color-5)","background-image":"","background-repeat":"repeat","background-position":"center center","background-size":"auto","background-attachment":"scroll","background-type":"","background-media":"","overlay-type":"","overlay-color":"","overlay-opacity":"","overlay-gradient":""},"tablet":{"background-color":"","background-image":"","background-repeat":"repeat","background-position":"center center","background-size":"auto","background-attachment":"scroll","background-type":"","background-media":"","overlay-type":"","overlay-color":"","overlay-opacity":"","overlay-gradient":""},"mobile":{"background-color":"","background-image":"","background-repeat":"repeat","background-position":"center center","background-size":"auto","background-attachment":"scroll","background-type":"","background-media":"","overlay-type":"","overlay-color":"","overlay-opacity":"","overlay-gradient":""}},"ast-content-background-meta":{"desktop":{"background-color":"var(--ast-global-color-4)","background-image":"","background-repeat":"repeat","background-position":"center center","background-size":"auto","background-attachment":"scroll","background-type":"","background-media":"","overlay-type":"","overlay-color":"","overlay-opacity":"","overlay-gradient":""},"tablet":{"background-color":"var(--ast-global-color-4)","background-image":"","background-repeat":"repeat","background-position":"center center","background-size":"auto","background-attachment":"scroll","background-type":"","background-media":"","overlay-type":"","overlay-color":"","overlay-opacity":"","overlay-gradient":""},"mobile":{"background-color":"var(--ast-global-color-4)","background-image":"","background-repeat":"repeat","background-position":"center center","background-size":"auto","background-attachment":"scroll","background-type":"","background-media":"","overlay-type":"","overlay-color":"","overlay-opacity":"","overlay-gradient":""}},"footnotes":""},"categories":[3,5,1],"tags":[],"class_list":["post-1208","post","type-post","status-publish","format-standard","hentry","category-comportamento","category-doenca-mental","category-sem-categoria"],"yoast_head":"<!-- This site is optimized with the Yoast SEO plugin v26.6 - https:\/\/yoast.com\/wordpress\/plugins\/seo\/ -->\n<title>S\u00edndrome do P\u00e2nico \ufeff - Ruy Palhano<\/title>\n<meta name=\"robots\" content=\"index, follow, max-snippet:-1, max-image-preview:large, max-video-preview:-1\" \/>\n<link rel=\"canonical\" href=\"https:\/\/www.blogsoestado.com\/ruypalhano\/2019\/06\/09\/sindrome-do-panico\/\" \/>\n<meta property=\"og:locale\" content=\"pt_BR\" \/>\n<meta property=\"og:type\" content=\"article\" \/>\n<meta property=\"og:title\" content=\"S\u00edndrome do P\u00e2nico \ufeff - Ruy Palhano\" \/>\n<meta property=\"og:description\" content=\"\u00a0\u00a0\u00a0\u00a0\u00a0\u00a0\u00a0\u00a0\u00a0\u00a0\u00a0\u00a0 Medo e p\u00e2nico s\u00e3o duas palavras que andam em par, deflagradas sobretudo por crises de inseguran\u00e7a e ansiedade. A [&hellip;]\" \/>\n<meta property=\"og:url\" content=\"https:\/\/www.blogsoestado.com\/ruypalhano\/2019\/06\/09\/sindrome-do-panico\/\" \/>\n<meta property=\"og:site_name\" content=\"Ruy Palhano\" \/>\n<meta property=\"article:published_time\" content=\"2019-06-09T22:13:50+00:00\" \/>\n<meta property=\"og:image\" content=\"https:\/\/encrypted-tbn0.gstatic.com\/images?q=tbn:ANd9GcQkgQ1ZtVcDxgJq-UfYnNBxBKRiJFrV40L7ukKhDIDN8hO58Gnt\" \/>\n<meta name=\"author\" content=\"Ruy Palhano\" \/>\n<meta name=\"twitter:card\" content=\"summary_large_image\" \/>\n<meta name=\"twitter:label1\" content=\"Escrito por\" \/>\n\t<meta name=\"twitter:data1\" content=\"Ruy Palhano\" \/>\n\t<meta name=\"twitter:label2\" content=\"Est. tempo de leitura\" \/>\n\t<meta name=\"twitter:data2\" content=\"5 minutos\" \/>\n<script type=\"application\/ld+json\" class=\"yoast-schema-graph\">{\"@context\":\"https:\/\/schema.org\",\"@graph\":[{\"@type\":\"WebPage\",\"@id\":\"https:\/\/www.blogsoestado.com\/ruypalhano\/2019\/06\/09\/sindrome-do-panico\/\",\"url\":\"https:\/\/www.blogsoestado.com\/ruypalhano\/2019\/06\/09\/sindrome-do-panico\/\",\"name\":\"S\u00edndrome do P\u00e2nico \ufeff - Ruy Palhano\",\"isPartOf\":{\"@id\":\"https:\/\/www.blogsoestado.com\/ruypalhano\/#website\"},\"primaryImageOfPage\":{\"@id\":\"https:\/\/www.blogsoestado.com\/ruypalhano\/2019\/06\/09\/sindrome-do-panico\/#primaryimage\"},\"image\":{\"@id\":\"https:\/\/www.blogsoestado.com\/ruypalhano\/2019\/06\/09\/sindrome-do-panico\/#primaryimage\"},\"thumbnailUrl\":\"https:\/\/encrypted-tbn0.gstatic.com\/images?q=tbn:ANd9GcQkgQ1ZtVcDxgJq-UfYnNBxBKRiJFrV40L7ukKhDIDN8hO58Gnt\",\"datePublished\":\"2019-06-09T22:13:50+00:00\",\"author\":{\"@id\":\"https:\/\/www.blogsoestado.com\/ruypalhano\/#\/schema\/person\/ef49e08ec3e742dec1682f34674f2c84\"},\"breadcrumb\":{\"@id\":\"https:\/\/www.blogsoestado.com\/ruypalhano\/2019\/06\/09\/sindrome-do-panico\/#breadcrumb\"},\"inLanguage\":\"pt-BR\",\"potentialAction\":[{\"@type\":\"ReadAction\",\"target\":[\"https:\/\/www.blogsoestado.com\/ruypalhano\/2019\/06\/09\/sindrome-do-panico\/\"]}]},{\"@type\":\"ImageObject\",\"inLanguage\":\"pt-BR\",\"@id\":\"https:\/\/www.blogsoestado.com\/ruypalhano\/2019\/06\/09\/sindrome-do-panico\/#primaryimage\",\"url\":\"https:\/\/encrypted-tbn0.gstatic.com\/images?q=tbn:ANd9GcQkgQ1ZtVcDxgJq-UfYnNBxBKRiJFrV40L7ukKhDIDN8hO58Gnt\",\"contentUrl\":\"https:\/\/encrypted-tbn0.gstatic.com\/images?q=tbn:ANd9GcQkgQ1ZtVcDxgJq-UfYnNBxBKRiJFrV40L7ukKhDIDN8hO58Gnt\"},{\"@type\":\"BreadcrumbList\",\"@id\":\"https:\/\/www.blogsoestado.com\/ruypalhano\/2019\/06\/09\/sindrome-do-panico\/#breadcrumb\",\"itemListElement\":[{\"@type\":\"ListItem\",\"position\":1,\"name\":\"In\u00edcio\",\"item\":\"https:\/\/www.blogsoestado.com\/ruypalhano\/\"},{\"@type\":\"ListItem\",\"position\":2,\"name\":\"S\u00edndrome do P\u00e2nico \ufeff\"}]},{\"@type\":\"WebSite\",\"@id\":\"https:\/\/www.blogsoestado.com\/ruypalhano\/#website\",\"url\":\"https:\/\/www.blogsoestado.com\/ruypalhano\/\",\"name\":\"Ruy Palhano\",\"description\":\"\",\"potentialAction\":[{\"@type\":\"SearchAction\",\"target\":{\"@type\":\"EntryPoint\",\"urlTemplate\":\"https:\/\/www.blogsoestado.com\/ruypalhano\/?s={search_term_string}\"},\"query-input\":{\"@type\":\"PropertyValueSpecification\",\"valueRequired\":true,\"valueName\":\"search_term_string\"}}],\"inLanguage\":\"pt-BR\"},{\"@type\":\"Person\",\"@id\":\"https:\/\/www.blogsoestado.com\/ruypalhano\/#\/schema\/person\/ef49e08ec3e742dec1682f34674f2c84\",\"name\":\"Ruy Palhano\",\"image\":{\"@type\":\"ImageObject\",\"inLanguage\":\"pt-BR\",\"@id\":\"https:\/\/www.blogsoestado.com\/ruypalhano\/#\/schema\/person\/image\/\",\"url\":\"https:\/\/secure.gravatar.com\/avatar\/d08170dc68d65048f069f40789786091e8b070aa02b0d2e514ddd0244c684a5a?s=96&d=mm&r=g\",\"contentUrl\":\"https:\/\/secure.gravatar.com\/avatar\/d08170dc68d65048f069f40789786091e8b070aa02b0d2e514ddd0244c684a5a?s=96&d=mm&r=g\",\"caption\":\"Ruy Palhano\"},\"url\":\"https:\/\/www.blogsoestado.com\/ruypalhano\/author\/ruypalhano\/\"}]}<\/script>\n<!-- \/ Yoast SEO plugin. -->","yoast_head_json":{"title":"S\u00edndrome do P\u00e2nico \ufeff - Ruy Palhano","robots":{"index":"index","follow":"follow","max-snippet":"max-snippet:-1","max-image-preview":"max-image-preview:large","max-video-preview":"max-video-preview:-1"},"canonical":"https:\/\/www.blogsoestado.com\/ruypalhano\/2019\/06\/09\/sindrome-do-panico\/","og_locale":"pt_BR","og_type":"article","og_title":"S\u00edndrome do P\u00e2nico \ufeff - Ruy Palhano","og_description":"\u00a0\u00a0\u00a0\u00a0\u00a0\u00a0\u00a0\u00a0\u00a0\u00a0\u00a0\u00a0 Medo e p\u00e2nico s\u00e3o duas palavras que andam em par, deflagradas sobretudo por crises de inseguran\u00e7a e ansiedade. A [&hellip;]","og_url":"https:\/\/www.blogsoestado.com\/ruypalhano\/2019\/06\/09\/sindrome-do-panico\/","og_site_name":"Ruy Palhano","article_published_time":"2019-06-09T22:13:50+00:00","og_image":[{"url":"https:\/\/encrypted-tbn0.gstatic.com\/images?q=tbn:ANd9GcQkgQ1ZtVcDxgJq-UfYnNBxBKRiJFrV40L7ukKhDIDN8hO58Gnt","type":"","width":"","height":""}],"author":"Ruy Palhano","twitter_card":"summary_large_image","twitter_misc":{"Escrito por":"Ruy Palhano","Est. tempo de leitura":"5 minutos"},"schema":{"@context":"https:\/\/schema.org","@graph":[{"@type":"WebPage","@id":"https:\/\/www.blogsoestado.com\/ruypalhano\/2019\/06\/09\/sindrome-do-panico\/","url":"https:\/\/www.blogsoestado.com\/ruypalhano\/2019\/06\/09\/sindrome-do-panico\/","name":"S\u00edndrome do P\u00e2nico \ufeff - Ruy Palhano","isPartOf":{"@id":"https:\/\/www.blogsoestado.com\/ruypalhano\/#website"},"primaryImageOfPage":{"@id":"https:\/\/www.blogsoestado.com\/ruypalhano\/2019\/06\/09\/sindrome-do-panico\/#primaryimage"},"image":{"@id":"https:\/\/www.blogsoestado.com\/ruypalhano\/2019\/06\/09\/sindrome-do-panico\/#primaryimage"},"thumbnailUrl":"https:\/\/encrypted-tbn0.gstatic.com\/images?q=tbn:ANd9GcQkgQ1ZtVcDxgJq-UfYnNBxBKRiJFrV40L7ukKhDIDN8hO58Gnt","datePublished":"2019-06-09T22:13:50+00:00","author":{"@id":"https:\/\/www.blogsoestado.com\/ruypalhano\/#\/schema\/person\/ef49e08ec3e742dec1682f34674f2c84"},"breadcrumb":{"@id":"https:\/\/www.blogsoestado.com\/ruypalhano\/2019\/06\/09\/sindrome-do-panico\/#breadcrumb"},"inLanguage":"pt-BR","potentialAction":[{"@type":"ReadAction","target":["https:\/\/www.blogsoestado.com\/ruypalhano\/2019\/06\/09\/sindrome-do-panico\/"]}]},{"@type":"ImageObject","inLanguage":"pt-BR","@id":"https:\/\/www.blogsoestado.com\/ruypalhano\/2019\/06\/09\/sindrome-do-panico\/#primaryimage","url":"https:\/\/encrypted-tbn0.gstatic.com\/images?q=tbn:ANd9GcQkgQ1ZtVcDxgJq-UfYnNBxBKRiJFrV40L7ukKhDIDN8hO58Gnt","contentUrl":"https:\/\/encrypted-tbn0.gstatic.com\/images?q=tbn:ANd9GcQkgQ1ZtVcDxgJq-UfYnNBxBKRiJFrV40L7ukKhDIDN8hO58Gnt"},{"@type":"BreadcrumbList","@id":"https:\/\/www.blogsoestado.com\/ruypalhano\/2019\/06\/09\/sindrome-do-panico\/#breadcrumb","itemListElement":[{"@type":"ListItem","position":1,"name":"In\u00edcio","item":"https:\/\/www.blogsoestado.com\/ruypalhano\/"},{"@type":"ListItem","position":2,"name":"S\u00edndrome do P\u00e2nico \ufeff"}]},{"@type":"WebSite","@id":"https:\/\/www.blogsoestado.com\/ruypalhano\/#website","url":"https:\/\/www.blogsoestado.com\/ruypalhano\/","name":"Ruy Palhano","description":"","potentialAction":[{"@type":"SearchAction","target":{"@type":"EntryPoint","urlTemplate":"https:\/\/www.blogsoestado.com\/ruypalhano\/?s={search_term_string}"},"query-input":{"@type":"PropertyValueSpecification","valueRequired":true,"valueName":"search_term_string"}}],"inLanguage":"pt-BR"},{"@type":"Person","@id":"https:\/\/www.blogsoestado.com\/ruypalhano\/#\/schema\/person\/ef49e08ec3e742dec1682f34674f2c84","name":"Ruy Palhano","image":{"@type":"ImageObject","inLanguage":"pt-BR","@id":"https:\/\/www.blogsoestado.com\/ruypalhano\/#\/schema\/person\/image\/","url":"https:\/\/secure.gravatar.com\/avatar\/d08170dc68d65048f069f40789786091e8b070aa02b0d2e514ddd0244c684a5a?s=96&d=mm&r=g","contentUrl":"https:\/\/secure.gravatar.com\/avatar\/d08170dc68d65048f069f40789786091e8b070aa02b0d2e514ddd0244c684a5a?s=96&d=mm&r=g","caption":"Ruy Palhano"},"url":"https:\/\/www.blogsoestado.com\/ruypalhano\/author\/ruypalhano\/"}]}},"jetpack_featured_media_url":"","_links":{"self":[{"href":"https:\/\/www.blogsoestado.com\/ruypalhano\/wp-json\/wp\/v2\/posts\/1208","targetHints":{"allow":["GET"]}}],"collection":[{"href":"https:\/\/www.blogsoestado.com\/ruypalhano\/wp-json\/wp\/v2\/posts"}],"about":[{"href":"https:\/\/www.blogsoestado.com\/ruypalhano\/wp-json\/wp\/v2\/types\/post"}],"author":[{"embeddable":true,"href":"https:\/\/www.blogsoestado.com\/ruypalhano\/wp-json\/wp\/v2\/users\/3"}],"replies":[{"embeddable":true,"href":"https:\/\/www.blogsoestado.com\/ruypalhano\/wp-json\/wp\/v2\/comments?post=1208"}],"version-history":[{"count":0,"href":"https:\/\/www.blogsoestado.com\/ruypalhano\/wp-json\/wp\/v2\/posts\/1208\/revisions"}],"wp:attachment":[{"href":"https:\/\/www.blogsoestado.com\/ruypalhano\/wp-json\/wp\/v2\/media?parent=1208"}],"wp:term":[{"taxonomy":"category","embeddable":true,"href":"https:\/\/www.blogsoestado.com\/ruypalhano\/wp-json\/wp\/v2\/categories?post=1208"},{"taxonomy":"post_tag","embeddable":true,"href":"https:\/\/www.blogsoestado.com\/ruypalhano\/wp-json\/wp\/v2\/tags?post=1208"}],"curies":[{"name":"wp","href":"https:\/\/api.w.org\/{rel}","templated":true}]}}