{"id":1230,"date":"2019-06-12T18:29:02","date_gmt":"2019-06-12T21:29:02","guid":{"rendered":"https:\/\/www.blogsoestado.com\/ruypalhano\/?p=1230"},"modified":"2019-06-12T18:29:02","modified_gmt":"2019-06-12T21:29:02","slug":"os-vicios-da-vida-moderna-2","status":"publish","type":"post","link":"https:\/\/www.blogsoestado.com\/ruypalhano\/2019\/06\/12\/os-vicios-da-vida-moderna-2\/","title":{"rendered":"Os v\u00edcios da vida moderna"},"content":{"rendered":"\n<p><\/p>\n\n\n\n<div class=\"wp-block-image\"><figure class=\"alignleft is-resized\"><img decoding=\"async\" src=\"https:\/\/www.blogsoestado.com\/ruypalhano\/wp-content\/uploads\/sites\/4\/2019\/06\/o-que-caracteriza-ou-nao-assedio-moral-no-trabalho-1.jpeg\" alt=\"\" class=\"wp-image-1231\" width=\"259\" height=\"172\" srcset=\"https:\/\/www.blogsoestado.com\/ruypalhano\/wp-content\/uploads\/sites\/4\/2019\/06\/o-que-caracteriza-ou-nao-assedio-moral-no-trabalho-1.jpeg 1000w, https:\/\/www.blogsoestado.com\/ruypalhano\/wp-content\/uploads\/sites\/4\/2019\/06\/o-que-caracteriza-ou-nao-assedio-moral-no-trabalho-1-300x200.jpeg 300w, https:\/\/www.blogsoestado.com\/ruypalhano\/wp-content\/uploads\/sites\/4\/2019\/06\/o-que-caracteriza-ou-nao-assedio-moral-no-trabalho-1-768x512.jpeg 768w\" sizes=\"(max-width: 259px) 100vw, 259px\" \/><\/figure><\/div>\n\n\n\n<p>\u00a0\u00a0\u00a0\u00a0\u00a0   O termo v\u00edcio segrega, marginaliza e n\u00e3o define essencialmente o sentido para o qual \u00e9 aplicado, muito embora ainda seja muito utilizado em diferentes sentidos e ocasi\u00f5es. \u00c9 um termo preconceituoso e excludente do ponto de vista pessoal e social. Em Dicion\u00e1rio Etimol\u00f3gico Nova Fronteira, do Latim, \u201c<strong><em>vitiun\u201d<\/em><\/strong>, significa <em>\u201cdefeito grave que torna uma pessoa inadequada para certos fins ou fun\u00e7\u00f5es\u201d<\/em>. O viciado se inclina para o mal e \u00e9 considerado desagregado, descontrolado e sua conduta \u00e9 desaprovada e conden\u00e1vel, sendo ainda considerado por alguns um \u201cdevasso licencioso\u201d. <\/p>\n\n\n\n<p>&nbsp;&nbsp;&nbsp;&nbsp;&nbsp;&nbsp;&nbsp;&nbsp;&nbsp;&nbsp;&nbsp;&nbsp; \u00c0 luz da Psiquiatria moderna, o\ntermo est\u00e1 em desuso e quando ainda se aplica relaciona-se aos indiv\u00edduos com\nmaus h\u00e1bitos, em especial para usu\u00e1rios de \u00e1lcool, tabaco e outras drogas. Sobre\nesses usu\u00e1rios, ainda hoje predomina uma vis\u00e3o moralista sobre o assunto, por\nisso mesmo eram pessoas, injustamente, alijadas do conv\u00edvio social. Modernamente,\na designa\u00e7\u00e3o de \u201cviciado\u201d foi substitu\u00edda por<strong><em> \u201cusu\u00e1rio disfuncional ou\ndependente\u201d<\/em><\/strong>. <\/p>\n\n\n\n<p>\u00a0\u00a0\u00a0\u00a0\u00a0\u00a0\u00a0\u00a0\u00a0\u00a0\u00a0 Com o avan\u00e7o cient\u00edfico e tecnol\u00f3gico, <strong><em>marca indel\u00e9vel da vida moderna<\/em><\/strong>, vem surgindo diferentes comportamentos humanos, que do ponto de vista pessoal e social, n\u00e3o s\u00e3o muito diferentes dos que existiam antes do desenvolvimento destas tecnologias. Alguns dos comportamentos da modernidade e da p\u00f3s-modernidade s\u00e3o bem parecidos aos comportamentos dos <strong><em>\u201cantigos viciados em drogas\u201d<\/em><\/strong>. A grande diferen\u00e7a \u00e9 que no lugar das drogas de abuso, est\u00e3o presentes os modernos equipamentos tecnol\u00f3gicos desta nova sociedade tecnocr\u00e1tica. Esses \u201c<strong><em>v\u00edcios modernos\u201d<\/em><\/strong>, produzidos pela era digital e tecnol\u00f3gica, e muitos outros comportamentos originados das modernas tecnologias, passaram a ser denominados <a href=\"https:\/\/www.em.com.br\/app\/noticia\/tecnologia\/2014\/10\/23\/interna_tecnologia,582417\/vicio-em-internet-e-eletronicos-pode-ser-tao-forte-quanto-a-dependencia-quimica.shtml\">\u201c<\/a><strong><em><a href=\"https:\/\/www.em.com.br\/app\/noticia\/tecnologia\/2014\/10\/23\/interna_tecnologia,582417\/vicio-em-internet-e-eletronicos-pode-ser-tao-forte-quanto-a-dependencia-quimica.shtml\">v\u00edcios eletr\u00f4nicos\u201d<\/a>.<\/em><\/strong><\/p>\n\n\n\n<p>&nbsp;&nbsp;&nbsp;&nbsp;&nbsp;&nbsp;&nbsp;&nbsp;&nbsp;&nbsp;&nbsp; Capitaneando todas estas inova\u00e7\u00f5es e redefinido novos\nparadigmas nas rela\u00e7\u00f5es humanas, est\u00e1 a internet, um recurso fabuloso inventado\npelo homem moderno a partir da grande teia de computadores que est\u00e1\ntransformando o mundo real em um mundo virtual e o homem em um <em>Cyberman<\/em>. A internet o deixou menos\nsingular e mais global, menos local e mais tel\u00farico, menos material e mais\nvirtual, mais c\u00e9tico e menos cr\u00edtico, mais l\u00f3gico e menos sens\u00edvel. <\/p>\n\n\n\n<p>&nbsp;&nbsp;&nbsp;&nbsp;&nbsp;&nbsp;&nbsp;&nbsp;&nbsp;&nbsp;&nbsp; Entre os filhotes dessas tecnologias modernas est\u00e3o os tabletes,\nos smartphones, as redes sociais, os computadores modernos, as TVs inteligentes\ne interativas e muitos outros aparelhos eletr\u00f4nicos, fabulosos, que\nconquistaram o homem moderno, definitivamente. Esses comp\u00f5em a tecnologia\ndigital contempor\u00e2nea, os quais nos d\u00e3o tudo que precisamos para viver com o\nmenor esfor\u00e7o poss\u00edvel, o que nos agrada muito. <\/p>\n\n\n\n<p>&nbsp;&nbsp;&nbsp;&nbsp;&nbsp;&nbsp;&nbsp;&nbsp;&nbsp; Os brinquedos e jogos eletr\u00f4nicos, o\nensino, o conhecimento, o lazer, o trabalho tornaram-se mais simples e f\u00e1ceis, efetivamente\nao nosso alcance. Os avan\u00e7os prosseguem e a todo instante nos surpreendemos com\ntantas novidades, descomplicando a vida.&nbsp;\nHouve tanta mudan\u00e7a nessa \u00e1rea que hoje namora-se, noiva-se, casa-se, viaja-se,\nforma-se, estuda-se, sem sair de casa ou do local onde se est\u00e1.<\/p>\n\n\n\n<p>&nbsp;&nbsp;&nbsp;&nbsp;&nbsp;&nbsp;&nbsp;&nbsp;&nbsp;&nbsp;&nbsp; As filhotas da internet s\u00e3o as redes sociais. O Brasil det\u00e9m\no terceiro lugar no ranking internacional de acessos \u00e0s redes sociais, especialmente\nFaceboock, Instagran, Tweter e Linked-in. Talvez n\u00e3o haja algo mais sedutor e\nprazeroso do que voc\u00ea falar com todo mundo sem abrir a boca, cumprimentar a\ntodos sem estender as m\u00e3os, tornar-se vis\u00edvel ao mundo com um <em>selfie<\/em>, ir a todos os lugares sem sair\nde casa.&nbsp; Amar ou se apaixonar por algu\u00e9m\nsem sentir seu cheiro, seu corpo ou sua voz. Seguir ou ser seguido por milhares\nde pessoas sem conhec\u00ea-las, sem apertar suas m\u00e3os, ou abra\u00e7\u00e1-las. De trabalhar,\nproduzir e ganhar dinheiro sem sair de casa. E todos esses comportamentos\ncarregados de muito prazer e contentamento. Que coisa fabulosa! Diante de tudo\nisso, o que mais queremos para o futuro?<\/p>\n\n\n\n<p>\u00a0\u00a0\u00a0\u00a0\u00a0\u00a0\u00a0\u00a0\u00a0\u00a0\u00a0 Todos esses ganhos e benef\u00edcios fizeram com que os incautos e exagerados fossem <strong><em>\u201cfundo ao pote\u201d<\/em><\/strong>. Mergulharam de cabe\u00e7a, profundamente, neste mundo virtual, maravilhoso e m\u00e1gico e perderam os limites. Ficaram doentes e adoeceram suas fam\u00edlias. <strong><em>Esta \u00e9 a mais nova categoria de doentes mentais que se insurge nos tempos modernos, produzidos pela era eletr\u00f4nica<\/em><\/strong>, ou seja, <strong><em>os <a href=\"https:\/\/www.blogsoestado.com\/ruypalhano\/2012\/11\/18\/dependentes-de-eletronicos-e-redes-sociais\/\">dependentes em eletr\u00f4nicos.<\/a><\/em><\/strong><\/p>\n\n\n\n<p>\u00a0\u00a0\u00a0\u00a0\u00a0\u00a0\u00a0\u00a0\u00a0\u00a0\u00a0 O perfil epidemiol\u00f3gico dessas pessoas, dependentes de redes sociais, smartphones, tabletes, WhatsApp, e outros meios e equipamentos tecnol\u00f3gicos, est\u00e1 sendo constru\u00eddo, acredito que em um futuro pr\u00f3ximo se possa saber melhor psicopatologicamente quem s\u00e3o esses <strong><em>\u201cviciados em tecnologias\u201d.<\/em><\/strong> Por enquanto, de oficial, somente os dependentes de jogos eletr\u00f4nicos est\u00e3o inclu\u00eddos na nosologia psiqui\u00e1trica pela Organiza\u00e7\u00e3o Mundial da Sa\u00fade &#8211; OMS. S\u00e3o enfermos t\u00e3o graves quanto os dependentes de \u00e1lcool e de outras drogas, pois se revelam de forma sutil, progressiva e insidiosamente e v\u00e3o evoluindo lentamente. Quando menos se espera, j\u00e1 apresentam dist\u00farbios comportamentais, emocionais, afetivos e relacionais graves, acompanhados de desadapta\u00e7\u00e3o psicossocial, ocasionados pelo apego disfuncional aos eletr\u00f4nicos e redes sociais. <\/p>\n\n\n\n<figure class=\"wp-block-image is-resized\"><img fetchpriority=\"high\" decoding=\"async\" src=\"https:\/\/www.blogsoestado.com\/ruypalhano\/wp-content\/uploads\/sites\/4\/2019\/06\/426063112460-1.jpg\" alt=\"\" class=\"wp-image-1232\" width=\"596\" height=\"298\" srcset=\"https:\/\/www.blogsoestado.com\/ruypalhano\/wp-content\/uploads\/sites\/4\/2019\/06\/426063112460-1.jpg 474w, https:\/\/www.blogsoestado.com\/ruypalhano\/wp-content\/uploads\/sites\/4\/2019\/06\/426063112460-1-300x150.jpg 300w\" sizes=\"(max-width: 596px) 100vw, 596px\" \/><\/figure>\n\n\n\n<p><\/p>\n\n\n\n<p>\u00a0\u00a0\u00a0\u00a0\u00a0\u00a0\u00a0\u00a0\u00a0\u00a0\u00a0 Para agravar mais ainda essa situa\u00e7\u00e3o, \u00a0a <strong><em><a href=\"https:\/\/itmidia.com\/oito-novas-doencas-mentais-que-atingem-voce-por-causa-da-internet\/\">\u201cenfermidade eletr\u00f4nica\u201d<\/a><\/em><\/strong><a href=\"https:\/\/itmidia.com\/oito-novas-doencas-mentais-que-atingem-voce-por-causa-da-internet\/\"> <\/a>revela-se n\u00e3o somente pelo apego doentio a esses sistemas, apresentam tamb\u00e9m profunda solid\u00e3o<strong>, <\/strong>n\u00e3o conseguem viver sem esses equipamentos ou redes sociais, referem ansiedade e desprazer. Ao n\u00e3o ter acesso aos mesmos, isolam-se de todos, passam mal, tornam-se desadaptados, abandonam outras atividades que lhes s\u00e3o importantes, desrealizam-se, apresentam medos na conviv\u00eancia, tornam-se desconfiados, inseguros e depressivos<strong>. <\/strong>Esses, s\u00e3oalguns dos <strong>atributos psicopatol\u00f3gicas<\/strong> encontrados nessas personalidades.<\/p>\n\n\n\n<p>&nbsp;&nbsp;&nbsp;&nbsp;&nbsp;&nbsp;&nbsp;&nbsp;&nbsp;&nbsp;&nbsp; Do ponto de vista m\u00e9dico, o\ndiagn\u00f3stico e o tratamento desses enfermos se constituir\u00e1 como um dos mais\nimportantes desafios para a Psiquiatria moderna, para a Psicologia e para a sa\u00fade\nmental, pois o n\u00famero deles \u00e9 cada vez maior e os danos \u00e0 sa\u00fade mental e social\ns\u00e3o avassaladores. <\/p>\n","protected":false},"excerpt":{"rendered":"<p>\u00a0\u00a0\u00a0\u00a0\u00a0 O termo v\u00edcio segrega, marginaliza e n\u00e3o define essencialmente o sentido para o qual \u00e9 aplicado, muito embora ainda [&hellip;]<\/p>\n","protected":false},"author":3,"featured_media":0,"comment_status":"open","ping_status":"open","sticky":false,"template":"","format":"standard","meta":{"site-sidebar-layout":"default","site-content-layout":"","ast-site-content-layout":"default","site-content-style":"default","site-sidebar-style":"default","ast-global-header-display":"","ast-banner-title-visibility":"","ast-main-header-display":"","ast-hfb-above-header-display":"","ast-hfb-below-header-display":"","ast-hfb-mobile-header-display":"","site-post-title":"","ast-breadcrumbs-content":"","ast-featured-img":"","footer-sml-layout":"","ast-disable-related-posts":"","theme-transparent-header-meta":"","adv-header-id-meta":"","stick-header-meta":"","header-above-stick-meta":"","header-main-stick-meta":"","header-below-stick-meta":"","astra-migrate-meta-layouts":"default","ast-page-background-enabled":"default","ast-page-background-meta":{"desktop":{"background-color":"var(--ast-global-color-5)","background-image":"","background-repeat":"repeat","background-position":"center center","background-size":"auto","background-attachment":"scroll","background-type":"","background-media":"","overlay-type":"","overlay-color":"","overlay-opacity":"","overlay-gradient":""},"tablet":{"background-color":"","background-image":"","background-repeat":"repeat","background-position":"center center","background-size":"auto","background-attachment":"scroll","background-type":"","background-media":"","overlay-type":"","overlay-color":"","overlay-opacity":"","overlay-gradient":""},"mobile":{"background-color":"","background-image":"","background-repeat":"repeat","background-position":"center center","background-size":"auto","background-attachment":"scroll","background-type":"","background-media":"","overlay-type":"","overlay-color":"","overlay-opacity":"","overlay-gradient":""}},"ast-content-background-meta":{"desktop":{"background-color":"var(--ast-global-color-4)","background-image":"","background-repeat":"repeat","background-position":"center center","background-size":"auto","background-attachment":"scroll","background-type":"","background-media":"","overlay-type":"","overlay-color":"","overlay-opacity":"","overlay-gradient":""},"tablet":{"background-color":"var(--ast-global-color-4)","background-image":"","background-repeat":"repeat","background-position":"center center","background-size":"auto","background-attachment":"scroll","background-type":"","background-media":"","overlay-type":"","overlay-color":"","overlay-opacity":"","overlay-gradient":""},"mobile":{"background-color":"var(--ast-global-color-4)","background-image":"","background-repeat":"repeat","background-position":"center center","background-size":"auto","background-attachment":"scroll","background-type":"","background-media":"","overlay-type":"","overlay-color":"","overlay-opacity":"","overlay-gradient":""}},"footnotes":""},"categories":[3,5,7],"tags":[],"class_list":["post-1230","post","type-post","status-publish","format-standard","hentry","category-comportamento","category-doenca-mental","category-saude-mental"],"yoast_head":"<!-- This site is optimized with the Yoast SEO plugin v26.6 - https:\/\/yoast.com\/wordpress\/plugins\/seo\/ -->\n<title>Os v\u00edcios da vida moderna - Ruy Palhano<\/title>\n<meta name=\"robots\" content=\"index, follow, max-snippet:-1, max-image-preview:large, max-video-preview:-1\" \/>\n<link rel=\"canonical\" href=\"https:\/\/www.blogsoestado.com\/ruypalhano\/2019\/06\/12\/os-vicios-da-vida-moderna-2\/\" \/>\n<meta property=\"og:locale\" content=\"pt_BR\" \/>\n<meta property=\"og:type\" content=\"article\" \/>\n<meta property=\"og:title\" content=\"Os v\u00edcios da vida moderna - Ruy Palhano\" \/>\n<meta property=\"og:description\" content=\"\u00a0\u00a0\u00a0\u00a0\u00a0 O termo v\u00edcio segrega, marginaliza e n\u00e3o define essencialmente o sentido para o qual \u00e9 aplicado, muito embora ainda [&hellip;]\" \/>\n<meta property=\"og:url\" content=\"https:\/\/www.blogsoestado.com\/ruypalhano\/2019\/06\/12\/os-vicios-da-vida-moderna-2\/\" \/>\n<meta property=\"og:site_name\" content=\"Ruy Palhano\" \/>\n<meta property=\"article:published_time\" content=\"2019-06-12T21:29:02+00:00\" \/>\n<meta property=\"og:image\" content=\"https:\/\/www.blogsoestado.com\/ruypalhano\/wp-content\/uploads\/sites\/4\/2019\/06\/o-que-caracteriza-ou-nao-assedio-moral-no-trabalho-1.jpeg\" \/>\n<meta name=\"author\" content=\"Ruy Palhano\" \/>\n<meta name=\"twitter:card\" content=\"summary_large_image\" \/>\n<meta name=\"twitter:label1\" content=\"Escrito por\" \/>\n\t<meta name=\"twitter:data1\" content=\"Ruy Palhano\" \/>\n\t<meta name=\"twitter:label2\" content=\"Est. tempo de leitura\" \/>\n\t<meta name=\"twitter:data2\" content=\"5 minutos\" \/>\n<script type=\"application\/ld+json\" class=\"yoast-schema-graph\">{\"@context\":\"https:\/\/schema.org\",\"@graph\":[{\"@type\":\"WebPage\",\"@id\":\"https:\/\/www.blogsoestado.com\/ruypalhano\/2019\/06\/12\/os-vicios-da-vida-moderna-2\/\",\"url\":\"https:\/\/www.blogsoestado.com\/ruypalhano\/2019\/06\/12\/os-vicios-da-vida-moderna-2\/\",\"name\":\"Os v\u00edcios da vida moderna - Ruy Palhano\",\"isPartOf\":{\"@id\":\"https:\/\/www.blogsoestado.com\/ruypalhano\/#website\"},\"primaryImageOfPage\":{\"@id\":\"https:\/\/www.blogsoestado.com\/ruypalhano\/2019\/06\/12\/os-vicios-da-vida-moderna-2\/#primaryimage\"},\"image\":{\"@id\":\"https:\/\/www.blogsoestado.com\/ruypalhano\/2019\/06\/12\/os-vicios-da-vida-moderna-2\/#primaryimage\"},\"thumbnailUrl\":\"https:\/\/www.blogsoestado.com\/ruypalhano\/wp-content\/uploads\/sites\/4\/2019\/06\/o-que-caracteriza-ou-nao-assedio-moral-no-trabalho-1.jpeg\",\"datePublished\":\"2019-06-12T21:29:02+00:00\",\"author\":{\"@id\":\"https:\/\/www.blogsoestado.com\/ruypalhano\/#\/schema\/person\/ef49e08ec3e742dec1682f34674f2c84\"},\"breadcrumb\":{\"@id\":\"https:\/\/www.blogsoestado.com\/ruypalhano\/2019\/06\/12\/os-vicios-da-vida-moderna-2\/#breadcrumb\"},\"inLanguage\":\"pt-BR\",\"potentialAction\":[{\"@type\":\"ReadAction\",\"target\":[\"https:\/\/www.blogsoestado.com\/ruypalhano\/2019\/06\/12\/os-vicios-da-vida-moderna-2\/\"]}]},{\"@type\":\"ImageObject\",\"inLanguage\":\"pt-BR\",\"@id\":\"https:\/\/www.blogsoestado.com\/ruypalhano\/2019\/06\/12\/os-vicios-da-vida-moderna-2\/#primaryimage\",\"url\":\"https:\/\/www.blogsoestado.com\/ruypalhano\/wp-content\/uploads\/sites\/4\/2019\/06\/o-que-caracteriza-ou-nao-assedio-moral-no-trabalho-1.jpeg\",\"contentUrl\":\"https:\/\/www.blogsoestado.com\/ruypalhano\/wp-content\/uploads\/sites\/4\/2019\/06\/o-que-caracteriza-ou-nao-assedio-moral-no-trabalho-1.jpeg\",\"width\":1000,\"height\":667},{\"@type\":\"BreadcrumbList\",\"@id\":\"https:\/\/www.blogsoestado.com\/ruypalhano\/2019\/06\/12\/os-vicios-da-vida-moderna-2\/#breadcrumb\",\"itemListElement\":[{\"@type\":\"ListItem\",\"position\":1,\"name\":\"In\u00edcio\",\"item\":\"https:\/\/www.blogsoestado.com\/ruypalhano\/\"},{\"@type\":\"ListItem\",\"position\":2,\"name\":\"Os v\u00edcios da vida moderna\"}]},{\"@type\":\"WebSite\",\"@id\":\"https:\/\/www.blogsoestado.com\/ruypalhano\/#website\",\"url\":\"https:\/\/www.blogsoestado.com\/ruypalhano\/\",\"name\":\"Ruy Palhano\",\"description\":\"\",\"potentialAction\":[{\"@type\":\"SearchAction\",\"target\":{\"@type\":\"EntryPoint\",\"urlTemplate\":\"https:\/\/www.blogsoestado.com\/ruypalhano\/?s={search_term_string}\"},\"query-input\":{\"@type\":\"PropertyValueSpecification\",\"valueRequired\":true,\"valueName\":\"search_term_string\"}}],\"inLanguage\":\"pt-BR\"},{\"@type\":\"Person\",\"@id\":\"https:\/\/www.blogsoestado.com\/ruypalhano\/#\/schema\/person\/ef49e08ec3e742dec1682f34674f2c84\",\"name\":\"Ruy Palhano\",\"image\":{\"@type\":\"ImageObject\",\"inLanguage\":\"pt-BR\",\"@id\":\"https:\/\/www.blogsoestado.com\/ruypalhano\/#\/schema\/person\/image\/\",\"url\":\"https:\/\/secure.gravatar.com\/avatar\/d08170dc68d65048f069f40789786091e8b070aa02b0d2e514ddd0244c684a5a?s=96&d=mm&r=g\",\"contentUrl\":\"https:\/\/secure.gravatar.com\/avatar\/d08170dc68d65048f069f40789786091e8b070aa02b0d2e514ddd0244c684a5a?s=96&d=mm&r=g\",\"caption\":\"Ruy Palhano\"},\"url\":\"https:\/\/www.blogsoestado.com\/ruypalhano\/author\/ruypalhano\/\"}]}<\/script>\n<!-- \/ Yoast SEO plugin. -->","yoast_head_json":{"title":"Os v\u00edcios da vida moderna - Ruy Palhano","robots":{"index":"index","follow":"follow","max-snippet":"max-snippet:-1","max-image-preview":"max-image-preview:large","max-video-preview":"max-video-preview:-1"},"canonical":"https:\/\/www.blogsoestado.com\/ruypalhano\/2019\/06\/12\/os-vicios-da-vida-moderna-2\/","og_locale":"pt_BR","og_type":"article","og_title":"Os v\u00edcios da vida moderna - Ruy Palhano","og_description":"\u00a0\u00a0\u00a0\u00a0\u00a0 O termo v\u00edcio segrega, marginaliza e n\u00e3o define essencialmente o sentido para o qual \u00e9 aplicado, muito embora ainda [&hellip;]","og_url":"https:\/\/www.blogsoestado.com\/ruypalhano\/2019\/06\/12\/os-vicios-da-vida-moderna-2\/","og_site_name":"Ruy Palhano","article_published_time":"2019-06-12T21:29:02+00:00","og_image":[{"url":"https:\/\/www.blogsoestado.com\/ruypalhano\/wp-content\/uploads\/sites\/4\/2019\/06\/o-que-caracteriza-ou-nao-assedio-moral-no-trabalho-1.jpeg","type":"","width":"","height":""}],"author":"Ruy Palhano","twitter_card":"summary_large_image","twitter_misc":{"Escrito por":"Ruy Palhano","Est. tempo de leitura":"5 minutos"},"schema":{"@context":"https:\/\/schema.org","@graph":[{"@type":"WebPage","@id":"https:\/\/www.blogsoestado.com\/ruypalhano\/2019\/06\/12\/os-vicios-da-vida-moderna-2\/","url":"https:\/\/www.blogsoestado.com\/ruypalhano\/2019\/06\/12\/os-vicios-da-vida-moderna-2\/","name":"Os v\u00edcios da vida moderna - Ruy Palhano","isPartOf":{"@id":"https:\/\/www.blogsoestado.com\/ruypalhano\/#website"},"primaryImageOfPage":{"@id":"https:\/\/www.blogsoestado.com\/ruypalhano\/2019\/06\/12\/os-vicios-da-vida-moderna-2\/#primaryimage"},"image":{"@id":"https:\/\/www.blogsoestado.com\/ruypalhano\/2019\/06\/12\/os-vicios-da-vida-moderna-2\/#primaryimage"},"thumbnailUrl":"https:\/\/www.blogsoestado.com\/ruypalhano\/wp-content\/uploads\/sites\/4\/2019\/06\/o-que-caracteriza-ou-nao-assedio-moral-no-trabalho-1.jpeg","datePublished":"2019-06-12T21:29:02+00:00","author":{"@id":"https:\/\/www.blogsoestado.com\/ruypalhano\/#\/schema\/person\/ef49e08ec3e742dec1682f34674f2c84"},"breadcrumb":{"@id":"https:\/\/www.blogsoestado.com\/ruypalhano\/2019\/06\/12\/os-vicios-da-vida-moderna-2\/#breadcrumb"},"inLanguage":"pt-BR","potentialAction":[{"@type":"ReadAction","target":["https:\/\/www.blogsoestado.com\/ruypalhano\/2019\/06\/12\/os-vicios-da-vida-moderna-2\/"]}]},{"@type":"ImageObject","inLanguage":"pt-BR","@id":"https:\/\/www.blogsoestado.com\/ruypalhano\/2019\/06\/12\/os-vicios-da-vida-moderna-2\/#primaryimage","url":"https:\/\/www.blogsoestado.com\/ruypalhano\/wp-content\/uploads\/sites\/4\/2019\/06\/o-que-caracteriza-ou-nao-assedio-moral-no-trabalho-1.jpeg","contentUrl":"https:\/\/www.blogsoestado.com\/ruypalhano\/wp-content\/uploads\/sites\/4\/2019\/06\/o-que-caracteriza-ou-nao-assedio-moral-no-trabalho-1.jpeg","width":1000,"height":667},{"@type":"BreadcrumbList","@id":"https:\/\/www.blogsoestado.com\/ruypalhano\/2019\/06\/12\/os-vicios-da-vida-moderna-2\/#breadcrumb","itemListElement":[{"@type":"ListItem","position":1,"name":"In\u00edcio","item":"https:\/\/www.blogsoestado.com\/ruypalhano\/"},{"@type":"ListItem","position":2,"name":"Os v\u00edcios da vida moderna"}]},{"@type":"WebSite","@id":"https:\/\/www.blogsoestado.com\/ruypalhano\/#website","url":"https:\/\/www.blogsoestado.com\/ruypalhano\/","name":"Ruy Palhano","description":"","potentialAction":[{"@type":"SearchAction","target":{"@type":"EntryPoint","urlTemplate":"https:\/\/www.blogsoestado.com\/ruypalhano\/?s={search_term_string}"},"query-input":{"@type":"PropertyValueSpecification","valueRequired":true,"valueName":"search_term_string"}}],"inLanguage":"pt-BR"},{"@type":"Person","@id":"https:\/\/www.blogsoestado.com\/ruypalhano\/#\/schema\/person\/ef49e08ec3e742dec1682f34674f2c84","name":"Ruy Palhano","image":{"@type":"ImageObject","inLanguage":"pt-BR","@id":"https:\/\/www.blogsoestado.com\/ruypalhano\/#\/schema\/person\/image\/","url":"https:\/\/secure.gravatar.com\/avatar\/d08170dc68d65048f069f40789786091e8b070aa02b0d2e514ddd0244c684a5a?s=96&d=mm&r=g","contentUrl":"https:\/\/secure.gravatar.com\/avatar\/d08170dc68d65048f069f40789786091e8b070aa02b0d2e514ddd0244c684a5a?s=96&d=mm&r=g","caption":"Ruy Palhano"},"url":"https:\/\/www.blogsoestado.com\/ruypalhano\/author\/ruypalhano\/"}]}},"jetpack_featured_media_url":"","_links":{"self":[{"href":"https:\/\/www.blogsoestado.com\/ruypalhano\/wp-json\/wp\/v2\/posts\/1230","targetHints":{"allow":["GET"]}}],"collection":[{"href":"https:\/\/www.blogsoestado.com\/ruypalhano\/wp-json\/wp\/v2\/posts"}],"about":[{"href":"https:\/\/www.blogsoestado.com\/ruypalhano\/wp-json\/wp\/v2\/types\/post"}],"author":[{"embeddable":true,"href":"https:\/\/www.blogsoestado.com\/ruypalhano\/wp-json\/wp\/v2\/users\/3"}],"replies":[{"embeddable":true,"href":"https:\/\/www.blogsoestado.com\/ruypalhano\/wp-json\/wp\/v2\/comments?post=1230"}],"version-history":[{"count":0,"href":"https:\/\/www.blogsoestado.com\/ruypalhano\/wp-json\/wp\/v2\/posts\/1230\/revisions"}],"wp:attachment":[{"href":"https:\/\/www.blogsoestado.com\/ruypalhano\/wp-json\/wp\/v2\/media?parent=1230"}],"wp:term":[{"taxonomy":"category","embeddable":true,"href":"https:\/\/www.blogsoestado.com\/ruypalhano\/wp-json\/wp\/v2\/categories?post=1230"},{"taxonomy":"post_tag","embeddable":true,"href":"https:\/\/www.blogsoestado.com\/ruypalhano\/wp-json\/wp\/v2\/tags?post=1230"}],"curies":[{"name":"wp","href":"https:\/\/api.w.org\/{rel}","templated":true}]}}