{"id":1259,"date":"2019-08-25T20:36:19","date_gmt":"2019-08-25T23:36:19","guid":{"rendered":"https:\/\/www.blogsoestado.com\/ruypalhano\/?p=1259"},"modified":"2019-08-25T20:36:19","modified_gmt":"2019-08-25T23:36:19","slug":"para-onde-estamos-caminhando","status":"publish","type":"post","link":"https:\/\/www.blogsoestado.com\/ruypalhano\/2019\/08\/25\/para-onde-estamos-caminhando\/","title":{"rendered":"Para onde estamos caminhando?"},"content":{"rendered":"\n<p><\/p>\n\n\n\n<p>&nbsp;&nbsp;&nbsp;&nbsp;&nbsp;&nbsp;&nbsp;&nbsp;&nbsp;&nbsp;&nbsp; S\u00e3o not\u00f3rias as mudan\u00e7as que a sociedade vem passando nas\n\u00faltimas duas d\u00e9cadas. Avan\u00e7os cient\u00edficos, desenvolvimento tecnol\u00f3gicos,\nmudan\u00e7as sociais profundas, pol\u00edticas p\u00fablicas em ebuli\u00e7\u00e3o e muitos outros\naspectos que vem influenciando diretamente a sa\u00fade, o comportamento, a\nseguran\u00e7a p\u00fablica e social e o bem-estar da popula\u00e7\u00e3o.<\/p>\n\n\n\n<p>&nbsp;&nbsp;&nbsp;&nbsp;&nbsp;&nbsp;&nbsp;&nbsp;&nbsp;&nbsp;&nbsp;&nbsp;&nbsp; Toda essa mudan\u00e7a tem ocasionado\nimpactos enormes na sa\u00fade mental da popula\u00e7\u00e3o. Destaca-se o crescimento\ngeom\u00e9trico de transtornos depressivos e de ansiedade, bem como e de outras\ndoen\u00e7as mentais na popula\u00e7\u00e3o e surgimento de novas categorias de enfermidades\npsiqui\u00e1tricas origin\u00e1rias das novas e modernas tecnologias que tomaram conta do\nmundo. Uma dessas enfermidades, \u00e9 a depend\u00eancia de eletr\u00f4nicos, tamb\u00e9m\ndenominados de v\u00edcios em internet.<\/p>\n\n\n\n<p>&nbsp;&nbsp;&nbsp;&nbsp;&nbsp;&nbsp;&nbsp;&nbsp;&nbsp;&nbsp;&nbsp;&nbsp;\nMuitas dessas depend\u00eancias, relacionadas ao uso de internet, a bem da\nverdade, ainda n\u00e3os se constituem como \u201cdoen\u00e7as ou enfermidades m\u00e9dicas ou\npsiqui\u00e1tricas\u201d oficialmente, porque ainda n\u00e3o figuram nas classifica\u00e7\u00f5es internacionais\ndas doen\u00e7as humanas catalogadas pela Organiza\u00e7\u00e3o Mundial da Sa\u00fade &#8211; OMS. Todavia,\ncentenas de estudos e trabalhos internacionais, apontam que esses exageros e\napegos disfuncionais observados em muitas pessoas, no uso dessas ferramentas,\nest\u00e3o levando muitos usu\u00e1rios a se comportarem como verdadeiros viciados nessas\nmodernas tecnologias o que tem levado os pesquisadores, do mundo todo, a identificarem\nesses problemas como os que certamente aparecer\u00e3o nas pr\u00f3ximas edi\u00e7\u00f5es das classifica\u00e7\u00f5es\ninternacionais das doen\u00e7as ou CIDs.<\/p>\n\n\n\n<p>&nbsp;&nbsp;&nbsp;&nbsp;&nbsp;&nbsp;&nbsp;&nbsp;&nbsp;\nO termo v\u00edcio, embora ainda se use muito, permanece muito carregado de segrega\u00e7\u00e3o\ne preconceito. Pois \u00e9 uma condi\u00e7\u00e3o excludente e marginalizante, do ponto de\nvista psicol\u00f3gico e social. Significa um defeito grave que torna uma pessoa\ninadequada para certos fins ou fun\u00e7\u00f5es. O viciado tem inclina\u00e7\u00e3o para preju\u00edzos\ne s\u00e3o considerados pessoas desagregadas, descontroladas. \u00c0 luz da Psiquiatria contempor\u00e2nea,\nesse termo est\u00e1 sendo substitu\u00eddo amplamente, por <strong><em>depend\u00eancia<\/em><\/strong> e est\u00e1\nrelacionado aos indiv\u00edduos com h\u00e1bitos disfuncionais ou patol\u00f3gicos, em\nespecial para o consumo de \u00e1lcool e outras drogas.<\/p>\n\n\n\n<p>&nbsp;&nbsp;&nbsp;&nbsp;&nbsp;&nbsp;&nbsp;&nbsp;&nbsp;&nbsp;&nbsp; Com a era tecnol\u00f3gica muitos usu\u00e1rios desses sistemas\nest\u00e3o apresentando comportamentos disfuncionais, muito parecidos aos\ndependentes qu\u00edmicos, onde a diferen\u00e7a central \u00e9 que no caso das teologias\ndigitais, a droga n\u00e3o estar presente e sim os esses modernos meios eletr\u00f4nicos que\nfazem parte desta nova sociedade tecnocr\u00e1tica. Estes comportamentos produzidos\npela era digital, passou-se a denominar \u201c<strong><em>v\u00edcios eletr\u00f4nicos\u201d ou dependentes virtuais\nou dependentes de internet.<\/em><\/strong><\/p>\n\n\n\n<p>&nbsp;&nbsp;&nbsp;&nbsp;&nbsp;&nbsp;&nbsp;&nbsp;&nbsp;&nbsp;&nbsp; A internet, ponto central dessa nova era, \u00e9 um\nconhecimento que veio com for\u00e7a total, desbancando tradi\u00e7\u00f5es, conhecimentos e\natitudes humanas consagradas ao longo da hist\u00f3ria. Ela conseguiu, a um s\u00f3\ntempo, inovar e redefinir novos paradigmas comportamentais, familiares e\nsociais e construir novos tempos e novas formas de rela\u00e7\u00f5es humanas. A grande rede\nde computadores (www) transformou o mundo, o homem e suas rela\u00e7\u00f5es, cresce a\ncada dia e seu alcance \u00e9 inimagin\u00e1vel. A internet, deixou o homem, menos\nsingular e mais plural, menos restrito e mais global, menos voltados para si e\nmais voltado para o mundo, menos local e mais tel\u00farico, menos real e mais\nvirtual, mais c\u00e9tico e menos cr\u00edtico, mais l\u00f3gico e menos sens\u00edvel. Isto \u00e9,\nprovocou mudan\u00e7as profundas no homem tanto em seu modo de ser, quanto no de existir.<\/p>\n\n\n\n<p>&nbsp;&nbsp;&nbsp;&nbsp;&nbsp;&nbsp;&nbsp;&nbsp;&nbsp;&nbsp;&nbsp; Filhotes da rede est\u00e3o os tablets, os celulares, os computadores,\nos smartfones e outros fabulosos aparelhos eletr\u00f4nicos que, indiscutivelmente,\nvieram para ficar e conquistaram o homem por inteiro por atingirem suas\naspira\u00e7\u00f5es essenciais: como o prazer, o utilitarismo, o imediatismo, a rapidez,\na materialidade. A tecnologia digital atende plenamente essas demandas e nos d\u00e1\ntudo que precisamos sem fazer esfor\u00e7os e nos agrada em geral. Os brinquedos\neletr\u00f4nicos, os aparelhos inteligentes, tornaram tudo mais f\u00e1cil e praticamente\ntudo ao nosso alcance.&nbsp;&nbsp;&nbsp;&nbsp; <\/p>\n\n\n\n<p>&nbsp;&nbsp;&nbsp;&nbsp;&nbsp;&nbsp; As filhotas da internet s\u00e3o as redes\nsociais. Nosso pa\u00eds, a cada dia se notabiliza como um dos mais importantes do\nmundo entre os pa\u00edses usu\u00e1rios de redes sociais e de equipamentos eletr\u00f4nicos e\nj\u00e1 det\u00e9m o terceiro lugar no mundo de acessos \u00e0 redes sociais especialmente\n\u201cFaceboock, Tweter e Linked-in\u201d e Instagram. &nbsp;&nbsp;<\/p>\n\n\n\n<p>&nbsp;&nbsp;&nbsp;&nbsp;&nbsp;&nbsp;&nbsp;&nbsp;&nbsp;&nbsp;&nbsp;&nbsp; Nessa perspectiva, as sedu\u00e7\u00f5es\npelas virtualidades se escancararam. Imagine, uma pessoa poder falar com todo\nmundo sem abrir a boca, sair de casa sem dar um passo, amar sem sentir o corpo\ne a voz da pessoa amada, se comunicar sem fazer qualquer esfor\u00e7o real,\ntrabalhar sem sair da cama ou da mesa de sua casa, fazer amor, noivar, namorar,\nse casar, sem nunca ter visto sua cara-metade, ou mesmo ter ouvido sua voz, seu\ncheiro, seu suor, a consist\u00eancia de sua tez ou nunca ter sentido um olhar\nprofundo de seu parceiro ou parceira. \u00c9 fant\u00e1stico, fabuloso e muitos est\u00e3o\nembarcando nisso sem pena e sem piedade. Ante essa coisa maravilhosa o que mais\nqueremos para o futuro? <\/p>\n\n\n\n<p>&nbsp;&nbsp;&nbsp;&nbsp;&nbsp;&nbsp;&nbsp;&nbsp;&nbsp;&nbsp;&nbsp; Os exageros no uso, as rela\u00e7\u00f5es\ndesmedidas, a cada dia faz crescer no mundo as ocorr\u00eancias de pessoas que\npassaram a apresentar graves dist\u00farbios afetivos, emocionais e comportamentais,\nassociados diretamente ao abuso de internet ou de redes sociais. Vejam, por\nexemplo, que desde 2017, os jogos eletr\u00f4nicos j\u00e1 passaram a se constituir como\nentidade cl\u00ednica no rol das doen\u00e7as humanas da OMS, os dependentes de jogos\neletr\u00f4nicos.<\/p>\n\n\n\n<p>&nbsp;&nbsp;&nbsp;&nbsp;&nbsp;&nbsp;&nbsp;&nbsp;&nbsp;&nbsp;&nbsp; Pessoas outras, que n\u00e3o fazem outra\ncoisa na vida, que n\u00e3o ser se conectar e permanecer ligado ou logado o dia todo\ncom essas atividades ditas virtuais. Outras, deixam de cumprir seus\ncompromissos, seus estudos ou suas rela\u00e7\u00f5es familiares, de lazer ou mesmo de\ntrabalho para se dedicarem, exageradamente, \u00e0s redes sociais ou a contatos virtuais.<\/p>\n\n\n\n<p>&nbsp;&nbsp;&nbsp;&nbsp;&nbsp;&nbsp;&nbsp;&nbsp;&nbsp; Queixas de atritos conjugais,\nfamiliares, no trabalho, passaram a ser muito frequentes nos consult\u00f3rios\npsiqui\u00e1tricos. Muitas outras queixas em muitas outras \u00e1reas passaram a ser\nrelevantes: casamentos rompidos precocemente, conflitos entre pais e filhos e\nnas rela\u00e7\u00f5es amorosas e de trabalho, est\u00e3o sendo muito influenciados por uso\nproblem\u00e1tico dessas tecnologias. Comportamentos ciumentos doentios, atitudes de\nhostilidade, sentimentos de possessividade e impulsividade nas rela\u00e7\u00f5es pessoais,\ndificuldades nas rela\u00e7\u00f5es sociais s\u00e3o tamb\u00e9m muito influenciados pelos mesmos\nmotivos. O fato, \u00e9 que muitas pessoas desavisadas e incautas est\u00e3o indo muito\nfundo ao pote. Mergulham, profundamente, nessas virtualidades, oferecidos por\nesse mundo m\u00e1gico e sedutor e se perdem, por prejudicar, formalmente, a\nnecess\u00e1ria no\u00e7\u00e3o dos limites e do equil\u00edbrio mental e comportamental, face a\nessas inova\u00e7\u00f5es. <\/p>\n\n\n\n<p>&nbsp;&nbsp;&nbsp;&nbsp;&nbsp;&nbsp;&nbsp;&nbsp;&nbsp;&nbsp;&nbsp; O perfil cl\u00ednico e epidemiol\u00f3gico destes <strong><em>\u201cnovos\ndoentes\u201d<\/em><\/strong> est\u00e1 sendo constru\u00eddo e acredito que em um futuro pr\u00f3ximo, possam\nser anunciados e passaremos a saber melhor sobre os mesmos. Sabe-se, todavia,\nque s\u00e3o doentes graves, evoluem de forma sutil, progressiva e insidiosa e\nquando j\u00e1 s\u00e3o percebidos, j\u00e1 est\u00e3o muito comprometidos mentalmente. &nbsp;<\/p>\n","protected":false},"excerpt":{"rendered":"<p>&nbsp;&nbsp;&nbsp;&nbsp;&nbsp;&nbsp;&nbsp;&nbsp;&nbsp;&nbsp;&nbsp; S\u00e3o not\u00f3rias as mudan\u00e7as que a sociedade vem passando nas \u00faltimas duas d\u00e9cadas. Avan\u00e7os cient\u00edficos, desenvolvimento tecnol\u00f3gicos, mudan\u00e7as sociais [&hellip;]<\/p>\n","protected":false},"author":3,"featured_media":0,"comment_status":"open","ping_status":"open","sticky":false,"template":"","format":"standard","meta":{"site-sidebar-layout":"default","site-content-layout":"","ast-site-content-layout":"default","site-content-style":"default","site-sidebar-style":"default","ast-global-header-display":"","ast-banner-title-visibility":"","ast-main-header-display":"","ast-hfb-above-header-display":"","ast-hfb-below-header-display":"","ast-hfb-mobile-header-display":"","site-post-title":"","ast-breadcrumbs-content":"","ast-featured-img":"","footer-sml-layout":"","ast-disable-related-posts":"","theme-transparent-header-meta":"","adv-header-id-meta":"","stick-header-meta":"","header-above-stick-meta":"","header-main-stick-meta":"","header-below-stick-meta":"","astra-migrate-meta-layouts":"default","ast-page-background-enabled":"default","ast-page-background-meta":{"desktop":{"background-color":"var(--ast-global-color-5)","background-image":"","background-repeat":"repeat","background-position":"center center","background-size":"auto","background-attachment":"scroll","background-type":"","background-media":"","overlay-type":"","overlay-color":"","overlay-opacity":"","overlay-gradient":""},"tablet":{"background-color":"","background-image":"","background-repeat":"repeat","background-position":"center center","background-size":"auto","background-attachment":"scroll","background-type":"","background-media":"","overlay-type":"","overlay-color":"","overlay-opacity":"","overlay-gradient":""},"mobile":{"background-color":"","background-image":"","background-repeat":"repeat","background-position":"center center","background-size":"auto","background-attachment":"scroll","background-type":"","background-media":"","overlay-type":"","overlay-color":"","overlay-opacity":"","overlay-gradient":""}},"ast-content-background-meta":{"desktop":{"background-color":"var(--ast-global-color-4)","background-image":"","background-repeat":"repeat","background-position":"center center","background-size":"auto","background-attachment":"scroll","background-type":"","background-media":"","overlay-type":"","overlay-color":"","overlay-opacity":"","overlay-gradient":""},"tablet":{"background-color":"var(--ast-global-color-4)","background-image":"","background-repeat":"repeat","background-position":"center center","background-size":"auto","background-attachment":"scroll","background-type":"","background-media":"","overlay-type":"","overlay-color":"","overlay-opacity":"","overlay-gradient":""},"mobile":{"background-color":"var(--ast-global-color-4)","background-image":"","background-repeat":"repeat","background-position":"center center","background-size":"auto","background-attachment":"scroll","background-type":"","background-media":"","overlay-type":"","overlay-color":"","overlay-opacity":"","overlay-gradient":""}},"footnotes":""},"categories":[3,5,1],"tags":[],"class_list":["post-1259","post","type-post","status-publish","format-standard","hentry","category-comportamento","category-doenca-mental","category-sem-categoria"],"yoast_head":"<!-- This site is optimized with the Yoast SEO plugin v26.6 - https:\/\/yoast.com\/wordpress\/plugins\/seo\/ -->\n<title>Para onde estamos caminhando? - Ruy Palhano<\/title>\n<meta name=\"robots\" content=\"index, follow, max-snippet:-1, max-image-preview:large, max-video-preview:-1\" \/>\n<link rel=\"canonical\" href=\"https:\/\/www.blogsoestado.com\/ruypalhano\/2019\/08\/25\/para-onde-estamos-caminhando\/\" \/>\n<meta property=\"og:locale\" content=\"pt_BR\" \/>\n<meta property=\"og:type\" content=\"article\" \/>\n<meta property=\"og:title\" content=\"Para onde estamos caminhando? - Ruy Palhano\" \/>\n<meta property=\"og:description\" content=\"&nbsp;&nbsp;&nbsp;&nbsp;&nbsp;&nbsp;&nbsp;&nbsp;&nbsp;&nbsp;&nbsp; S\u00e3o not\u00f3rias as mudan\u00e7as que a sociedade vem passando nas \u00faltimas duas d\u00e9cadas. Avan\u00e7os cient\u00edficos, desenvolvimento tecnol\u00f3gicos, mudan\u00e7as sociais [&hellip;]\" \/>\n<meta property=\"og:url\" content=\"https:\/\/www.blogsoestado.com\/ruypalhano\/2019\/08\/25\/para-onde-estamos-caminhando\/\" \/>\n<meta property=\"og:site_name\" content=\"Ruy Palhano\" \/>\n<meta property=\"article:published_time\" content=\"2019-08-25T23:36:19+00:00\" \/>\n<meta name=\"author\" content=\"Ruy Palhano\" \/>\n<meta name=\"twitter:card\" content=\"summary_large_image\" \/>\n<meta name=\"twitter:label1\" content=\"Escrito por\" \/>\n\t<meta name=\"twitter:data1\" content=\"Ruy Palhano\" \/>\n\t<meta name=\"twitter:label2\" content=\"Est. tempo de leitura\" \/>\n\t<meta name=\"twitter:data2\" content=\"7 minutos\" \/>\n<script type=\"application\/ld+json\" class=\"yoast-schema-graph\">{\"@context\":\"https:\/\/schema.org\",\"@graph\":[{\"@type\":\"WebPage\",\"@id\":\"https:\/\/www.blogsoestado.com\/ruypalhano\/2019\/08\/25\/para-onde-estamos-caminhando\/\",\"url\":\"https:\/\/www.blogsoestado.com\/ruypalhano\/2019\/08\/25\/para-onde-estamos-caminhando\/\",\"name\":\"Para onde estamos caminhando? - Ruy Palhano\",\"isPartOf\":{\"@id\":\"https:\/\/www.blogsoestado.com\/ruypalhano\/#website\"},\"datePublished\":\"2019-08-25T23:36:19+00:00\",\"author\":{\"@id\":\"https:\/\/www.blogsoestado.com\/ruypalhano\/#\/schema\/person\/ef49e08ec3e742dec1682f34674f2c84\"},\"breadcrumb\":{\"@id\":\"https:\/\/www.blogsoestado.com\/ruypalhano\/2019\/08\/25\/para-onde-estamos-caminhando\/#breadcrumb\"},\"inLanguage\":\"pt-BR\",\"potentialAction\":[{\"@type\":\"ReadAction\",\"target\":[\"https:\/\/www.blogsoestado.com\/ruypalhano\/2019\/08\/25\/para-onde-estamos-caminhando\/\"]}]},{\"@type\":\"BreadcrumbList\",\"@id\":\"https:\/\/www.blogsoestado.com\/ruypalhano\/2019\/08\/25\/para-onde-estamos-caminhando\/#breadcrumb\",\"itemListElement\":[{\"@type\":\"ListItem\",\"position\":1,\"name\":\"In\u00edcio\",\"item\":\"https:\/\/www.blogsoestado.com\/ruypalhano\/\"},{\"@type\":\"ListItem\",\"position\":2,\"name\":\"Para onde estamos caminhando?\"}]},{\"@type\":\"WebSite\",\"@id\":\"https:\/\/www.blogsoestado.com\/ruypalhano\/#website\",\"url\":\"https:\/\/www.blogsoestado.com\/ruypalhano\/\",\"name\":\"Ruy Palhano\",\"description\":\"\",\"potentialAction\":[{\"@type\":\"SearchAction\",\"target\":{\"@type\":\"EntryPoint\",\"urlTemplate\":\"https:\/\/www.blogsoestado.com\/ruypalhano\/?s={search_term_string}\"},\"query-input\":{\"@type\":\"PropertyValueSpecification\",\"valueRequired\":true,\"valueName\":\"search_term_string\"}}],\"inLanguage\":\"pt-BR\"},{\"@type\":\"Person\",\"@id\":\"https:\/\/www.blogsoestado.com\/ruypalhano\/#\/schema\/person\/ef49e08ec3e742dec1682f34674f2c84\",\"name\":\"Ruy Palhano\",\"image\":{\"@type\":\"ImageObject\",\"inLanguage\":\"pt-BR\",\"@id\":\"https:\/\/www.blogsoestado.com\/ruypalhano\/#\/schema\/person\/image\/\",\"url\":\"https:\/\/secure.gravatar.com\/avatar\/d08170dc68d65048f069f40789786091e8b070aa02b0d2e514ddd0244c684a5a?s=96&d=mm&r=g\",\"contentUrl\":\"https:\/\/secure.gravatar.com\/avatar\/d08170dc68d65048f069f40789786091e8b070aa02b0d2e514ddd0244c684a5a?s=96&d=mm&r=g\",\"caption\":\"Ruy Palhano\"},\"url\":\"https:\/\/www.blogsoestado.com\/ruypalhano\/author\/ruypalhano\/\"}]}<\/script>\n<!-- \/ Yoast SEO plugin. -->","yoast_head_json":{"title":"Para onde estamos caminhando? - Ruy Palhano","robots":{"index":"index","follow":"follow","max-snippet":"max-snippet:-1","max-image-preview":"max-image-preview:large","max-video-preview":"max-video-preview:-1"},"canonical":"https:\/\/www.blogsoestado.com\/ruypalhano\/2019\/08\/25\/para-onde-estamos-caminhando\/","og_locale":"pt_BR","og_type":"article","og_title":"Para onde estamos caminhando? - Ruy Palhano","og_description":"&nbsp;&nbsp;&nbsp;&nbsp;&nbsp;&nbsp;&nbsp;&nbsp;&nbsp;&nbsp;&nbsp; S\u00e3o not\u00f3rias as mudan\u00e7as que a sociedade vem passando nas \u00faltimas duas d\u00e9cadas. Avan\u00e7os cient\u00edficos, desenvolvimento tecnol\u00f3gicos, mudan\u00e7as sociais [&hellip;]","og_url":"https:\/\/www.blogsoestado.com\/ruypalhano\/2019\/08\/25\/para-onde-estamos-caminhando\/","og_site_name":"Ruy Palhano","article_published_time":"2019-08-25T23:36:19+00:00","author":"Ruy Palhano","twitter_card":"summary_large_image","twitter_misc":{"Escrito por":"Ruy Palhano","Est. tempo de leitura":"7 minutos"},"schema":{"@context":"https:\/\/schema.org","@graph":[{"@type":"WebPage","@id":"https:\/\/www.blogsoestado.com\/ruypalhano\/2019\/08\/25\/para-onde-estamos-caminhando\/","url":"https:\/\/www.blogsoestado.com\/ruypalhano\/2019\/08\/25\/para-onde-estamos-caminhando\/","name":"Para onde estamos caminhando? - Ruy Palhano","isPartOf":{"@id":"https:\/\/www.blogsoestado.com\/ruypalhano\/#website"},"datePublished":"2019-08-25T23:36:19+00:00","author":{"@id":"https:\/\/www.blogsoestado.com\/ruypalhano\/#\/schema\/person\/ef49e08ec3e742dec1682f34674f2c84"},"breadcrumb":{"@id":"https:\/\/www.blogsoestado.com\/ruypalhano\/2019\/08\/25\/para-onde-estamos-caminhando\/#breadcrumb"},"inLanguage":"pt-BR","potentialAction":[{"@type":"ReadAction","target":["https:\/\/www.blogsoestado.com\/ruypalhano\/2019\/08\/25\/para-onde-estamos-caminhando\/"]}]},{"@type":"BreadcrumbList","@id":"https:\/\/www.blogsoestado.com\/ruypalhano\/2019\/08\/25\/para-onde-estamos-caminhando\/#breadcrumb","itemListElement":[{"@type":"ListItem","position":1,"name":"In\u00edcio","item":"https:\/\/www.blogsoestado.com\/ruypalhano\/"},{"@type":"ListItem","position":2,"name":"Para onde estamos caminhando?"}]},{"@type":"WebSite","@id":"https:\/\/www.blogsoestado.com\/ruypalhano\/#website","url":"https:\/\/www.blogsoestado.com\/ruypalhano\/","name":"Ruy Palhano","description":"","potentialAction":[{"@type":"SearchAction","target":{"@type":"EntryPoint","urlTemplate":"https:\/\/www.blogsoestado.com\/ruypalhano\/?s={search_term_string}"},"query-input":{"@type":"PropertyValueSpecification","valueRequired":true,"valueName":"search_term_string"}}],"inLanguage":"pt-BR"},{"@type":"Person","@id":"https:\/\/www.blogsoestado.com\/ruypalhano\/#\/schema\/person\/ef49e08ec3e742dec1682f34674f2c84","name":"Ruy Palhano","image":{"@type":"ImageObject","inLanguage":"pt-BR","@id":"https:\/\/www.blogsoestado.com\/ruypalhano\/#\/schema\/person\/image\/","url":"https:\/\/secure.gravatar.com\/avatar\/d08170dc68d65048f069f40789786091e8b070aa02b0d2e514ddd0244c684a5a?s=96&d=mm&r=g","contentUrl":"https:\/\/secure.gravatar.com\/avatar\/d08170dc68d65048f069f40789786091e8b070aa02b0d2e514ddd0244c684a5a?s=96&d=mm&r=g","caption":"Ruy Palhano"},"url":"https:\/\/www.blogsoestado.com\/ruypalhano\/author\/ruypalhano\/"}]}},"jetpack_featured_media_url":"","_links":{"self":[{"href":"https:\/\/www.blogsoestado.com\/ruypalhano\/wp-json\/wp\/v2\/posts\/1259","targetHints":{"allow":["GET"]}}],"collection":[{"href":"https:\/\/www.blogsoestado.com\/ruypalhano\/wp-json\/wp\/v2\/posts"}],"about":[{"href":"https:\/\/www.blogsoestado.com\/ruypalhano\/wp-json\/wp\/v2\/types\/post"}],"author":[{"embeddable":true,"href":"https:\/\/www.blogsoestado.com\/ruypalhano\/wp-json\/wp\/v2\/users\/3"}],"replies":[{"embeddable":true,"href":"https:\/\/www.blogsoestado.com\/ruypalhano\/wp-json\/wp\/v2\/comments?post=1259"}],"version-history":[{"count":0,"href":"https:\/\/www.blogsoestado.com\/ruypalhano\/wp-json\/wp\/v2\/posts\/1259\/revisions"}],"wp:attachment":[{"href":"https:\/\/www.blogsoestado.com\/ruypalhano\/wp-json\/wp\/v2\/media?parent=1259"}],"wp:term":[{"taxonomy":"category","embeddable":true,"href":"https:\/\/www.blogsoestado.com\/ruypalhano\/wp-json\/wp\/v2\/categories?post=1259"},{"taxonomy":"post_tag","embeddable":true,"href":"https:\/\/www.blogsoestado.com\/ruypalhano\/wp-json\/wp\/v2\/tags?post=1259"}],"curies":[{"name":"wp","href":"https:\/\/api.w.org\/{rel}","templated":true}]}}