{"id":1263,"date":"2019-12-22T14:48:15","date_gmt":"2019-12-22T17:48:15","guid":{"rendered":"https:\/\/www.blogsoestado.com\/ruypalhano\/?p=1263"},"modified":"2019-12-22T14:48:15","modified_gmt":"2019-12-22T17:48:15","slug":"preconceitos-formas-veladas-de-violencia","status":"publish","type":"post","link":"https:\/\/www.blogsoestado.com\/ruypalhano\/2019\/12\/22\/preconceitos-formas-veladas-de-violencia\/","title":{"rendered":"Preconceitos, formas veladas de viol\u00eancia"},"content":{"rendered":"\n<p><\/p>\n\n\n\n<p>Cada\nvez mais a sociedade civil deste pa\u00eds se insurge contra as incongru\u00eancias e a viol\u00eancia\ncontida nos preconceitos e nos estigmas sociais, relacionados com doentes\nmentais, seus tratamentos e a fam\u00edlia desses enfermos. Esses preconceitos s\u00e3o\nmuito antigos e se verificam em de diferentes situa\u00e7\u00f5es: contra gays, negros,\npobres, prostitutas, nacionalidades e entre esses, os doentes mentais. Nesse\nparticular, estes s\u00e3o muitos profundos e mais antigos ainda, pois desde os\nprim\u00f3rdios da Psiquiatria que se sabe que eles existem, provocando danos e\npreju\u00edzos irrepar\u00e1veis a estes doentes, estigmatizando-os, segregando-os e os\nisolando do conv\u00edvio social.<\/p>\n\n\n\n<p>Preconceitos\ne estigmas s\u00e3o na realidade condi\u00e7\u00f5es pejorativas desvalorativas dirigidas contra\nalgu\u00e9m ou contra algo que ocorre na realidade. S\u00e3o conceitos, pr\u00e9-anunciados,\nantecipados, em torno de algo, algu\u00e9m ou acontecimento ou sobre o que de fato\nocorre, na realidade. Os preconceitos, est\u00e3o quase sempre inseridos em um contexto\nsocial, ps\u00edquico ou cultural ou a condi\u00e7\u00f5es espec\u00edficas que fazem parte dos\nindiv\u00edduos e de suas rela\u00e7\u00f5es. Em geral os preconceitos s\u00e3o estigmatizantes e segregacionistas\nonde indiv\u00edduos, pr\u00e1ticas sociais, fatos, acontecimentos, eventos ou mesmo condi\u00e7\u00f5es\npsicossociais, s\u00e3o desqualificados, mal vistos e desconsideradas, em raz\u00e3o de\numa aprecia\u00e7\u00e3o destorcida dessas realidades, desses fatos ou dessas pessoas ou\ndesses acontecimentos, os quais s\u00e3o postos \u00e0 margem da realidade. Em princ\u00edpio,\ntodos os preconceitos s\u00e3o repletos de viol\u00eancias contra o que, ou a quem se dirige.<\/p>\n\n\n\n<p>Particularmente,\nsobre preconceitos e doen\u00e7a mental a Associa\u00e7\u00e3o Brasileira de Psiquiatria \u2013 ABP,\nh\u00e1 08 anos, desenvolveu a campanha <strong><em>\u201cA Sociedade Contra o Preconceito\u201d,<\/em><\/strong>\nlan\u00e7ada durante o XXIX Congresso Brasileiro de Psiquiatria. Essa campanha ganhou\nnotoriedade, nacional e internacional, de tal forma que culminou com o projeto <strong><em>\u201cPsicofobia\n\u00e9 um Crime\u201d<\/em><\/strong> que, ap\u00f3s v\u00e1rias audi\u00eancias p\u00fablicas, apresentou emenda ao\nprojeto de reforma do C\u00f3digo Penal, <strong><em>para criminalizar a segrega\u00e7\u00e3o de portadores\nde transtornos mentais.<\/em><\/strong><\/p>\n\n\n\n<p>O\nprograma <strong><em>\u201cPsicofobia \u00e9 um Crime\u201d<\/em><\/strong> da ABP, visa institucionalizar nossa\nluta de combater os preconceitos e os estigmas que ocorrem na psiquiatria,\nprincipalmente contra os enfermos psiqui\u00e1tricos e seus tratamentos. Trata-se de\num manifesto consciente, respons\u00e1vel, humanizador, visando extirpar os tais preconceitos\ne\/ou qualquer outra forma de descrimina\u00e7\u00e3o que exista sobre os doentes mentais.\n\u00c9 uma forma de demonstrar nossa indigna\u00e7\u00e3o e disposi\u00e7\u00e3o de lutar contra todo\ntipo de descriminaliza\u00e7\u00e3o que hala, sobretudo a esses enfermos, aos m\u00e9dicos psiquiatras\ne a psiquiatria como especialidade m\u00e9dica, por reconhecer-se que s\u00e3o pr\u00e1ticas\nnefastas e n\u00e3o ajudam na recupera\u00e7\u00e3o nem na inser\u00e7\u00e3o social dessas pessoas.<\/p>\n\n\n\n<p>Atrav\u00e9s\ndeste Programa <strong><em>\u201cPsicofobia \u00e9 um Crime<\/em><\/strong>\u201d, n\u00f3s psiquiatras j\u00e1 avan\u00e7amos muito.\nArtistas, poetas, pol\u00edticos e escritores, cientistas e pesquisadores j\u00e1 se\napresentaram na abertura dos nossos Congressos de Psiquiatria tratando de tais\npreconceitos, e muitos deles relatando suas pr\u00f3prias experi\u00eancias como\nportadores de alguns transtornos psiqui\u00e1tricos ou de alguns parentes seus. Al\u00e9m\ndisso, redes de tvs e grandes jornais nacionais atualmente se dirigem \u00e1 ABP para\nouvi-la quando o assunto \u00e9 sobre doen\u00e7a mental, fatos que nunca houve na\nhist\u00f3ria da Psiquiatria desse pa\u00eds.<\/p>\n\n\n\n<p>Entre\nessas figuras de notoriedade p\u00fablica destacamos o grande humorista Chico\nAn\u00edzio, o narrador e comentarista esportivo Luciano do Vale, o grande poeta\nmaranhense Ferreira Gullar e tantas outras personalidades p\u00fablicas, que de\nforma despretensiosa e com elevado esp\u00edrito de solidariedade humana se\ndispuseram a realizar esses autos relatos, sobre suas doen\u00e7as mentais, para\najudar a Psiquiatria a enfrentar esses enormes preconceitos nessa \u00e1rea.<\/p>\n\n\n\n<p>\u00c9\nbom que se diga, que as doen\u00e7as mentais obedecem \u00e0s mesmas regras, leis e princ\u00edpios\nque regem as demais doen\u00e7as humanas, s\u00f3 diferindo quanto a forma de se\nexpressarem clinicamente, e nada mais. S\u00e3o doen\u00e7as que, como muitas outras, se\ntiverem precocemente um bom diagn\u00f3stico e um tratamento adequado ter\u00e3o um\nprogn\u00f3stico favor\u00e1vel e muitos desses enfermos se recuperam inteiramente ao\nponto de levarem uma vida absolutamente normal, como qualquer um.<\/p>\n\n\n\n<p>A\nevolu\u00e7\u00e3o nos crit\u00e9rios de diagn\u00f3sticos dessas enfermidades, os avan\u00e7os\nfarmacol\u00f3gicos e outras formas de tratamentos bem como os avan\u00e7os nos recursos\nlaboratoriais hoje dispon\u00edveis s\u00e3o consideradas avan\u00e7os absolutamente\nimportante no controle cl\u00ednico e epidemiol\u00f3gico dessas enfermidades. Fatos que\nvem colaborando sobre maneira para a derrubada dos estigmas aqui encontrados.<\/p>\n\n\n\n<p>De\ntal forma que essa imagem mal\u00e9vola, demon\u00edaca, amedrontadora, segregacionista bem\ncomo de que acreditam que doentes mentais s\u00e3o loucos, violentos, endemoniados,\ndeficiente irrecuper\u00e1veis, intrat\u00e1veis e muitos outros preconceitos \u00e9 uma\ntremenda viol\u00eancia praticada contra essas pessoas, pois semelhantemente a\nmuitos outros doentes, esses podem se prevenir, tratar, se recuperar e levar\numa vida feliz e tranquila como a de todos. Por extens\u00e3o, tais preconceitos resvalam\npara a Psiquiatria, enquanto especialidade m\u00e9dica, para os psiquiatras, para os\nhospitais psiqui\u00e1tricos e, sobretudo para os tratamentos aplicados a esses\nenfermos. <\/p>\n\n\n\n<p>&nbsp;&nbsp;&nbsp;&nbsp;&nbsp;&nbsp;&nbsp;&nbsp;&nbsp;&nbsp;&nbsp; Para muitos, a Psiquiatria, \u00e9 uma especialidade\nque trata de loucos, de malucos, desconhecendo completamente e de forma maldosa\no alcance m\u00e9dico, social e human\u00edstico que recaem sobre os ombros desses\nespecialistas. Desconhecendo, o valor e a import\u00e2ncia da ci\u00eancia que h\u00e1 por tr\u00e1s\ndessa pr\u00e1tica m\u00e9dica e desconhecendo, sobretudo o imenso valor social na\npr\u00e1tica desses m\u00e9dicos.<\/p>\n\n\n\n<p>&nbsp;&nbsp;&nbsp;&nbsp;&nbsp;&nbsp;&nbsp;&nbsp;&nbsp;&nbsp;&nbsp;&nbsp;&nbsp;&nbsp; Essa uma cren\u00e7a popular antiga,\npejorativa, preconceituosa, que at\u00e9 hoje impede de muita gente ir ao psiquiatra\npara tratar de seus problemas, comportamentais ou emocionais, e deles se\nlivrarem. A doen\u00e7a mental, como outras doen\u00e7as humanas, quanto mais cedo for\ndiagn\u00f3stica e tratada melhor, tanto para os enfermos quanto para seus\nfamiliares. Quanto mais tarde, pior. Portanto, lutemos arduamente contra todos\nesses preconceitos contra os doentes mentais, seus tratamentos e os\nprofissionais que cuidam desses enfermos.<\/p>\n","protected":false},"excerpt":{"rendered":"<p>Cada vez mais a sociedade civil deste pa\u00eds se insurge contra as incongru\u00eancias e a viol\u00eancia contida nos preconceitos e [&hellip;]<\/p>\n","protected":false},"author":3,"featured_media":0,"comment_status":"open","ping_status":"open","sticky":false,"template":"","format":"standard","meta":{"site-sidebar-layout":"default","site-content-layout":"","ast-site-content-layout":"default","site-content-style":"default","site-sidebar-style":"default","ast-global-header-display":"","ast-banner-title-visibility":"","ast-main-header-display":"","ast-hfb-above-header-display":"","ast-hfb-below-header-display":"","ast-hfb-mobile-header-display":"","site-post-title":"","ast-breadcrumbs-content":"","ast-featured-img":"","footer-sml-layout":"","ast-disable-related-posts":"","theme-transparent-header-meta":"","adv-header-id-meta":"","stick-header-meta":"","header-above-stick-meta":"","header-main-stick-meta":"","header-below-stick-meta":"","astra-migrate-meta-layouts":"default","ast-page-background-enabled":"default","ast-page-background-meta":{"desktop":{"background-color":"var(--ast-global-color-5)","background-image":"","background-repeat":"repeat","background-position":"center center","background-size":"auto","background-attachment":"scroll","background-type":"","background-media":"","overlay-type":"","overlay-color":"","overlay-opacity":"","overlay-gradient":""},"tablet":{"background-color":"","background-image":"","background-repeat":"repeat","background-position":"center center","background-size":"auto","background-attachment":"scroll","background-type":"","background-media":"","overlay-type":"","overlay-color":"","overlay-opacity":"","overlay-gradient":""},"mobile":{"background-color":"","background-image":"","background-repeat":"repeat","background-position":"center center","background-size":"auto","background-attachment":"scroll","background-type":"","background-media":"","overlay-type":"","overlay-color":"","overlay-opacity":"","overlay-gradient":""}},"ast-content-background-meta":{"desktop":{"background-color":"var(--ast-global-color-4)","background-image":"","background-repeat":"repeat","background-position":"center center","background-size":"auto","background-attachment":"scroll","background-type":"","background-media":"","overlay-type":"","overlay-color":"","overlay-opacity":"","overlay-gradient":""},"tablet":{"background-color":"var(--ast-global-color-4)","background-image":"","background-repeat":"repeat","background-position":"center center","background-size":"auto","background-attachment":"scroll","background-type":"","background-media":"","overlay-type":"","overlay-color":"","overlay-opacity":"","overlay-gradient":""},"mobile":{"background-color":"var(--ast-global-color-4)","background-image":"","background-repeat":"repeat","background-position":"center center","background-size":"auto","background-attachment":"scroll","background-type":"","background-media":"","overlay-type":"","overlay-color":"","overlay-opacity":"","overlay-gradient":""}},"footnotes":""},"categories":[3,4,5,7,1],"tags":[],"class_list":["post-1263","post","type-post","status-publish","format-standard","hentry","category-comportamento","category-dependencia-quimica","category-doenca-mental","category-saude-mental","category-sem-categoria"],"yoast_head":"<!-- This site is optimized with the Yoast SEO plugin v26.6 - https:\/\/yoast.com\/wordpress\/plugins\/seo\/ -->\n<title>Preconceitos, formas veladas de viol\u00eancia - Ruy Palhano<\/title>\n<meta name=\"robots\" content=\"index, follow, max-snippet:-1, max-image-preview:large, max-video-preview:-1\" \/>\n<link rel=\"canonical\" href=\"https:\/\/www.blogsoestado.com\/ruypalhano\/2019\/12\/22\/preconceitos-formas-veladas-de-violencia\/\" \/>\n<meta property=\"og:locale\" content=\"pt_BR\" \/>\n<meta property=\"og:type\" content=\"article\" \/>\n<meta property=\"og:title\" content=\"Preconceitos, formas veladas de viol\u00eancia - Ruy Palhano\" \/>\n<meta property=\"og:description\" content=\"Cada vez mais a sociedade civil deste pa\u00eds se insurge contra as incongru\u00eancias e a viol\u00eancia contida nos preconceitos e [&hellip;]\" \/>\n<meta property=\"og:url\" content=\"https:\/\/www.blogsoestado.com\/ruypalhano\/2019\/12\/22\/preconceitos-formas-veladas-de-violencia\/\" \/>\n<meta property=\"og:site_name\" content=\"Ruy Palhano\" \/>\n<meta property=\"article:published_time\" content=\"2019-12-22T17:48:15+00:00\" \/>\n<meta name=\"author\" content=\"Ruy Palhano\" \/>\n<meta name=\"twitter:card\" content=\"summary_large_image\" \/>\n<meta name=\"twitter:label1\" content=\"Escrito por\" \/>\n\t<meta name=\"twitter:data1\" content=\"Ruy Palhano\" \/>\n\t<meta name=\"twitter:label2\" content=\"Est. tempo de leitura\" \/>\n\t<meta name=\"twitter:data2\" content=\"5 minutos\" \/>\n<script type=\"application\/ld+json\" class=\"yoast-schema-graph\">{\"@context\":\"https:\/\/schema.org\",\"@graph\":[{\"@type\":\"WebPage\",\"@id\":\"https:\/\/www.blogsoestado.com\/ruypalhano\/2019\/12\/22\/preconceitos-formas-veladas-de-violencia\/\",\"url\":\"https:\/\/www.blogsoestado.com\/ruypalhano\/2019\/12\/22\/preconceitos-formas-veladas-de-violencia\/\",\"name\":\"Preconceitos, formas veladas de viol\u00eancia - Ruy Palhano\",\"isPartOf\":{\"@id\":\"https:\/\/www.blogsoestado.com\/ruypalhano\/#website\"},\"datePublished\":\"2019-12-22T17:48:15+00:00\",\"author\":{\"@id\":\"https:\/\/www.blogsoestado.com\/ruypalhano\/#\/schema\/person\/ef49e08ec3e742dec1682f34674f2c84\"},\"breadcrumb\":{\"@id\":\"https:\/\/www.blogsoestado.com\/ruypalhano\/2019\/12\/22\/preconceitos-formas-veladas-de-violencia\/#breadcrumb\"},\"inLanguage\":\"pt-BR\",\"potentialAction\":[{\"@type\":\"ReadAction\",\"target\":[\"https:\/\/www.blogsoestado.com\/ruypalhano\/2019\/12\/22\/preconceitos-formas-veladas-de-violencia\/\"]}]},{\"@type\":\"BreadcrumbList\",\"@id\":\"https:\/\/www.blogsoestado.com\/ruypalhano\/2019\/12\/22\/preconceitos-formas-veladas-de-violencia\/#breadcrumb\",\"itemListElement\":[{\"@type\":\"ListItem\",\"position\":1,\"name\":\"In\u00edcio\",\"item\":\"https:\/\/www.blogsoestado.com\/ruypalhano\/\"},{\"@type\":\"ListItem\",\"position\":2,\"name\":\"Preconceitos, formas veladas de viol\u00eancia\"}]},{\"@type\":\"WebSite\",\"@id\":\"https:\/\/www.blogsoestado.com\/ruypalhano\/#website\",\"url\":\"https:\/\/www.blogsoestado.com\/ruypalhano\/\",\"name\":\"Ruy Palhano\",\"description\":\"\",\"potentialAction\":[{\"@type\":\"SearchAction\",\"target\":{\"@type\":\"EntryPoint\",\"urlTemplate\":\"https:\/\/www.blogsoestado.com\/ruypalhano\/?s={search_term_string}\"},\"query-input\":{\"@type\":\"PropertyValueSpecification\",\"valueRequired\":true,\"valueName\":\"search_term_string\"}}],\"inLanguage\":\"pt-BR\"},{\"@type\":\"Person\",\"@id\":\"https:\/\/www.blogsoestado.com\/ruypalhano\/#\/schema\/person\/ef49e08ec3e742dec1682f34674f2c84\",\"name\":\"Ruy Palhano\",\"image\":{\"@type\":\"ImageObject\",\"inLanguage\":\"pt-BR\",\"@id\":\"https:\/\/www.blogsoestado.com\/ruypalhano\/#\/schema\/person\/image\/\",\"url\":\"https:\/\/secure.gravatar.com\/avatar\/d08170dc68d65048f069f40789786091e8b070aa02b0d2e514ddd0244c684a5a?s=96&d=mm&r=g\",\"contentUrl\":\"https:\/\/secure.gravatar.com\/avatar\/d08170dc68d65048f069f40789786091e8b070aa02b0d2e514ddd0244c684a5a?s=96&d=mm&r=g\",\"caption\":\"Ruy Palhano\"},\"url\":\"https:\/\/www.blogsoestado.com\/ruypalhano\/author\/ruypalhano\/\"}]}<\/script>\n<!-- \/ Yoast SEO plugin. -->","yoast_head_json":{"title":"Preconceitos, formas veladas de viol\u00eancia - Ruy Palhano","robots":{"index":"index","follow":"follow","max-snippet":"max-snippet:-1","max-image-preview":"max-image-preview:large","max-video-preview":"max-video-preview:-1"},"canonical":"https:\/\/www.blogsoestado.com\/ruypalhano\/2019\/12\/22\/preconceitos-formas-veladas-de-violencia\/","og_locale":"pt_BR","og_type":"article","og_title":"Preconceitos, formas veladas de viol\u00eancia - Ruy Palhano","og_description":"Cada vez mais a sociedade civil deste pa\u00eds se insurge contra as incongru\u00eancias e a viol\u00eancia contida nos preconceitos e [&hellip;]","og_url":"https:\/\/www.blogsoestado.com\/ruypalhano\/2019\/12\/22\/preconceitos-formas-veladas-de-violencia\/","og_site_name":"Ruy Palhano","article_published_time":"2019-12-22T17:48:15+00:00","author":"Ruy Palhano","twitter_card":"summary_large_image","twitter_misc":{"Escrito por":"Ruy Palhano","Est. tempo de leitura":"5 minutos"},"schema":{"@context":"https:\/\/schema.org","@graph":[{"@type":"WebPage","@id":"https:\/\/www.blogsoestado.com\/ruypalhano\/2019\/12\/22\/preconceitos-formas-veladas-de-violencia\/","url":"https:\/\/www.blogsoestado.com\/ruypalhano\/2019\/12\/22\/preconceitos-formas-veladas-de-violencia\/","name":"Preconceitos, formas veladas de viol\u00eancia - Ruy Palhano","isPartOf":{"@id":"https:\/\/www.blogsoestado.com\/ruypalhano\/#website"},"datePublished":"2019-12-22T17:48:15+00:00","author":{"@id":"https:\/\/www.blogsoestado.com\/ruypalhano\/#\/schema\/person\/ef49e08ec3e742dec1682f34674f2c84"},"breadcrumb":{"@id":"https:\/\/www.blogsoestado.com\/ruypalhano\/2019\/12\/22\/preconceitos-formas-veladas-de-violencia\/#breadcrumb"},"inLanguage":"pt-BR","potentialAction":[{"@type":"ReadAction","target":["https:\/\/www.blogsoestado.com\/ruypalhano\/2019\/12\/22\/preconceitos-formas-veladas-de-violencia\/"]}]},{"@type":"BreadcrumbList","@id":"https:\/\/www.blogsoestado.com\/ruypalhano\/2019\/12\/22\/preconceitos-formas-veladas-de-violencia\/#breadcrumb","itemListElement":[{"@type":"ListItem","position":1,"name":"In\u00edcio","item":"https:\/\/www.blogsoestado.com\/ruypalhano\/"},{"@type":"ListItem","position":2,"name":"Preconceitos, formas veladas de viol\u00eancia"}]},{"@type":"WebSite","@id":"https:\/\/www.blogsoestado.com\/ruypalhano\/#website","url":"https:\/\/www.blogsoestado.com\/ruypalhano\/","name":"Ruy Palhano","description":"","potentialAction":[{"@type":"SearchAction","target":{"@type":"EntryPoint","urlTemplate":"https:\/\/www.blogsoestado.com\/ruypalhano\/?s={search_term_string}"},"query-input":{"@type":"PropertyValueSpecification","valueRequired":true,"valueName":"search_term_string"}}],"inLanguage":"pt-BR"},{"@type":"Person","@id":"https:\/\/www.blogsoestado.com\/ruypalhano\/#\/schema\/person\/ef49e08ec3e742dec1682f34674f2c84","name":"Ruy Palhano","image":{"@type":"ImageObject","inLanguage":"pt-BR","@id":"https:\/\/www.blogsoestado.com\/ruypalhano\/#\/schema\/person\/image\/","url":"https:\/\/secure.gravatar.com\/avatar\/d08170dc68d65048f069f40789786091e8b070aa02b0d2e514ddd0244c684a5a?s=96&d=mm&r=g","contentUrl":"https:\/\/secure.gravatar.com\/avatar\/d08170dc68d65048f069f40789786091e8b070aa02b0d2e514ddd0244c684a5a?s=96&d=mm&r=g","caption":"Ruy Palhano"},"url":"https:\/\/www.blogsoestado.com\/ruypalhano\/author\/ruypalhano\/"}]}},"jetpack_featured_media_url":"","_links":{"self":[{"href":"https:\/\/www.blogsoestado.com\/ruypalhano\/wp-json\/wp\/v2\/posts\/1263","targetHints":{"allow":["GET"]}}],"collection":[{"href":"https:\/\/www.blogsoestado.com\/ruypalhano\/wp-json\/wp\/v2\/posts"}],"about":[{"href":"https:\/\/www.blogsoestado.com\/ruypalhano\/wp-json\/wp\/v2\/types\/post"}],"author":[{"embeddable":true,"href":"https:\/\/www.blogsoestado.com\/ruypalhano\/wp-json\/wp\/v2\/users\/3"}],"replies":[{"embeddable":true,"href":"https:\/\/www.blogsoestado.com\/ruypalhano\/wp-json\/wp\/v2\/comments?post=1263"}],"version-history":[{"count":0,"href":"https:\/\/www.blogsoestado.com\/ruypalhano\/wp-json\/wp\/v2\/posts\/1263\/revisions"}],"wp:attachment":[{"href":"https:\/\/www.blogsoestado.com\/ruypalhano\/wp-json\/wp\/v2\/media?parent=1263"}],"wp:term":[{"taxonomy":"category","embeddable":true,"href":"https:\/\/www.blogsoestado.com\/ruypalhano\/wp-json\/wp\/v2\/categories?post=1263"},{"taxonomy":"post_tag","embeddable":true,"href":"https:\/\/www.blogsoestado.com\/ruypalhano\/wp-json\/wp\/v2\/tags?post=1263"}],"curies":[{"name":"wp","href":"https:\/\/api.w.org\/{rel}","templated":true}]}}