{"id":1268,"date":"2020-04-03T11:37:35","date_gmt":"2020-04-03T14:37:35","guid":{"rendered":"https:\/\/www.blogsoestado.com\/ruypalhano\/?p=1268"},"modified":"2020-04-03T11:37:35","modified_gmt":"2020-04-03T14:37:35","slug":"saude-mental-em-epoca-de-covid-19","status":"publish","type":"post","link":"https:\/\/www.blogsoestado.com\/ruypalhano\/2020\/04\/03\/saude-mental-em-epoca-de-covid-19\/","title":{"rendered":"Sa\u00fade mental em \u00e9poca de COVID -19"},"content":{"rendered":"\n<p><\/p>\n\n\n\n<p>&nbsp;&nbsp;&nbsp;&nbsp;&nbsp;&nbsp;&nbsp;&nbsp;&nbsp;&nbsp; &nbsp;Atualmente, o que mais se ouve falar \u00e9 de\ncrise e a que se destaca \u00e9 a da sa\u00fade p\u00fablica ocasionada pela infesta\u00e7\u00e3o do Corona\nV\u00edrus e sua doen\u00e7a, o COVID-19. As crises, independentemente de sua natureza,\nt\u00eam de ser identificadas, enfrentadas e modificadas e \u00e9 justamente isso que tem\nsido feito pelo mundo afora, para enfrentarmos os danos ocasionado por essa\ncrise na sa\u00fade do planeta.<\/p>\n\n\n\n<p>&nbsp;&nbsp;&nbsp;&nbsp;&nbsp;&nbsp;&nbsp;&nbsp;&nbsp;&nbsp;&nbsp;&nbsp;&nbsp;&nbsp; Como outras pandemias, essa ser\u00e1\ntransit\u00f3ria e daqui a pouco passar\u00e1, muito embora, se saiba que ela causara um\nestrago gigantesco em todas as dimens\u00f5es humanas. Desestabilizando sistemas\ninternacionais de sa\u00fade, precariza\u00e7\u00e3o das atividades econ\u00f4micas e o emprego,\ndanos irrepar\u00e1veis \u00e0s rela\u00e7\u00f5es afetivas e sociais, danos, emocionais,\npsiqui\u00e1tricos e psicossociais graves, al\u00e9m dos danos materiais e outras doen\u00e7as\nque a acompanhar\u00e3o em seu curso e, principalmente, as in\u00fameras mortes que\nocorrer\u00e3o em vig\u00eancia. <\/p>\n\n\n\n<p>&nbsp;&nbsp;&nbsp;&nbsp;&nbsp;&nbsp;&nbsp;&nbsp;&nbsp;&nbsp;&nbsp;&nbsp;&nbsp; A crise imposta pelo Corona, j\u00e1\nest\u00e1 provocando pavor e amea\u00e7as \u00e0 popula\u00e7\u00e3o e j\u00e1 promove mudan\u00e7as profundas em\nnossos h\u00e1bitos, costumes sociais e padr\u00f5es comportamentais. Essa crise como as\noutras, se instalam de forma lenta ou abrupta. Foram ocorr\u00eancias inesperadas\nque provocaram respostas em bloco dos organismos ante aos eventos inerentes a\nela. Essa, como as outras, n\u00e3o se encerrar\u00e1 em si mesma. Est\u00e1 inserida em um\ncontexto social, sanit\u00e1rio, econ\u00f4mico, cultural e psicol\u00f3gico. Ela se suceder\u00e1\ne se interromper\u00e1 ao longo do tempo.<\/p>\n\n\n\n<p>&nbsp;&nbsp;&nbsp;&nbsp;&nbsp;&nbsp;&nbsp; As crises est\u00e3o sempre associadas com\nalgo ruim, fatal e tr\u00e1gico. Nessa expectativa, passa a ser uma condi\u00e7\u00e3o que nos\ninspira medos, inseguran\u00e7as e perplexidade. Nos mobiliza, mas ao mesmo tempo somos\nlevados a enfrent\u00e1-las utilizando todos os recursos necess\u00e1rio para seu\ncontrole.<\/p>\n\n\n\n<p>&nbsp;&nbsp;&nbsp;&nbsp;&nbsp;&nbsp;&nbsp;&nbsp;&nbsp;&nbsp;&nbsp;&nbsp;&nbsp;&nbsp;&nbsp; Nossa hist\u00f3ria no planeta \u00e9\nrepleta de crises. Guerras, epidemias, endemias, cat\u00e1strofes clim\u00e1ticas,\ntsunamis, graves crises econ\u00f4micas e pol\u00edticas, crise na \u00e9tica, na seguran\u00e7a e em\nmuitas outras dimens\u00f5es humanas. Superamos, umas \u00e0s outras, deixando sequelas e\nconsequ\u00eancias duradouras em todos n\u00f3s. Pagamos pre\u00e7os insuport\u00e1veis, mas\nsobrevivemos \u00e0 todas. <\/p>\n\n\n\n<p>&nbsp;&nbsp;&nbsp;&nbsp;&nbsp;&nbsp;&nbsp;&nbsp;&nbsp;&nbsp;&nbsp;&nbsp;&nbsp;&nbsp;&nbsp;&nbsp;&nbsp; Se voltarmos a vis\u00e3o para dentro\nde n\u00f3s mesmos, veremos que tais fen\u00f4menos, fazem parte da hist\u00f3ria pessoal e\ncomportamental. Por crises emocionais, no desenvolvimento pessoal e social, mentais,\nafetivas, psicossociais e comportamentais, todos n\u00f3s j\u00e1 passamos, nas\ndiferentes etapas da vida. E cada uma dessas, deixam marcas indel\u00e9veis,\ninesquec\u00edveis em nossa forma de agir e de pensar.<\/p>\n\n\n\n<p>&nbsp;&nbsp;&nbsp;&nbsp;&nbsp;&nbsp;&nbsp;&nbsp;&nbsp;&nbsp;&nbsp;&nbsp;&nbsp;&nbsp;&nbsp; Por se tratar de situa\u00e7\u00f5es de\nprofunda amea\u00e7a \u00e0 nossa seguran\u00e7a, \u00e0 nossa sa\u00fade e ao nosso bem-estar pessoal e\nsocial, as crises promovem inseguran\u00e7as e medos profundos, aborrecimentos, reclama\u00e7\u00f5es,\ndescontentamento, desentendimentos, pesar e dor, uma serie de sentimentos\ndesagrad\u00e1veis, os quais provocam mal-estar geral. Isso gera frustra\u00e7\u00e3o, medo, expectativa\nnegativa e cada um de n\u00f3s iremos viv\u00ea-la individualmente, de forma muito\nparticular, assim como particulares ser\u00e3o as respostas que cada um atribuir\u00e1 nesses\nmomentos.<\/p>\n\n\n\n<p>&nbsp;&nbsp;&nbsp;&nbsp;&nbsp;&nbsp;&nbsp;&nbsp;&nbsp;&nbsp;&nbsp;&nbsp; Atualmente, a amea\u00e7a \u00e0 vida e a\nsa\u00fade passou a ser a preocupa\u00e7\u00e3o n\u00famero um do planeta. Todos, estamos\nempenhados a enfrentar essa pandemia. Estamos nos mobilizando para enfrentar esse\nmomento atual de profundo desafio a vida do homem. Essa amea\u00e7a global\nocasionada pelo Corona v\u00edrus, nos pegou de surpresa e de forma inesperada.\nRapidamente se alastrou pelos 4 cantos do planeta, fazendo v\u00edtimas fatais e\ndeixando in\u00fameras sequelas. A doen\u00e7a que ele provoca que \u00e9 a COVID 19, apesar\nde ter uma baixa letalidade, pode at\u00e9 levar a morte pessoas com vulnerabilidades.<\/p>\n\n\n\n<p>&nbsp;&nbsp;&nbsp;&nbsp;&nbsp;&nbsp;&nbsp;&nbsp;&nbsp;&nbsp; &nbsp;&nbsp;&nbsp;&nbsp;Do ponto de vista psicol\u00f3gico e emocional, os\ndanos j\u00e1 come\u00e7am a surgir. As recomenda\u00e7\u00f5es de isolamento familiar, os impedimentos\nde ir e vir, as restri\u00e7\u00f5es sociais, provocou mudan\u00e7as profundas na comunica\u00e7\u00e3o\ne nas rela\u00e7\u00f5es humanas. O medo disseminado atrav\u00e9s da enxurrada de not\u00edcias\nsobre o assunto, muitas improcedentes sobre o e o COVID -19, vem causando pavor\nem muita gente. O absente\u00edsmo laboral em massa, a possibilidade real de morte\nadvinda do cont\u00e1gio do v\u00edrus e de sua doen\u00e7a e as expectativas de algu\u00e9m se\ncontaminar est\u00e1 criando um clima psicol\u00f3gico muito desagrad\u00e1vel e amea\u00e7ador,\ngerando stress e ansiedade difusa.<\/p>\n\n\n\n<p>&nbsp;&nbsp;&nbsp;&nbsp;&nbsp;&nbsp;&nbsp;&nbsp;&nbsp;&nbsp;&nbsp;&nbsp;&nbsp;&nbsp;&nbsp;&nbsp; A perspectiva, \u00e9 que esses\nquadros de mal-estar psicossocial geral se espalhem na popula\u00e7\u00e3o. Entre os\ntranstornos ansiosos mais esperados s\u00e3o: <strong><em>estresse p\u00f3s-traum\u00e1tico, ansiedade\ngeneralizada, transtornos f\u00f3bico ansiosos, transtornos obsessivos compulsivos e\noutros transtornos de espectro ansioso<\/em><\/strong>. E porque isso? Simplesmente, porque\na ansiedade \u00e9 o principal mecanismo neuro-adaptativo que lan\u00e7amos m\u00e3o, do ponto\nde vista neurocomportamental, para enfrentarmos as situa\u00e7\u00f5es novas, fora e\ndentro da gente, impostas pela crise atual e isso pode disfuncionar esse\nmecanismo, provocando doen\u00e7a nas pessoas.<\/p>\n\n\n\n<p>&nbsp;&nbsp;&nbsp;&nbsp;&nbsp;&nbsp;&nbsp;&nbsp;&nbsp;&nbsp;&nbsp;&nbsp; Em um segundo momento psicol\u00f3gico,\ndevido \u00e0s in\u00fameras perdas profundas e as dores imensas vividas por cada uma das\npessoas em raz\u00e3o da pandemia, haver\u00e1 certamente quadros depressivos disseminados\nna popula\u00e7\u00e3o geral, de intensidades variadas, leves, moderados e graves\nprovocas por morte de parentes e pessoas queridas, perdas materiais, perdas do\ntrabalho e perdas da sa\u00fade. Fatalmente, ocorrer\u00e1 um n\u00famero maior de suic\u00eddios e\nde outros transtornos depressivos do humor. Os que estar\u00e3o mais vulner\u00e1veis \u00e0\nesses quadros psiqui\u00e1tricos s\u00e3o os profissionais da linha de frente da pandemia,\ncomo os da sa\u00fade, os gestores p\u00fablicos e muitos outros trabalhadores que\ntrabalham para garantir as atividades assistenciais a esses enfermos.<\/p>\n\n\n\n<p>&nbsp;&nbsp;&nbsp;&nbsp;&nbsp;&nbsp;&nbsp;&nbsp;&nbsp;&nbsp;&nbsp;&nbsp; Os que est\u00e3o reclusos em suas\ncasas, impedidos de sair e de trabalharem. Os idosos portadores de doen\u00e7as\ncr\u00f4nicas, jovens com vida social ativa, trabalhadores impossibilitados de\ntrabalharem, portadores de doen\u00e7as mentais graves, usu\u00e1rios de \u00e1lcool, tabaco e\noutras drogas certamente ser\u00e3o os mais afetados pela virul\u00eancia desse Corona e\ndessa pandemia, considerando o estado de sa\u00fade dessas pessoas.<\/p>\n\n\n\n<p>&nbsp;&nbsp;&nbsp;&nbsp;&nbsp;&nbsp;&nbsp;&nbsp;&nbsp;&nbsp;&nbsp;&nbsp; Vamos nos cuidar uns aos outros e\nseguir todas as orienta\u00e7\u00f5es que nos est\u00e3o sendo dadas pelas autoridades\nsanit\u00e1rias. Sejamos mais solid\u00e1rios, ajudando aos mais necessitados. Transforme\nsua casa em um ambiente salutar e prazeroso, assegure boas pr\u00e1ticas higi\u00eanicas\ne por \u00faltimo cuide bem de voc\u00ea mesmo e de sua mente.<\/p>\n","protected":false},"excerpt":{"rendered":"<p>&nbsp;&nbsp;&nbsp;&nbsp;&nbsp;&nbsp;&nbsp;&nbsp;&nbsp;&nbsp; &nbsp;Atualmente, o que mais se ouve falar \u00e9 de crise e a que se destaca \u00e9 a da sa\u00fade [&hellip;]<\/p>\n","protected":false},"author":3,"featured_media":0,"comment_status":"open","ping_status":"open","sticky":false,"template":"","format":"standard","meta":{"site-sidebar-layout":"default","site-content-layout":"","ast-site-content-layout":"default","site-content-style":"default","site-sidebar-style":"default","ast-global-header-display":"","ast-banner-title-visibility":"","ast-main-header-display":"","ast-hfb-above-header-display":"","ast-hfb-below-header-display":"","ast-hfb-mobile-header-display":"","site-post-title":"","ast-breadcrumbs-content":"","ast-featured-img":"","footer-sml-layout":"","ast-disable-related-posts":"","theme-transparent-header-meta":"","adv-header-id-meta":"","stick-header-meta":"","header-above-stick-meta":"","header-main-stick-meta":"","header-below-stick-meta":"","astra-migrate-meta-layouts":"default","ast-page-background-enabled":"default","ast-page-background-meta":{"desktop":{"background-color":"var(--ast-global-color-5)","background-image":"","background-repeat":"repeat","background-position":"center center","background-size":"auto","background-attachment":"scroll","background-type":"","background-media":"","overlay-type":"","overlay-color":"","overlay-opacity":"","overlay-gradient":""},"tablet":{"background-color":"","background-image":"","background-repeat":"repeat","background-position":"center center","background-size":"auto","background-attachment":"scroll","background-type":"","background-media":"","overlay-type":"","overlay-color":"","overlay-opacity":"","overlay-gradient":""},"mobile":{"background-color":"","background-image":"","background-repeat":"repeat","background-position":"center center","background-size":"auto","background-attachment":"scroll","background-type":"","background-media":"","overlay-type":"","overlay-color":"","overlay-opacity":"","overlay-gradient":""}},"ast-content-background-meta":{"desktop":{"background-color":"var(--ast-global-color-4)","background-image":"","background-repeat":"repeat","background-position":"center center","background-size":"auto","background-attachment":"scroll","background-type":"","background-media":"","overlay-type":"","overlay-color":"","overlay-opacity":"","overlay-gradient":""},"tablet":{"background-color":"var(--ast-global-color-4)","background-image":"","background-repeat":"repeat","background-position":"center center","background-size":"auto","background-attachment":"scroll","background-type":"","background-media":"","overlay-type":"","overlay-color":"","overlay-opacity":"","overlay-gradient":""},"mobile":{"background-color":"var(--ast-global-color-4)","background-image":"","background-repeat":"repeat","background-position":"center center","background-size":"auto","background-attachment":"scroll","background-type":"","background-media":"","overlay-type":"","overlay-color":"","overlay-opacity":"","overlay-gradient":""}},"footnotes":""},"categories":[7,1],"tags":[],"class_list":["post-1268","post","type-post","status-publish","format-standard","hentry","category-saude-mental","category-sem-categoria"],"yoast_head":"<!-- This site is optimized with the Yoast SEO plugin v26.6 - https:\/\/yoast.com\/wordpress\/plugins\/seo\/ -->\n<title>Sa\u00fade mental em \u00e9poca de COVID -19 - Ruy Palhano<\/title>\n<meta name=\"robots\" content=\"index, follow, max-snippet:-1, max-image-preview:large, max-video-preview:-1\" \/>\n<link rel=\"canonical\" href=\"https:\/\/www.blogsoestado.com\/ruypalhano\/2020\/04\/03\/saude-mental-em-epoca-de-covid-19\/\" \/>\n<meta property=\"og:locale\" content=\"pt_BR\" \/>\n<meta property=\"og:type\" content=\"article\" \/>\n<meta property=\"og:title\" content=\"Sa\u00fade mental em \u00e9poca de COVID -19 - Ruy Palhano\" \/>\n<meta property=\"og:description\" content=\"&nbsp;&nbsp;&nbsp;&nbsp;&nbsp;&nbsp;&nbsp;&nbsp;&nbsp;&nbsp; &nbsp;Atualmente, o que mais se ouve falar \u00e9 de crise e a que se destaca \u00e9 a da sa\u00fade [&hellip;]\" \/>\n<meta property=\"og:url\" content=\"https:\/\/www.blogsoestado.com\/ruypalhano\/2020\/04\/03\/saude-mental-em-epoca-de-covid-19\/\" \/>\n<meta property=\"og:site_name\" content=\"Ruy Palhano\" \/>\n<meta property=\"article:published_time\" content=\"2020-04-03T14:37:35+00:00\" \/>\n<meta name=\"author\" content=\"Ruy Palhano\" \/>\n<meta name=\"twitter:card\" content=\"summary_large_image\" \/>\n<meta name=\"twitter:label1\" content=\"Escrito por\" \/>\n\t<meta name=\"twitter:data1\" content=\"Ruy Palhano\" \/>\n\t<meta name=\"twitter:label2\" content=\"Est. tempo de leitura\" \/>\n\t<meta name=\"twitter:data2\" content=\"6 minutos\" \/>\n<script type=\"application\/ld+json\" class=\"yoast-schema-graph\">{\"@context\":\"https:\/\/schema.org\",\"@graph\":[{\"@type\":\"WebPage\",\"@id\":\"https:\/\/www.blogsoestado.com\/ruypalhano\/2020\/04\/03\/saude-mental-em-epoca-de-covid-19\/\",\"url\":\"https:\/\/www.blogsoestado.com\/ruypalhano\/2020\/04\/03\/saude-mental-em-epoca-de-covid-19\/\",\"name\":\"Sa\u00fade mental em \u00e9poca de COVID -19 - Ruy Palhano\",\"isPartOf\":{\"@id\":\"https:\/\/www.blogsoestado.com\/ruypalhano\/#website\"},\"datePublished\":\"2020-04-03T14:37:35+00:00\",\"author\":{\"@id\":\"https:\/\/www.blogsoestado.com\/ruypalhano\/#\/schema\/person\/ef49e08ec3e742dec1682f34674f2c84\"},\"breadcrumb\":{\"@id\":\"https:\/\/www.blogsoestado.com\/ruypalhano\/2020\/04\/03\/saude-mental-em-epoca-de-covid-19\/#breadcrumb\"},\"inLanguage\":\"pt-BR\",\"potentialAction\":[{\"@type\":\"ReadAction\",\"target\":[\"https:\/\/www.blogsoestado.com\/ruypalhano\/2020\/04\/03\/saude-mental-em-epoca-de-covid-19\/\"]}]},{\"@type\":\"BreadcrumbList\",\"@id\":\"https:\/\/www.blogsoestado.com\/ruypalhano\/2020\/04\/03\/saude-mental-em-epoca-de-covid-19\/#breadcrumb\",\"itemListElement\":[{\"@type\":\"ListItem\",\"position\":1,\"name\":\"In\u00edcio\",\"item\":\"https:\/\/www.blogsoestado.com\/ruypalhano\/\"},{\"@type\":\"ListItem\",\"position\":2,\"name\":\"Sa\u00fade mental em \u00e9poca de COVID -19\"}]},{\"@type\":\"WebSite\",\"@id\":\"https:\/\/www.blogsoestado.com\/ruypalhano\/#website\",\"url\":\"https:\/\/www.blogsoestado.com\/ruypalhano\/\",\"name\":\"Ruy Palhano\",\"description\":\"\",\"potentialAction\":[{\"@type\":\"SearchAction\",\"target\":{\"@type\":\"EntryPoint\",\"urlTemplate\":\"https:\/\/www.blogsoestado.com\/ruypalhano\/?s={search_term_string}\"},\"query-input\":{\"@type\":\"PropertyValueSpecification\",\"valueRequired\":true,\"valueName\":\"search_term_string\"}}],\"inLanguage\":\"pt-BR\"},{\"@type\":\"Person\",\"@id\":\"https:\/\/www.blogsoestado.com\/ruypalhano\/#\/schema\/person\/ef49e08ec3e742dec1682f34674f2c84\",\"name\":\"Ruy Palhano\",\"image\":{\"@type\":\"ImageObject\",\"inLanguage\":\"pt-BR\",\"@id\":\"https:\/\/www.blogsoestado.com\/ruypalhano\/#\/schema\/person\/image\/\",\"url\":\"https:\/\/secure.gravatar.com\/avatar\/d08170dc68d65048f069f40789786091e8b070aa02b0d2e514ddd0244c684a5a?s=96&d=mm&r=g\",\"contentUrl\":\"https:\/\/secure.gravatar.com\/avatar\/d08170dc68d65048f069f40789786091e8b070aa02b0d2e514ddd0244c684a5a?s=96&d=mm&r=g\",\"caption\":\"Ruy Palhano\"},\"url\":\"https:\/\/www.blogsoestado.com\/ruypalhano\/author\/ruypalhano\/\"}]}<\/script>\n<!-- \/ Yoast SEO plugin. -->","yoast_head_json":{"title":"Sa\u00fade mental em \u00e9poca de COVID -19 - Ruy Palhano","robots":{"index":"index","follow":"follow","max-snippet":"max-snippet:-1","max-image-preview":"max-image-preview:large","max-video-preview":"max-video-preview:-1"},"canonical":"https:\/\/www.blogsoestado.com\/ruypalhano\/2020\/04\/03\/saude-mental-em-epoca-de-covid-19\/","og_locale":"pt_BR","og_type":"article","og_title":"Sa\u00fade mental em \u00e9poca de COVID -19 - Ruy Palhano","og_description":"&nbsp;&nbsp;&nbsp;&nbsp;&nbsp;&nbsp;&nbsp;&nbsp;&nbsp;&nbsp; &nbsp;Atualmente, o que mais se ouve falar \u00e9 de crise e a que se destaca \u00e9 a da sa\u00fade [&hellip;]","og_url":"https:\/\/www.blogsoestado.com\/ruypalhano\/2020\/04\/03\/saude-mental-em-epoca-de-covid-19\/","og_site_name":"Ruy Palhano","article_published_time":"2020-04-03T14:37:35+00:00","author":"Ruy Palhano","twitter_card":"summary_large_image","twitter_misc":{"Escrito por":"Ruy Palhano","Est. tempo de leitura":"6 minutos"},"schema":{"@context":"https:\/\/schema.org","@graph":[{"@type":"WebPage","@id":"https:\/\/www.blogsoestado.com\/ruypalhano\/2020\/04\/03\/saude-mental-em-epoca-de-covid-19\/","url":"https:\/\/www.blogsoestado.com\/ruypalhano\/2020\/04\/03\/saude-mental-em-epoca-de-covid-19\/","name":"Sa\u00fade mental em \u00e9poca de COVID -19 - Ruy Palhano","isPartOf":{"@id":"https:\/\/www.blogsoestado.com\/ruypalhano\/#website"},"datePublished":"2020-04-03T14:37:35+00:00","author":{"@id":"https:\/\/www.blogsoestado.com\/ruypalhano\/#\/schema\/person\/ef49e08ec3e742dec1682f34674f2c84"},"breadcrumb":{"@id":"https:\/\/www.blogsoestado.com\/ruypalhano\/2020\/04\/03\/saude-mental-em-epoca-de-covid-19\/#breadcrumb"},"inLanguage":"pt-BR","potentialAction":[{"@type":"ReadAction","target":["https:\/\/www.blogsoestado.com\/ruypalhano\/2020\/04\/03\/saude-mental-em-epoca-de-covid-19\/"]}]},{"@type":"BreadcrumbList","@id":"https:\/\/www.blogsoestado.com\/ruypalhano\/2020\/04\/03\/saude-mental-em-epoca-de-covid-19\/#breadcrumb","itemListElement":[{"@type":"ListItem","position":1,"name":"In\u00edcio","item":"https:\/\/www.blogsoestado.com\/ruypalhano\/"},{"@type":"ListItem","position":2,"name":"Sa\u00fade mental em \u00e9poca de COVID -19"}]},{"@type":"WebSite","@id":"https:\/\/www.blogsoestado.com\/ruypalhano\/#website","url":"https:\/\/www.blogsoestado.com\/ruypalhano\/","name":"Ruy Palhano","description":"","potentialAction":[{"@type":"SearchAction","target":{"@type":"EntryPoint","urlTemplate":"https:\/\/www.blogsoestado.com\/ruypalhano\/?s={search_term_string}"},"query-input":{"@type":"PropertyValueSpecification","valueRequired":true,"valueName":"search_term_string"}}],"inLanguage":"pt-BR"},{"@type":"Person","@id":"https:\/\/www.blogsoestado.com\/ruypalhano\/#\/schema\/person\/ef49e08ec3e742dec1682f34674f2c84","name":"Ruy Palhano","image":{"@type":"ImageObject","inLanguage":"pt-BR","@id":"https:\/\/www.blogsoestado.com\/ruypalhano\/#\/schema\/person\/image\/","url":"https:\/\/secure.gravatar.com\/avatar\/d08170dc68d65048f069f40789786091e8b070aa02b0d2e514ddd0244c684a5a?s=96&d=mm&r=g","contentUrl":"https:\/\/secure.gravatar.com\/avatar\/d08170dc68d65048f069f40789786091e8b070aa02b0d2e514ddd0244c684a5a?s=96&d=mm&r=g","caption":"Ruy Palhano"},"url":"https:\/\/www.blogsoestado.com\/ruypalhano\/author\/ruypalhano\/"}]}},"jetpack_featured_media_url":"","_links":{"self":[{"href":"https:\/\/www.blogsoestado.com\/ruypalhano\/wp-json\/wp\/v2\/posts\/1268","targetHints":{"allow":["GET"]}}],"collection":[{"href":"https:\/\/www.blogsoestado.com\/ruypalhano\/wp-json\/wp\/v2\/posts"}],"about":[{"href":"https:\/\/www.blogsoestado.com\/ruypalhano\/wp-json\/wp\/v2\/types\/post"}],"author":[{"embeddable":true,"href":"https:\/\/www.blogsoestado.com\/ruypalhano\/wp-json\/wp\/v2\/users\/3"}],"replies":[{"embeddable":true,"href":"https:\/\/www.blogsoestado.com\/ruypalhano\/wp-json\/wp\/v2\/comments?post=1268"}],"version-history":[{"count":0,"href":"https:\/\/www.blogsoestado.com\/ruypalhano\/wp-json\/wp\/v2\/posts\/1268\/revisions"}],"wp:attachment":[{"href":"https:\/\/www.blogsoestado.com\/ruypalhano\/wp-json\/wp\/v2\/media?parent=1268"}],"wp:term":[{"taxonomy":"category","embeddable":true,"href":"https:\/\/www.blogsoestado.com\/ruypalhano\/wp-json\/wp\/v2\/categories?post=1268"},{"taxonomy":"post_tag","embeddable":true,"href":"https:\/\/www.blogsoestado.com\/ruypalhano\/wp-json\/wp\/v2\/tags?post=1268"}],"curies":[{"name":"wp","href":"https:\/\/api.w.org\/{rel}","templated":true}]}}