{"id":1271,"date":"2020-04-24T16:59:47","date_gmt":"2020-04-24T19:59:47","guid":{"rendered":"https:\/\/www.blogsoestado.com\/ruypalhano\/?p=1271"},"modified":"2020-04-24T16:59:47","modified_gmt":"2020-04-24T19:59:47","slug":"o-distanciamento-social","status":"publish","type":"post","link":"https:\/\/www.blogsoestado.com\/ruypalhano\/2020\/04\/24\/o-distanciamento-social\/","title":{"rendered":"O Distanciamento social"},"content":{"rendered":"\n<p><\/p>\n\n\n\n<p>&nbsp;&nbsp;&nbsp;&nbsp;&nbsp;&nbsp;&nbsp;&nbsp;&nbsp;&nbsp; &nbsp;&nbsp;&nbsp;&nbsp;&nbsp;&nbsp;Isolamento social, reclus\u00e3o social, confinamento domiciliar, distanciamento social, esses s\u00e3o, ente outros, os nomes dados \u00e0 atitude das pessoas ao se recolherem em suas casas como uma das estrat\u00e9gias recomendados pelos, Minist\u00e9rio da Sa\u00fade e OMS, para impedir o alastramento da contamina\u00e7\u00e3o pelo SARS-CoV-2.<\/p>\n\n\n\n<p>&nbsp;&nbsp;&nbsp;&nbsp;&nbsp;&nbsp;&nbsp;&nbsp;&nbsp;&nbsp;&nbsp;&nbsp;&nbsp;&nbsp;&nbsp; Al\u00e9m do distanciamento social e de todas as outras recomenda\u00e7\u00f5es propostas por esses \u00f3rg\u00e3os para o enfrentamento da pandemia, sabe-se que, se aplicadas em bloco, os preju\u00edzos seriam bem menores aos que est\u00e3o previstos se n\u00e3o forem adotadas tais medidas. Portanto, s\u00e3o recomenda\u00e7\u00f5es vitais \u00e0 favor da sa\u00fade, da seguran\u00e7a e da vida. De tal forma, que adotar tais medidas, passa a ser um dever do estado e de cada um de n\u00f3s no enfrentamento dessa situa\u00e7\u00e3o.<\/p>\n\n\n\n<p>&nbsp;&nbsp;&nbsp;&nbsp;&nbsp;&nbsp;&nbsp;&nbsp;&nbsp;&nbsp;&nbsp;&nbsp; Essas medidas sanit\u00e1rias e epidemiol\u00f3gicas, para o controle do v\u00edrus e progress\u00e3o da doen\u00e7a, bem fundamentadas, est\u00e3o ocorrendo em um tempo especial, onde est\u00e1vamos, absolutamente, despreparados, em todos os sentidos, para encarar o que est\u00e1 a\u00ed. Nos pegou a todos de surpresa, gerando impactos brutais em nossa vida, pessoal, social, emocional, comportamental e econ\u00f4mica, al\u00e9m de outros aspectos da nossa vida associativa, provocando, por isso mesmo, uma desadapta\u00e7\u00e3o psicossocial geral na popula\u00e7\u00e3o<\/p>\n\n\n\n<p>&nbsp;&nbsp;&nbsp;&nbsp;&nbsp;&nbsp;&nbsp;&nbsp;&nbsp;&nbsp;&nbsp;&nbsp;&nbsp; O Slogan das campanhas \u00e9 <strong><em>\u201cfique em casa\u201d,<\/em><\/strong> est\u00e1 disseminada no mundo inteiro como medida sanit\u00e1ria e epidemiol\u00f3gica de seguran\u00e7a e de enfrentamento da pandemia. Talvez tenha sido a medida mais complexa e desafiadora recomendada para se enfrentar o que vem ocorrendo conosco. Provocou profundas mudan\u00e7as em nossos h\u00e1bitos, costumes, em nosso psicol\u00f3gico e na maneira de vivermos no mundo. Aparentemente, <strong><em>ficar em casa<\/em><\/strong> n\u00e3o \u00e9 nada de especial, pois queiramos n\u00f3s ou n\u00e3o, nossa casa \u00e9 um dos mais importantes ambiente, onde com nossas fam\u00edlias, implementamos grande parte de nossa exist\u00eancia. O problema, surge, quando <strong><em>ficar em casa<\/em><\/strong> implica em uma profunda ruptura de nossos outros la\u00e7os sociais, no abandono das nossas atividades laborativas, no nossos desvinculamento f\u00edsico presencial, na separa\u00e7\u00e3o das pessoas com as quais t\u00ednhamos intimidades, al\u00e9m de uma infinidade de outros rompimentos e separa\u00e7\u00f5es em nome da nossa prote\u00e7\u00e3o contra o Corona v\u00edrus.<\/p>\n\n\n\n<p>&nbsp;&nbsp;&nbsp;&nbsp;&nbsp;&nbsp;&nbsp;&nbsp;&nbsp;&nbsp;&nbsp;&nbsp;&nbsp;&nbsp;&nbsp;&nbsp; Nessas condi\u00e7\u00f5es de mudan\u00e7as profundas porque estamos passando em nome da prote\u00e7\u00e3o da nossa vida e da sa\u00fade, essa compreens\u00e3o, n\u00e3o impede o surgimento desse mal-estar profundo porque todos estamos passando no presente momento. Isto \u00e9, mesmo se sabendo que o grande motivo para explicar todas essas mudan\u00e7as seja, absolutamente relevante, isso n\u00e3o impede a frustra\u00e7\u00e3o, o medo e tristeza que vem tomando conta de todos nos dias atuais.<\/p>\n\n\n\n<p><strong><em>&nbsp;&nbsp;&nbsp;&nbsp;&nbsp;&nbsp;&nbsp;&nbsp;&nbsp;&nbsp;&nbsp;&nbsp;&nbsp;&nbsp;&nbsp; Do ponto de vista da sa\u00fade mental<\/em><\/strong>, alguns problemas j\u00e1 come\u00e7am a aflorar mais abundantemente na popula\u00e7\u00e3o. O medo do cont\u00e1gio com do Corona v\u00edrus e da COVID-19, tem deixado muita gente em estado e choque, assustados, apavorados e com p\u00e2nico, pois esse fato por si s\u00f3s, provocam n\u00edveis profundos e insuport\u00e1veis de desgastes emocionais, de stress e na cogni\u00e7\u00e3o. Me refiro, especialmente, \u00e0 popula\u00e7\u00e3o mais vulner\u00e1vel de riscos para as situa\u00e7\u00f5es acima, que s\u00e3o os profissionais da sa\u00fade (m\u00e9dicos, enfermeiros, auxiliares de enfermagem, fisioterapeutas, fonoaudi\u00f3logos e outros trabalhadores que exercem suas atividades em hospitais, UPAS, Prontos-Socorros etc., os quais se exp\u00f5es, diariamente, \u00e0 enormes riscos de uma contamina\u00e7\u00e3o a esse virus. O pior de tudo, \u00e9 que j\u00e1 surgem graves den\u00fancias que esses profissionais est\u00e3o trabalhando em condi\u00e7\u00f5es prec\u00e1rias de seguran\u00e7a em muitos locais de nosso estado. Fato que torna a situa\u00e7\u00e3o mais amea\u00e7adora, assustadora e insuport\u00e1vel do ponto de vista emocional.<\/p>\n\n\n\n<p>&nbsp;&nbsp;&nbsp;&nbsp;&nbsp;&nbsp;&nbsp;&nbsp;&nbsp;&nbsp;&nbsp;&nbsp;&nbsp;&nbsp;&nbsp;&nbsp; Outras popula\u00e7\u00f5es tamb\u00e9m muito afetadas por essa situa\u00e7\u00e3o psicol\u00f3gico e social dessa pandemia, s\u00e3o os idosos, os portadores de doen\u00e7as cr\u00f4nicas respirat\u00f3rias, diab\u00e9ticos, hipertensos, e portadores de outras doen\u00e7as cr\u00f4nicas. Esses, est\u00e3o tamb\u00e9m bem mais assustados. Essa situa\u00e7\u00e3o de ansiedade estrema e de muita apreens\u00e3o e sofrimento, pode incrementar a possibilidade dessa popula\u00e7\u00e3o de outras desenvolverem uma s\u00e9rie de transtornos psiqui\u00e1tricos que j\u00e1 s\u00e3o esperados, epidemiologicamente, em situa\u00e7\u00f5es de grandes cat\u00e1strofes, pandemias e desastres, guerras etc. Ou mesmo em situa\u00e7\u00f5es de grandes crises psicossociais, semelhante a que estamos passando no presente momento.<\/p>\n\n\n\n<p>&nbsp;&nbsp;&nbsp;&nbsp;&nbsp;&nbsp;&nbsp;&nbsp;&nbsp;&nbsp;&nbsp;&nbsp;&nbsp;&nbsp;&nbsp; Do ponto de vista psiqui\u00e1trico e comportamental, os transtornos previstos para ocorrerem ante esses problemas, s\u00e3o: <strong><em>Transtorno de Stress P\u00f3s-Traum\u00e1tico \u2013 TEPT, ocasionado por uma disfun\u00e7\u00e3o da ansiedade<\/em><\/strong>. se caracteriza clinicamente por: sinais e sintomas f\u00edsicos, ps\u00edquicos e emocionais e comportamentais ocasionado por ser v\u00edtima ou testemunha de atos violentos ou de situa\u00e7\u00f5es traum\u00e1ticas graves os quais representaram amea\u00e7a \u00e0 vida, a vida de terceiros. S\u00e3o situa\u00e7\u00f5es carregadas de dor e muito sofrimento. Apresentam flashback, recordam, persistentemente, os fatos, mesmo j\u00e1 tendo passado por ele, revivendo-o.&nbsp; Essa situa\u00e7\u00e3o \u00e9 conhecida como revivesc\u00eancia, reminisc\u00eancia e a mesma desencadeia uma gama enorme de rea\u00e7\u00f5es ps\u00edquicas e corporativas e comportamentais, nessas pessoas.<\/p>\n\n\n\n<p>&nbsp;&nbsp;&nbsp;&nbsp;&nbsp;&nbsp;&nbsp;&nbsp;&nbsp;&nbsp;&nbsp;&nbsp; Entre 15% e 20% das pessoas que, s\u00e3o v\u00edtimas ou presenciam tais acontecimentos (viol\u00eancia urbana, agress\u00e3o f\u00edsica, abuso sexual, terrorismo, guerras, pandemias, tortura, assalto, sequestro, acidentes, cat\u00e1strofes naturais ou n\u00e3o, desenvolvem o TEPT.<\/p>\n\n\n\n<p>&nbsp;&nbsp;&nbsp;&nbsp;&nbsp;&nbsp;&nbsp;&nbsp;&nbsp; &nbsp;&nbsp;&nbsp;Outros transtornos nesses momentos iniciais da pandemia e que tamb\u00e9m bases na ansiedade disfuncional, s\u00e3o: <strong><em>Transtorno de Ansiedade Generalizada \u2013 TAG, Transtornos F\u00f3bicos, Transtorno de P\u00e2nico e S\u00edndrome de Burnout<\/em><\/strong>. Como dissera anteriormente, todas essas condi\u00e7\u00f5es cl\u00ednicas est\u00e3o previstas acontecerem no in\u00edcio e em per\u00edodos intermedi\u00e1ria dessa pandemia, forma significativa, epidemiologicamente, na popula\u00e7\u00e3o atual.<\/p>\n\n\n\n<p>&nbsp;&nbsp;&nbsp;&nbsp;&nbsp;&nbsp;&nbsp;&nbsp;&nbsp;&nbsp;&nbsp;&nbsp;&nbsp;&nbsp;&nbsp;&nbsp; Em uma fase final desses acontecimentos, ou p\u00f3s pandemia, em raz\u00e3o de tod sofrimentos, pesar e dor associados a pandemia, sobretudo \u00e0s perdas enormes, as quais todos estamos sujeitos (sa\u00fade, trabalho, renda, laser, vida social, mortes, perdas materiais e patrimoniais, priva\u00e7\u00f5es, dor e sofrimento) \u00e9 esperado o aparecimento de graves <strong><em>epis\u00f3dios depressivos<\/em><\/strong>, com o incremento significativo de suic\u00eddios na popula\u00e7\u00e3o geral. Portanto, todo esfor\u00e7o que fizermos no sentido de impedir a prolifera\u00e7\u00e3o desse v\u00edrus e o surgimento do COVID 19 \u00e9 pouco, ante essa trag\u00e9dia anunciada que h\u00e1 por tr\u00e1s dessa pandeia. Cuidemo-nos!<\/p>\n","protected":false},"excerpt":{"rendered":"<p>&nbsp;&nbsp;&nbsp;&nbsp;&nbsp;&nbsp;&nbsp;&nbsp;&nbsp;&nbsp; &nbsp;&nbsp;&nbsp;&nbsp;&nbsp;&nbsp;Isolamento social, reclus\u00e3o social, confinamento domiciliar, distanciamento social, esses s\u00e3o, ente outros, os nomes dados \u00e0 atitude das pessoas [&hellip;]<\/p>\n","protected":false},"author":3,"featured_media":0,"comment_status":"open","ping_status":"open","sticky":false,"template":"","format":"standard","meta":{"site-sidebar-layout":"default","site-content-layout":"","ast-site-content-layout":"default","site-content-style":"default","site-sidebar-style":"default","ast-global-header-display":"","ast-banner-title-visibility":"","ast-main-header-display":"","ast-hfb-above-header-display":"","ast-hfb-below-header-display":"","ast-hfb-mobile-header-display":"","site-post-title":"","ast-breadcrumbs-content":"","ast-featured-img":"","footer-sml-layout":"","ast-disable-related-posts":"","theme-transparent-header-meta":"","adv-header-id-meta":"","stick-header-meta":"","header-above-stick-meta":"","header-main-stick-meta":"","header-below-stick-meta":"","astra-migrate-meta-layouts":"default","ast-page-background-enabled":"default","ast-page-background-meta":{"desktop":{"background-color":"var(--ast-global-color-5)","background-image":"","background-repeat":"repeat","background-position":"center center","background-size":"auto","background-attachment":"scroll","background-type":"","background-media":"","overlay-type":"","overlay-color":"","overlay-opacity":"","overlay-gradient":""},"tablet":{"background-color":"","background-image":"","background-repeat":"repeat","background-position":"center center","background-size":"auto","background-attachment":"scroll","background-type":"","background-media":"","overlay-type":"","overlay-color":"","overlay-opacity":"","overlay-gradient":""},"mobile":{"background-color":"","background-image":"","background-repeat":"repeat","background-position":"center center","background-size":"auto","background-attachment":"scroll","background-type":"","background-media":"","overlay-type":"","overlay-color":"","overlay-opacity":"","overlay-gradient":""}},"ast-content-background-meta":{"desktop":{"background-color":"var(--ast-global-color-4)","background-image":"","background-repeat":"repeat","background-position":"center center","background-size":"auto","background-attachment":"scroll","background-type":"","background-media":"","overlay-type":"","overlay-color":"","overlay-opacity":"","overlay-gradient":""},"tablet":{"background-color":"var(--ast-global-color-4)","background-image":"","background-repeat":"repeat","background-position":"center center","background-size":"auto","background-attachment":"scroll","background-type":"","background-media":"","overlay-type":"","overlay-color":"","overlay-opacity":"","overlay-gradient":""},"mobile":{"background-color":"var(--ast-global-color-4)","background-image":"","background-repeat":"repeat","background-position":"center center","background-size":"auto","background-attachment":"scroll","background-type":"","background-media":"","overlay-type":"","overlay-color":"","overlay-opacity":"","overlay-gradient":""}},"footnotes":""},"categories":[3,5,7,1],"tags":[],"class_list":["post-1271","post","type-post","status-publish","format-standard","hentry","category-comportamento","category-doenca-mental","category-saude-mental","category-sem-categoria"],"yoast_head":"<!-- This site is optimized with the Yoast SEO plugin v26.6 - https:\/\/yoast.com\/wordpress\/plugins\/seo\/ -->\n<title>O Distanciamento social - Ruy Palhano<\/title>\n<meta name=\"robots\" content=\"index, follow, max-snippet:-1, max-image-preview:large, max-video-preview:-1\" \/>\n<link rel=\"canonical\" href=\"https:\/\/www.blogsoestado.com\/ruypalhano\/2020\/04\/24\/o-distanciamento-social\/\" \/>\n<meta property=\"og:locale\" content=\"pt_BR\" \/>\n<meta property=\"og:type\" content=\"article\" \/>\n<meta property=\"og:title\" content=\"O Distanciamento social - Ruy Palhano\" \/>\n<meta property=\"og:description\" content=\"&nbsp;&nbsp;&nbsp;&nbsp;&nbsp;&nbsp;&nbsp;&nbsp;&nbsp;&nbsp; &nbsp;&nbsp;&nbsp;&nbsp;&nbsp;&nbsp;Isolamento social, reclus\u00e3o social, confinamento domiciliar, distanciamento social, esses s\u00e3o, ente outros, os nomes dados \u00e0 atitude das pessoas [&hellip;]\" \/>\n<meta property=\"og:url\" content=\"https:\/\/www.blogsoestado.com\/ruypalhano\/2020\/04\/24\/o-distanciamento-social\/\" \/>\n<meta property=\"og:site_name\" content=\"Ruy Palhano\" \/>\n<meta property=\"article:published_time\" content=\"2020-04-24T19:59:47+00:00\" \/>\n<meta name=\"author\" content=\"Ruy Palhano\" \/>\n<meta name=\"twitter:card\" content=\"summary_large_image\" \/>\n<meta name=\"twitter:label1\" content=\"Escrito por\" \/>\n\t<meta name=\"twitter:data1\" content=\"Ruy Palhano\" \/>\n\t<meta name=\"twitter:label2\" content=\"Est. tempo de leitura\" \/>\n\t<meta name=\"twitter:data2\" content=\"6 minutos\" \/>\n<script type=\"application\/ld+json\" class=\"yoast-schema-graph\">{\"@context\":\"https:\/\/schema.org\",\"@graph\":[{\"@type\":\"WebPage\",\"@id\":\"https:\/\/www.blogsoestado.com\/ruypalhano\/2020\/04\/24\/o-distanciamento-social\/\",\"url\":\"https:\/\/www.blogsoestado.com\/ruypalhano\/2020\/04\/24\/o-distanciamento-social\/\",\"name\":\"O Distanciamento social - Ruy Palhano\",\"isPartOf\":{\"@id\":\"https:\/\/www.blogsoestado.com\/ruypalhano\/#website\"},\"datePublished\":\"2020-04-24T19:59:47+00:00\",\"author\":{\"@id\":\"https:\/\/www.blogsoestado.com\/ruypalhano\/#\/schema\/person\/ef49e08ec3e742dec1682f34674f2c84\"},\"breadcrumb\":{\"@id\":\"https:\/\/www.blogsoestado.com\/ruypalhano\/2020\/04\/24\/o-distanciamento-social\/#breadcrumb\"},\"inLanguage\":\"pt-BR\",\"potentialAction\":[{\"@type\":\"ReadAction\",\"target\":[\"https:\/\/www.blogsoestado.com\/ruypalhano\/2020\/04\/24\/o-distanciamento-social\/\"]}]},{\"@type\":\"BreadcrumbList\",\"@id\":\"https:\/\/www.blogsoestado.com\/ruypalhano\/2020\/04\/24\/o-distanciamento-social\/#breadcrumb\",\"itemListElement\":[{\"@type\":\"ListItem\",\"position\":1,\"name\":\"In\u00edcio\",\"item\":\"https:\/\/www.blogsoestado.com\/ruypalhano\/\"},{\"@type\":\"ListItem\",\"position\":2,\"name\":\"O Distanciamento social\"}]},{\"@type\":\"WebSite\",\"@id\":\"https:\/\/www.blogsoestado.com\/ruypalhano\/#website\",\"url\":\"https:\/\/www.blogsoestado.com\/ruypalhano\/\",\"name\":\"Ruy Palhano\",\"description\":\"\",\"potentialAction\":[{\"@type\":\"SearchAction\",\"target\":{\"@type\":\"EntryPoint\",\"urlTemplate\":\"https:\/\/www.blogsoestado.com\/ruypalhano\/?s={search_term_string}\"},\"query-input\":{\"@type\":\"PropertyValueSpecification\",\"valueRequired\":true,\"valueName\":\"search_term_string\"}}],\"inLanguage\":\"pt-BR\"},{\"@type\":\"Person\",\"@id\":\"https:\/\/www.blogsoestado.com\/ruypalhano\/#\/schema\/person\/ef49e08ec3e742dec1682f34674f2c84\",\"name\":\"Ruy Palhano\",\"image\":{\"@type\":\"ImageObject\",\"inLanguage\":\"pt-BR\",\"@id\":\"https:\/\/www.blogsoestado.com\/ruypalhano\/#\/schema\/person\/image\/\",\"url\":\"https:\/\/secure.gravatar.com\/avatar\/d08170dc68d65048f069f40789786091e8b070aa02b0d2e514ddd0244c684a5a?s=96&d=mm&r=g\",\"contentUrl\":\"https:\/\/secure.gravatar.com\/avatar\/d08170dc68d65048f069f40789786091e8b070aa02b0d2e514ddd0244c684a5a?s=96&d=mm&r=g\",\"caption\":\"Ruy Palhano\"},\"url\":\"https:\/\/www.blogsoestado.com\/ruypalhano\/author\/ruypalhano\/\"}]}<\/script>\n<!-- \/ Yoast SEO plugin. -->","yoast_head_json":{"title":"O Distanciamento social - Ruy Palhano","robots":{"index":"index","follow":"follow","max-snippet":"max-snippet:-1","max-image-preview":"max-image-preview:large","max-video-preview":"max-video-preview:-1"},"canonical":"https:\/\/www.blogsoestado.com\/ruypalhano\/2020\/04\/24\/o-distanciamento-social\/","og_locale":"pt_BR","og_type":"article","og_title":"O Distanciamento social - Ruy Palhano","og_description":"&nbsp;&nbsp;&nbsp;&nbsp;&nbsp;&nbsp;&nbsp;&nbsp;&nbsp;&nbsp; &nbsp;&nbsp;&nbsp;&nbsp;&nbsp;&nbsp;Isolamento social, reclus\u00e3o social, confinamento domiciliar, distanciamento social, esses s\u00e3o, ente outros, os nomes dados \u00e0 atitude das pessoas [&hellip;]","og_url":"https:\/\/www.blogsoestado.com\/ruypalhano\/2020\/04\/24\/o-distanciamento-social\/","og_site_name":"Ruy Palhano","article_published_time":"2020-04-24T19:59:47+00:00","author":"Ruy Palhano","twitter_card":"summary_large_image","twitter_misc":{"Escrito por":"Ruy Palhano","Est. tempo de leitura":"6 minutos"},"schema":{"@context":"https:\/\/schema.org","@graph":[{"@type":"WebPage","@id":"https:\/\/www.blogsoestado.com\/ruypalhano\/2020\/04\/24\/o-distanciamento-social\/","url":"https:\/\/www.blogsoestado.com\/ruypalhano\/2020\/04\/24\/o-distanciamento-social\/","name":"O Distanciamento social - Ruy Palhano","isPartOf":{"@id":"https:\/\/www.blogsoestado.com\/ruypalhano\/#website"},"datePublished":"2020-04-24T19:59:47+00:00","author":{"@id":"https:\/\/www.blogsoestado.com\/ruypalhano\/#\/schema\/person\/ef49e08ec3e742dec1682f34674f2c84"},"breadcrumb":{"@id":"https:\/\/www.blogsoestado.com\/ruypalhano\/2020\/04\/24\/o-distanciamento-social\/#breadcrumb"},"inLanguage":"pt-BR","potentialAction":[{"@type":"ReadAction","target":["https:\/\/www.blogsoestado.com\/ruypalhano\/2020\/04\/24\/o-distanciamento-social\/"]}]},{"@type":"BreadcrumbList","@id":"https:\/\/www.blogsoestado.com\/ruypalhano\/2020\/04\/24\/o-distanciamento-social\/#breadcrumb","itemListElement":[{"@type":"ListItem","position":1,"name":"In\u00edcio","item":"https:\/\/www.blogsoestado.com\/ruypalhano\/"},{"@type":"ListItem","position":2,"name":"O Distanciamento social"}]},{"@type":"WebSite","@id":"https:\/\/www.blogsoestado.com\/ruypalhano\/#website","url":"https:\/\/www.blogsoestado.com\/ruypalhano\/","name":"Ruy Palhano","description":"","potentialAction":[{"@type":"SearchAction","target":{"@type":"EntryPoint","urlTemplate":"https:\/\/www.blogsoestado.com\/ruypalhano\/?s={search_term_string}"},"query-input":{"@type":"PropertyValueSpecification","valueRequired":true,"valueName":"search_term_string"}}],"inLanguage":"pt-BR"},{"@type":"Person","@id":"https:\/\/www.blogsoestado.com\/ruypalhano\/#\/schema\/person\/ef49e08ec3e742dec1682f34674f2c84","name":"Ruy Palhano","image":{"@type":"ImageObject","inLanguage":"pt-BR","@id":"https:\/\/www.blogsoestado.com\/ruypalhano\/#\/schema\/person\/image\/","url":"https:\/\/secure.gravatar.com\/avatar\/d08170dc68d65048f069f40789786091e8b070aa02b0d2e514ddd0244c684a5a?s=96&d=mm&r=g","contentUrl":"https:\/\/secure.gravatar.com\/avatar\/d08170dc68d65048f069f40789786091e8b070aa02b0d2e514ddd0244c684a5a?s=96&d=mm&r=g","caption":"Ruy Palhano"},"url":"https:\/\/www.blogsoestado.com\/ruypalhano\/author\/ruypalhano\/"}]}},"jetpack_featured_media_url":"","_links":{"self":[{"href":"https:\/\/www.blogsoestado.com\/ruypalhano\/wp-json\/wp\/v2\/posts\/1271","targetHints":{"allow":["GET"]}}],"collection":[{"href":"https:\/\/www.blogsoestado.com\/ruypalhano\/wp-json\/wp\/v2\/posts"}],"about":[{"href":"https:\/\/www.blogsoestado.com\/ruypalhano\/wp-json\/wp\/v2\/types\/post"}],"author":[{"embeddable":true,"href":"https:\/\/www.blogsoestado.com\/ruypalhano\/wp-json\/wp\/v2\/users\/3"}],"replies":[{"embeddable":true,"href":"https:\/\/www.blogsoestado.com\/ruypalhano\/wp-json\/wp\/v2\/comments?post=1271"}],"version-history":[{"count":0,"href":"https:\/\/www.blogsoestado.com\/ruypalhano\/wp-json\/wp\/v2\/posts\/1271\/revisions"}],"wp:attachment":[{"href":"https:\/\/www.blogsoestado.com\/ruypalhano\/wp-json\/wp\/v2\/media?parent=1271"}],"wp:term":[{"taxonomy":"category","embeddable":true,"href":"https:\/\/www.blogsoestado.com\/ruypalhano\/wp-json\/wp\/v2\/categories?post=1271"},{"taxonomy":"post_tag","embeddable":true,"href":"https:\/\/www.blogsoestado.com\/ruypalhano\/wp-json\/wp\/v2\/tags?post=1271"}],"curies":[{"name":"wp","href":"https:\/\/api.w.org\/{rel}","templated":true}]}}