{"id":1280,"date":"2020-05-20T14:47:50","date_gmt":"2020-05-20T17:47:50","guid":{"rendered":"https:\/\/www.blogsoestado.com\/ruypalhano\/?p=1280"},"modified":"2020-05-20T14:47:50","modified_gmt":"2020-05-20T17:47:50","slug":"doencas-mentais-e-pandemia-2","status":"publish","type":"post","link":"https:\/\/www.blogsoestado.com\/ruypalhano\/2020\/05\/20\/doencas-mentais-e-pandemia-2\/","title":{"rendered":"Doen\u00e7as mentais e pandemia"},"content":{"rendered":"\n<p><\/p>\n\n\n\n<p>&nbsp;&nbsp;&nbsp;&nbsp;&nbsp;&nbsp;&nbsp;&nbsp;&nbsp;&nbsp; As doen\u00e7as mentais, s\u00e3o doen\u00e7as que evoluem cronicamente e s\u00e3o, intensamente, prevalentes no mundo e contribuem para morbidade, para a incapacita\u00e7\u00e3o funcional, social e laboral e para a mortalidade prematura. Estima-se que 25% da popula\u00e7\u00e3o geral apresentar\u00e3o um ou mais transtornos mentais ao longo da vida (Rodriguez et al, 2009). Se somados aos transtornos neurol\u00f3gicos, esses grupos de doen\u00e7as representam 14% da carga global de doen\u00e7as, sendo que na Am\u00e9rica Latina atinge 21% (OMS, 2008).<\/p>\n\n\n\n<p>&nbsp;&nbsp;&nbsp;&nbsp;&nbsp;&nbsp;&nbsp;&nbsp;&nbsp;&nbsp;&nbsp;&nbsp;&nbsp;&nbsp;&nbsp; Estas, enfermidades se caracterizam por quadros cl\u00ednicos bem definidos os quais atingem os pensamentos, as percep\u00e7\u00f5es, as emo\u00e7\u00f5es, os sentimentos, o humor, fun\u00e7\u00f5es executivas e o pragmatismo, entre outras altera\u00e7\u00f5es. Segundo a OMS, entre os transtornos mentais, destacam-se: <em>transtorno depressivo (depress\u00e3o), o Transtorno Afetivo Bipolar &#8211; TAB, e suas diferentes formas cl\u00ednicas, os Transtornos de Ansiedade e seus tipos cl\u00ednicos a Esquizofrenia e suas formas cl\u00ednicas e outras psicoses. Destacam-se, tamb\u00e9m, as Dem\u00eancias, a defici\u00eancia intelectual e Transtornos de Desenvolvimento, incluindo o Autismo.<\/em><\/p>\n\n\n\n<p>&nbsp;&nbsp;&nbsp;&nbsp;&nbsp;&nbsp;&nbsp;&nbsp;&nbsp;&nbsp;&nbsp;&nbsp;&nbsp;&nbsp;&nbsp; <strong><em>A depress\u00e3o<\/em><\/strong>, \u00e9 o transtorno que tem o maior impacto epidemiol\u00f3gico entre as doen\u00e7as mentais. \u00c9 um dos principais transtornos e o que mais causa incapacidade laboral em todo o mundo. Afeta, predominantemente, mulheres e est\u00e1 muito relacionada ao suic\u00eddio. Globalmente, estima-se que mais de 300 milh\u00f5es de pessoas no mundo s\u00e3o afetadas por essa doen\u00e7a.<\/p>\n\n\n\n<p>&nbsp;&nbsp;&nbsp;&nbsp;&nbsp;&nbsp;&nbsp;&nbsp;&nbsp;&nbsp;&nbsp; Tristeza (patol\u00f3gica), perda de interesse ou prazer, sentimento de culpa ou rebaixamento da autoestima, altera\u00e7\u00f5es do sono e do apetite, cansa\u00e7o e falta de iniciativa, altera\u00e7\u00f5es da concentra\u00e7\u00e3o, da mem\u00f3ria e da motiva\u00e7\u00e3o, s\u00e3o sintomas frequentes. Os depressivos, em geral apresentam m\u00faltiplas queixas cl\u00ednicas sem nenhuma causa aparente. A doen\u00e7a tende a ser cr\u00f4nica e se manifesta de forma recorrente. A capacidade laborativa, as rela\u00e7\u00f5es sociais e familiares e o desempenho escolar est\u00e3o formalmente prejudicados. Em seu estado mais grave, a depress\u00e3o pode levar ao suic\u00eddio.<\/p>\n\n\n\n<p>&nbsp;&nbsp;&nbsp;&nbsp;&nbsp;&nbsp;&nbsp;&nbsp; Fatores e acontecimentos externos aos indiv\u00edduos podem influenciar fortemente o processo depressivo, n\u00e3o sendo, portanto, uma quest\u00e3o s\u00f3 determinada por fatores biol\u00f3gicos, gen\u00e9ticos ou heredit\u00e1rios. A situa\u00e7\u00e3o pand\u00eamica do presente momento, certamente, ocasionar\u00e1 um n\u00famero bem maior desses transtornos, na popula\u00e7\u00e3o geral, em qualquer faixa et\u00e1ria. As frustra\u00e7\u00f5es, as grandes perdas a que estamos submetidos, principalmente por mortes, perdas do emprego e do trabalho, da renda, o isolamento social, a avalanche de not\u00edcias sobre a doen\u00e7a, s\u00e3o cada vez fatores que nos abalam, profundamente.<\/p>\n\n\n\n<p>&nbsp;&nbsp;&nbsp;&nbsp;&nbsp;&nbsp;&nbsp;&nbsp;&nbsp;&nbsp;&nbsp;&nbsp;&nbsp; Sobre o <strong><em>Transtorno Afetivo Bipolar<\/em><\/strong>, sabe-se que atinge cerca de 60 milh\u00f5es de pessoas no mundo. Consiste tipicamente em epis\u00f3dios alternados de mania e depress\u00e3o, intermediados por per\u00edodos de humor normal (intercr\u00edtico). Os epis\u00f3dios de mania envolvem humor elevado ou irritado, atividade exagerada, fala apressada, inquieta\u00e7\u00e3o, irritabilidade, autoestima inflada e uma menor necessidade de sono. As pessoas que t\u00eam epis\u00f3dios de mania, embora n\u00e3o experimentam epis\u00f3dios depressivos, tamb\u00e9m s\u00e3o classificadas como tendo <strong><em>transtorno bipolar<\/em><\/strong>.<\/p>\n\n\n\n<p>&nbsp;&nbsp;&nbsp;&nbsp;&nbsp;&nbsp;&nbsp;&nbsp;&nbsp;&nbsp;&nbsp; <strong><em>A esquizofrenia e outros transtornos psic\u00f3ticos<\/em><\/strong>, s\u00e3o transtornos psiqui\u00e1tricos graves que afeta cerca de 23 milh\u00f5es de pessoas em todo o mundo. Essas psicoses, entre as quais a Esquizofrenia, atinge 1% da popula\u00e7\u00e3o geral e se caracteriza por: distor\u00e7\u00f5es no pensamento, na percep\u00e7\u00e3o, nas emo\u00e7\u00f5es, na linguagem, no ju\u00edzo de realidade, na consci\u00eancia do \u201ceu\u201d e altera\u00e7\u00f5es na adequa\u00e7\u00e3o do comportamento, altera\u00e7\u00f5es estas, que os levam a agir de forma bastante desorganizada. As alucina\u00e7\u00f5es (ouvir, ver ou sentir coisas que n\u00e3o ocorrem na realidade) e del\u00edrios (falsas cren\u00e7as ou suspeitas firmemente mantidas mesmo quando h\u00e1 provas que mostram o contr\u00e1rio), s\u00e3o sintomas muitos comuns nessas psicoses. A doen\u00e7a, geralmente, tem in\u00edcio no fim da adolesc\u00eancia ou no come\u00e7o da vida adulta. O tratamento farmacol\u00f3gico e o apoio m\u00e9dico e psicossocial s\u00e3o bastante eficazes, ao ponto desses suportes, m\u00e9dico e psicossocial, garantem o retorno desses enfermos a uma vida produtiva e integrada socialmente.<\/p>\n\n\n\n<p>&nbsp;&nbsp;&nbsp;&nbsp;&nbsp;&nbsp;&nbsp;&nbsp;&nbsp;&nbsp;&nbsp;&nbsp; Em raz\u00e3o da pandemia e com as limita\u00e7\u00f5es na oferta de servi\u00e7os psiqui\u00e1tricos, recomenda-se, que as fam\u00edlias desses pacientes, que estejam em tratamento psiqui\u00e1trico ou mesmo os que j\u00e1 receberam alta m\u00e9dica, que reforcem esses cuidados com esses enfermos e redobrem os cuidados com eles, pois a possibilidade de reca\u00eddas em momentos de pandemia, torna essa situa\u00e7\u00e3o bem mais dif\u00edcil de ser manejada. Chamo aten\u00e7\u00e3o, especialmente, para a manuten\u00e7\u00e3o e regularidade no uso dos medicamentos que os mesmos fazem uso.<\/p>\n\n\n\n<p>&nbsp;&nbsp;&nbsp;&nbsp;&nbsp;&nbsp;&nbsp;&nbsp;&nbsp;&nbsp;&nbsp;&nbsp; Quanto <strong><em>as Dem\u00eancias<\/em><\/strong>, cerca de 50 milh\u00f5es de pessoas as apresentam. \u00c9 um transtorno cr\u00f4nico, evolui, em geral, de forma lenta e progressiva, havendo deteriora\u00e7\u00e3o da fun\u00e7\u00e3o cognitiva (capacidade de processar o pensamento e outras fun\u00e7\u00f5es mentais) fora do envelhecimento normal. As dem\u00eancias prejudicam a mem\u00f3ria, o pensamento, a orienta\u00e7\u00e3o no tempo e espa\u00e7o, compreens\u00e3o, a capacidade de calcular, a capacidade de aprendizagem, de linguagem e de julgamento. O transtorno deteriora o controle emocional, o comportamento social, a motiva\u00e7\u00e3o e outras particularidades, como o pragmatismo e a capacidade executiva. Essas doen\u00e7as, s\u00e3o ocasionadas por micro les\u00f5es do c\u00e9rebro, entre essas, destaca-se a Doen\u00e7a de Alzheimer.<\/p>\n\n\n\n<p>&nbsp;&nbsp;&nbsp;&nbsp;&nbsp;&nbsp;&nbsp;&nbsp;&nbsp;&nbsp;&nbsp; Segundo a OMS a \u201c <strong><em>defici\u00eancia intelectual<\/em><\/strong> \u00e9 caracterizada pela diminui\u00e7\u00e3o de habilidades em v\u00e1rias \u00e1reas de desenvolvimento, como o funcionamento cognitivo e o comportamento adaptativo. Essa condi\u00e7\u00e3o diminui a capacidade de adapta\u00e7\u00e3o \u00e0s exig\u00eancias di\u00e1rias da vida\u201d. A OMS, diz ainda: \u201dos sintomas de transtornos invasivos de desenvolvimento, como o autismo, s\u00e3o comportamento social, comunica\u00e7\u00e3o e linguagem prejudicados e uma estreita faixa de interesses e atividades, que s\u00e3o \u00fanicas para o indiv\u00edduo e realizadas repetidamente. Os transtornos de desenvolvimento frequentemente se originam na inf\u00e2ncia ou na primeira inf\u00e2ncia. As pessoas com esses transtornos ocasionalmente possuem algum grau de defici\u00eancia intelectual\u201d.<\/p>\n\n\n\n<p>&nbsp;&nbsp;&nbsp;&nbsp;&nbsp;&nbsp;&nbsp;&nbsp;&nbsp;&nbsp;&nbsp; Semelhantemente, \u00e0s recomenda\u00e7\u00f5es fornecidas \u00e0s fam\u00edlias e aos depressivos, esquizofr\u00eanicos, portadores de transtornos ansiosos e de TAB, aqui tamb\u00e9m, no caso dos Autistas e deficiente intelectuais, os cuidados dever\u00e3o ser redobrados, pois, esses pacientes em crises, ter\u00e3o dificuldades especiais em avaliar, rigorosamente, os riscos de adquirirem o COVID -19 e piorarem muitas suas doen\u00e7as de base. Portanto, cuidem cada vez melhor de seus enfermos, para que se Deus quiser, transitemos melhor esses graves momentos.<\/p>\n","protected":false},"excerpt":{"rendered":"<p>&nbsp;&nbsp;&nbsp;&nbsp;&nbsp;&nbsp;&nbsp;&nbsp;&nbsp;&nbsp; As doen\u00e7as mentais, s\u00e3o doen\u00e7as que evoluem cronicamente e s\u00e3o, intensamente, prevalentes no mundo e contribuem para morbidade, para [&hellip;]<\/p>\n","protected":false},"author":3,"featured_media":0,"comment_status":"open","ping_status":"open","sticky":false,"template":"","format":"standard","meta":{"site-sidebar-layout":"default","site-content-layout":"","ast-site-content-layout":"default","site-content-style":"default","site-sidebar-style":"default","ast-global-header-display":"","ast-banner-title-visibility":"","ast-main-header-display":"","ast-hfb-above-header-display":"","ast-hfb-below-header-display":"","ast-hfb-mobile-header-display":"","site-post-title":"","ast-breadcrumbs-content":"","ast-featured-img":"","footer-sml-layout":"","ast-disable-related-posts":"","theme-transparent-header-meta":"","adv-header-id-meta":"","stick-header-meta":"","header-above-stick-meta":"","header-main-stick-meta":"","header-below-stick-meta":"","astra-migrate-meta-layouts":"default","ast-page-background-enabled":"default","ast-page-background-meta":{"desktop":{"background-color":"var(--ast-global-color-5)","background-image":"","background-repeat":"repeat","background-position":"center center","background-size":"auto","background-attachment":"scroll","background-type":"","background-media":"","overlay-type":"","overlay-color":"","overlay-opacity":"","overlay-gradient":""},"tablet":{"background-color":"","background-image":"","background-repeat":"repeat","background-position":"center center","background-size":"auto","background-attachment":"scroll","background-type":"","background-media":"","overlay-type":"","overlay-color":"","overlay-opacity":"","overlay-gradient":""},"mobile":{"background-color":"","background-image":"","background-repeat":"repeat","background-position":"center center","background-size":"auto","background-attachment":"scroll","background-type":"","background-media":"","overlay-type":"","overlay-color":"","overlay-opacity":"","overlay-gradient":""}},"ast-content-background-meta":{"desktop":{"background-color":"var(--ast-global-color-4)","background-image":"","background-repeat":"repeat","background-position":"center center","background-size":"auto","background-attachment":"scroll","background-type":"","background-media":"","overlay-type":"","overlay-color":"","overlay-opacity":"","overlay-gradient":""},"tablet":{"background-color":"var(--ast-global-color-4)","background-image":"","background-repeat":"repeat","background-position":"center center","background-size":"auto","background-attachment":"scroll","background-type":"","background-media":"","overlay-type":"","overlay-color":"","overlay-opacity":"","overlay-gradient":""},"mobile":{"background-color":"var(--ast-global-color-4)","background-image":"","background-repeat":"repeat","background-position":"center center","background-size":"auto","background-attachment":"scroll","background-type":"","background-media":"","overlay-type":"","overlay-color":"","overlay-opacity":"","overlay-gradient":""}},"footnotes":""},"categories":[3,5,6,7,1],"tags":[],"class_list":["post-1280","post","type-post","status-publish","format-standard","hentry","category-comportamento","category-doenca-mental","category-politica-publica","category-saude-mental","category-sem-categoria"],"yoast_head":"<!-- This site is optimized with the Yoast SEO plugin v26.6 - https:\/\/yoast.com\/wordpress\/plugins\/seo\/ -->\n<title>Doen\u00e7as mentais e pandemia - Ruy Palhano<\/title>\n<meta name=\"robots\" content=\"index, follow, max-snippet:-1, max-image-preview:large, max-video-preview:-1\" \/>\n<link rel=\"canonical\" href=\"https:\/\/www.blogsoestado.com\/ruypalhano\/2020\/05\/20\/doencas-mentais-e-pandemia-2\/\" \/>\n<meta property=\"og:locale\" content=\"pt_BR\" \/>\n<meta property=\"og:type\" content=\"article\" \/>\n<meta property=\"og:title\" content=\"Doen\u00e7as mentais e pandemia - Ruy Palhano\" \/>\n<meta property=\"og:description\" content=\"&nbsp;&nbsp;&nbsp;&nbsp;&nbsp;&nbsp;&nbsp;&nbsp;&nbsp;&nbsp; As doen\u00e7as mentais, s\u00e3o doen\u00e7as que evoluem cronicamente e s\u00e3o, intensamente, prevalentes no mundo e contribuem para morbidade, para [&hellip;]\" \/>\n<meta property=\"og:url\" content=\"https:\/\/www.blogsoestado.com\/ruypalhano\/2020\/05\/20\/doencas-mentais-e-pandemia-2\/\" \/>\n<meta property=\"og:site_name\" content=\"Ruy Palhano\" \/>\n<meta property=\"article:published_time\" content=\"2020-05-20T17:47:50+00:00\" \/>\n<meta name=\"author\" content=\"Ruy Palhano\" \/>\n<meta name=\"twitter:card\" content=\"summary_large_image\" \/>\n<meta name=\"twitter:label1\" content=\"Escrito por\" \/>\n\t<meta name=\"twitter:data1\" content=\"Ruy Palhano\" \/>\n\t<meta name=\"twitter:label2\" content=\"Est. tempo de leitura\" \/>\n\t<meta name=\"twitter:data2\" content=\"6 minutos\" \/>\n<script type=\"application\/ld+json\" class=\"yoast-schema-graph\">{\"@context\":\"https:\/\/schema.org\",\"@graph\":[{\"@type\":\"WebPage\",\"@id\":\"https:\/\/www.blogsoestado.com\/ruypalhano\/2020\/05\/20\/doencas-mentais-e-pandemia-2\/\",\"url\":\"https:\/\/www.blogsoestado.com\/ruypalhano\/2020\/05\/20\/doencas-mentais-e-pandemia-2\/\",\"name\":\"Doen\u00e7as mentais e pandemia - Ruy Palhano\",\"isPartOf\":{\"@id\":\"https:\/\/www.blogsoestado.com\/ruypalhano\/#website\"},\"datePublished\":\"2020-05-20T17:47:50+00:00\",\"author\":{\"@id\":\"https:\/\/www.blogsoestado.com\/ruypalhano\/#\/schema\/person\/ef49e08ec3e742dec1682f34674f2c84\"},\"breadcrumb\":{\"@id\":\"https:\/\/www.blogsoestado.com\/ruypalhano\/2020\/05\/20\/doencas-mentais-e-pandemia-2\/#breadcrumb\"},\"inLanguage\":\"pt-BR\",\"potentialAction\":[{\"@type\":\"ReadAction\",\"target\":[\"https:\/\/www.blogsoestado.com\/ruypalhano\/2020\/05\/20\/doencas-mentais-e-pandemia-2\/\"]}]},{\"@type\":\"BreadcrumbList\",\"@id\":\"https:\/\/www.blogsoestado.com\/ruypalhano\/2020\/05\/20\/doencas-mentais-e-pandemia-2\/#breadcrumb\",\"itemListElement\":[{\"@type\":\"ListItem\",\"position\":1,\"name\":\"In\u00edcio\",\"item\":\"https:\/\/www.blogsoestado.com\/ruypalhano\/\"},{\"@type\":\"ListItem\",\"position\":2,\"name\":\"Doen\u00e7as mentais e pandemia\"}]},{\"@type\":\"WebSite\",\"@id\":\"https:\/\/www.blogsoestado.com\/ruypalhano\/#website\",\"url\":\"https:\/\/www.blogsoestado.com\/ruypalhano\/\",\"name\":\"Ruy Palhano\",\"description\":\"\",\"potentialAction\":[{\"@type\":\"SearchAction\",\"target\":{\"@type\":\"EntryPoint\",\"urlTemplate\":\"https:\/\/www.blogsoestado.com\/ruypalhano\/?s={search_term_string}\"},\"query-input\":{\"@type\":\"PropertyValueSpecification\",\"valueRequired\":true,\"valueName\":\"search_term_string\"}}],\"inLanguage\":\"pt-BR\"},{\"@type\":\"Person\",\"@id\":\"https:\/\/www.blogsoestado.com\/ruypalhano\/#\/schema\/person\/ef49e08ec3e742dec1682f34674f2c84\",\"name\":\"Ruy Palhano\",\"image\":{\"@type\":\"ImageObject\",\"inLanguage\":\"pt-BR\",\"@id\":\"https:\/\/www.blogsoestado.com\/ruypalhano\/#\/schema\/person\/image\/\",\"url\":\"https:\/\/secure.gravatar.com\/avatar\/d08170dc68d65048f069f40789786091e8b070aa02b0d2e514ddd0244c684a5a?s=96&d=mm&r=g\",\"contentUrl\":\"https:\/\/secure.gravatar.com\/avatar\/d08170dc68d65048f069f40789786091e8b070aa02b0d2e514ddd0244c684a5a?s=96&d=mm&r=g\",\"caption\":\"Ruy Palhano\"},\"url\":\"https:\/\/www.blogsoestado.com\/ruypalhano\/author\/ruypalhano\/\"}]}<\/script>\n<!-- \/ Yoast SEO plugin. -->","yoast_head_json":{"title":"Doen\u00e7as mentais e pandemia - Ruy Palhano","robots":{"index":"index","follow":"follow","max-snippet":"max-snippet:-1","max-image-preview":"max-image-preview:large","max-video-preview":"max-video-preview:-1"},"canonical":"https:\/\/www.blogsoestado.com\/ruypalhano\/2020\/05\/20\/doencas-mentais-e-pandemia-2\/","og_locale":"pt_BR","og_type":"article","og_title":"Doen\u00e7as mentais e pandemia - Ruy Palhano","og_description":"&nbsp;&nbsp;&nbsp;&nbsp;&nbsp;&nbsp;&nbsp;&nbsp;&nbsp;&nbsp; As doen\u00e7as mentais, s\u00e3o doen\u00e7as que evoluem cronicamente e s\u00e3o, intensamente, prevalentes no mundo e contribuem para morbidade, para [&hellip;]","og_url":"https:\/\/www.blogsoestado.com\/ruypalhano\/2020\/05\/20\/doencas-mentais-e-pandemia-2\/","og_site_name":"Ruy Palhano","article_published_time":"2020-05-20T17:47:50+00:00","author":"Ruy Palhano","twitter_card":"summary_large_image","twitter_misc":{"Escrito por":"Ruy Palhano","Est. tempo de leitura":"6 minutos"},"schema":{"@context":"https:\/\/schema.org","@graph":[{"@type":"WebPage","@id":"https:\/\/www.blogsoestado.com\/ruypalhano\/2020\/05\/20\/doencas-mentais-e-pandemia-2\/","url":"https:\/\/www.blogsoestado.com\/ruypalhano\/2020\/05\/20\/doencas-mentais-e-pandemia-2\/","name":"Doen\u00e7as mentais e pandemia - Ruy Palhano","isPartOf":{"@id":"https:\/\/www.blogsoestado.com\/ruypalhano\/#website"},"datePublished":"2020-05-20T17:47:50+00:00","author":{"@id":"https:\/\/www.blogsoestado.com\/ruypalhano\/#\/schema\/person\/ef49e08ec3e742dec1682f34674f2c84"},"breadcrumb":{"@id":"https:\/\/www.blogsoestado.com\/ruypalhano\/2020\/05\/20\/doencas-mentais-e-pandemia-2\/#breadcrumb"},"inLanguage":"pt-BR","potentialAction":[{"@type":"ReadAction","target":["https:\/\/www.blogsoestado.com\/ruypalhano\/2020\/05\/20\/doencas-mentais-e-pandemia-2\/"]}]},{"@type":"BreadcrumbList","@id":"https:\/\/www.blogsoestado.com\/ruypalhano\/2020\/05\/20\/doencas-mentais-e-pandemia-2\/#breadcrumb","itemListElement":[{"@type":"ListItem","position":1,"name":"In\u00edcio","item":"https:\/\/www.blogsoestado.com\/ruypalhano\/"},{"@type":"ListItem","position":2,"name":"Doen\u00e7as mentais e pandemia"}]},{"@type":"WebSite","@id":"https:\/\/www.blogsoestado.com\/ruypalhano\/#website","url":"https:\/\/www.blogsoestado.com\/ruypalhano\/","name":"Ruy Palhano","description":"","potentialAction":[{"@type":"SearchAction","target":{"@type":"EntryPoint","urlTemplate":"https:\/\/www.blogsoestado.com\/ruypalhano\/?s={search_term_string}"},"query-input":{"@type":"PropertyValueSpecification","valueRequired":true,"valueName":"search_term_string"}}],"inLanguage":"pt-BR"},{"@type":"Person","@id":"https:\/\/www.blogsoestado.com\/ruypalhano\/#\/schema\/person\/ef49e08ec3e742dec1682f34674f2c84","name":"Ruy Palhano","image":{"@type":"ImageObject","inLanguage":"pt-BR","@id":"https:\/\/www.blogsoestado.com\/ruypalhano\/#\/schema\/person\/image\/","url":"https:\/\/secure.gravatar.com\/avatar\/d08170dc68d65048f069f40789786091e8b070aa02b0d2e514ddd0244c684a5a?s=96&d=mm&r=g","contentUrl":"https:\/\/secure.gravatar.com\/avatar\/d08170dc68d65048f069f40789786091e8b070aa02b0d2e514ddd0244c684a5a?s=96&d=mm&r=g","caption":"Ruy Palhano"},"url":"https:\/\/www.blogsoestado.com\/ruypalhano\/author\/ruypalhano\/"}]}},"jetpack_featured_media_url":"","_links":{"self":[{"href":"https:\/\/www.blogsoestado.com\/ruypalhano\/wp-json\/wp\/v2\/posts\/1280","targetHints":{"allow":["GET"]}}],"collection":[{"href":"https:\/\/www.blogsoestado.com\/ruypalhano\/wp-json\/wp\/v2\/posts"}],"about":[{"href":"https:\/\/www.blogsoestado.com\/ruypalhano\/wp-json\/wp\/v2\/types\/post"}],"author":[{"embeddable":true,"href":"https:\/\/www.blogsoestado.com\/ruypalhano\/wp-json\/wp\/v2\/users\/3"}],"replies":[{"embeddable":true,"href":"https:\/\/www.blogsoestado.com\/ruypalhano\/wp-json\/wp\/v2\/comments?post=1280"}],"version-history":[{"count":0,"href":"https:\/\/www.blogsoestado.com\/ruypalhano\/wp-json\/wp\/v2\/posts\/1280\/revisions"}],"wp:attachment":[{"href":"https:\/\/www.blogsoestado.com\/ruypalhano\/wp-json\/wp\/v2\/media?parent=1280"}],"wp:term":[{"taxonomy":"category","embeddable":true,"href":"https:\/\/www.blogsoestado.com\/ruypalhano\/wp-json\/wp\/v2\/categories?post=1280"},{"taxonomy":"post_tag","embeddable":true,"href":"https:\/\/www.blogsoestado.com\/ruypalhano\/wp-json\/wp\/v2\/tags?post=1280"}],"curies":[{"name":"wp","href":"https:\/\/api.w.org\/{rel}","templated":true}]}}