{"id":1290,"date":"2020-06-12T13:26:26","date_gmt":"2020-06-12T16:26:26","guid":{"rendered":"https:\/\/www.blogsoestado.com\/ruypalhano\/?p=1290"},"modified":"2020-06-12T13:26:26","modified_gmt":"2020-06-12T16:26:26","slug":"a-morte-as-questoes-sociais-e-a-flexibilizacao-das-atividades-na-pandemia","status":"publish","type":"post","link":"https:\/\/www.blogsoestado.com\/ruypalhano\/2020\/06\/12\/a-morte-as-questoes-sociais-e-a-flexibilizacao-das-atividades-na-pandemia\/","title":{"rendered":"A morte, as quest\u00f5es sociais e a flexibiliza\u00e7\u00e3o das atividades na pandemia"},"content":{"rendered":"\n<p>&nbsp;&nbsp;&nbsp;&nbsp;&nbsp;&nbsp;&nbsp;&nbsp;&nbsp;&nbsp;&nbsp;&nbsp;&nbsp;&nbsp; \u00c9 bem verdade que os preju\u00edzos, os danos, as perdas e o sofrimento impostos pela pandemia que estamos passando, associados \u00e0s apreens\u00f5es, medos, inseguran\u00e7as e angustias imp\u00f5em-nos expectativas ruins e sombrias, que nos tocam profundamente, nos causando uma onda de terror, sofrimento e muita dor. Todos os fatos comp\u00f5em um cen\u00e1rio de perdas irrepar\u00e1veis, especialmente as mortes de pessoas queridas, parentes, amigos, colegas e de muitas outras v\u00edtimas dessa pandemia. &nbsp;&nbsp;<\/p>\n\n\n\n<p>&nbsp;&nbsp;&nbsp;&nbsp;&nbsp;&nbsp;&nbsp;&nbsp;&nbsp;&nbsp;&nbsp;&nbsp;&nbsp;&nbsp; Nas pandemias, o evento morte \u00e9 algo previs\u00edvel e esperado, por\u00e9m nesse particular ele se reveste de caracter\u00edsticas e particularidades especiais, sendo que todas as medidas utilizadas para o enfrentamento da situa\u00e7\u00e3o pand\u00eamica t\u00eam o objetivo fundamental de reduzir, ao m\u00e1ximo, todas essas ocorr\u00eancias. Contrariamente a outras situa\u00e7\u00f5es, em que morrer \u00e9 uma situa\u00e7\u00e3o revestida de cerim\u00f4nias de muita religiosidade, f\u00e9 e solidariedade, na pandemia torna-se mais constrangedora e mais sofrida, pois as recomenda\u00e7\u00f5es sanit\u00e1rias nos impedem de realizar cerim\u00f4nias religiosas, de zelar e velar nossos mortos. O tempo de sepultamento, o vel\u00f3rio, a cerim\u00f4nia de despedida dos mortos, a missa de corpo presente, nada disso pode ser realizado em sua plenitude.<\/p>\n\n\n\n<p>&nbsp;&nbsp;&nbsp;&nbsp;&nbsp;&nbsp;&nbsp;&nbsp;&nbsp;&nbsp;&nbsp;&nbsp;&nbsp;&nbsp; Al\u00e9m da pr\u00f3pria dor e do sofrimento serem enormes para algu\u00e9m que perde um amigo, &nbsp;um parente ou mesmo um desconhecido, n\u00e3o se pode usufruir do conforto afetivo, emocional, como um abra\u00e7o apertado e afetuoso, um beijo, um cumprimento, mesmo vindo de desconhecidos. As l\u00e1grimas de algu\u00e9m que nos confortam ou uma palavra de carinho e de amor, baixinho em nosso ouvido, hoje , nada disso podemos ter.<\/p>\n\n\n\n<p>&nbsp;&nbsp;&nbsp;&nbsp;&nbsp;&nbsp;&nbsp;&nbsp;&nbsp;&nbsp;&nbsp;&nbsp; Por isso, o evento morte em \u00e9pocas da pandemia deixa-nos mais tristes e mais inconformados. A situa\u00e7\u00e3o \u00e9 bem pior ao considerarmos o grau de parentesco entre os que ficam e os que morrem. Pai, m\u00e3e, av\u00f3s, tios, sobrinhos, enteados, etc. A dor \u00e9 imensa, insuport\u00e1vel e para muitos, inaceit\u00e1vel.<\/p>\n\n\n\n<p>&nbsp;&nbsp;&nbsp;&nbsp;&nbsp;&nbsp;&nbsp;&nbsp;&nbsp;&nbsp;&nbsp; Outro aspecto relevante \u00e9 o compromisso e a responsabilidade, pessoal e social, de todos n\u00f3s ante a pandemia. Desde o dia 13 mar\u00e7o deste ano, quando o situa\u00e7\u00e3o viral, foi considerada pand\u00eamica pela OMS e n\u00e3o somente uma situa\u00e7\u00e3o de emerg\u00eancia em sa\u00fade, deflagrou-se no mundo, &nbsp;uma convoca\u00e7\u00e3o global para adotarmos as medidas de isolamento ou afastamento social, isso \u00e9, que vi\u00e9ssemos a restringir, ao m\u00e1ximo, as rela\u00e7\u00f5es sociais com a inten\u00e7\u00e3o \u00f3bvia de evitarmos aglomera\u00e7\u00f5es entre pessoas e isso, fatalmente, impediria o alastramento do novo corona v\u00edrus.<\/p>\n\n\n\n<p>&nbsp;&nbsp;&nbsp;&nbsp;&nbsp;&nbsp;&nbsp;&nbsp;&nbsp;&nbsp;&nbsp;&nbsp;&nbsp; Outras medidas de refor\u00e7o foram sendo recomendadas, ao longo do tempo e de forma localizada, &nbsp;como, por exemplo, o <strong><em>\u201clockdown\u201d<\/em><\/strong><em>,<\/em> aplicado nas cidades tentando, realmente impedir a dissemina\u00e7\u00e3o do v\u00edrus, atrav\u00e9s das restri\u00e7\u00f5es radicais de conv\u00edvio social. Em outros pa\u00edses, que adotaram ou n\u00e3o tais recomenda\u00e7\u00f5es, o impacto foi vis\u00edvel para controlar ou n\u00e3o controlar a situa\u00e7\u00e3o da pandemia.<\/p>\n\n\n\n<p>&nbsp;&nbsp;&nbsp;&nbsp;&nbsp;&nbsp;&nbsp; Em nosso pa\u00eds, apesar do esfor\u00e7o adotado, sobretudo pelo poder p\u00fablico, nunca se alcan\u00e7aram efetivamente, do ponto de vista comunit\u00e1rio ou social, n\u00edveis satisfat\u00f3rios de restri\u00e7\u00f5es sociais suficientes para que houvesse um impacto positivo na dissemina\u00e7\u00e3o do novo corona v\u00edrus. Devido a isso, estamos, at\u00e9 o presente momento, pagando um pre\u00e7o caro em nosso pa\u00eds e em nosso estado. Os n\u00fameros de mortos e contaminados por Covid-19, nacionalmente, atingiram essa semana a casa dos 41 mil mortos e mais de 805 mil pessoas contaminadas. No Maranh\u00e3o, mais de 1300 pessoas j\u00e1 faleceram por essa doen\u00e7a e a contamina\u00e7\u00e3o j\u00e1 tingiu 54 mil pessoas.<\/p>\n\n\n\n<p>&nbsp;&nbsp;&nbsp;&nbsp;&nbsp;&nbsp;&nbsp;&nbsp;&nbsp;&nbsp;&nbsp;&nbsp;&nbsp; De fato, considerando-se as condi\u00e7\u00f5es etnogr\u00e1fica do povo brasileiro, e especificamente, as condi\u00e7\u00f5es econ\u00f4micas, a diversidade sociocultural, as condi\u00e7\u00f5es de pobreza da popula\u00e7\u00e3o, da falta de saneamento b\u00e1sico ( \u00e1gua e esgoto), o subemprego, os \u00edndices elevados de desemprego, o volume elevado de empregos informais, o n\u00edvel educacional, &nbsp;intelectual e cultura da popula\u00e7\u00e3o, os problemas pessoais e o descompromisso social, explicar-se-ia, em grande parte, a situa\u00e7\u00e3o tr\u00e1gica que estamos passando no momento apontando para um cen\u00e1rio bastante insatisfat\u00f3rio, complicado da sa\u00fade da popula\u00e7\u00e3o brasileira e maranhense, em particular.<\/p>\n\n\n\n<p>&nbsp;&nbsp;&nbsp;&nbsp;&nbsp;&nbsp;&nbsp;&nbsp;&nbsp;&nbsp; Como se j\u00e1 n\u00e3o bastassem todos esses problemas, verificados em uma popula\u00e7\u00e3o j\u00e1 bastante afetada, em todos os sentidos, passa-se a executar, de forma apressada, equivocada, extempor\u00e2nea e qui\u00e7\u00e1 irrespons\u00e1vel, a famigerada <strong><em>flexibiliza\u00e7\u00e3o das atividades econ\u00f4micas e sociais,<\/em><\/strong> como mais uma estrat\u00e9gia de enfrentamento desse problema.<\/p>\n\n\n\n<p>&nbsp;&nbsp;&nbsp;&nbsp;&nbsp;&nbsp;&nbsp;&nbsp;&nbsp; A impress\u00e3o que se tem \u00e9 que os proponentes da flexibiliza\u00e7\u00e3o desconsideraram, formalmente, a situa\u00e7\u00e3o da curva epidemiol\u00f3gica da virul\u00eancia, a qual encontra-se em ascend\u00eancia. Desconsideram a precariza\u00e7\u00e3o e insufici\u00eancia do sistema de sa\u00fade p\u00fablica e privada, quanto \u00e0 aten\u00e7\u00e3o dos enfermos. Desconsideraram, sobretudo, a real possiblidade de uma nova infec\u00e7\u00e3o pelo novo corona v\u00edrus, em decorr\u00eancia dessa abertura. E, por fim, desconsideram os estudos e opini\u00e3o dos especialistas, entre os quais, epidemiologistas, infectologistas, intensivistas e muitas outras autoridades sanit\u00e1rias no mundo, sobre o assunto. O fato \u00e9 que essas medidas n\u00e3o tiveram for\u00e7a suficiente para aglutinar a popula\u00e7\u00e3o em seu entorno. Temos a sensa\u00e7\u00e3o de amadorismos e improvisa\u00e7\u00f5es que sugerem empirismos, pois s\u00e3o a\u00e7\u00f5es destitu\u00eddas de evid\u00eancias cient\u00edficas e epidemiol\u00f3gicas.<\/p>\n\n\n\n<p>&nbsp;&nbsp;&nbsp;&nbsp;&nbsp;&nbsp;&nbsp;&nbsp; Evidentemente que n\u00e3o iremos cometer nenhuma injusti\u00e7a, atribuindo, t\u00e3o somente, a essa flexibiliza\u00e7\u00e3o, toda trag\u00e9dia verificada na pandemia, pois sabe-se que existem outros fatores, tamb\u00e9m relevantes, os quais colaboram para o agravamento dessas situa\u00e7\u00f5es. Por exemplo: a inadequada, criminosa e absurda politiza\u00e7\u00e3o da situa\u00e7\u00e3o do enfrentamento da pandemia no plano nacional, local ou regional; a corrup\u00e7\u00e3o desvairada que j\u00e1 come\u00e7a a aparecer nos meios de comunica\u00e7\u00e3o; a fragilidade institucional em todos os n\u00edveis da gest\u00e3o p\u00fablica desse problema (gestores despreparados, que n\u00e3o ouvem os especialistas e por conta pr\u00f3pria); o insuficiente aporte de recursos materiais, financeiros e de insumos e equipamentos para estados e munic\u00edpios para o enfrentamento a situa\u00e7\u00e3o; s\u00e3o, entre outros, fatores relevantes que complicam mais ainda o manejo desse problema.<\/p>\n\n\n\n<p>&nbsp;&nbsp;&nbsp;&nbsp;&nbsp;&nbsp;&nbsp;&nbsp;&nbsp;&nbsp;&nbsp;&nbsp;&nbsp;&nbsp; Tamb\u00e9m h\u00e1 o maci\u00e7o desengajamento da popula\u00e7\u00e3o ante o problema, especialmente em um momento em que mais se precisa dela. A neglig\u00eancia social de muitos, a irresponsabilidade civil de outros, al\u00e9m dos problemas pessoais e psicol\u00f3gicos de cada um, s\u00e3o tamb\u00e9m fatores, ao meu ver, relevantes, que comp\u00f5em o tabuleiro de situa\u00e7\u00f5es que est\u00e3o \u00e0s voltas com esse cen\u00e1rio tr\u00e1gico e complicado da sa\u00fade e da vida do planeta.<\/p>\n","protected":false},"excerpt":{"rendered":"<p>&nbsp;&nbsp;&nbsp;&nbsp;&nbsp;&nbsp;&nbsp;&nbsp;&nbsp;&nbsp;&nbsp;&nbsp;&nbsp;&nbsp; \u00c9 bem verdade que os preju\u00edzos, os danos, as perdas e o sofrimento impostos pela pandemia que estamos passando, [&hellip;]<\/p>\n","protected":false},"author":3,"featured_media":0,"comment_status":"open","ping_status":"open","sticky":false,"template":"","format":"standard","meta":{"site-sidebar-layout":"default","site-content-layout":"","ast-site-content-layout":"default","site-content-style":"default","site-sidebar-style":"default","ast-global-header-display":"","ast-banner-title-visibility":"","ast-main-header-display":"","ast-hfb-above-header-display":"","ast-hfb-below-header-display":"","ast-hfb-mobile-header-display":"","site-post-title":"","ast-breadcrumbs-content":"","ast-featured-img":"","footer-sml-layout":"","ast-disable-related-posts":"","theme-transparent-header-meta":"","adv-header-id-meta":"","stick-header-meta":"","header-above-stick-meta":"","header-main-stick-meta":"","header-below-stick-meta":"","astra-migrate-meta-layouts":"default","ast-page-background-enabled":"default","ast-page-background-meta":{"desktop":{"background-color":"var(--ast-global-color-5)","background-image":"","background-repeat":"repeat","background-position":"center center","background-size":"auto","background-attachment":"scroll","background-type":"","background-media":"","overlay-type":"","overlay-color":"","overlay-opacity":"","overlay-gradient":""},"tablet":{"background-color":"","background-image":"","background-repeat":"repeat","background-position":"center center","background-size":"auto","background-attachment":"scroll","background-type":"","background-media":"","overlay-type":"","overlay-color":"","overlay-opacity":"","overlay-gradient":""},"mobile":{"background-color":"","background-image":"","background-repeat":"repeat","background-position":"center center","background-size":"auto","background-attachment":"scroll","background-type":"","background-media":"","overlay-type":"","overlay-color":"","overlay-opacity":"","overlay-gradient":""}},"ast-content-background-meta":{"desktop":{"background-color":"var(--ast-global-color-4)","background-image":"","background-repeat":"repeat","background-position":"center center","background-size":"auto","background-attachment":"scroll","background-type":"","background-media":"","overlay-type":"","overlay-color":"","overlay-opacity":"","overlay-gradient":""},"tablet":{"background-color":"var(--ast-global-color-4)","background-image":"","background-repeat":"repeat","background-position":"center center","background-size":"auto","background-attachment":"scroll","background-type":"","background-media":"","overlay-type":"","overlay-color":"","overlay-opacity":"","overlay-gradient":""},"mobile":{"background-color":"var(--ast-global-color-4)","background-image":"","background-repeat":"repeat","background-position":"center center","background-size":"auto","background-attachment":"scroll","background-type":"","background-media":"","overlay-type":"","overlay-color":"","overlay-opacity":"","overlay-gradient":""}},"footnotes":""},"categories":[1],"tags":[],"class_list":["post-1290","post","type-post","status-publish","format-standard","hentry","category-sem-categoria"],"yoast_head":"<!-- This site is optimized with the Yoast SEO plugin v26.6 - https:\/\/yoast.com\/wordpress\/plugins\/seo\/ -->\n<title>A morte, as quest\u00f5es sociais e a flexibiliza\u00e7\u00e3o das atividades na pandemia - Ruy Palhano<\/title>\n<meta name=\"robots\" content=\"index, follow, max-snippet:-1, max-image-preview:large, max-video-preview:-1\" \/>\n<link rel=\"canonical\" href=\"https:\/\/www.blogsoestado.com\/ruypalhano\/2020\/06\/12\/a-morte-as-questoes-sociais-e-a-flexibilizacao-das-atividades-na-pandemia\/\" \/>\n<meta property=\"og:locale\" content=\"pt_BR\" \/>\n<meta property=\"og:type\" content=\"article\" \/>\n<meta property=\"og:title\" content=\"A morte, as quest\u00f5es sociais e a flexibiliza\u00e7\u00e3o das atividades na pandemia - Ruy Palhano\" \/>\n<meta property=\"og:description\" content=\"&nbsp;&nbsp;&nbsp;&nbsp;&nbsp;&nbsp;&nbsp;&nbsp;&nbsp;&nbsp;&nbsp;&nbsp;&nbsp;&nbsp; \u00c9 bem verdade que os preju\u00edzos, os danos, as perdas e o sofrimento impostos pela pandemia que estamos passando, [&hellip;]\" \/>\n<meta property=\"og:url\" content=\"https:\/\/www.blogsoestado.com\/ruypalhano\/2020\/06\/12\/a-morte-as-questoes-sociais-e-a-flexibilizacao-das-atividades-na-pandemia\/\" \/>\n<meta property=\"og:site_name\" content=\"Ruy Palhano\" \/>\n<meta property=\"article:published_time\" content=\"2020-06-12T16:26:26+00:00\" \/>\n<meta name=\"author\" content=\"Ruy Palhano\" \/>\n<meta name=\"twitter:card\" content=\"summary_large_image\" \/>\n<meta name=\"twitter:label1\" content=\"Escrito por\" \/>\n\t<meta name=\"twitter:data1\" content=\"Ruy Palhano\" \/>\n\t<meta name=\"twitter:label2\" content=\"Est. tempo de leitura\" \/>\n\t<meta name=\"twitter:data2\" content=\"6 minutos\" \/>\n<script type=\"application\/ld+json\" class=\"yoast-schema-graph\">{\"@context\":\"https:\/\/schema.org\",\"@graph\":[{\"@type\":\"WebPage\",\"@id\":\"https:\/\/www.blogsoestado.com\/ruypalhano\/2020\/06\/12\/a-morte-as-questoes-sociais-e-a-flexibilizacao-das-atividades-na-pandemia\/\",\"url\":\"https:\/\/www.blogsoestado.com\/ruypalhano\/2020\/06\/12\/a-morte-as-questoes-sociais-e-a-flexibilizacao-das-atividades-na-pandemia\/\",\"name\":\"A morte, as quest\u00f5es sociais e a flexibiliza\u00e7\u00e3o das atividades na pandemia - Ruy Palhano\",\"isPartOf\":{\"@id\":\"https:\/\/www.blogsoestado.com\/ruypalhano\/#website\"},\"datePublished\":\"2020-06-12T16:26:26+00:00\",\"author\":{\"@id\":\"https:\/\/www.blogsoestado.com\/ruypalhano\/#\/schema\/person\/ef49e08ec3e742dec1682f34674f2c84\"},\"breadcrumb\":{\"@id\":\"https:\/\/www.blogsoestado.com\/ruypalhano\/2020\/06\/12\/a-morte-as-questoes-sociais-e-a-flexibilizacao-das-atividades-na-pandemia\/#breadcrumb\"},\"inLanguage\":\"pt-BR\",\"potentialAction\":[{\"@type\":\"ReadAction\",\"target\":[\"https:\/\/www.blogsoestado.com\/ruypalhano\/2020\/06\/12\/a-morte-as-questoes-sociais-e-a-flexibilizacao-das-atividades-na-pandemia\/\"]}]},{\"@type\":\"BreadcrumbList\",\"@id\":\"https:\/\/www.blogsoestado.com\/ruypalhano\/2020\/06\/12\/a-morte-as-questoes-sociais-e-a-flexibilizacao-das-atividades-na-pandemia\/#breadcrumb\",\"itemListElement\":[{\"@type\":\"ListItem\",\"position\":1,\"name\":\"In\u00edcio\",\"item\":\"https:\/\/www.blogsoestado.com\/ruypalhano\/\"},{\"@type\":\"ListItem\",\"position\":2,\"name\":\"A morte, as quest\u00f5es sociais e a flexibiliza\u00e7\u00e3o das atividades na pandemia\"}]},{\"@type\":\"WebSite\",\"@id\":\"https:\/\/www.blogsoestado.com\/ruypalhano\/#website\",\"url\":\"https:\/\/www.blogsoestado.com\/ruypalhano\/\",\"name\":\"Ruy Palhano\",\"description\":\"\",\"potentialAction\":[{\"@type\":\"SearchAction\",\"target\":{\"@type\":\"EntryPoint\",\"urlTemplate\":\"https:\/\/www.blogsoestado.com\/ruypalhano\/?s={search_term_string}\"},\"query-input\":{\"@type\":\"PropertyValueSpecification\",\"valueRequired\":true,\"valueName\":\"search_term_string\"}}],\"inLanguage\":\"pt-BR\"},{\"@type\":\"Person\",\"@id\":\"https:\/\/www.blogsoestado.com\/ruypalhano\/#\/schema\/person\/ef49e08ec3e742dec1682f34674f2c84\",\"name\":\"Ruy Palhano\",\"image\":{\"@type\":\"ImageObject\",\"inLanguage\":\"pt-BR\",\"@id\":\"https:\/\/www.blogsoestado.com\/ruypalhano\/#\/schema\/person\/image\/\",\"url\":\"https:\/\/secure.gravatar.com\/avatar\/d08170dc68d65048f069f40789786091e8b070aa02b0d2e514ddd0244c684a5a?s=96&d=mm&r=g\",\"contentUrl\":\"https:\/\/secure.gravatar.com\/avatar\/d08170dc68d65048f069f40789786091e8b070aa02b0d2e514ddd0244c684a5a?s=96&d=mm&r=g\",\"caption\":\"Ruy Palhano\"},\"url\":\"https:\/\/www.blogsoestado.com\/ruypalhano\/author\/ruypalhano\/\"}]}<\/script>\n<!-- \/ Yoast SEO plugin. -->","yoast_head_json":{"title":"A morte, as quest\u00f5es sociais e a flexibiliza\u00e7\u00e3o das atividades na pandemia - Ruy Palhano","robots":{"index":"index","follow":"follow","max-snippet":"max-snippet:-1","max-image-preview":"max-image-preview:large","max-video-preview":"max-video-preview:-1"},"canonical":"https:\/\/www.blogsoestado.com\/ruypalhano\/2020\/06\/12\/a-morte-as-questoes-sociais-e-a-flexibilizacao-das-atividades-na-pandemia\/","og_locale":"pt_BR","og_type":"article","og_title":"A morte, as quest\u00f5es sociais e a flexibiliza\u00e7\u00e3o das atividades na pandemia - Ruy Palhano","og_description":"&nbsp;&nbsp;&nbsp;&nbsp;&nbsp;&nbsp;&nbsp;&nbsp;&nbsp;&nbsp;&nbsp;&nbsp;&nbsp;&nbsp; \u00c9 bem verdade que os preju\u00edzos, os danos, as perdas e o sofrimento impostos pela pandemia que estamos passando, [&hellip;]","og_url":"https:\/\/www.blogsoestado.com\/ruypalhano\/2020\/06\/12\/a-morte-as-questoes-sociais-e-a-flexibilizacao-das-atividades-na-pandemia\/","og_site_name":"Ruy Palhano","article_published_time":"2020-06-12T16:26:26+00:00","author":"Ruy Palhano","twitter_card":"summary_large_image","twitter_misc":{"Escrito por":"Ruy Palhano","Est. tempo de leitura":"6 minutos"},"schema":{"@context":"https:\/\/schema.org","@graph":[{"@type":"WebPage","@id":"https:\/\/www.blogsoestado.com\/ruypalhano\/2020\/06\/12\/a-morte-as-questoes-sociais-e-a-flexibilizacao-das-atividades-na-pandemia\/","url":"https:\/\/www.blogsoestado.com\/ruypalhano\/2020\/06\/12\/a-morte-as-questoes-sociais-e-a-flexibilizacao-das-atividades-na-pandemia\/","name":"A morte, as quest\u00f5es sociais e a flexibiliza\u00e7\u00e3o das atividades na pandemia - Ruy Palhano","isPartOf":{"@id":"https:\/\/www.blogsoestado.com\/ruypalhano\/#website"},"datePublished":"2020-06-12T16:26:26+00:00","author":{"@id":"https:\/\/www.blogsoestado.com\/ruypalhano\/#\/schema\/person\/ef49e08ec3e742dec1682f34674f2c84"},"breadcrumb":{"@id":"https:\/\/www.blogsoestado.com\/ruypalhano\/2020\/06\/12\/a-morte-as-questoes-sociais-e-a-flexibilizacao-das-atividades-na-pandemia\/#breadcrumb"},"inLanguage":"pt-BR","potentialAction":[{"@type":"ReadAction","target":["https:\/\/www.blogsoestado.com\/ruypalhano\/2020\/06\/12\/a-morte-as-questoes-sociais-e-a-flexibilizacao-das-atividades-na-pandemia\/"]}]},{"@type":"BreadcrumbList","@id":"https:\/\/www.blogsoestado.com\/ruypalhano\/2020\/06\/12\/a-morte-as-questoes-sociais-e-a-flexibilizacao-das-atividades-na-pandemia\/#breadcrumb","itemListElement":[{"@type":"ListItem","position":1,"name":"In\u00edcio","item":"https:\/\/www.blogsoestado.com\/ruypalhano\/"},{"@type":"ListItem","position":2,"name":"A morte, as quest\u00f5es sociais e a flexibiliza\u00e7\u00e3o das atividades na pandemia"}]},{"@type":"WebSite","@id":"https:\/\/www.blogsoestado.com\/ruypalhano\/#website","url":"https:\/\/www.blogsoestado.com\/ruypalhano\/","name":"Ruy Palhano","description":"","potentialAction":[{"@type":"SearchAction","target":{"@type":"EntryPoint","urlTemplate":"https:\/\/www.blogsoestado.com\/ruypalhano\/?s={search_term_string}"},"query-input":{"@type":"PropertyValueSpecification","valueRequired":true,"valueName":"search_term_string"}}],"inLanguage":"pt-BR"},{"@type":"Person","@id":"https:\/\/www.blogsoestado.com\/ruypalhano\/#\/schema\/person\/ef49e08ec3e742dec1682f34674f2c84","name":"Ruy Palhano","image":{"@type":"ImageObject","inLanguage":"pt-BR","@id":"https:\/\/www.blogsoestado.com\/ruypalhano\/#\/schema\/person\/image\/","url":"https:\/\/secure.gravatar.com\/avatar\/d08170dc68d65048f069f40789786091e8b070aa02b0d2e514ddd0244c684a5a?s=96&d=mm&r=g","contentUrl":"https:\/\/secure.gravatar.com\/avatar\/d08170dc68d65048f069f40789786091e8b070aa02b0d2e514ddd0244c684a5a?s=96&d=mm&r=g","caption":"Ruy Palhano"},"url":"https:\/\/www.blogsoestado.com\/ruypalhano\/author\/ruypalhano\/"}]}},"jetpack_featured_media_url":"","_links":{"self":[{"href":"https:\/\/www.blogsoestado.com\/ruypalhano\/wp-json\/wp\/v2\/posts\/1290","targetHints":{"allow":["GET"]}}],"collection":[{"href":"https:\/\/www.blogsoestado.com\/ruypalhano\/wp-json\/wp\/v2\/posts"}],"about":[{"href":"https:\/\/www.blogsoestado.com\/ruypalhano\/wp-json\/wp\/v2\/types\/post"}],"author":[{"embeddable":true,"href":"https:\/\/www.blogsoestado.com\/ruypalhano\/wp-json\/wp\/v2\/users\/3"}],"replies":[{"embeddable":true,"href":"https:\/\/www.blogsoestado.com\/ruypalhano\/wp-json\/wp\/v2\/comments?post=1290"}],"version-history":[{"count":0,"href":"https:\/\/www.blogsoestado.com\/ruypalhano\/wp-json\/wp\/v2\/posts\/1290\/revisions"}],"wp:attachment":[{"href":"https:\/\/www.blogsoestado.com\/ruypalhano\/wp-json\/wp\/v2\/media?parent=1290"}],"wp:term":[{"taxonomy":"category","embeddable":true,"href":"https:\/\/www.blogsoestado.com\/ruypalhano\/wp-json\/wp\/v2\/categories?post=1290"},{"taxonomy":"post_tag","embeddable":true,"href":"https:\/\/www.blogsoestado.com\/ruypalhano\/wp-json\/wp\/v2\/tags?post=1290"}],"curies":[{"name":"wp","href":"https:\/\/api.w.org\/{rel}","templated":true}]}}